{"id":166028,"date":"2021-02-02T09:44:40","date_gmt":"2021-02-02T08:44:40","guid":{"rendered":"https:\/\/www.intoscana.it\/it\/?p=166028"},"modified":"2021-02-02T10:22:32","modified_gmt":"2021-02-02T09:22:32","slug":"cammina-pulisci-condividi-nasce-chianti-green-un-nuovo-progetto-di-ecotrekking","status":"publish","type":"post","link":"https:\/\/www.intoscana.it\/it\/cammina-pulisci-condividi-nasce-chianti-green-un-nuovo-progetto-di-ecotrekking\/","title":{"rendered":"Cammina, pulisci, condividi: nasce &#8220;Chianti Green&#8221; un nuovo progetto di ecotrekking"},"content":{"rendered":"<p><strong>Impegnarsi per l\u2019ambiente, passeggiare nella natura e prendersi cura di boschi,<\/strong> aree di campagna, sentieri e strade bianche del Chianti rimuovendo i rifiuti che si trovano lungo il percorso. Dall&#8217;idea condotta a tre fili dal <strong>Comune di Barberino Tavarnelle, Lions Club Barberino Montelibertas<\/strong> e la testata on line<strong> Il Gazzettino del Chianti e delle Colline fiorentine\u00a0<\/strong>nasce <em><strong>\u201cChianti Green\u201d<\/strong><\/em> un nuovo progetto legato all\u2019<strong>ecoecotrekking<\/strong> rivolto a cittadini di ogni et\u00e0, residenti nelle diverse frazioni del territorio comunale. La comunit\u00e0 \u00e8 chiamata a diventare p<strong>rotagonista di una pratica collettiva<\/strong> che si ispira alla filosofia<a href=\"https:\/\/www.intoscana.it\/it\/articolo\/claudia-zero-waste\/\" target=\"_blank\" rel=\"noopener noreferrer\"><strong> zero waste<\/strong>.<\/a><\/p>\n<p>Il progetto si rivolge a una platea ampia: <strong>adulti, bambini, appassionati e cittadini<\/strong> che possono dedicarsi periodicamente alle<strong> passeggiate ecologiche e alla pulizia dell&#8217;ambiente.<em> \u201cChianti Green\u201d<\/em><\/strong> invita soprattutto i giovani a <strong>farsi promotori di pratiche virtuose nel campo della sostenibilit\u00e0 ambientale<\/strong>, nel massimo rispetto delle misure antiCovid.<\/p>\n<h3>Come partecipare<\/h3>\n<p><strong><em>\u201cChianti Green\u201d<\/em> prender\u00e0 il via sabato 6 febbraio<\/strong> con <strong>i cittadini di Barberino, Tavarnelle e delle frazioni di Sambuca, San Donato, Marcialla e Vico<\/strong> che inizieranno individualmente nei loro territori a passeggiare e raccogliere i rifiuti. <strong>All\u2019iniziativa che si protrarr\u00e0 fino al mese di giugno<\/strong> possono prendere parte cittadini di ogni et\u00e0 ed esperienza, dall\u2019appassionato di escursioni a chi non \u00e8 solito fare passeggiate.<\/p>\n<p>Per le passeggiate ecologiche si consiglia di armarsi di <strong>abbigliamento comodo, scarpe trekking, guanti e sacchetti per la raccolta dei rifiuti<\/strong>. Le foto che ritraggono la quantit\u00e0 di rifiuti raccolta e le localit\u00e0 in cui si \u00e8 svolta l\u2019attivit\u00e0 di volontariato ambientale saranno diffuse e pubblicate attraverso gli strumenti social del Comune e sul <strong>Gazzettino del Chianti.<\/strong><\/p>\n<h3>Il concorso<\/h3>\n<p><strong>I cittadini walk &amp; clean<\/strong> potranno prendere parte ad <strong>un concorso simbolico inviando una foto che li ritrae con il \u2018frutto\u2019 del lavoro<\/strong> prodotto nella giornata di pulizia straordinaria. Lo scatto infatti dovr\u00e0 testimoniare la quantit\u00e0 dei sacchetti di spazzatura raccolti. <strong>Vinceranno i cittadini pi\u00f9 virtuosi che si impegneranno a rendere pi\u00f9 bello e pulito il territorio<\/strong> documentando la propria attivit\u00e0 di volontari ambientali.<\/p>\n<p><strong>La giornata conclusiva del percorso green,<\/strong> in cui si terr\u00e0 la premiazione, <strong>\u00e8 prevista il 5 giugno in occasione della Giornata mondiale dell\u2019Ambiente<\/strong>.<\/p>\n<p>&nbsp;<\/p>\n","protected":false},"excerpt":{"rendered":"<p>Escursionisti e volontari di ogni et\u00e0 raccoglieranno rifiuti durante passeggiate nella natura e potranno partecipare a un concorso fotografico<\/p>\n","protected":false},"author":525,"featured_media":166029,"comment_status":"open","ping_status":"open","sticky":false,"template":"","format":"standard","meta":{"_acf_changed":false,"footnotes":""},"categories":[19],"tags":[366,4601,392,4436],"class_list":["post-166028","post","type-post","status-publish","format-standard","has-post-thumbnail","hentry","category-ambiente","tag-chianti","tag-green","tag-rifiuti","tag-trekking"],"acf":[],"yoast_head":"<!-- This site is optimized with the Yoast SEO Premium plugin v24.2 (Yoast SEO v25.6) - https:\/\/yoast.com\/wordpress\/plugins\/seo\/ -->\n<title>Cammina, pulisci, condividi: nasce &quot;Chianti Green&quot; un nuovo progetto di ecotrekking - intoscana<\/title>\n<meta name=\"robots\" content=\"index, follow, max-snippet:-1, max-image-preview:large, max-video-preview:-1\" \/>\n<link rel=\"canonical\" href=\"https:\/\/www.intoscana.it\/it\/cammina-pulisci-condividi-nasce-chianti-green-un-nuovo-progetto-di-ecotrekking\/\" \/>\n<meta property=\"og:locale\" content=\"it_IT\" \/>\n<meta property=\"og:type\" content=\"article\" \/>\n<meta property=\"og:title\" content=\"Cammina, pulisci, condividi: nasce &quot;Chianti Green&quot; un nuovo progetto di ecotrekking\" \/>\n<meta property=\"og:description\" content=\"Escursionisti e volontari di ogni et\u00e0 raccoglieranno rifiuti durante passeggiate nella natura e potranno partecipare a un concorso fotografico\" \/>\n<meta property=\"og:url\" content=\"https:\/\/www.intoscana.it\/it\/cammina-pulisci-condividi-nasce-chianti-green-un-nuovo-progetto-di-ecotrekking\/\" \/>\n<meta property=\"og:site_name\" content=\"intoscana\" \/>\n<meta property=\"article:publisher\" content=\"https:\/\/www.facebook.com\/intoscana.it\" \/>\n<meta property=\"article:published_time\" content=\"2021-02-02T08:44:40+00:00\" \/>\n<meta property=\"article:modified_time\" content=\"2021-02-02T09:22:32+00:00\" \/>\n<meta property=\"og:image\" content=\"https:\/\/www.intoscana.it\/wp-content\/uploads\/trekking-5-scaled.jpg\" \/>\n\t<meta property=\"og:image:width\" content=\"2048\" \/>\n\t<meta property=\"og:image:height\" content=\"1366\" \/>\n\t<meta property=\"og:image:type\" content=\"image\/jpeg\" \/>\n<meta name=\"author\" content=\"Redazione\" \/>\n<meta name=\"twitter:card\" content=\"summary_large_image\" \/>\n<meta name=\"twitter:creator\" content=\"@intoscana\" \/>\n<meta name=\"twitter:site\" content=\"@intoscana\" \/>\n<meta name=\"twitter:label1\" content=\"Written by\" \/>\n\t<meta name=\"twitter:data1\" content=\"Redazione\" \/>\n\t<meta name=\"twitter:label2\" content=\"Est. reading time\" \/>\n\t<meta name=\"twitter:data2\" content=\"2 minuti\" \/>\n<script type=\"application\/ld+json\" class=\"yoast-schema-graph\">{\"@context\":\"https:\/\/schema.org\",\"@graph\":[{\"@type\":\"WebPage\",\"@id\":\"https:\/\/www.intoscana.it\/it\/cammina-pulisci-condividi-nasce-chianti-green-un-nuovo-progetto-di-ecotrekking\/\",\"url\":\"https:\/\/www.intoscana.it\/it\/cammina-pulisci-condividi-nasce-chianti-green-un-nuovo-progetto-di-ecotrekking\/\",\"name\":\"Cammina, pulisci, condividi: nasce \\\"Chianti Green\\\" un nuovo progetto di ecotrekking - intoscana\",\"isPartOf\":{\"@id\":\"https:\/\/www.intoscana.it\/it\/#website\"},\"primaryImageOfPage\":{\"@id\":\"https:\/\/www.intoscana.it\/it\/cammina-pulisci-condividi-nasce-chianti-green-un-nuovo-progetto-di-ecotrekking\/#primaryimage\"},\"image\":{\"@id\":\"https:\/\/www.intoscana.it\/it\/cammina-pulisci-condividi-nasce-chianti-green-un-nuovo-progetto-di-ecotrekking\/#primaryimage\"},\"thumbnailUrl\":\"https:\/\/www.intoscana.it\/wp-content\/uploads\/trekking-5-scaled.jpg\",\"datePublished\":\"2021-02-02T08:44:40+00:00\",\"dateModified\":\"2021-02-02T09:22:32+00:00\",\"author\":{\"@id\":\"https:\/\/www.intoscana.it\/it\/#\/schema\/person\/9223810753230f20bd670fdd322661f8\"},\"breadcrumb\":{\"@id\":\"https:\/\/www.intoscana.it\/it\/cammina-pulisci-condividi-nasce-chianti-green-un-nuovo-progetto-di-ecotrekking\/#breadcrumb\"},\"inLanguage\":\"it-IT\",\"potentialAction\":[{\"@type\":\"ReadAction\",\"target\":[\"https:\/\/www.intoscana.it\/it\/cammina-pulisci-condividi-nasce-chianti-green-un-nuovo-progetto-di-ecotrekking\/\"]}]},{\"@type\":\"ImageObject\",\"inLanguage\":\"it-IT\",\"@id\":\"https:\/\/www.intoscana.it\/it\/cammina-pulisci-condividi-nasce-chianti-green-un-nuovo-progetto-di-ecotrekking\/#primaryimage\",\"url\":\"https:\/\/www.intoscana.it\/wp-content\/uploads\/trekking-5-scaled.jpg\",\"contentUrl\":\"https:\/\/www.intoscana.it\/wp-content\/uploads\/trekking-5-scaled.jpg\",\"width\":2048,\"height\":1366,\"caption\":\"Trekking\"},{\"@type\":\"BreadcrumbList\",\"@id\":\"https:\/\/www.intoscana.it\/it\/cammina-pulisci-condividi-nasce-chianti-green-un-nuovo-progetto-di-ecotrekking\/#breadcrumb\",\"itemListElement\":[{\"@type\":\"ListItem\",\"position\":1,\"name\":\"Home\",\"item\":\"https:\/\/www.intoscana.it\/it\/\"},{\"@type\":\"ListItem\",\"position\":2,\"name\":\"Cammina, pulisci, condividi: nasce &#8220;Chianti Green&#8221; un nuovo progetto di ecotrekking\"}]},{\"@type\":\"WebSite\",\"@id\":\"https:\/\/www.intoscana.it\/it\/#website\",\"url\":\"https:\/\/www.intoscana.it\/it\/\",\"name\":\"intoscana\",\"description\":\"\",\"potentialAction\":[{\"@type\":\"SearchAction\",\"target\":{\"@type\":\"EntryPoint\",\"urlTemplate\":\"https:\/\/www.intoscana.it\/it\/?s={search_term_string}\"},\"query-input\":{\"@type\":\"PropertyValueSpecification\",\"valueRequired\":true,\"valueName\":\"search_term_string\"}}],\"inLanguage\":\"it-IT\"},{\"@type\":\"Person\",\"@id\":\"https:\/\/www.intoscana.it\/it\/#\/schema\/person\/9223810753230f20bd670fdd322661f8\",\"name\":\"Redazione\",\"url\":\"https:\/\/www.intoscana.it\/it\/author\/redazione\/\"}]}<\/script>\n<!-- \/ Yoast SEO Premium plugin. -->","yoast_head_json":{"title":"Cammina, pulisci, condividi: nasce \"Chianti Green\" un nuovo progetto di ecotrekking - intoscana","robots":{"index":"index","follow":"follow","max-snippet":"max-snippet:-1","max-image-preview":"max-image-preview:large","max-video-preview":"max-video-preview:-1"},"canonical":"https:\/\/www.intoscana.it\/it\/cammina-pulisci-condividi-nasce-chianti-green-un-nuovo-progetto-di-ecotrekking\/","og_locale":"it_IT","og_type":"article","og_title":"Cammina, pulisci, condividi: nasce \"Chianti Green\" un nuovo progetto di ecotrekking","og_description":"Escursionisti e volontari di ogni et\u00e0 raccoglieranno rifiuti durante passeggiate nella natura e potranno partecipare a un concorso fotografico","og_url":"https:\/\/www.intoscana.it\/it\/cammina-pulisci-condividi-nasce-chianti-green-un-nuovo-progetto-di-ecotrekking\/","og_site_name":"intoscana","article_publisher":"https:\/\/www.facebook.com\/intoscana.it","article_published_time":"2021-02-02T08:44:40+00:00","article_modified_time":"2021-02-02T09:22:32+00:00","og_image":[{"width":2048,"height":1366,"url":"https:\/\/www.intoscana.it\/wp-content\/uploads\/trekking-5-scaled.jpg","type":"image\/jpeg"}],"author":"Redazione","twitter_card":"summary_large_image","twitter_creator":"@intoscana","twitter_site":"@intoscana","twitter_misc":{"Written by":"Redazione","Est. reading time":"2 minuti"},"schema":{"@context":"https:\/\/schema.org","@graph":[{"@type":"WebPage","@id":"https:\/\/www.intoscana.it\/it\/cammina-pulisci-condividi-nasce-chianti-green-un-nuovo-progetto-di-ecotrekking\/","url":"https:\/\/www.intoscana.it\/it\/cammina-pulisci-condividi-nasce-chianti-green-un-nuovo-progetto-di-ecotrekking\/","name":"Cammina, pulisci, condividi: nasce \"Chianti Green\" un nuovo progetto di ecotrekking - intoscana","isPartOf":{"@id":"https:\/\/www.intoscana.it\/it\/#website"},"primaryImageOfPage":{"@id":"https:\/\/www.intoscana.it\/it\/cammina-pulisci-condividi-nasce-chianti-green-un-nuovo-progetto-di-ecotrekking\/#primaryimage"},"image":{"@id":"https:\/\/www.intoscana.it\/it\/cammina-pulisci-condividi-nasce-chianti-green-un-nuovo-progetto-di-ecotrekking\/#primaryimage"},"thumbnailUrl":"https:\/\/www.intoscana.it\/wp-content\/uploads\/trekking-5-scaled.jpg","datePublished":"2021-02-02T08:44:40+00:00","dateModified":"2021-02-02T09:22:32+00:00","author":{"@id":"https:\/\/www.intoscana.it\/it\/#\/schema\/person\/9223810753230f20bd670fdd322661f8"},"breadcrumb":{"@id":"https:\/\/www.intoscana.it\/it\/cammina-pulisci-condividi-nasce-chianti-green-un-nuovo-progetto-di-ecotrekking\/#breadcrumb"},"inLanguage":"it-IT","potentialAction":[{"@type":"ReadAction","target":["https:\/\/www.intoscana.it\/it\/cammina-pulisci-condividi-nasce-chianti-green-un-nuovo-progetto-di-ecotrekking\/"]}]},{"@type":"ImageObject","inLanguage":"it-IT","@id":"https:\/\/www.intoscana.it\/it\/cammina-pulisci-condividi-nasce-chianti-green-un-nuovo-progetto-di-ecotrekking\/#primaryimage","url":"https:\/\/www.intoscana.it\/wp-content\/uploads\/trekking-5-scaled.jpg","contentUrl":"https:\/\/www.intoscana.it\/wp-content\/uploads\/trekking-5-scaled.jpg","width":2048,"height":1366,"caption":"Trekking"},{"@type":"BreadcrumbList","@id":"https:\/\/www.intoscana.it\/it\/cammina-pulisci-condividi-nasce-chianti-green-un-nuovo-progetto-di-ecotrekking\/#breadcrumb","itemListElement":[{"@type":"ListItem","position":1,"name":"Home","item":"https:\/\/www.intoscana.it\/it\/"},{"@type":"ListItem","position":2,"name":"Cammina, pulisci, condividi: nasce &#8220;Chianti Green&#8221; un nuovo progetto di ecotrekking"}]},{"@type":"WebSite","@id":"https:\/\/www.intoscana.it\/it\/#website","url":"https:\/\/www.intoscana.it\/it\/","name":"intoscana","description":"","potentialAction":[{"@type":"SearchAction","target":{"@type":"EntryPoint","urlTemplate":"https:\/\/www.intoscana.it\/it\/?s={search_term_string}"},"query-input":{"@type":"PropertyValueSpecification","valueRequired":true,"valueName":"search_term_string"}}],"inLanguage":"it-IT"},{"@type":"Person","@id":"https:\/\/www.intoscana.it\/it\/#\/schema\/person\/9223810753230f20bd670fdd322661f8","name":"Redazione","url":"https:\/\/www.intoscana.it\/it\/author\/redazione\/"}]}},"_links":{"self":[{"href":"https:\/\/www.intoscana.it\/it\/wp-json\/wp\/v2\/posts\/166028","targetHints":{"allow":["GET"]}}],"collection":[{"href":"https:\/\/www.intoscana.it\/it\/wp-json\/wp\/v2\/posts"}],"about":[{"href":"https:\/\/www.intoscana.it\/it\/wp-json\/wp\/v2\/types\/post"}],"author":[{"embeddable":true,"href":"https:\/\/www.intoscana.it\/it\/wp-json\/wp\/v2\/users\/525"}],"replies":[{"embeddable":true,"href":"https:\/\/www.intoscana.it\/it\/wp-json\/wp\/v2\/comments?post=166028"}],"version-history":[{"count":0,"href":"https:\/\/www.intoscana.it\/it\/wp-json\/wp\/v2\/posts\/166028\/revisions"}],"wp:featuredmedia":[{"embeddable":true,"href":"https:\/\/www.intoscana.it\/it\/wp-json\/wp\/v2\/media\/166029"}],"wp:attachment":[{"href":"https:\/\/www.intoscana.it\/it\/wp-json\/wp\/v2\/media?parent=166028"}],"wp:term":[{"taxonomy":"category","embeddable":true,"href":"https:\/\/www.intoscana.it\/it\/wp-json\/wp\/v2\/categories?post=166028"},{"taxonomy":"post_tag","embeddable":true,"href":"https:\/\/www.intoscana.it\/it\/wp-json\/wp\/v2\/tags?post=166028"}],"curies":[{"name":"wp","href":"https:\/\/api.w.org\/{rel}","templated":true}]}}