{"id":166158,"date":"2021-02-03T09:43:41","date_gmt":"2021-02-03T08:43:41","guid":{"rendered":"https:\/\/www.intoscana.it\/it\/?p=166158"},"modified":"2021-02-03T10:37:33","modified_gmt":"2021-02-03T09:37:33","slug":"a-prato-abbattuto-lex-ospedale-per-far-spazio-al-parco-centrale","status":"publish","type":"post","link":"https:\/\/www.intoscana.it\/it\/a-prato-abbattuto-lex-ospedale-per-far-spazio-al-parco-centrale\/","title":{"rendered":"A Prato abbattuto l&#8217;ex ospedale per far spazio al Parco centrale"},"content":{"rendered":"<p><strong>Prato si prepara a diventare una citt\u00e0 sempre pi\u00f9 verde<\/strong>. In cinque mesi infatti l&#8217;ex ospedale Misericordia e Dolce \u00e8 stato abbattuto e nei tre ettari lasciati liberi dai tre blocchi che lo componevano sorger\u00e0 il <strong>Parco centrale della citt\u00e0, il pi\u00f9 grande d&#8217;Europa dentro le mura antiche<\/strong>, uno spazio verde che costituir\u00e0 la nuova porta d&#8217;ingresso al centro storico.<\/p>\n<h3>Nel parco spazio fitness, coworking e bar<\/h3>\n<p>Si \u00e8 tenuto ieri il sopralluogo al cantiere da parte del sindaco di Prato Matteo Biffoni e dell&#8217;assessore all&#8217;Urbanistica Valerio Barberis. <strong>Il Central Park pratese, com&#8217;\u00e8 stato ribattezzato in fase <\/strong><strong>di progetto,<\/strong> \u00e8 ora pronto per veder partire i lavori di<br \/>\ncostruzione. Ma la tabella di marcia immaginata sei anni fa \u00e8 gi\u00e0 in ritardo, dato che i lavori di demolizione &#8211; effettuati come da contratto dall&#8217;Asl Toscana centro &#8211; sono partiti con due anni di ritardo in seguito a numerosi ricorsi giudiziari delle ditte che avevano partecipato alla gara per eseguire i lavori.<\/p>\n<p>Alla fine la demolizione \u00e8 costata all&#8217;Asl circa 4 milioni di euro. Poco meno di quanto ha preventivato di investire il Comune sui lavori di realizzazione del parco, circa sei milioni di euro.<\/p>\n<div class=\"c-testo\">\n<p><strong>Sar\u00e0 un parco libero, con spazi per il fitness all&#8217;aria aperta,<\/strong> 3 ettari di verde con alberi, siepi e un padiglione in vetro da 500 metri quadrati con<strong> bar, ristorante, spazio coworking<\/strong>, per incontro e svago.\u00a0 Nel progetto \u00e8 prevista anche una vasca d&#8217;acqua di 150 metri ai piedi delle mura.<\/p>\n<\/div>\n<h3>Taglio del nastro nel 2023<\/h3>\n<p>La fase realizzativa dell&#8217;area verde, che prevede anche la costruzione di un padiglione trasparente, non potr\u00e0 cominciare prima dell&#8217;inizio del 2022, perch\u00e9 dopo il progetto esecutivo dell&#8217;architetto paesaggista Michel Desvigne &#8211; vincitore del concorso di progettazione &#8211; il Comune dovr\u00e0 procedere a bandire una gara europea per la costruzione.<\/p>\n<p>In definitiva, se tutto dovesse filare liscio, &#8220;i<em>l taglio del nastro potrebbe esserci <\/em><em>nell&#8217;estate del 2023<\/em>&#8220;, spiega il sindaco Matteo Biffoni. &#8220;<em>Fa <\/em><em>impressione, <strong>si vedono i campanili della citt\u00e0, la Calvana, il <\/strong><\/em><em><strong>collegio Cicognini. \u00c8 emozionante<\/strong> &#8211; <\/em>conclude Biffoni <em>&#8211; perch\u00e9 <\/em><em>restituiamo una visione alla citt\u00e0&#8221;<\/em>.<\/p>\n","protected":false},"excerpt":{"rendered":"<p>Entro il 2023 sar\u00e0 pronto lo spazio verde che sar\u00e0 il pi\u00f9 grande in Europa contenuto dentro le mura antiche di una citt\u00e0<\/p>\n","protected":false},"author":525,"featured_media":104294,"comment_status":"open","ping_status":"open","sticky":false,"template":"","format":"standard","meta":{"_acf_changed":false,"footnotes":""},"categories":[494],"tags":[4601,259,5080],"class_list":["post-166158","post","type-post","status-publish","format-standard","has-post-thumbnail","hentry","category-attualita","tag-green","tag-prato","tag-scudo-verde"],"acf":[],"yoast_head":"<!-- This site is optimized with the Yoast SEO Premium plugin v24.2 (Yoast SEO v25.6) - https:\/\/yoast.com\/wordpress\/plugins\/seo\/ -->\n<title>A Prato abbattuto l&#039;ex ospedale per far spazio al Parco centrale - intoscana<\/title>\n<meta name=\"description\" content=\"A Prato \u00e8 stato abbattuto l&#039;ex ospedale per realizzare il grande Parco centrale da 3 ettari: lo spazio verde sar\u00e0 pronto nel 2023.\" \/>\n<meta name=\"robots\" content=\"index, follow, max-snippet:-1, max-image-preview:large, max-video-preview:-1\" \/>\n<link rel=\"canonical\" href=\"https:\/\/www.intoscana.it\/it\/a-prato-abbattuto-lex-ospedale-per-far-spazio-al-parco-centrale\/\" \/>\n<meta property=\"og:locale\" content=\"it_IT\" \/>\n<meta property=\"og:type\" content=\"article\" \/>\n<meta property=\"og:title\" content=\"A Prato abbattuto l&#039;ex ospedale per far spazio al Parco centrale\" \/>\n<meta property=\"og:description\" content=\"A Prato \u00e8 stato abbattuto l&#039;ex ospedale per realizzare il grande Parco centrale da 3 ettari: lo spazio verde sar\u00e0 pronto nel 2023.\" \/>\n<meta property=\"og:url\" content=\"https:\/\/www.intoscana.it\/it\/a-prato-abbattuto-lex-ospedale-per-far-spazio-al-parco-centrale\/\" \/>\n<meta property=\"og:site_name\" content=\"intoscana\" \/>\n<meta property=\"article:publisher\" content=\"https:\/\/www.facebook.com\/intoscana.it\" \/>\n<meta property=\"article:published_time\" content=\"2021-02-03T08:43:41+00:00\" \/>\n<meta property=\"article:modified_time\" content=\"2021-02-03T09:37:33+00:00\" \/>\n<meta property=\"og:image\" content=\"https:\/\/www.intoscana.it\/wp-content\/uploads\/Prato-11.jpg\" \/>\n\t<meta property=\"og:image:width\" content=\"900\" \/>\n\t<meta property=\"og:image:height\" content=\"599\" \/>\n\t<meta property=\"og:image:type\" content=\"image\/jpeg\" \/>\n<meta name=\"author\" content=\"Redazione\" \/>\n<meta name=\"twitter:card\" content=\"summary_large_image\" \/>\n<meta name=\"twitter:creator\" content=\"@intoscana\" \/>\n<meta name=\"twitter:site\" content=\"@intoscana\" \/>\n<meta name=\"twitter:label1\" content=\"Written by\" \/>\n\t<meta name=\"twitter:data1\" content=\"Redazione\" \/>\n\t<meta name=\"twitter:label2\" content=\"Est. reading time\" \/>\n\t<meta name=\"twitter:data2\" content=\"2 minuti\" \/>\n<script type=\"application\/ld+json\" class=\"yoast-schema-graph\">{\"@context\":\"https:\/\/schema.org\",\"@graph\":[{\"@type\":\"WebPage\",\"@id\":\"https:\/\/www.intoscana.it\/it\/a-prato-abbattuto-lex-ospedale-per-far-spazio-al-parco-centrale\/\",\"url\":\"https:\/\/www.intoscana.it\/it\/a-prato-abbattuto-lex-ospedale-per-far-spazio-al-parco-centrale\/\",\"name\":\"A Prato abbattuto l'ex ospedale per far spazio al Parco centrale - intoscana\",\"isPartOf\":{\"@id\":\"https:\/\/www.intoscana.it\/it\/#website\"},\"primaryImageOfPage\":{\"@id\":\"https:\/\/www.intoscana.it\/it\/a-prato-abbattuto-lex-ospedale-per-far-spazio-al-parco-centrale\/#primaryimage\"},\"image\":{\"@id\":\"https:\/\/www.intoscana.it\/it\/a-prato-abbattuto-lex-ospedale-per-far-spazio-al-parco-centrale\/#primaryimage\"},\"thumbnailUrl\":\"https:\/\/www.intoscana.it\/wp-content\/uploads\/Prato-11.jpg\",\"datePublished\":\"2021-02-03T08:43:41+00:00\",\"dateModified\":\"2021-02-03T09:37:33+00:00\",\"author\":{\"@id\":\"https:\/\/www.intoscana.it\/it\/#\/schema\/person\/9223810753230f20bd670fdd322661f8\"},\"description\":\"A Prato \u00e8 stato abbattuto l'ex ospedale per realizzare il grande Parco centrale da 3 ettari: lo spazio verde sar\u00e0 pronto nel 2023.\",\"breadcrumb\":{\"@id\":\"https:\/\/www.intoscana.it\/it\/a-prato-abbattuto-lex-ospedale-per-far-spazio-al-parco-centrale\/#breadcrumb\"},\"inLanguage\":\"it-IT\",\"potentialAction\":[{\"@type\":\"ReadAction\",\"target\":[\"https:\/\/www.intoscana.it\/it\/a-prato-abbattuto-lex-ospedale-per-far-spazio-al-parco-centrale\/\"]}]},{\"@type\":\"ImageObject\",\"inLanguage\":\"it-IT\",\"@id\":\"https:\/\/www.intoscana.it\/it\/a-prato-abbattuto-lex-ospedale-per-far-spazio-al-parco-centrale\/#primaryimage\",\"url\":\"https:\/\/www.intoscana.it\/wp-content\/uploads\/Prato-11.jpg\",\"contentUrl\":\"https:\/\/www.intoscana.it\/wp-content\/uploads\/Prato-11.jpg\",\"width\":900,\"height\":599,\"caption\":\"Prato\"},{\"@type\":\"BreadcrumbList\",\"@id\":\"https:\/\/www.intoscana.it\/it\/a-prato-abbattuto-lex-ospedale-per-far-spazio-al-parco-centrale\/#breadcrumb\",\"itemListElement\":[{\"@type\":\"ListItem\",\"position\":1,\"name\":\"Home\",\"item\":\"https:\/\/www.intoscana.it\/it\/\"},{\"@type\":\"ListItem\",\"position\":2,\"name\":\"A Prato abbattuto l&#8217;ex ospedale per far spazio al Parco centrale\"}]},{\"@type\":\"WebSite\",\"@id\":\"https:\/\/www.intoscana.it\/it\/#website\",\"url\":\"https:\/\/www.intoscana.it\/it\/\",\"name\":\"intoscana\",\"description\":\"\",\"potentialAction\":[{\"@type\":\"SearchAction\",\"target\":{\"@type\":\"EntryPoint\",\"urlTemplate\":\"https:\/\/www.intoscana.it\/it\/?s={search_term_string}\"},\"query-input\":{\"@type\":\"PropertyValueSpecification\",\"valueRequired\":true,\"valueName\":\"search_term_string\"}}],\"inLanguage\":\"it-IT\"},{\"@type\":\"Person\",\"@id\":\"https:\/\/www.intoscana.it\/it\/#\/schema\/person\/9223810753230f20bd670fdd322661f8\",\"name\":\"Redazione\",\"url\":\"https:\/\/www.intoscana.it\/it\/author\/redazione\/\"}]}<\/script>\n<!-- \/ Yoast SEO Premium plugin. -->","yoast_head_json":{"title":"A Prato abbattuto l'ex ospedale per far spazio al Parco centrale - intoscana","description":"A Prato \u00e8 stato abbattuto l'ex ospedale per realizzare il grande Parco centrale da 3 ettari: lo spazio verde sar\u00e0 pronto nel 2023.","robots":{"index":"index","follow":"follow","max-snippet":"max-snippet:-1","max-image-preview":"max-image-preview:large","max-video-preview":"max-video-preview:-1"},"canonical":"https:\/\/www.intoscana.it\/it\/a-prato-abbattuto-lex-ospedale-per-far-spazio-al-parco-centrale\/","og_locale":"it_IT","og_type":"article","og_title":"A Prato abbattuto l'ex ospedale per far spazio al Parco centrale","og_description":"A Prato \u00e8 stato abbattuto l'ex ospedale per realizzare il grande Parco centrale da 3 ettari: lo spazio verde sar\u00e0 pronto nel 2023.","og_url":"https:\/\/www.intoscana.it\/it\/a-prato-abbattuto-lex-ospedale-per-far-spazio-al-parco-centrale\/","og_site_name":"intoscana","article_publisher":"https:\/\/www.facebook.com\/intoscana.it","article_published_time":"2021-02-03T08:43:41+00:00","article_modified_time":"2021-02-03T09:37:33+00:00","og_image":[{"width":900,"height":599,"url":"https:\/\/www.intoscana.it\/wp-content\/uploads\/Prato-11.jpg","type":"image\/jpeg"}],"author":"Redazione","twitter_card":"summary_large_image","twitter_creator":"@intoscana","twitter_site":"@intoscana","twitter_misc":{"Written by":"Redazione","Est. reading time":"2 minuti"},"schema":{"@context":"https:\/\/schema.org","@graph":[{"@type":"WebPage","@id":"https:\/\/www.intoscana.it\/it\/a-prato-abbattuto-lex-ospedale-per-far-spazio-al-parco-centrale\/","url":"https:\/\/www.intoscana.it\/it\/a-prato-abbattuto-lex-ospedale-per-far-spazio-al-parco-centrale\/","name":"A Prato abbattuto l'ex ospedale per far spazio al Parco centrale - intoscana","isPartOf":{"@id":"https:\/\/www.intoscana.it\/it\/#website"},"primaryImageOfPage":{"@id":"https:\/\/www.intoscana.it\/it\/a-prato-abbattuto-lex-ospedale-per-far-spazio-al-parco-centrale\/#primaryimage"},"image":{"@id":"https:\/\/www.intoscana.it\/it\/a-prato-abbattuto-lex-ospedale-per-far-spazio-al-parco-centrale\/#primaryimage"},"thumbnailUrl":"https:\/\/www.intoscana.it\/wp-content\/uploads\/Prato-11.jpg","datePublished":"2021-02-03T08:43:41+00:00","dateModified":"2021-02-03T09:37:33+00:00","author":{"@id":"https:\/\/www.intoscana.it\/it\/#\/schema\/person\/9223810753230f20bd670fdd322661f8"},"description":"A Prato \u00e8 stato abbattuto l'ex ospedale per realizzare il grande Parco centrale da 3 ettari: lo spazio verde sar\u00e0 pronto nel 2023.","breadcrumb":{"@id":"https:\/\/www.intoscana.it\/it\/a-prato-abbattuto-lex-ospedale-per-far-spazio-al-parco-centrale\/#breadcrumb"},"inLanguage":"it-IT","potentialAction":[{"@type":"ReadAction","target":["https:\/\/www.intoscana.it\/it\/a-prato-abbattuto-lex-ospedale-per-far-spazio-al-parco-centrale\/"]}]},{"@type":"ImageObject","inLanguage":"it-IT","@id":"https:\/\/www.intoscana.it\/it\/a-prato-abbattuto-lex-ospedale-per-far-spazio-al-parco-centrale\/#primaryimage","url":"https:\/\/www.intoscana.it\/wp-content\/uploads\/Prato-11.jpg","contentUrl":"https:\/\/www.intoscana.it\/wp-content\/uploads\/Prato-11.jpg","width":900,"height":599,"caption":"Prato"},{"@type":"BreadcrumbList","@id":"https:\/\/www.intoscana.it\/it\/a-prato-abbattuto-lex-ospedale-per-far-spazio-al-parco-centrale\/#breadcrumb","itemListElement":[{"@type":"ListItem","position":1,"name":"Home","item":"https:\/\/www.intoscana.it\/it\/"},{"@type":"ListItem","position":2,"name":"A Prato abbattuto l&#8217;ex ospedale per far spazio al Parco centrale"}]},{"@type":"WebSite","@id":"https:\/\/www.intoscana.it\/it\/#website","url":"https:\/\/www.intoscana.it\/it\/","name":"intoscana","description":"","potentialAction":[{"@type":"SearchAction","target":{"@type":"EntryPoint","urlTemplate":"https:\/\/www.intoscana.it\/it\/?s={search_term_string}"},"query-input":{"@type":"PropertyValueSpecification","valueRequired":true,"valueName":"search_term_string"}}],"inLanguage":"it-IT"},{"@type":"Person","@id":"https:\/\/www.intoscana.it\/it\/#\/schema\/person\/9223810753230f20bd670fdd322661f8","name":"Redazione","url":"https:\/\/www.intoscana.it\/it\/author\/redazione\/"}]}},"_links":{"self":[{"href":"https:\/\/www.intoscana.it\/it\/wp-json\/wp\/v2\/posts\/166158","targetHints":{"allow":["GET"]}}],"collection":[{"href":"https:\/\/www.intoscana.it\/it\/wp-json\/wp\/v2\/posts"}],"about":[{"href":"https:\/\/www.intoscana.it\/it\/wp-json\/wp\/v2\/types\/post"}],"author":[{"embeddable":true,"href":"https:\/\/www.intoscana.it\/it\/wp-json\/wp\/v2\/users\/525"}],"replies":[{"embeddable":true,"href":"https:\/\/www.intoscana.it\/it\/wp-json\/wp\/v2\/comments?post=166158"}],"version-history":[{"count":0,"href":"https:\/\/www.intoscana.it\/it\/wp-json\/wp\/v2\/posts\/166158\/revisions"}],"wp:featuredmedia":[{"embeddable":true,"href":"https:\/\/www.intoscana.it\/it\/wp-json\/wp\/v2\/media\/104294"}],"wp:attachment":[{"href":"https:\/\/www.intoscana.it\/it\/wp-json\/wp\/v2\/media?parent=166158"}],"wp:term":[{"taxonomy":"category","embeddable":true,"href":"https:\/\/www.intoscana.it\/it\/wp-json\/wp\/v2\/categories?post=166158"},{"taxonomy":"post_tag","embeddable":true,"href":"https:\/\/www.intoscana.it\/it\/wp-json\/wp\/v2\/tags?post=166158"}],"curies":[{"name":"wp","href":"https:\/\/api.w.org\/{rel}","templated":true}]}}