{"id":166379,"date":"2021-02-04T14:55:05","date_gmt":"2021-02-04T13:55:05","guid":{"rendered":"https:\/\/www.intoscana.it\/it\/?p=166379"},"modified":"2021-02-23T12:12:55","modified_gmt":"2021-02-23T11:12:55","slug":"il-black-history-month-a-firenze-un-nuovo-format-ostinato-per-ledizione-2021","status":"publish","type":"post","link":"https:\/\/www.intoscana.it\/it\/il-black-history-month-a-firenze-un-nuovo-format-ostinato-per-ledizione-2021\/","title":{"rendered":"Il Black History Month a Firenze: un nuovo format &#8220;ostinato&#8221; per l&#8217;edizione 2021"},"content":{"rendered":"<p><em><strong>Black History Month Florence<\/strong><\/em> nasce nel 2016 come rete per promuovere la <strong>produzione culturale \u201cBlack<\/strong>\u201d che <strong>celebra le culture afro-discendenti nel contesto italiano<\/strong>. Il &#8220;Mese della Storia Nera Firenze&#8221; \u00e8 coordinato e organizzato dall<strong>&#8216;Associazione Culturale BHMF fondata nel 2018 da Justin Randolph Thompson<\/strong>, iscritta all&#8217;albo degli Onlus in Italia e che ha operato negli ultimi cinque anni senza alcun budget amministrativo.<\/p>\n<p>Dopo cinque anni di successi con <strong>oltre 200 eventi\u00a0 e\u00a0 5 progetti di ricerca e partnership con oltre 70 realt\u00e0 del settore<\/strong>, Black History Month Florence (BHMF) ha scelto come tema dell\u2019edizione di quest\u2019anno \u201c<b>OSTINATO<\/b>\u201d, un titolo molto significativo per richiamare i temi di comunit\u00e0, tenacia e perseveranza, e che vuole essere allo stesso tempo un invito e una provocazione.<\/p>\n<p><i>Non c\u2019\u00e8 strumento migliore per il contrasto a tutte le forme di assurdo e scellerato razzismo che quello della conoscenza culturale &#8211; <\/i>ha dichiarato l\u2019assessore alla cultura <b>Tommaso Sacchi<\/b><i> &#8211; con una \u2018cross culture\u2019 che crei scambi di artisti e forme d\u2019arte tra paesi diversi. Per questo Firenze fin dagli esordi \u00e8 lieta di ospitare questo festival unico in Italia, dedicato a promuovere la cultura \u201cblack\u201d e la diversit\u00e0 delle culture afro-discendenti. Proprio come dice il nome di questa edizione, questo Festival \u00e8 davvero ostinato e si conferma e anzi cresce malgrado la pandemia ed \u00e8 un importante segnale di speranza per la cultura e per la citt\u00e0 in particolare\u201d.<\/i><\/p>\n<h3>Le mostre in programma<\/h3>\n<p><a href=\"https:\/\/www.intoscana.it\/it\/articolo\/uffizi-una-mostra-virtuale-a-caccia-della-presenza-black-nei-capolavori-dellarte\/\" target=\"_blank\" rel=\"noopener\"><em><strong>&#8220;On Being Present&#8221;<\/strong><\/em> <\/a>sar\u00e0 una <b>mostra virtuale in collaborazione con la <a href=\"https:\/\/www.intoscana.it\/it\/articolo\/il-maxi-progetto-degli-uffizi-diffusi-pronto-a-partire-100-sedi-le-prime-entro-tre-mesi\/\" target=\"_blank\" rel=\"noopener\">Galleria degli Uffizi<\/a><\/b> e che verr\u00e0 ufficialmente <b>annunciata il prossimo 20 febbraio\u00a0<\/b>direttamente sul sito del celebre museo d\u2019arte. Durante questa edizione <b>verranno presentate nove nuove opere<\/b> individuate da un pool di studiosi internazionali che hanno esaminato i corpi africani all\u2019interno delle opere nelle collezioni delle Gallerie degli Uffizi e di Palazzo Pitti. L&#8217;elenco degli studiosi \u00e8 stato selezionato in consultazione con Paul Kaplan e Kate Lowe, consulenti del progetto.<\/p>\n<p class=\"m_8380119371588000611MsoListParagraphCxSpMiddle\"><em><strong>&#8220;The Isle of Venus&#8221;<\/strong> <\/em>\u00e8 il titolo di una mostra delle opere di <strong>Kiluanji Kia Henda<\/strong>, curata da BHMF e realizzata in collaborazione <a href=\"https:\/\/www.murateartdistrict.it\" target=\"_blank\" rel=\"noopener\"><strong>Murate Art District<\/strong><\/a>.\u00a0<u><\/u><u><\/u>L\u2019esposizione si terr\u00e0 nella Sala Anna Banti di Mad e sar\u00e0 possibile visitarla su appuntamento. La mostra\u00a0pone l\u2019accento sulla miopia socio-psicologica prodotta dalla<strong> trasformazione delle citt\u00e0 in siti museali tematici, ancorati al romanticismo del Rinascimento o al fascino grintoso medievale<\/strong>.<\/p>\n<p>Il secondo appuntamento espositivo in programma a MAD \u00e8 <em><strong>\u201cGettare il Sasso e nascondere la mano\u201d,<\/strong><\/em> una mostra collettiva dedicata agli artisti della prima edizione della YGBI Research Residency sviluppata in collaborazione con OCAD e The Student Hotel nel febbraio 2020 sotto la guida di Andrea Fatona e Leaf Jerlefia. L&#8217;esposizione riunisce <strong>cinque artisti afro- discendenti di et\u00e0 inferiore ai 35 anni e residenti in Italia<\/strong>, la\u00a0mostra progettata per le celle di Murate Art District abbraccia una serie di narrazioni che collegano la spiritualit\u00e0 all&#8217;educazione, la storia coloniale e\u00a0la\u00a0sua materialit\u00e0 all&#8217;attivismo storico ed \u00e8 radicalmente\u00a0fondata su\u00a0un approccio sperimentale alla condivisione collettiva dello spazio. A partire dal 10 febbraio 2021,<strong> le mostre al MAD saranno aperte tutti i mercoled\u00ec e gioved\u00ec dalle 14.30-19.30 e su appuntamento<\/strong> scrivendo a: <a href=\"mailto:info.mad@muse.comune.fi.it\" target=\"_blank\" rel=\"noopener\">info.mad@muse.comune.fi.it.<\/a><\/p>\n<h3 class=\"m_8380119371588000611MsoListParagraphCxSpMiddle\">Residenza artistica a The Student Hotel<\/h3>\n<p>Partendo dalla necessit\u00e0 di<strong> condividere spazi sicuri di solidariet\u00e0, collettivit\u00e0 e dialogo<\/strong>, in un contesto in cui l\u2019emarginazione e lo stigma sociale segnano gli artisti emergenti afro-discendenti, <em><strong>YGBI Research Residency and Training Program<\/strong><\/em> \u00e8 un\u2019esperienza collettiva nata da una collaborazione tra BHMF e<a href=\"https:\/\/www.thestudenthotel.com\/it\/firenze-lavagnini\/soggiornare\/studente-soggiorno\/?gclid=Cj0KCQiA0-6ABhDMARIsAFVdQv9vh_6KOFzjX49IntYh0F8BEz3l2QYmIUhJFUng4N6qieTBnjqdAmUaAkIHEALw_wcB\" target=\"_blank\" rel=\"noopener\"><strong> The Student Hotel.<\/strong><\/a>\u00a0<strong>Per 10 giorni, gli artisti Afro-discendenti selezionati sono stati invitati a trascorrere del tempo insieme lavorando negli spazi di Numeroventi<\/strong> insieme a una serie di incontri, dialoghi ed eventi curati da Black History Month Florence, progettati per stimolare il loro lavoro e la loro arte. La seconda edizione della YGBI Research Residency coinvolge <strong>4 artisti sotto i 35 anni e residenti in Italia<\/strong>, guidati dal mentore<strong> Arlette-Louise Ndakoze<\/strong>, Co-Direttrice Artistica di SAVVY Contemporary. Gli artisti di quest\u2019edizione sono <strong>Adji Dieye, Silvia Rosi, Christian Offman e Kelly Costigliolo.<\/strong><\/p>\n<div dir=\"ltr\">\u00a0<div class=\"focuson\"><a href=\"https:\/\/www.intoscana.it\/it\/articolo\/tommy-kuti-firenze\/\"><img decoding=\"async\" class=\"lazy\" src=\"https:\/\/www.intoscana.it\/wp-content\/uploads\/Tommy-Kuti-2-copia.jpg\" style=\"\">\n                <div class=\"cat\">Intervista a Tommy Kuti<\/div>\n                <h4>La mia musica contro il razzismo<\/h4><\/a>\n              <\/div><\/div>\n<h3>Concerti in streaming<\/h3>\n<p>La serie di <b>concerti girati nella storica Sala Vanni di Firenze<\/b>, con il supporto di Publiacqua e in collaborazione con <a href=\"https:\/\/www.intoscana.it\/it\/articolo\/tommy-kuti-firenze\/\" target=\"_blank\" rel=\"noopener\"><strong>Musicus Concentus<\/strong>\u00a0<\/a>saranno disponibili gratuitamente in streaming e saranno prodotti sotto il titolo e tema <em>\u201c<b>E il Clamore \u00e8 Divenuto Voce<\/b>\u201d<\/em> con <strong>David Blank, Tommy Kuti e Dre Love Feat. Drumz e Guido Masi.<\/strong><\/p>\n<p>La maggior parte degli eventi dell&#8217;<strong>edizione 2021 del BHMF<\/strong> sono <strong>virtuali, gratuiti e aperti al pubblico.<\/strong> I dettagli per ogni evento, le informazioni sulla registrazione e gli orari sono disponibili sul sito web di BHMF:<strong> www.<span class=\"m_8380119371588000611MsoHyperlink\"><a href=\"http:\/\/blackhistorymonthflorence.com\/\" target=\"_blank\" rel=\"noopener\" data-saferedirecturl=\"https:\/\/www.google.com\/url?q=http:\/\/blackhistorymonthflorence.com&amp;source=gmail&amp;ust=1612531174752000&amp;usg=AFQjCNHhCbJKQ__9P-77RuPFC_JIysNWGg\">blackhistorymonthflorence.com<\/a>.<\/span><\/strong><\/p>\n<figure id=\"post-166380 media-166380\" class=\"align-none\"><img decoding=\"async\" src=\"https:\/\/www.intoscana.it\/wp-content\/uploads\/83444995_2904655229585700_3658654688368132096_n.jpg\" alt=\"\" \/><\/figure>\n<div class=\"titleimg\"><\/div>\n<p>&nbsp;<\/p>\n<p>&nbsp;<\/p>\n<p>&nbsp;<\/p>\n<p>&nbsp;<\/p>\n<p>&nbsp;<\/p>\n<p>&nbsp;<\/p>\n<p>&nbsp;<\/p>\n","protected":false},"excerpt":{"rendered":"<p>Mostre, concerti in streaming e progetti di residenza per artisti afro-discendenti per riflettere sulla cultura black in collaborazione con Uffizi, Musicus Concentus, The Student Hotel e Murate Art District<\/p>\n","protected":false},"author":518,"featured_media":166381,"comment_status":"open","ping_status":"open","sticky":false,"template":"","format":"standard","meta":{"_acf_changed":false,"footnotes":""},"categories":[493],"tags":[5448,5449,4474,4534],"class_list":["post-166379","post","type-post","status-publish","format-standard","has-post-thumbnail","hentry","category-cultura","tag-black-history-month","tag-discriminazione","tag-eventi","tag-razzismo"],"acf":[],"yoast_head":"<!-- This site is optimized with the Yoast SEO Premium plugin v24.2 (Yoast SEO v25.6) - https:\/\/yoast.com\/wordpress\/plugins\/seo\/ -->\n<title>Il Black History Month a Firenze: un nuovo format &quot;ostinato&quot; per l&#039;edizione 2021 - intoscana<\/title>\n<meta name=\"robots\" content=\"index, follow, max-snippet:-1, max-image-preview:large, max-video-preview:-1\" \/>\n<link rel=\"canonical\" href=\"https:\/\/www.intoscana.it\/it\/il-black-history-month-a-firenze-un-nuovo-format-ostinato-per-ledizione-2021\/\" \/>\n<meta property=\"og:locale\" content=\"it_IT\" \/>\n<meta property=\"og:type\" content=\"article\" \/>\n<meta property=\"og:title\" content=\"Il Black History Month a Firenze: un nuovo format &quot;ostinato&quot; per l&#039;edizione 2021\" \/>\n<meta property=\"og:description\" content=\"Mostre, concerti in streaming e progetti di residenza per artisti afro-discendenti per riflettere sulla cultura black in collaborazione con Uffizi, Musicus Concentus, The Student Hotel e Murate Art District\" \/>\n<meta property=\"og:url\" content=\"https:\/\/www.intoscana.it\/it\/il-black-history-month-a-firenze-un-nuovo-format-ostinato-per-ledizione-2021\/\" \/>\n<meta property=\"og:site_name\" content=\"intoscana\" \/>\n<meta property=\"article:publisher\" content=\"https:\/\/www.facebook.com\/intoscana.it\" \/>\n<meta property=\"article:published_time\" content=\"2021-02-04T13:55:05+00:00\" \/>\n<meta property=\"article:modified_time\" content=\"2021-02-23T11:12:55+00:00\" \/>\n<meta property=\"og:image\" content=\"https:\/\/www.intoscana.it\/wp-content\/uploads\/Alexis-Peskine-A-Piantare-un-Chiodo.jpg\" \/>\n\t<meta property=\"og:image:width\" content=\"780\" \/>\n\t<meta property=\"og:image:height\" content=\"520\" \/>\n\t<meta property=\"og:image:type\" content=\"image\/jpeg\" \/>\n<meta name=\"author\" content=\"Costanza Baldini\" \/>\n<meta name=\"twitter:card\" content=\"summary_large_image\" \/>\n<meta name=\"twitter:creator\" content=\"@intoscana\" \/>\n<meta name=\"twitter:site\" content=\"@intoscana\" \/>\n<meta name=\"twitter:label1\" content=\"Written by\" \/>\n\t<meta name=\"twitter:data1\" content=\"Costanza Baldini\" \/>\n\t<meta name=\"twitter:label2\" content=\"Est. reading time\" \/>\n\t<meta name=\"twitter:data2\" content=\"4 minuti\" \/>\n<script type=\"application\/ld+json\" class=\"yoast-schema-graph\">{\"@context\":\"https:\/\/schema.org\",\"@graph\":[{\"@type\":\"WebPage\",\"@id\":\"https:\/\/www.intoscana.it\/it\/il-black-history-month-a-firenze-un-nuovo-format-ostinato-per-ledizione-2021\/\",\"url\":\"https:\/\/www.intoscana.it\/it\/il-black-history-month-a-firenze-un-nuovo-format-ostinato-per-ledizione-2021\/\",\"name\":\"Il Black History Month a Firenze: un nuovo format \\\"ostinato\\\" per l'edizione 2021 - intoscana\",\"isPartOf\":{\"@id\":\"https:\/\/www.intoscana.it\/it\/#website\"},\"primaryImageOfPage\":{\"@id\":\"https:\/\/www.intoscana.it\/it\/il-black-history-month-a-firenze-un-nuovo-format-ostinato-per-ledizione-2021\/#primaryimage\"},\"image\":{\"@id\":\"https:\/\/www.intoscana.it\/it\/il-black-history-month-a-firenze-un-nuovo-format-ostinato-per-ledizione-2021\/#primaryimage\"},\"thumbnailUrl\":\"https:\/\/www.intoscana.it\/wp-content\/uploads\/Alexis-Peskine-A-Piantare-un-Chiodo.jpg\",\"datePublished\":\"2021-02-04T13:55:05+00:00\",\"dateModified\":\"2021-02-23T11:12:55+00:00\",\"author\":{\"@id\":\"https:\/\/www.intoscana.it\/it\/#\/schema\/person\/d469f35f09739bdf00bf5dd3f0647a82\"},\"breadcrumb\":{\"@id\":\"https:\/\/www.intoscana.it\/it\/il-black-history-month-a-firenze-un-nuovo-format-ostinato-per-ledizione-2021\/#breadcrumb\"},\"inLanguage\":\"it-IT\",\"potentialAction\":[{\"@type\":\"ReadAction\",\"target\":[\"https:\/\/www.intoscana.it\/it\/il-black-history-month-a-firenze-un-nuovo-format-ostinato-per-ledizione-2021\/\"]}]},{\"@type\":\"ImageObject\",\"inLanguage\":\"it-IT\",\"@id\":\"https:\/\/www.intoscana.it\/it\/il-black-history-month-a-firenze-un-nuovo-format-ostinato-per-ledizione-2021\/#primaryimage\",\"url\":\"https:\/\/www.intoscana.it\/wp-content\/uploads\/Alexis-Peskine-A-Piantare-un-Chiodo.jpg\",\"contentUrl\":\"https:\/\/www.intoscana.it\/wp-content\/uploads\/Alexis-Peskine-A-Piantare-un-Chiodo.jpg\",\"width\":780,\"height\":520},{\"@type\":\"BreadcrumbList\",\"@id\":\"https:\/\/www.intoscana.it\/it\/il-black-history-month-a-firenze-un-nuovo-format-ostinato-per-ledizione-2021\/#breadcrumb\",\"itemListElement\":[{\"@type\":\"ListItem\",\"position\":1,\"name\":\"Home\",\"item\":\"https:\/\/www.intoscana.it\/it\/\"},{\"@type\":\"ListItem\",\"position\":2,\"name\":\"Il Black History Month a Firenze: un nuovo format &#8220;ostinato&#8221; per l&#8217;edizione 2021\"}]},{\"@type\":\"WebSite\",\"@id\":\"https:\/\/www.intoscana.it\/it\/#website\",\"url\":\"https:\/\/www.intoscana.it\/it\/\",\"name\":\"intoscana\",\"description\":\"\",\"potentialAction\":[{\"@type\":\"SearchAction\",\"target\":{\"@type\":\"EntryPoint\",\"urlTemplate\":\"https:\/\/www.intoscana.it\/it\/?s={search_term_string}\"},\"query-input\":{\"@type\":\"PropertyValueSpecification\",\"valueRequired\":true,\"valueName\":\"search_term_string\"}}],\"inLanguage\":\"it-IT\"},{\"@type\":\"Person\",\"@id\":\"https:\/\/www.intoscana.it\/it\/#\/schema\/person\/d469f35f09739bdf00bf5dd3f0647a82\",\"name\":\"Costanza Baldini\",\"url\":\"https:\/\/www.intoscana.it\/it\/author\/costanza-baldini\/\"}]}<\/script>\n<!-- \/ Yoast SEO Premium plugin. -->","yoast_head_json":{"title":"Il Black History Month a Firenze: un nuovo format \"ostinato\" per l'edizione 2021 - intoscana","robots":{"index":"index","follow":"follow","max-snippet":"max-snippet:-1","max-image-preview":"max-image-preview:large","max-video-preview":"max-video-preview:-1"},"canonical":"https:\/\/www.intoscana.it\/it\/il-black-history-month-a-firenze-un-nuovo-format-ostinato-per-ledizione-2021\/","og_locale":"it_IT","og_type":"article","og_title":"Il Black History Month a Firenze: un nuovo format \"ostinato\" per l'edizione 2021","og_description":"Mostre, concerti in streaming e progetti di residenza per artisti afro-discendenti per riflettere sulla cultura black in collaborazione con Uffizi, Musicus Concentus, The Student Hotel e Murate Art District","og_url":"https:\/\/www.intoscana.it\/it\/il-black-history-month-a-firenze-un-nuovo-format-ostinato-per-ledizione-2021\/","og_site_name":"intoscana","article_publisher":"https:\/\/www.facebook.com\/intoscana.it","article_published_time":"2021-02-04T13:55:05+00:00","article_modified_time":"2021-02-23T11:12:55+00:00","og_image":[{"width":780,"height":520,"url":"https:\/\/www.intoscana.it\/wp-content\/uploads\/Alexis-Peskine-A-Piantare-un-Chiodo.jpg","type":"image\/jpeg"}],"author":"Costanza Baldini","twitter_card":"summary_large_image","twitter_creator":"@intoscana","twitter_site":"@intoscana","twitter_misc":{"Written by":"Costanza Baldini","Est. reading time":"4 minuti"},"schema":{"@context":"https:\/\/schema.org","@graph":[{"@type":"WebPage","@id":"https:\/\/www.intoscana.it\/it\/il-black-history-month-a-firenze-un-nuovo-format-ostinato-per-ledizione-2021\/","url":"https:\/\/www.intoscana.it\/it\/il-black-history-month-a-firenze-un-nuovo-format-ostinato-per-ledizione-2021\/","name":"Il Black History Month a Firenze: un nuovo format \"ostinato\" per l'edizione 2021 - intoscana","isPartOf":{"@id":"https:\/\/www.intoscana.it\/it\/#website"},"primaryImageOfPage":{"@id":"https:\/\/www.intoscana.it\/it\/il-black-history-month-a-firenze-un-nuovo-format-ostinato-per-ledizione-2021\/#primaryimage"},"image":{"@id":"https:\/\/www.intoscana.it\/it\/il-black-history-month-a-firenze-un-nuovo-format-ostinato-per-ledizione-2021\/#primaryimage"},"thumbnailUrl":"https:\/\/www.intoscana.it\/wp-content\/uploads\/Alexis-Peskine-A-Piantare-un-Chiodo.jpg","datePublished":"2021-02-04T13:55:05+00:00","dateModified":"2021-02-23T11:12:55+00:00","author":{"@id":"https:\/\/www.intoscana.it\/it\/#\/schema\/person\/d469f35f09739bdf00bf5dd3f0647a82"},"breadcrumb":{"@id":"https:\/\/www.intoscana.it\/it\/il-black-history-month-a-firenze-un-nuovo-format-ostinato-per-ledizione-2021\/#breadcrumb"},"inLanguage":"it-IT","potentialAction":[{"@type":"ReadAction","target":["https:\/\/www.intoscana.it\/it\/il-black-history-month-a-firenze-un-nuovo-format-ostinato-per-ledizione-2021\/"]}]},{"@type":"ImageObject","inLanguage":"it-IT","@id":"https:\/\/www.intoscana.it\/it\/il-black-history-month-a-firenze-un-nuovo-format-ostinato-per-ledizione-2021\/#primaryimage","url":"https:\/\/www.intoscana.it\/wp-content\/uploads\/Alexis-Peskine-A-Piantare-un-Chiodo.jpg","contentUrl":"https:\/\/www.intoscana.it\/wp-content\/uploads\/Alexis-Peskine-A-Piantare-un-Chiodo.jpg","width":780,"height":520},{"@type":"BreadcrumbList","@id":"https:\/\/www.intoscana.it\/it\/il-black-history-month-a-firenze-un-nuovo-format-ostinato-per-ledizione-2021\/#breadcrumb","itemListElement":[{"@type":"ListItem","position":1,"name":"Home","item":"https:\/\/www.intoscana.it\/it\/"},{"@type":"ListItem","position":2,"name":"Il Black History Month a Firenze: un nuovo format &#8220;ostinato&#8221; per l&#8217;edizione 2021"}]},{"@type":"WebSite","@id":"https:\/\/www.intoscana.it\/it\/#website","url":"https:\/\/www.intoscana.it\/it\/","name":"intoscana","description":"","potentialAction":[{"@type":"SearchAction","target":{"@type":"EntryPoint","urlTemplate":"https:\/\/www.intoscana.it\/it\/?s={search_term_string}"},"query-input":{"@type":"PropertyValueSpecification","valueRequired":true,"valueName":"search_term_string"}}],"inLanguage":"it-IT"},{"@type":"Person","@id":"https:\/\/www.intoscana.it\/it\/#\/schema\/person\/d469f35f09739bdf00bf5dd3f0647a82","name":"Costanza Baldini","url":"https:\/\/www.intoscana.it\/it\/author\/costanza-baldini\/"}]}},"_links":{"self":[{"href":"https:\/\/www.intoscana.it\/it\/wp-json\/wp\/v2\/posts\/166379","targetHints":{"allow":["GET"]}}],"collection":[{"href":"https:\/\/www.intoscana.it\/it\/wp-json\/wp\/v2\/posts"}],"about":[{"href":"https:\/\/www.intoscana.it\/it\/wp-json\/wp\/v2\/types\/post"}],"author":[{"embeddable":true,"href":"https:\/\/www.intoscana.it\/it\/wp-json\/wp\/v2\/users\/518"}],"replies":[{"embeddable":true,"href":"https:\/\/www.intoscana.it\/it\/wp-json\/wp\/v2\/comments?post=166379"}],"version-history":[{"count":0,"href":"https:\/\/www.intoscana.it\/it\/wp-json\/wp\/v2\/posts\/166379\/revisions"}],"wp:featuredmedia":[{"embeddable":true,"href":"https:\/\/www.intoscana.it\/it\/wp-json\/wp\/v2\/media\/166381"}],"wp:attachment":[{"href":"https:\/\/www.intoscana.it\/it\/wp-json\/wp\/v2\/media?parent=166379"}],"wp:term":[{"taxonomy":"category","embeddable":true,"href":"https:\/\/www.intoscana.it\/it\/wp-json\/wp\/v2\/categories?post=166379"},{"taxonomy":"post_tag","embeddable":true,"href":"https:\/\/www.intoscana.it\/it\/wp-json\/wp\/v2\/tags?post=166379"}],"curies":[{"name":"wp","href":"https:\/\/api.w.org\/{rel}","templated":true}]}}