{"id":166408,"date":"2021-02-04T16:20:21","date_gmt":"2021-02-04T15:20:21","guid":{"rendered":"https:\/\/www.intoscana.it\/it\/?p=166408"},"modified":"2021-02-05T10:57:11","modified_gmt":"2021-02-05T09:57:11","slug":"solitudine-e-diffidenza-tra-i-piu-giovani-lallarme-del-cesvot","status":"publish","type":"post","link":"https:\/\/www.intoscana.it\/it\/solitudine-e-diffidenza-tra-i-piu-giovani-lallarme-del-cesvot\/","title":{"rendered":"Solitudine e diffidenza tra i pi\u00f9 giovani, l\u2019allarme del Cesvot"},"content":{"rendered":"<p>Il volontariato si conferma un punto fermo della nostra regione e nemmeno le difficolt\u00e0 provocate dalla pandemia hanno intaccato la <strong>percezione di valore che la popolazione ha del volontariato in Toscana<\/strong>. Questo \u00e8 uno degli aspetti che emerge dalla ricerca \u201c<a href=\"https:\/\/www.cesvot.it\/sites\/default\/files\/type_comunicati\/allegati\/2deg_rapporto_su_opinione_pubblica_e_volontariato_in_toscana.pdf\" target=\"_blank\" rel=\"noopener\">Opinione pubblica e volontariato in Toscana<\/a>\u201d, condotta dal Cesvot &#8211; Centro Servizi Volontariato Toscana in collaborazione con Sociometrica, per il secondo anno consecutivo.<\/p>\n<h3>Il ruolo del volontariato<\/h3>\n<p>Il compito cruciale del volontariato \u00e8 <strong>quello di aiutare i pi\u00f9 bisognosi<\/strong>, questo il pensiero del 69,6% della popolazione toscana, in aumento rispetto allo scorso anno che era il 64,8%. Le categorie che meritano questa attenzione sono: al primo posto, con il 53,7% gli <strong>anziani non autosufficienti<\/strong>, con un aumento di oltre il 4% rispetto al 2020. La seconda categoria pi\u00f9 indicata \u00e8 quella <strong>dei poveri e indigenti<\/strong> che \u00e8 cresciuta di 12 punti rispetto allo scorso anno e si attesta al 44,6%. Al terzo posto le persone <strong>disabili<\/strong> con il 35,5% e al quarto le <strong>donne vittime di violenza domestica<\/strong>. Sotto il 10% le ultime tre categorie riportate nell\u2019indagine: senza fissa dimora, immigrati e dipendenze.<\/p>\n<p>Dalla ricerca emerge anche che per il 96,9% della popolazione il volontariato \u00e8 noto e riconosciuto con un giudizio molto favorevole (l\u201987,5%) o addirittura fondamentale (il 73%) per le attivit\u00e0 che svolge. Il giudizio \u00e8 estremamente positivo anche verso i volontari: il 79,9% ritiene che siano \u201c<strong>persone che fanno del bene agli altri e sono da ammirare<\/strong>\u201d. Il massimo apprezzamento si rileva fra le donne e nei giovani adulti con et\u00e0 compresa fra i 30 e i 54 anni. La minima, molto distanziata, fra i giovanissimi con et\u00e0 compresa fra i 18 e i 29 anni. Nonostante le difficolt\u00e0 pratiche del lockdown il numero di persone che ha fatto volontariato, rispetto allo scorso anno, \u00e8 rimasto sostanzialmente lo stesso ed equivale al <strong>16% della popolazione<\/strong>.<\/p>\n<p>Il Cesvot, che \u00e8 noto al 53,3% della popolazione toscana, ha anche indagato su quante persone siano disposte a fare volontariato in Toscana: \u201cSenz\u2019altro\u201d risponde il 32% degli intervistati, \u201coccasionalmente\u201d risponde il 42,7%.<\/p>\n<h3>L\u2019impatto della pandemia<\/h3>\n<p>Durante l\u2019emergenza Covid il nostro <strong>sistema sanitario<\/strong> \u00e8 stato al centro di molte attenzione e criticit\u00e0. Per questo agli intervistati \u00e8 stato chiesto se, alla luce della pandemia, sia migliore un modello fondato sui grandi ospedali o uno pi\u00f9 centrato sui presidi territoriali. Il <strong>38,6% dice di preferire una presenza pi\u00f9 capillare nel territorio<\/strong>. Si \u00e8 chiesto poi quale peso dovesse avere il Terzo settore nella sanit\u00e0 e l\u201986% degli intervistati ha dichiarato un ruolo fondamentale e\/o importante principalmente sulle seguenti attivit\u00e0: assistenza domiciliare 58,2%, trasporto sanitario 30%, consegna dei farmaci a domicilio 28%, attivit\u00e0 di supporto nelle maxi emergenze 18,9%.<\/p>\n<p>Un campanello di allarme viene fuori nella parte dedicata all\u2019impatto dell\u2019epidemia sulla psiche collettiva. Il 77% (oltre due abitanti su tre) dichiara di avvertire una <strong>crescita della solitudine<\/strong>, la maggior parte purtroppo sono i giovanissimi. Il 40,1% dichiara che \u00e8 <strong>cresciuta pi\u00f9 la diffidenza che la solidariet\u00e0<\/strong> (25,3%) e, anche in questo caso, sono i pi\u00f9 giovani a denunciare una crescita della diffidenza. Da segnalare anche l\u2019impatto che ha avuto sulla popolazione la chiusura dei circoli ricreativi a causa del Covid: per il 79% delle persone questi luoghi di aggregazione svolgono un ruolo importante e\/o fondamentale.<\/p>\n<p>\u201c<em>I dati confermano che la societ\u00e0 toscana \u00e8 matura e altruista <\/em>&#8211; ha dichiarato <strong>Federico Gelli<\/strong>, presidente di Cesvot <em>\u2013 che pratica solidariet\u00e0 e accetta la sfida di occuparsi dell\u2019interesse collettivo e di impegnarsi nel volontariato. E questo malgrado viviamo nel tempo di un\u2019epidemia che, con l\u2019obbligo del distanziamento sociale, ha colpito profondamente il mondo del Terzo settore. Non mancano, in questa indagine, aspetti che destano preoccupazione: per la prima volta si riscontra una crescita della diffidenza rispetto alla crescita della solidariet\u00e0 e una crescente sensazione di solitudine. Soprattutto fra i giovani. Sono segnali di malessere, da non trascurare. I luoghi del volontariato possono essere per i ragazzi palestre di vita, di incontri e di relazioni. Negli ultimi tre mesi grazie alla nostra campagna Passa all\u2019azione diventa volontario abbiamo aiutato a diventare nuovi volontari quasi 400 persone il 12% dei quali sono ragazzi sotto i 30 anni. Ancora pochi\u201d.<\/em><\/p>\n<p><em>\u201cCome dimostrato dai dati della ricerca presentata oggi al Cesvot, siamo in una fase in cui il Covid sta giocando un ruolo dirompente nella formazione e nella crescita dei nostri giovani \u2013 <\/em>ha spiegato il presidente della Regione Toscana<strong> Eugenio Giani<\/strong>.<em> \u2013 Ci\u00f2 non ci pu\u00f2 lasciare indifferenti. Questo senso di solitudine crescente \u00e8 il riflesso della mancanza di socialit\u00e0 dovuto alla pandemia. Il volontariato pu\u00f2 essere un grande antidoto: essere parte di un&#8217;associazione di volontariato diventa oggi il modo per colmare questo bisogno essenziale di relazioni. Attraverso le attivit\u00e0 di volontariato si esprime la realizzazione delle persone ed \u00e8 per questo che il ruolo delle associazioni resta fondamentale come dimostrato dall&#8217;indagine di Cesvot\u201d.<\/em><\/p>\n","protected":false},"excerpt":{"rendered":"<p>Gelli: \u201cSono segnali di malessere, da non trascurare. I luoghi del volontariato possono essere per i ragazzi palestre di vita, di incontri e di relazioni<em>\u201d<\/em><\/p>\n","protected":false},"author":507,"featured_media":166410,"comment_status":"open","ping_status":"open","sticky":false,"template":"","format":"standard","meta":{"_acf_changed":false,"footnotes":""},"categories":[494],"tags":[4538,418,416],"class_list":["post-166408","post","type-post","status-publish","format-standard","has-post-thumbnail","hentry","category-attualita","tag-cesvot","tag-covid-19","tag-volontariato"],"acf":[],"yoast_head":"<!-- This site is optimized with the Yoast SEO Premium plugin v24.2 (Yoast SEO v25.6) - https:\/\/yoast.com\/wordpress\/plugins\/seo\/ -->\n<title>Solitudine e diffidenza tra i pi\u00f9 giovani, l\u2019allarme del Cesvot - intoscana<\/title>\n<meta name=\"description\" content=\"Per il secondo anno consecutivo il Cesvot ha pubblicato una indagine sull&#039;opinione pubblica e il volontariato\" \/>\n<meta name=\"robots\" content=\"index, follow, max-snippet:-1, max-image-preview:large, max-video-preview:-1\" \/>\n<link rel=\"canonical\" href=\"https:\/\/www.intoscana.it\/it\/solitudine-e-diffidenza-tra-i-piu-giovani-lallarme-del-cesvot\/\" \/>\n<meta property=\"og:locale\" content=\"it_IT\" \/>\n<meta property=\"og:type\" content=\"article\" \/>\n<meta property=\"og:title\" content=\"Solitudine e diffidenza tra i pi\u00f9 giovani, l\u2019allarme del Cesvot\" \/>\n<meta property=\"og:description\" content=\"Per il secondo anno consecutivo il Cesvot ha pubblicato una indagine sull&#039;opinione pubblica e il volontariato\" \/>\n<meta property=\"og:url\" content=\"https:\/\/www.intoscana.it\/it\/solitudine-e-diffidenza-tra-i-piu-giovani-lallarme-del-cesvot\/\" \/>\n<meta property=\"og:site_name\" content=\"intoscana\" \/>\n<meta property=\"article:publisher\" content=\"https:\/\/www.facebook.com\/intoscana.it\" \/>\n<meta property=\"article:published_time\" content=\"2021-02-04T15:20:21+00:00\" \/>\n<meta property=\"article:modified_time\" content=\"2021-02-05T09:57:11+00:00\" \/>\n<meta property=\"og:image\" content=\"https:\/\/www.intoscana.it\/wp-content\/uploads\/shutterstock_1742726750-Grande.jpg\" \/>\n\t<meta property=\"og:image:width\" content=\"1620\" \/>\n\t<meta property=\"og:image:height\" content=\"1080\" \/>\n\t<meta property=\"og:image:type\" content=\"image\/jpeg\" \/>\n<meta name=\"author\" content=\"Chiara Bianchini\" \/>\n<meta name=\"twitter:card\" content=\"summary_large_image\" \/>\n<meta name=\"twitter:creator\" content=\"@intoscana\" \/>\n<meta name=\"twitter:site\" content=\"@intoscana\" \/>\n<meta name=\"twitter:label1\" content=\"Written by\" \/>\n\t<meta name=\"twitter:data1\" content=\"Chiara Bianchini\" \/>\n\t<meta name=\"twitter:label2\" content=\"Est. reading time\" \/>\n\t<meta name=\"twitter:data2\" content=\"4 minuti\" \/>\n<script type=\"application\/ld+json\" class=\"yoast-schema-graph\">{\"@context\":\"https:\/\/schema.org\",\"@graph\":[{\"@type\":\"WebPage\",\"@id\":\"https:\/\/www.intoscana.it\/it\/solitudine-e-diffidenza-tra-i-piu-giovani-lallarme-del-cesvot\/\",\"url\":\"https:\/\/www.intoscana.it\/it\/solitudine-e-diffidenza-tra-i-piu-giovani-lallarme-del-cesvot\/\",\"name\":\"Solitudine e diffidenza tra i pi\u00f9 giovani, l\u2019allarme del Cesvot - intoscana\",\"isPartOf\":{\"@id\":\"https:\/\/www.intoscana.it\/it\/#website\"},\"primaryImageOfPage\":{\"@id\":\"https:\/\/www.intoscana.it\/it\/solitudine-e-diffidenza-tra-i-piu-giovani-lallarme-del-cesvot\/#primaryimage\"},\"image\":{\"@id\":\"https:\/\/www.intoscana.it\/it\/solitudine-e-diffidenza-tra-i-piu-giovani-lallarme-del-cesvot\/#primaryimage\"},\"thumbnailUrl\":\"https:\/\/www.intoscana.it\/wp-content\/uploads\/shutterstock_1742726750-Grande.jpg\",\"datePublished\":\"2021-02-04T15:20:21+00:00\",\"dateModified\":\"2021-02-05T09:57:11+00:00\",\"author\":{\"@id\":\"https:\/\/www.intoscana.it\/it\/#\/schema\/person\/010af92117f50561886339ad5b873a41\"},\"description\":\"Per il secondo anno consecutivo il Cesvot ha pubblicato una indagine sull'opinione pubblica e il volontariato\",\"breadcrumb\":{\"@id\":\"https:\/\/www.intoscana.it\/it\/solitudine-e-diffidenza-tra-i-piu-giovani-lallarme-del-cesvot\/#breadcrumb\"},\"inLanguage\":\"it-IT\",\"potentialAction\":[{\"@type\":\"ReadAction\",\"target\":[\"https:\/\/www.intoscana.it\/it\/solitudine-e-diffidenza-tra-i-piu-giovani-lallarme-del-cesvot\/\"]}]},{\"@type\":\"ImageObject\",\"inLanguage\":\"it-IT\",\"@id\":\"https:\/\/www.intoscana.it\/it\/solitudine-e-diffidenza-tra-i-piu-giovani-lallarme-del-cesvot\/#primaryimage\",\"url\":\"https:\/\/www.intoscana.it\/wp-content\/uploads\/shutterstock_1742726750-Grande.jpg\",\"contentUrl\":\"https:\/\/www.intoscana.it\/wp-content\/uploads\/shutterstock_1742726750-Grande.jpg\",\"width\":1620,\"height\":1080},{\"@type\":\"BreadcrumbList\",\"@id\":\"https:\/\/www.intoscana.it\/it\/solitudine-e-diffidenza-tra-i-piu-giovani-lallarme-del-cesvot\/#breadcrumb\",\"itemListElement\":[{\"@type\":\"ListItem\",\"position\":1,\"name\":\"Home\",\"item\":\"https:\/\/www.intoscana.it\/it\/\"},{\"@type\":\"ListItem\",\"position\":2,\"name\":\"Solitudine e diffidenza tra i pi\u00f9 giovani, l\u2019allarme del Cesvot\"}]},{\"@type\":\"WebSite\",\"@id\":\"https:\/\/www.intoscana.it\/it\/#website\",\"url\":\"https:\/\/www.intoscana.it\/it\/\",\"name\":\"intoscana\",\"description\":\"\",\"potentialAction\":[{\"@type\":\"SearchAction\",\"target\":{\"@type\":\"EntryPoint\",\"urlTemplate\":\"https:\/\/www.intoscana.it\/it\/?s={search_term_string}\"},\"query-input\":{\"@type\":\"PropertyValueSpecification\",\"valueRequired\":true,\"valueName\":\"search_term_string\"}}],\"inLanguage\":\"it-IT\"},{\"@type\":\"Person\",\"@id\":\"https:\/\/www.intoscana.it\/it\/#\/schema\/person\/010af92117f50561886339ad5b873a41\",\"name\":\"Chiara Bianchini\",\"sameAs\":[\"c.bianchini@fst.it\"],\"url\":\"https:\/\/www.intoscana.it\/it\/author\/chiara-bianchini\/\"}]}<\/script>\n<!-- \/ Yoast SEO Premium plugin. -->","yoast_head_json":{"title":"Solitudine e diffidenza tra i pi\u00f9 giovani, l\u2019allarme del Cesvot - intoscana","description":"Per il secondo anno consecutivo il Cesvot ha pubblicato una indagine sull'opinione pubblica e il volontariato","robots":{"index":"index","follow":"follow","max-snippet":"max-snippet:-1","max-image-preview":"max-image-preview:large","max-video-preview":"max-video-preview:-1"},"canonical":"https:\/\/www.intoscana.it\/it\/solitudine-e-diffidenza-tra-i-piu-giovani-lallarme-del-cesvot\/","og_locale":"it_IT","og_type":"article","og_title":"Solitudine e diffidenza tra i pi\u00f9 giovani, l\u2019allarme del Cesvot","og_description":"Per il secondo anno consecutivo il Cesvot ha pubblicato una indagine sull'opinione pubblica e il volontariato","og_url":"https:\/\/www.intoscana.it\/it\/solitudine-e-diffidenza-tra-i-piu-giovani-lallarme-del-cesvot\/","og_site_name":"intoscana","article_publisher":"https:\/\/www.facebook.com\/intoscana.it","article_published_time":"2021-02-04T15:20:21+00:00","article_modified_time":"2021-02-05T09:57:11+00:00","og_image":[{"width":1620,"height":1080,"url":"https:\/\/www.intoscana.it\/wp-content\/uploads\/shutterstock_1742726750-Grande.jpg","type":"image\/jpeg"}],"author":"Chiara Bianchini","twitter_card":"summary_large_image","twitter_creator":"@intoscana","twitter_site":"@intoscana","twitter_misc":{"Written by":"Chiara Bianchini","Est. reading time":"4 minuti"},"schema":{"@context":"https:\/\/schema.org","@graph":[{"@type":"WebPage","@id":"https:\/\/www.intoscana.it\/it\/solitudine-e-diffidenza-tra-i-piu-giovani-lallarme-del-cesvot\/","url":"https:\/\/www.intoscana.it\/it\/solitudine-e-diffidenza-tra-i-piu-giovani-lallarme-del-cesvot\/","name":"Solitudine e diffidenza tra i pi\u00f9 giovani, l\u2019allarme del Cesvot - intoscana","isPartOf":{"@id":"https:\/\/www.intoscana.it\/it\/#website"},"primaryImageOfPage":{"@id":"https:\/\/www.intoscana.it\/it\/solitudine-e-diffidenza-tra-i-piu-giovani-lallarme-del-cesvot\/#primaryimage"},"image":{"@id":"https:\/\/www.intoscana.it\/it\/solitudine-e-diffidenza-tra-i-piu-giovani-lallarme-del-cesvot\/#primaryimage"},"thumbnailUrl":"https:\/\/www.intoscana.it\/wp-content\/uploads\/shutterstock_1742726750-Grande.jpg","datePublished":"2021-02-04T15:20:21+00:00","dateModified":"2021-02-05T09:57:11+00:00","author":{"@id":"https:\/\/www.intoscana.it\/it\/#\/schema\/person\/010af92117f50561886339ad5b873a41"},"description":"Per il secondo anno consecutivo il Cesvot ha pubblicato una indagine sull'opinione pubblica e il volontariato","breadcrumb":{"@id":"https:\/\/www.intoscana.it\/it\/solitudine-e-diffidenza-tra-i-piu-giovani-lallarme-del-cesvot\/#breadcrumb"},"inLanguage":"it-IT","potentialAction":[{"@type":"ReadAction","target":["https:\/\/www.intoscana.it\/it\/solitudine-e-diffidenza-tra-i-piu-giovani-lallarme-del-cesvot\/"]}]},{"@type":"ImageObject","inLanguage":"it-IT","@id":"https:\/\/www.intoscana.it\/it\/solitudine-e-diffidenza-tra-i-piu-giovani-lallarme-del-cesvot\/#primaryimage","url":"https:\/\/www.intoscana.it\/wp-content\/uploads\/shutterstock_1742726750-Grande.jpg","contentUrl":"https:\/\/www.intoscana.it\/wp-content\/uploads\/shutterstock_1742726750-Grande.jpg","width":1620,"height":1080},{"@type":"BreadcrumbList","@id":"https:\/\/www.intoscana.it\/it\/solitudine-e-diffidenza-tra-i-piu-giovani-lallarme-del-cesvot\/#breadcrumb","itemListElement":[{"@type":"ListItem","position":1,"name":"Home","item":"https:\/\/www.intoscana.it\/it\/"},{"@type":"ListItem","position":2,"name":"Solitudine e diffidenza tra i pi\u00f9 giovani, l\u2019allarme del Cesvot"}]},{"@type":"WebSite","@id":"https:\/\/www.intoscana.it\/it\/#website","url":"https:\/\/www.intoscana.it\/it\/","name":"intoscana","description":"","potentialAction":[{"@type":"SearchAction","target":{"@type":"EntryPoint","urlTemplate":"https:\/\/www.intoscana.it\/it\/?s={search_term_string}"},"query-input":{"@type":"PropertyValueSpecification","valueRequired":true,"valueName":"search_term_string"}}],"inLanguage":"it-IT"},{"@type":"Person","@id":"https:\/\/www.intoscana.it\/it\/#\/schema\/person\/010af92117f50561886339ad5b873a41","name":"Chiara Bianchini","sameAs":["c.bianchini@fst.it"],"url":"https:\/\/www.intoscana.it\/it\/author\/chiara-bianchini\/"}]}},"_links":{"self":[{"href":"https:\/\/www.intoscana.it\/it\/wp-json\/wp\/v2\/posts\/166408","targetHints":{"allow":["GET"]}}],"collection":[{"href":"https:\/\/www.intoscana.it\/it\/wp-json\/wp\/v2\/posts"}],"about":[{"href":"https:\/\/www.intoscana.it\/it\/wp-json\/wp\/v2\/types\/post"}],"author":[{"embeddable":true,"href":"https:\/\/www.intoscana.it\/it\/wp-json\/wp\/v2\/users\/507"}],"replies":[{"embeddable":true,"href":"https:\/\/www.intoscana.it\/it\/wp-json\/wp\/v2\/comments?post=166408"}],"version-history":[{"count":0,"href":"https:\/\/www.intoscana.it\/it\/wp-json\/wp\/v2\/posts\/166408\/revisions"}],"wp:featuredmedia":[{"embeddable":true,"href":"https:\/\/www.intoscana.it\/it\/wp-json\/wp\/v2\/media\/166410"}],"wp:attachment":[{"href":"https:\/\/www.intoscana.it\/it\/wp-json\/wp\/v2\/media?parent=166408"}],"wp:term":[{"taxonomy":"category","embeddable":true,"href":"https:\/\/www.intoscana.it\/it\/wp-json\/wp\/v2\/categories?post=166408"},{"taxonomy":"post_tag","embeddable":true,"href":"https:\/\/www.intoscana.it\/it\/wp-json\/wp\/v2\/tags?post=166408"}],"curies":[{"name":"wp","href":"https:\/\/api.w.org\/{rel}","templated":true}]}}