{"id":166557,"date":"2021-02-05T16:01:16","date_gmt":"2021-02-05T15:01:16","guid":{"rendered":"https:\/\/www.intoscana.it\/it\/?p=166557"},"modified":"2021-02-05T16:09:37","modified_gmt":"2021-02-05T15:09:37","slug":"torneresti-su-un-aereo-si-ma-solo-se-in-sicurezza","status":"publish","type":"post","link":"https:\/\/www.intoscana.it\/it\/torneresti-su-un-aereo-si-ma-solo-se-in-sicurezza\/","title":{"rendered":"Torneresti su un aereo? &#8220;Si, ma solo se in sicurezza&#8221;. La nostra indagine"},"content":{"rendered":"<p><strong>La voglia di tornare a bordo di un aereo \u00e8 tanta, il coro \u00e8 unanime.<\/strong><\/p>\n<p><mark>Tutti coloro che hanno risposto al nostro sondaggio \u201cQuanto ti manca viaggiare?\u201d hanno espresso il grande desiderio di riprendere a viaggiare il prima possibile con destinazione \u201cnormalit\u00e0\u201d<\/mark>. Perch\u00e9 di questo si parla, la possibilit\u00e0 di tornare a viaggiare \u00e8 ci\u00f2 che pi\u00f9 si avvicina alla riconquista di quella normalit\u00e0 non pi\u00f9 cos\u00ec scontata.<\/p>\n<p>Il 2020 \u00e8 stato l\u2019anno delle privazioni, l\u2019anno in cui siamo tornati a parlare di \u201cconfini\u201d, l\u2019anno in cui \u201cle mete per le vacanze\u201d sono uscite dai trend di ricerca su Google.\u00a0 <mark>Gli italiani sono passati dal chiedersi come fare la valigia e il passaporto (rispettivamente al terzo e al quinto posto tra gli argomenti di tendenza su Google nel 2019) ad interrogarsi sul pane fatto in casa, sul lievito di birra e <a href=\"https:\/\/trends.google.it\/trends\/yis\/2020\/IT\/\">sulla pizza<\/a> <\/mark>.<\/p>\n<p>Abbiamo lasciato le guide di viaggi a prendere polvere in libreria, dentro c\u2019\u00e8 il canto delle sirene per i tanti Ulisse scalpitanti di tornare ad avere a che fare con check-in, valige, ritardi, metal detector per poi godersi quel momento in cui la poltrona trema, l\u2019aereo si inclina, la testa si svuota in attesa che la leggerezza delle nuvole la pervada.<\/p>\n<p>I viaggi sono stati<strong> i grandi assenti <\/strong>nell&#8217;ultimo anno della nostra vita, almeno da quando sono subentrate le restrizioni per l\u2019emergenza sanitaria. <strong>Non per tutti a dire il vero<\/strong>, qualcuno non ha comunque rinunciato ad abbeverare la propria sete di scoperta: il 40% degli intervistati che hanno risposto al nostro sondaggio ha dichiarato di aver fatto almeno un viaggio per turismo nei mesi successivi all&#8217;emergenza da Covid. Non tutti per\u00f2 sono pronti a ripartire. <strong>La percentuale di coloro che hanno viaggi di piacere in programma nel 2021 \u00e8 molto bassa, addirittura inferiore a quella di chi ha viaggiato nel 2020 per turismo.<\/strong><br \/>\nE questo \u00e8 un dato da non sottovalutare. Che la paura e il timore per la situazione in continua evoluzione abbia piegato anche gli animi pi\u00f9 intrepidi?<\/p>\n<p><strong>Il desiderio c\u2019\u00e8, ma manca la tranquillit\u00e0 per tornare a volare.<\/strong><\/p>\n<p>La maggior parte dei nostri intervistati non si sentirebbe sicuro a viaggiare in questo momento, in parte a causa delle incertezze sulle modalit\u00e0 della ripartenza del traffico aereo. <mark>Accanto ad una diffusa serenit\u00e0 circa le misure adottate,\u00a0 di indicazioni condivise e mondiali e le molte incognite sul piano vaccinazioni, oltre alla restrizioni introdotte dai singoli Stati, sembrano alimentare la reticenza a prenotare un volo per la prossima estate <\/mark><\/p>\n<p>Dalle risposte alla nostra indagine emerge chiaramente: <strong>anche coloro che hanno dichiarato che non si sentirebbero tranquilli a prendere un aeree cambierebbero idea tuttavia se ci fosse il via libera da parte delle autorit\u00e0 sanitarie come l\u2019Istituto Superiore di Sanit\u00e0<\/strong> o se sperimentazione come i<strong> voli Covid free<\/strong> o i<strong> passaporti sanitari<\/strong> diventassero standard validi in tutti i Continenti soprattutto se ci\u00f2 comportasse di <strong>evitarsi la quarantena obbligatoria all\u2019arrivo<\/strong>.<\/p>\n<p><span class=\"citazione\">Il 50% dei nostri intervistati \u00e8 favorevole a rendere obbligatori i test antigenici rapidi o i test molecolari all&#8217;imbarco e all&#8217;atterraggio <\/span><\/p>\n<p>A tal proposito \u00e8 pienamente d\u2019accordo a rendere obbligatori test antigenici rapidi o molecolari all&#8217;imbarco e all&#8217;atterraggio per evitare la quarantena a destinazione il 50% dei nostri intervistati, il 40% \u00e8 abbastanza d\u2019accordo.<\/p>\n<p><strong>Sul passaporto sanitario le opinioni sono pi\u00f9 eterogenee<\/strong>: per qualcuno sarebbero fondamentali a patto che siano introdotte garanzie sulla sicurezza digitale, per altri non sarebbero comunque una sicurezza per la salute, altri invece sono <strong>scettici sull\u2019obbligatoriet\u00e0 del vaccino<\/strong>. In generale per\u00f2 <strong>l\u2019opinione dominante \u00e8 che la ripartenza del settore aereo sia legata a doppio filo con le decisioni che saranno prese, a piani pi\u00f9 alti, sui voli Covid free (<a href=\"https:\/\/www.intoscana.it\/it\/articolo\/voli-covid-tested-una-speranza-per-la-ripresa-dei-viaggi-nel-2021\/\">la cui sperimentazione \u00e8 in scadenza a giorni<\/a>) e sui passaporti sanitari.<\/strong><\/p>\n<p>Strada, tra l\u2019altro, che auspicano le stesse compagnie per risollevarsi da un anno nero, un anno con tanti zeri in meno in termini di entrate e di passeggeri.<\/p>\n<p><img loading=\"lazy\" decoding=\"async\" class=\"alignleft\" src=\"https:\/\/www.intoscana.it\/wp-content\/uploads\/toscana-aeroporti.jpg\" alt=\"\" width=\"300\" height=\"300\" \/><\/p>\n<p><strong>Toscana Aeroporti<\/strong>, ad esempio, per quanto riguarda gli scali di Pisa e Firenze <strong>ha registrato un calo del 76%dei viaggiatori rispetto al 2019<\/strong> (1.984.552 per l\u2019esattezza nel 2020) a causa ovviamente agli effetti della crisi sanitaria. Dopo un primo bimestre positivo, da marzo a maggio il traffico si \u00e8 quasi azzerato e le aperture estive sono state poca cosa, non sufficienti per parlare di ripresa.<\/p>\n<p><span class=\"citazione\"> Nel 2020 <a href=\"https:\/\/www.aeroporto.firenze.it\/it\/i-passeggeri\/news\/1319-toscana-aeroporti-nel-2020-trasportati-2-milioni-di-passeggeri.html\">Toscana Aeroporti<\/a> ha segnato un calo del 76% di passeggeri rispetto all&#8217;anno precedente <\/span><\/p>\n<p>Nello specifico, <strong>nel 2020 il traffico dell\u2019aeroporto di Pisa ha raggiunto 1,31 milioni di passeggeri<\/strong> (-75,6% rispetto al 2019), pi\u00f9 drastica la riduzione che ha interessato lo scalo di Firenze, scalo a vocazione pi\u00f9 internazionale, che nel 2020 ha accolto 669mila persone: &#8211; 76,7% rispetto al 2019.<\/p>\n","protected":false},"excerpt":{"rendered":"<p>Tra i nostri intervistati la voglia di tornare a viaggiare in aereo \u00e8 tanta ma prevale l&#8217;incertezza, c&#8217;\u00e8 anche grande fiducia nelle sperimentazioni in corso e nel passaporto sanitario. Speranze condivise anche dalle compagnie aeree e dai gestori aeroportuali: Toscana Aeroporti chiude il 2020 con un -76% di passeggeri rispetto al 2019<\/p>\n","protected":false},"author":503,"featured_media":166560,"comment_status":"open","ping_status":"open","sticky":false,"template":"","format":"standard","meta":{"_acf_changed":false,"footnotes":""},"categories":[6],"tags":[5075,4779,202,1577,5458,143,262],"class_list":["post-166557","post","type-post","status-publish","format-standard","has-post-thumbnail","hentry","category-viaggi","tag-aeroporto","tag-anti-covid","tag-firenze","tag-muoversi-in-toscana","tag-toscana-aeroporti","tag-turismo","tag-viaggiare"],"acf":[],"yoast_head":"<!-- This site is optimized with the Yoast SEO Premium plugin v24.2 (Yoast SEO v25.6) - https:\/\/yoast.com\/wordpress\/plugins\/seo\/ -->\n<title>Torneresti su un aereo? &quot;Si, ma solo se in sicurezza&quot;. La nostra indagine - intoscana<\/title>\n<meta name=\"description\" content=\"Tanta la voglia di tornare a viaggiare in aereo ma resta la paura. Si punta sul passaporto sanitario. E tu cosa ne pensi? Ti manca viaggiare?\" \/>\n<meta name=\"robots\" content=\"index, follow, max-snippet:-1, max-image-preview:large, max-video-preview:-1\" \/>\n<link rel=\"canonical\" href=\"https:\/\/www.intoscana.it\/it\/torneresti-su-un-aereo-si-ma-solo-se-in-sicurezza\/\" \/>\n<meta property=\"og:locale\" content=\"it_IT\" \/>\n<meta property=\"og:type\" content=\"article\" \/>\n<meta property=\"og:title\" content=\"Torneresti su un aereo? &quot;Si, ma solo se in sicurezza&quot;. La nostra indagine\" \/>\n<meta property=\"og:description\" content=\"Tanta la voglia di tornare a viaggiare in aereo ma resta la paura. Si punta sul passaporto sanitario. E tu cosa ne pensi? Ti manca viaggiare?\" \/>\n<meta property=\"og:url\" content=\"https:\/\/www.intoscana.it\/it\/torneresti-su-un-aereo-si-ma-solo-se-in-sicurezza\/\" \/>\n<meta property=\"og:site_name\" content=\"intoscana\" \/>\n<meta property=\"article:publisher\" content=\"https:\/\/www.facebook.com\/intoscana.it\" \/>\n<meta property=\"article:published_time\" content=\"2021-02-05T15:01:16+00:00\" \/>\n<meta property=\"article:modified_time\" content=\"2021-02-05T15:09:37+00:00\" \/>\n<meta property=\"og:image\" content=\"https:\/\/www.intoscana.it\/wp-content\/uploads\/Persona-aeroporto-con-mascheria-scaled.jpg\" \/>\n\t<meta property=\"og:image:width\" content=\"2048\" \/>\n\t<meta property=\"og:image:height\" content=\"1366\" \/>\n\t<meta property=\"og:image:type\" content=\"image\/jpeg\" \/>\n<meta name=\"author\" content=\"Giulia Rafanelli\" \/>\n<meta name=\"twitter:card\" content=\"summary_large_image\" \/>\n<meta name=\"twitter:creator\" content=\"@intoscana\" \/>\n<meta name=\"twitter:site\" content=\"@intoscana\" \/>\n<meta name=\"twitter:label1\" content=\"Written by\" \/>\n\t<meta name=\"twitter:data1\" content=\"Giulia Rafanelli\" \/>\n\t<meta name=\"twitter:label2\" content=\"Est. reading time\" \/>\n\t<meta name=\"twitter:data2\" content=\"4 minuti\" \/>\n<script type=\"application\/ld+json\" class=\"yoast-schema-graph\">{\"@context\":\"https:\/\/schema.org\",\"@graph\":[{\"@type\":\"WebPage\",\"@id\":\"https:\/\/www.intoscana.it\/it\/torneresti-su-un-aereo-si-ma-solo-se-in-sicurezza\/\",\"url\":\"https:\/\/www.intoscana.it\/it\/torneresti-su-un-aereo-si-ma-solo-se-in-sicurezza\/\",\"name\":\"Torneresti su un aereo? \\\"Si, ma solo se in sicurezza\\\". La nostra indagine - intoscana\",\"isPartOf\":{\"@id\":\"https:\/\/www.intoscana.it\/it\/#website\"},\"primaryImageOfPage\":{\"@id\":\"https:\/\/www.intoscana.it\/it\/torneresti-su-un-aereo-si-ma-solo-se-in-sicurezza\/#primaryimage\"},\"image\":{\"@id\":\"https:\/\/www.intoscana.it\/it\/torneresti-su-un-aereo-si-ma-solo-se-in-sicurezza\/#primaryimage\"},\"thumbnailUrl\":\"https:\/\/www.intoscana.it\/wp-content\/uploads\/Persona-aeroporto-con-mascheria-scaled.jpg\",\"datePublished\":\"2021-02-05T15:01:16+00:00\",\"dateModified\":\"2021-02-05T15:09:37+00:00\",\"author\":{\"@id\":\"https:\/\/www.intoscana.it\/it\/#\/schema\/person\/333569b367b301e30262defcea56c939\"},\"description\":\"Tanta la voglia di tornare a viaggiare in aereo ma resta la paura. Si punta sul passaporto sanitario. E tu cosa ne pensi? Ti manca viaggiare?\",\"breadcrumb\":{\"@id\":\"https:\/\/www.intoscana.it\/it\/torneresti-su-un-aereo-si-ma-solo-se-in-sicurezza\/#breadcrumb\"},\"inLanguage\":\"it-IT\",\"potentialAction\":[{\"@type\":\"ReadAction\",\"target\":[\"https:\/\/www.intoscana.it\/it\/torneresti-su-un-aereo-si-ma-solo-se-in-sicurezza\/\"]}]},{\"@type\":\"ImageObject\",\"inLanguage\":\"it-IT\",\"@id\":\"https:\/\/www.intoscana.it\/it\/torneresti-su-un-aereo-si-ma-solo-se-in-sicurezza\/#primaryimage\",\"url\":\"https:\/\/www.intoscana.it\/wp-content\/uploads\/Persona-aeroporto-con-mascheria-scaled.jpg\",\"contentUrl\":\"https:\/\/www.intoscana.it\/wp-content\/uploads\/Persona-aeroporto-con-mascheria-scaled.jpg\",\"width\":2048,\"height\":1366,\"caption\":\"Persona aeroporto con mascherina\"},{\"@type\":\"BreadcrumbList\",\"@id\":\"https:\/\/www.intoscana.it\/it\/torneresti-su-un-aereo-si-ma-solo-se-in-sicurezza\/#breadcrumb\",\"itemListElement\":[{\"@type\":\"ListItem\",\"position\":1,\"name\":\"Home\",\"item\":\"https:\/\/www.intoscana.it\/it\/\"},{\"@type\":\"ListItem\",\"position\":2,\"name\":\"Torneresti su un aereo? &#8220;Si, ma solo se in sicurezza&#8221;. La nostra indagine\"}]},{\"@type\":\"WebSite\",\"@id\":\"https:\/\/www.intoscana.it\/it\/#website\",\"url\":\"https:\/\/www.intoscana.it\/it\/\",\"name\":\"intoscana\",\"description\":\"\",\"potentialAction\":[{\"@type\":\"SearchAction\",\"target\":{\"@type\":\"EntryPoint\",\"urlTemplate\":\"https:\/\/www.intoscana.it\/it\/?s={search_term_string}\"},\"query-input\":{\"@type\":\"PropertyValueSpecification\",\"valueRequired\":true,\"valueName\":\"search_term_string\"}}],\"inLanguage\":\"it-IT\"},{\"@type\":\"Person\",\"@id\":\"https:\/\/www.intoscana.it\/it\/#\/schema\/person\/333569b367b301e30262defcea56c939\",\"name\":\"Giulia Rafanelli\",\"url\":\"https:\/\/www.intoscana.it\/it\/author\/giulia-rafanelli\/\"}]}<\/script>\n<!-- \/ Yoast SEO Premium plugin. -->","yoast_head_json":{"title":"Torneresti su un aereo? \"Si, ma solo se in sicurezza\". La nostra indagine - intoscana","description":"Tanta la voglia di tornare a viaggiare in aereo ma resta la paura. Si punta sul passaporto sanitario. E tu cosa ne pensi? Ti manca viaggiare?","robots":{"index":"index","follow":"follow","max-snippet":"max-snippet:-1","max-image-preview":"max-image-preview:large","max-video-preview":"max-video-preview:-1"},"canonical":"https:\/\/www.intoscana.it\/it\/torneresti-su-un-aereo-si-ma-solo-se-in-sicurezza\/","og_locale":"it_IT","og_type":"article","og_title":"Torneresti su un aereo? \"Si, ma solo se in sicurezza\". La nostra indagine","og_description":"Tanta la voglia di tornare a viaggiare in aereo ma resta la paura. Si punta sul passaporto sanitario. E tu cosa ne pensi? Ti manca viaggiare?","og_url":"https:\/\/www.intoscana.it\/it\/torneresti-su-un-aereo-si-ma-solo-se-in-sicurezza\/","og_site_name":"intoscana","article_publisher":"https:\/\/www.facebook.com\/intoscana.it","article_published_time":"2021-02-05T15:01:16+00:00","article_modified_time":"2021-02-05T15:09:37+00:00","og_image":[{"width":2048,"height":1366,"url":"https:\/\/www.intoscana.it\/wp-content\/uploads\/Persona-aeroporto-con-mascheria-scaled.jpg","type":"image\/jpeg"}],"author":"Giulia Rafanelli","twitter_card":"summary_large_image","twitter_creator":"@intoscana","twitter_site":"@intoscana","twitter_misc":{"Written by":"Giulia Rafanelli","Est. reading time":"4 minuti"},"schema":{"@context":"https:\/\/schema.org","@graph":[{"@type":"WebPage","@id":"https:\/\/www.intoscana.it\/it\/torneresti-su-un-aereo-si-ma-solo-se-in-sicurezza\/","url":"https:\/\/www.intoscana.it\/it\/torneresti-su-un-aereo-si-ma-solo-se-in-sicurezza\/","name":"Torneresti su un aereo? \"Si, ma solo se in sicurezza\". La nostra indagine - intoscana","isPartOf":{"@id":"https:\/\/www.intoscana.it\/it\/#website"},"primaryImageOfPage":{"@id":"https:\/\/www.intoscana.it\/it\/torneresti-su-un-aereo-si-ma-solo-se-in-sicurezza\/#primaryimage"},"image":{"@id":"https:\/\/www.intoscana.it\/it\/torneresti-su-un-aereo-si-ma-solo-se-in-sicurezza\/#primaryimage"},"thumbnailUrl":"https:\/\/www.intoscana.it\/wp-content\/uploads\/Persona-aeroporto-con-mascheria-scaled.jpg","datePublished":"2021-02-05T15:01:16+00:00","dateModified":"2021-02-05T15:09:37+00:00","author":{"@id":"https:\/\/www.intoscana.it\/it\/#\/schema\/person\/333569b367b301e30262defcea56c939"},"description":"Tanta la voglia di tornare a viaggiare in aereo ma resta la paura. Si punta sul passaporto sanitario. E tu cosa ne pensi? Ti manca viaggiare?","breadcrumb":{"@id":"https:\/\/www.intoscana.it\/it\/torneresti-su-un-aereo-si-ma-solo-se-in-sicurezza\/#breadcrumb"},"inLanguage":"it-IT","potentialAction":[{"@type":"ReadAction","target":["https:\/\/www.intoscana.it\/it\/torneresti-su-un-aereo-si-ma-solo-se-in-sicurezza\/"]}]},{"@type":"ImageObject","inLanguage":"it-IT","@id":"https:\/\/www.intoscana.it\/it\/torneresti-su-un-aereo-si-ma-solo-se-in-sicurezza\/#primaryimage","url":"https:\/\/www.intoscana.it\/wp-content\/uploads\/Persona-aeroporto-con-mascheria-scaled.jpg","contentUrl":"https:\/\/www.intoscana.it\/wp-content\/uploads\/Persona-aeroporto-con-mascheria-scaled.jpg","width":2048,"height":1366,"caption":"Persona aeroporto con mascherina"},{"@type":"BreadcrumbList","@id":"https:\/\/www.intoscana.it\/it\/torneresti-su-un-aereo-si-ma-solo-se-in-sicurezza\/#breadcrumb","itemListElement":[{"@type":"ListItem","position":1,"name":"Home","item":"https:\/\/www.intoscana.it\/it\/"},{"@type":"ListItem","position":2,"name":"Torneresti su un aereo? &#8220;Si, ma solo se in sicurezza&#8221;. La nostra indagine"}]},{"@type":"WebSite","@id":"https:\/\/www.intoscana.it\/it\/#website","url":"https:\/\/www.intoscana.it\/it\/","name":"intoscana","description":"","potentialAction":[{"@type":"SearchAction","target":{"@type":"EntryPoint","urlTemplate":"https:\/\/www.intoscana.it\/it\/?s={search_term_string}"},"query-input":{"@type":"PropertyValueSpecification","valueRequired":true,"valueName":"search_term_string"}}],"inLanguage":"it-IT"},{"@type":"Person","@id":"https:\/\/www.intoscana.it\/it\/#\/schema\/person\/333569b367b301e30262defcea56c939","name":"Giulia Rafanelli","url":"https:\/\/www.intoscana.it\/it\/author\/giulia-rafanelli\/"}]}},"_links":{"self":[{"href":"https:\/\/www.intoscana.it\/it\/wp-json\/wp\/v2\/posts\/166557","targetHints":{"allow":["GET"]}}],"collection":[{"href":"https:\/\/www.intoscana.it\/it\/wp-json\/wp\/v2\/posts"}],"about":[{"href":"https:\/\/www.intoscana.it\/it\/wp-json\/wp\/v2\/types\/post"}],"author":[{"embeddable":true,"href":"https:\/\/www.intoscana.it\/it\/wp-json\/wp\/v2\/users\/503"}],"replies":[{"embeddable":true,"href":"https:\/\/www.intoscana.it\/it\/wp-json\/wp\/v2\/comments?post=166557"}],"version-history":[{"count":0,"href":"https:\/\/www.intoscana.it\/it\/wp-json\/wp\/v2\/posts\/166557\/revisions"}],"wp:featuredmedia":[{"embeddable":true,"href":"https:\/\/www.intoscana.it\/it\/wp-json\/wp\/v2\/media\/166560"}],"wp:attachment":[{"href":"https:\/\/www.intoscana.it\/it\/wp-json\/wp\/v2\/media?parent=166557"}],"wp:term":[{"taxonomy":"category","embeddable":true,"href":"https:\/\/www.intoscana.it\/it\/wp-json\/wp\/v2\/categories?post=166557"},{"taxonomy":"post_tag","embeddable":true,"href":"https:\/\/www.intoscana.it\/it\/wp-json\/wp\/v2\/tags?post=166557"}],"curies":[{"name":"wp","href":"https:\/\/api.w.org\/{rel}","templated":true}]}}