{"id":167281,"date":"2021-02-12T11:04:52","date_gmt":"2021-02-12T10:04:52","guid":{"rendered":"https:\/\/www.intoscana.it\/it\/?p=167281"},"modified":"2021-02-12T11:05:31","modified_gmt":"2021-02-12T10:05:31","slug":"aziende-lucca-ricominciano-beni-confiscati-mafia","status":"publish","type":"post","link":"https:\/\/www.intoscana.it\/it\/aziende-lucca-ricominciano-beni-confiscati-mafia\/","title":{"rendered":"Le aziende di Lucca &#8220;ricominciano&#8221; all&#8217;interno dei beni confiscati alla mafia"},"content":{"rendered":"<p><mark>Tre appartamenti confiscati alla criminalit\u00e0 organizzata saranno assegnati temporaneamente ad altrettante imprese che li potranno utilizzare per migliorare la loro attivit\u00e0 in questo periodo di pandemia<\/mark>. L\u2019Agenzia nazionale per i beni sequestrati e confiscati alla criminalit\u00e0 organizzata (Anbsc) li ha assegnati alla Camera di commercio di Lucca, in comodato gratuito e in via temporanea, per le finalit\u00e0 connesse all\u2019emergenza Covid-19, in attuazione del protocollo d\u2019intesa stipulato nell\u2019agosto dello scorso anno con Unioncamere. <div class=\"focuson\"><a href=\"https:\/\/www.intoscana.it\/it\/articolo\/suvignano-cicale-legalita\/\"><img decoding=\"async\" class=\"lazy\" src=\"https:\/\/www.intoscana.it\/wp-content\/uploads\/7suvignano-tenuta-aperta-2020.jpg\" style=\"\">\n                <div class=\"cat\">Suvignano, dove anche le cicale cantano per la legalit\u00e0<\/div>\n                <h4>Agricoltura biologica, allevamento e ospitalit\u00e0 nella \u201ctenuta aperta\u201d <\/h4><\/a>\n              <\/div><\/p>\n<h3>Ricominciare (in tempo di Covid)<\/h3>\n<p>L&#8217;iniziativa rientra nell\u2019ambito del progetto <strong>&#8220;Spazi per ricominciare&#8221;<\/strong> dell&#8217;Anbsc per rendere fruibile &#8211; in modo semplice, veloce e diretto \u2013 un\u2019utile <mark>riserva logistica a cui tutte le pubbliche amministrazioni e il mondo delle imprese possano attingere per acquisire la disponibilit\u00e0, immediata e gratuita, di spazi aggiuntivi<\/mark>. Sia allo scopo di mantenere <strong>livelli pi\u00f9 sostenibili di lavoro in presenza<\/strong>, sia per supportare attivit\u00e0 di varia natura che restino ostacolate o rese pi\u00f9 complesse dall\u2019obbligo del distanziamento fisico.<\/p>\n<h3>La mappatura dei beni<\/h3>\n<p><span class=\"citazione\">&#8220;Per non lasciare inutilizzato l\u2019ingente patrimonio posseduto dalla criminalit\u00e0 organizzata, questa deve diventare consuetudine&#8221;<\/span><\/p>\n<p>Per quanto riguarda questa assegnazione, si tratta di tre appartamenti definitivamente confiscati nell\u2019ambito di un procedimento effettuato dal Tribunale di Milano. L\u2019assegnazione temporanea ad altrettante imprese individuate dalla Camera di Commercio di Lucca si inserisce nel <strong>percorso pi\u00f9 generale di cooperazione<\/strong> avviato con la Regione Toscana e destinato alla valorizzazione e al recupero dei beni sequestrati e confiscati alla criminalit\u00e0 organizzata. <mark>Sul territorio della provincia di Lucca risultano, ad oggi, altri <strong>15 beni confiscati<\/strong> definitivamente<\/mark>. La Prefettura di Lucca in questi giorni sta operando, attraverso il nucleo di supporto, per favorire una puntuale analisi dei beni confiscati e fornire indicazioni all\u2019Agenzia sulle possibilit\u00e0 di destinazione.<\/p>\n<h3>Il valore dell&#8217;economia &#8220;legale&#8221;<\/h3>\n<p><em>&#8220;Azioni come questa devono diventare consuetudine per non lasciare inutilizzato l\u2019ingente patrimonio posseduto dalla criminalit\u00e0 organizzata&#8221;<\/em> commenta l\u2019assessore alla legalit\u00e0 della Regione Toscana, <strong>Stefano Ciuoffo<\/strong>. <em>&#8220;Occorre \u2018restituirlo\u2019 alla collettivit\u00e0 creando, con un lavoro sinergico tra le diverse istituzioni, le condizioni affinch\u00e9 tali beni possano rispondere alle legittime istanze delle comunit\u00e0 locali coinvolte. \u00c8 un lavoro per il quale occorre tempo ed \u00e8 essenziale, innanzitutto, consolidare una comune visione tra i diversi attori in campo. Il rapporto con l\u2019Agenzia e le prefetture toscane \u00e8 il primo prezioso passo per questa sfida&#8221;<\/em>. Per il il Prefetto di Lucca, <strong>Francesco Esposito<\/strong>, l\u2019assegnazione dei tre beni sottratti alla criminalit\u00e0 organizzata a favore delle imprese <em>&#8220;\u00e8 un segnale importante con cui si consente di reimmettere il bene nel circuito dell\u2019economia legale in questo delicato momento in cui il tessuto economico produttivo fa i conti con la crisi&#8221;<\/em>.<\/p>\n","protected":false},"excerpt":{"rendered":"<p>Lavoro e legalit\u00e0, un binomio possibile. Per far fronte alla crisi e alle nuove esigenze nate durante la pandemia, a tre imprese di Lucca sono stati assegnati altrettanti beni nell\u2019ambito del progetto &#8220;Spazi per ricominciare&#8221;<\/p>\n","protected":false},"author":525,"featured_media":167286,"comment_status":"open","ping_status":"open","sticky":false,"template":"","format":"standard","meta":{"_acf_changed":false,"footnotes":""},"categories":[494],"tags":[418,267,3620,170,3622],"class_list":["post-167281","post","type-post","status-publish","format-standard","has-post-thumbnail","hentry","category-attualita","tag-covid-19","tag-imprese","tag-legalita","tag-lucca","tag-mafia"],"acf":[],"yoast_head":"<!-- This site is optimized with the Yoast SEO Premium plugin v24.2 (Yoast SEO v25.6) - https:\/\/yoast.com\/wordpress\/plugins\/seo\/ -->\n<title>Le aziende di Lucca &quot;ricominciano&quot; all&#039;interno dei beni confiscati alla mafia - intoscana<\/title>\n<meta name=\"description\" content=\"Lavoro e legalit\u00e0, un binomio possibile. Per far fronte alla crisi e alle nuove esigenze nate durante la pandemia, a tre imprese di Lucca sono stati assegnati altrettanti beni nell\u2019ambito del progetto &quot;Spazi per ricominciare&quot;\" \/>\n<meta name=\"robots\" content=\"index, follow, max-snippet:-1, max-image-preview:large, max-video-preview:-1\" \/>\n<link rel=\"canonical\" href=\"https:\/\/www.intoscana.it\/it\/aziende-lucca-ricominciano-beni-confiscati-mafia\/\" \/>\n<meta property=\"og:locale\" content=\"it_IT\" \/>\n<meta property=\"og:type\" content=\"article\" \/>\n<meta property=\"og:title\" content=\"Le aziende di Lucca &quot;ricominciano&quot; all&#039;interno dei beni confiscati alla mafia\" \/>\n<meta property=\"og:description\" content=\"Lavoro e legalit\u00e0, un binomio possibile. Per far fronte alla crisi e alle nuove esigenze nate durante la pandemia, a tre imprese di Lucca sono stati assegnati altrettanti beni nell\u2019ambito del progetto &quot;Spazi per ricominciare&quot;\" \/>\n<meta property=\"og:url\" content=\"https:\/\/www.intoscana.it\/it\/aziende-lucca-ricominciano-beni-confiscati-mafia\/\" \/>\n<meta property=\"og:site_name\" content=\"intoscana\" \/>\n<meta property=\"article:publisher\" content=\"https:\/\/www.facebook.com\/intoscana.it\" \/>\n<meta property=\"article:published_time\" content=\"2021-02-12T10:04:52+00:00\" \/>\n<meta property=\"article:modified_time\" content=\"2021-02-12T10:05:31+00:00\" \/>\n<meta property=\"og:image\" content=\"https:\/\/www.intoscana.it\/wp-content\/uploads\/Lucca-Daniele-Sansone-Unsplash.jpg\" \/>\n\t<meta property=\"og:image:width\" content=\"1920\" \/>\n\t<meta property=\"og:image:height\" content=\"968\" \/>\n\t<meta property=\"og:image:type\" content=\"image\/jpeg\" \/>\n<meta name=\"author\" content=\"Redazione\" \/>\n<meta name=\"twitter:card\" content=\"summary_large_image\" \/>\n<meta name=\"twitter:creator\" content=\"@intoscana\" \/>\n<meta name=\"twitter:site\" content=\"@intoscana\" \/>\n<meta name=\"twitter:label1\" content=\"Written by\" \/>\n\t<meta name=\"twitter:data1\" content=\"Redazione\" \/>\n\t<meta name=\"twitter:label2\" content=\"Est. reading time\" \/>\n\t<meta name=\"twitter:data2\" content=\"2 minuti\" \/>\n<script type=\"application\/ld+json\" class=\"yoast-schema-graph\">{\"@context\":\"https:\/\/schema.org\",\"@graph\":[{\"@type\":\"WebPage\",\"@id\":\"https:\/\/www.intoscana.it\/it\/aziende-lucca-ricominciano-beni-confiscati-mafia\/\",\"url\":\"https:\/\/www.intoscana.it\/it\/aziende-lucca-ricominciano-beni-confiscati-mafia\/\",\"name\":\"Le aziende di Lucca \\\"ricominciano\\\" all'interno dei beni confiscati alla mafia - intoscana\",\"isPartOf\":{\"@id\":\"https:\/\/www.intoscana.it\/it\/#website\"},\"primaryImageOfPage\":{\"@id\":\"https:\/\/www.intoscana.it\/it\/aziende-lucca-ricominciano-beni-confiscati-mafia\/#primaryimage\"},\"image\":{\"@id\":\"https:\/\/www.intoscana.it\/it\/aziende-lucca-ricominciano-beni-confiscati-mafia\/#primaryimage\"},\"thumbnailUrl\":\"https:\/\/www.intoscana.it\/wp-content\/uploads\/Lucca-Daniele-Sansone-Unsplash.jpg\",\"datePublished\":\"2021-02-12T10:04:52+00:00\",\"dateModified\":\"2021-02-12T10:05:31+00:00\",\"author\":{\"@id\":\"https:\/\/www.intoscana.it\/it\/#\/schema\/person\/9223810753230f20bd670fdd322661f8\"},\"description\":\"Lavoro e legalit\u00e0, un binomio possibile. Per far fronte alla crisi e alle nuove esigenze nate durante la pandemia, a tre imprese di Lucca sono stati assegnati altrettanti beni nell\u2019ambito del progetto \\\"Spazi per ricominciare\\\"\",\"breadcrumb\":{\"@id\":\"https:\/\/www.intoscana.it\/it\/aziende-lucca-ricominciano-beni-confiscati-mafia\/#breadcrumb\"},\"inLanguage\":\"it-IT\",\"potentialAction\":[{\"@type\":\"ReadAction\",\"target\":[\"https:\/\/www.intoscana.it\/it\/aziende-lucca-ricominciano-beni-confiscati-mafia\/\"]}]},{\"@type\":\"ImageObject\",\"inLanguage\":\"it-IT\",\"@id\":\"https:\/\/www.intoscana.it\/it\/aziende-lucca-ricominciano-beni-confiscati-mafia\/#primaryimage\",\"url\":\"https:\/\/www.intoscana.it\/wp-content\/uploads\/Lucca-Daniele-Sansone-Unsplash.jpg\",\"contentUrl\":\"https:\/\/www.intoscana.it\/wp-content\/uploads\/Lucca-Daniele-Sansone-Unsplash.jpg\",\"width\":1920,\"height\":968,\"caption\":\"Lucca\"},{\"@type\":\"BreadcrumbList\",\"@id\":\"https:\/\/www.intoscana.it\/it\/aziende-lucca-ricominciano-beni-confiscati-mafia\/#breadcrumb\",\"itemListElement\":[{\"@type\":\"ListItem\",\"position\":1,\"name\":\"Home\",\"item\":\"https:\/\/www.intoscana.it\/it\/\"},{\"@type\":\"ListItem\",\"position\":2,\"name\":\"Le aziende di Lucca &#8220;ricominciano&#8221; all&#8217;interno dei beni confiscati alla mafia\"}]},{\"@type\":\"WebSite\",\"@id\":\"https:\/\/www.intoscana.it\/it\/#website\",\"url\":\"https:\/\/www.intoscana.it\/it\/\",\"name\":\"intoscana\",\"description\":\"\",\"potentialAction\":[{\"@type\":\"SearchAction\",\"target\":{\"@type\":\"EntryPoint\",\"urlTemplate\":\"https:\/\/www.intoscana.it\/it\/?s={search_term_string}\"},\"query-input\":{\"@type\":\"PropertyValueSpecification\",\"valueRequired\":true,\"valueName\":\"search_term_string\"}}],\"inLanguage\":\"it-IT\"},{\"@type\":\"Person\",\"@id\":\"https:\/\/www.intoscana.it\/it\/#\/schema\/person\/9223810753230f20bd670fdd322661f8\",\"name\":\"Redazione\",\"url\":\"https:\/\/www.intoscana.it\/it\/author\/redazione\/\"}]}<\/script>\n<!-- \/ Yoast SEO Premium plugin. -->","yoast_head_json":{"title":"Le aziende di Lucca \"ricominciano\" all'interno dei beni confiscati alla mafia - intoscana","description":"Lavoro e legalit\u00e0, un binomio possibile. Per far fronte alla crisi e alle nuove esigenze nate durante la pandemia, a tre imprese di Lucca sono stati assegnati altrettanti beni nell\u2019ambito del progetto \"Spazi per ricominciare\"","robots":{"index":"index","follow":"follow","max-snippet":"max-snippet:-1","max-image-preview":"max-image-preview:large","max-video-preview":"max-video-preview:-1"},"canonical":"https:\/\/www.intoscana.it\/it\/aziende-lucca-ricominciano-beni-confiscati-mafia\/","og_locale":"it_IT","og_type":"article","og_title":"Le aziende di Lucca \"ricominciano\" all'interno dei beni confiscati alla mafia","og_description":"Lavoro e legalit\u00e0, un binomio possibile. Per far fronte alla crisi e alle nuove esigenze nate durante la pandemia, a tre imprese di Lucca sono stati assegnati altrettanti beni nell\u2019ambito del progetto \"Spazi per ricominciare\"","og_url":"https:\/\/www.intoscana.it\/it\/aziende-lucca-ricominciano-beni-confiscati-mafia\/","og_site_name":"intoscana","article_publisher":"https:\/\/www.facebook.com\/intoscana.it","article_published_time":"2021-02-12T10:04:52+00:00","article_modified_time":"2021-02-12T10:05:31+00:00","og_image":[{"width":1920,"height":968,"url":"https:\/\/www.intoscana.it\/wp-content\/uploads\/Lucca-Daniele-Sansone-Unsplash.jpg","type":"image\/jpeg"}],"author":"Redazione","twitter_card":"summary_large_image","twitter_creator":"@intoscana","twitter_site":"@intoscana","twitter_misc":{"Written by":"Redazione","Est. reading time":"2 minuti"},"schema":{"@context":"https:\/\/schema.org","@graph":[{"@type":"WebPage","@id":"https:\/\/www.intoscana.it\/it\/aziende-lucca-ricominciano-beni-confiscati-mafia\/","url":"https:\/\/www.intoscana.it\/it\/aziende-lucca-ricominciano-beni-confiscati-mafia\/","name":"Le aziende di Lucca \"ricominciano\" all'interno dei beni confiscati alla mafia - intoscana","isPartOf":{"@id":"https:\/\/www.intoscana.it\/it\/#website"},"primaryImageOfPage":{"@id":"https:\/\/www.intoscana.it\/it\/aziende-lucca-ricominciano-beni-confiscati-mafia\/#primaryimage"},"image":{"@id":"https:\/\/www.intoscana.it\/it\/aziende-lucca-ricominciano-beni-confiscati-mafia\/#primaryimage"},"thumbnailUrl":"https:\/\/www.intoscana.it\/wp-content\/uploads\/Lucca-Daniele-Sansone-Unsplash.jpg","datePublished":"2021-02-12T10:04:52+00:00","dateModified":"2021-02-12T10:05:31+00:00","author":{"@id":"https:\/\/www.intoscana.it\/it\/#\/schema\/person\/9223810753230f20bd670fdd322661f8"},"description":"Lavoro e legalit\u00e0, un binomio possibile. Per far fronte alla crisi e alle nuove esigenze nate durante la pandemia, a tre imprese di Lucca sono stati assegnati altrettanti beni nell\u2019ambito del progetto \"Spazi per ricominciare\"","breadcrumb":{"@id":"https:\/\/www.intoscana.it\/it\/aziende-lucca-ricominciano-beni-confiscati-mafia\/#breadcrumb"},"inLanguage":"it-IT","potentialAction":[{"@type":"ReadAction","target":["https:\/\/www.intoscana.it\/it\/aziende-lucca-ricominciano-beni-confiscati-mafia\/"]}]},{"@type":"ImageObject","inLanguage":"it-IT","@id":"https:\/\/www.intoscana.it\/it\/aziende-lucca-ricominciano-beni-confiscati-mafia\/#primaryimage","url":"https:\/\/www.intoscana.it\/wp-content\/uploads\/Lucca-Daniele-Sansone-Unsplash.jpg","contentUrl":"https:\/\/www.intoscana.it\/wp-content\/uploads\/Lucca-Daniele-Sansone-Unsplash.jpg","width":1920,"height":968,"caption":"Lucca"},{"@type":"BreadcrumbList","@id":"https:\/\/www.intoscana.it\/it\/aziende-lucca-ricominciano-beni-confiscati-mafia\/#breadcrumb","itemListElement":[{"@type":"ListItem","position":1,"name":"Home","item":"https:\/\/www.intoscana.it\/it\/"},{"@type":"ListItem","position":2,"name":"Le aziende di Lucca &#8220;ricominciano&#8221; all&#8217;interno dei beni confiscati alla mafia"}]},{"@type":"WebSite","@id":"https:\/\/www.intoscana.it\/it\/#website","url":"https:\/\/www.intoscana.it\/it\/","name":"intoscana","description":"","potentialAction":[{"@type":"SearchAction","target":{"@type":"EntryPoint","urlTemplate":"https:\/\/www.intoscana.it\/it\/?s={search_term_string}"},"query-input":{"@type":"PropertyValueSpecification","valueRequired":true,"valueName":"search_term_string"}}],"inLanguage":"it-IT"},{"@type":"Person","@id":"https:\/\/www.intoscana.it\/it\/#\/schema\/person\/9223810753230f20bd670fdd322661f8","name":"Redazione","url":"https:\/\/www.intoscana.it\/it\/author\/redazione\/"}]}},"_links":{"self":[{"href":"https:\/\/www.intoscana.it\/it\/wp-json\/wp\/v2\/posts\/167281","targetHints":{"allow":["GET"]}}],"collection":[{"href":"https:\/\/www.intoscana.it\/it\/wp-json\/wp\/v2\/posts"}],"about":[{"href":"https:\/\/www.intoscana.it\/it\/wp-json\/wp\/v2\/types\/post"}],"author":[{"embeddable":true,"href":"https:\/\/www.intoscana.it\/it\/wp-json\/wp\/v2\/users\/525"}],"replies":[{"embeddable":true,"href":"https:\/\/www.intoscana.it\/it\/wp-json\/wp\/v2\/comments?post=167281"}],"version-history":[{"count":0,"href":"https:\/\/www.intoscana.it\/it\/wp-json\/wp\/v2\/posts\/167281\/revisions"}],"wp:featuredmedia":[{"embeddable":true,"href":"https:\/\/www.intoscana.it\/it\/wp-json\/wp\/v2\/media\/167286"}],"wp:attachment":[{"href":"https:\/\/www.intoscana.it\/it\/wp-json\/wp\/v2\/media?parent=167281"}],"wp:term":[{"taxonomy":"category","embeddable":true,"href":"https:\/\/www.intoscana.it\/it\/wp-json\/wp\/v2\/categories?post=167281"},{"taxonomy":"post_tag","embeddable":true,"href":"https:\/\/www.intoscana.it\/it\/wp-json\/wp\/v2\/tags?post=167281"}],"curies":[{"name":"wp","href":"https:\/\/api.w.org\/{rel}","templated":true}]}}