{"id":168000,"date":"2021-02-19T11:41:23","date_gmt":"2021-02-19T10:41:23","guid":{"rendered":"https:\/\/www.intoscana.it\/it\/?p=168000"},"modified":"2021-02-23T12:06:29","modified_gmt":"2021-02-23T11:06:29","slug":"uffizi-una-mostra-virtuale-a-caccia-della-presenza-black-nei-capolavori-dellarte","status":"publish","type":"post","link":"https:\/\/www.intoscana.it\/it\/uffizi-una-mostra-virtuale-a-caccia-della-presenza-black-nei-capolavori-dellarte\/","title":{"rendered":"Uffizi, una mostra virtuale &#8220;a caccia&#8221; della presenza black nei capolavori dell&#8217;arte"},"content":{"rendered":"<p>In occasione del <strong>Black History Month Florence<\/strong>\u00a0il mese dedicato alla <strong>cultura afrodiscendente<\/strong> le gallerie degli <strong>Uffizi<\/strong> propongono<a href=\"https:\/\/www.uffizi.it\/en\/online-exhibitions\/on-being-present-2\" target=\"_blank\" rel=\"noopener\"> <strong>online il secondo capitolo di<\/strong> <strong><em>&#8220;On Being Present&#8221;<\/em><\/strong><\/a> serie di mostre virtuali curate da\u00a0<strong>Justin Randolph Thompson.\u00a0<\/strong>Attraverso le opere di <strong>Mantegna, D\u00fcrer, Gentileschi<\/strong> ed altri grandi maestri della storia dell\u2019arte va avanti <strong>il recupero della figura africana nelle collezioni del museo fiorentino.<\/strong><\/p>\n<figure id=\"post-168003 media-168003\" class=\"align-none\"><img decoding=\"async\" src=\"https:\/\/www.intoscana.it\/wp-content\/uploads\/Allegoria-dellAmerica_Baldassarre-Franceschini_Il-Volterrano.jpg\" alt=\"\" \/><\/figure>\n<div class=\"titleimg\"><em><strong>Allegoria dell\u2019America, Baldassarre Franceschini detto Il Volterrano<\/strong><\/em><\/div>\n<p>Protagoniste della mostra sono <strong>riproduzioni e dettagli ad alta definizione di dipinti e disegni realizzati tra Cinque e Seicento<\/strong>, raffiguranti <strong>personaggi black:<\/strong> come, appunto,<strong> il disegno di Mantegna Giuditta e l\u2019ancella con la testa di Oloferne,<\/strong> quello con cui <strong>D\u00fcrer<\/strong> tratteggia la giovane <strong>domestica Katerina, la tela David e Betsabea di Artemisia Gentileschi,<\/strong> ma anche il capolavoro appena ritrovato ed acquistato dagli Uffizi del pittore Bolognese <strong>Bartolomeo Passerotti, L\u2019enigma di Omero, l\u2019Adorazione dei Magi di Filippino Lippi, la Caccia del Persiano di Filippo Napoletano, l\u2019Allegoria dell\u2019America di Baldassarre Franceschini,<\/strong> l\u2019insolito e colorato <strong>Moro di Barbaria di Jacopo Ligozzi<\/strong>.<\/p>\n<figure id=\"post-168008 media-168008\" class=\"align-none\"><img decoding=\"async\" src=\"https:\/\/www.intoscana.it\/wp-content\/uploads\/Moro-di-Barbaria-con-giraffa_Jacopo-Ligozzi.jpg\" alt=\"\" \/><\/figure>\n<div class=\"titleimg\"><em><strong>Moro di Barbaria con giraffa, Jacopo Ligozzi<\/strong><\/em><\/div>\n<p><strong>Il direttore del<\/strong> <a href=\"https:\/\/www.intoscana.it\/it\/articolo\/il-black-history-month-a-firenze-un-nuovo-format-ostinato-per-ledizione-2021\/\" target=\"_blank\" rel=\"noopener\"><strong>Black History Month Florence<\/strong><\/a> <strong>Justin Randolph Thompson ha dichiarato:<\/strong> <em>\u201cLa seconda edizione della nostra iniziativa vuole essere un invito ad unirsi a questa cerchia di cui tutti dobbiamo sentirci parte, se l\u2019intenzione \u00e8 quella di parlare con onest\u00e0 del passato, comprendere ognuno quale sia il proprio ruolo ogni qualvolta si d\u00e0 voce alle opere d\u2019arte che ci circondano e apprezzare l\u2019assoluta eccezionalit\u00e0 ed unicit\u00e0 con la quale ogni individuo \u00e8 ed \u00e8 stato ricordato nell\u2019arte\u201d.<\/em><\/p>\n<p><strong>Il direttore delle Gallerie degli Uffizi Eike Schmidt:<\/strong> <em>&#8220;Continuiamo nel solco del grande successo della prima edizione di \u2018On Being Present\u2019 aggiungendo un secondo appuntamento che mostra i nostri dipinti in una luce inedita, diversa da quella tradizionale: una luce storica e allo stesso tempo sociale che ci permette finalmente di restituire voce a chi, per secoli, non \u00e8 stato ascoltato o non aveva nemmeno la possibilit\u00e0 di esprimersi&#8221;.<\/em><\/p>\n","protected":false},"excerpt":{"rendered":"<p>Il direttore Schmidt: \u201cMostriamo i dipinti in una luce inedita, storica e allo stesso tempo sociale, che ci permette di restituire voce a chi per secoli non \u00e8 stato ascoltato\u201d<\/p>\n","protected":false},"author":525,"featured_media":168002,"comment_status":"open","ping_status":"open","sticky":false,"template":"","format":"standard","meta":{"_acf_changed":false,"footnotes":""},"categories":[493],"tags":[174,5448,222,207],"class_list":["post-168000","post","type-post","status-publish","format-standard","has-post-thumbnail","hentry","category-cultura","tag-arte","tag-black-history-month","tag-mostre","tag-uffizi"],"acf":[],"yoast_head":"<!-- This site is optimized with the Yoast SEO Premium plugin v24.2 (Yoast SEO v25.6) - https:\/\/yoast.com\/wordpress\/plugins\/seo\/ -->\n<title>Uffizi, una mostra virtuale &quot;a caccia&quot; della presenza black nei capolavori dell&#039;arte - intoscana<\/title>\n<meta name=\"robots\" content=\"index, follow, max-snippet:-1, max-image-preview:large, max-video-preview:-1\" \/>\n<link rel=\"canonical\" href=\"https:\/\/www.intoscana.it\/it\/uffizi-una-mostra-virtuale-a-caccia-della-presenza-black-nei-capolavori-dellarte\/\" \/>\n<meta property=\"og:locale\" content=\"it_IT\" \/>\n<meta property=\"og:type\" content=\"article\" \/>\n<meta property=\"og:title\" content=\"Uffizi, una mostra virtuale &quot;a caccia&quot; della presenza black nei capolavori dell&#039;arte\" \/>\n<meta property=\"og:description\" content=\"Il direttore Schmidt: \u201cMostriamo i dipinti in una luce inedita, storica e allo stesso tempo sociale, che ci permette di restituire voce a chi per secoli non \u00e8 stato ascoltato\u201d\" \/>\n<meta property=\"og:url\" content=\"https:\/\/www.intoscana.it\/it\/uffizi-una-mostra-virtuale-a-caccia-della-presenza-black-nei-capolavori-dellarte\/\" \/>\n<meta property=\"og:site_name\" content=\"intoscana\" \/>\n<meta property=\"article:publisher\" content=\"https:\/\/www.facebook.com\/intoscana.it\" \/>\n<meta property=\"article:published_time\" content=\"2021-02-19T10:41:23+00:00\" \/>\n<meta property=\"article:modified_time\" content=\"2021-02-23T11:06:29+00:00\" \/>\n<meta property=\"og:image\" content=\"https:\/\/www.intoscana.it\/wp-content\/uploads\/Katherina_Albrecht-Durer.jpg\" \/>\n\t<meta property=\"og:image:width\" content=\"1114\" \/>\n\t<meta property=\"og:image:height\" content=\"925\" \/>\n\t<meta property=\"og:image:type\" content=\"image\/jpeg\" \/>\n<meta name=\"author\" content=\"Redazione\" \/>\n<meta name=\"twitter:card\" content=\"summary_large_image\" \/>\n<meta name=\"twitter:creator\" content=\"@intoscana\" \/>\n<meta name=\"twitter:site\" content=\"@intoscana\" \/>\n<meta name=\"twitter:label1\" content=\"Written by\" \/>\n\t<meta name=\"twitter:data1\" content=\"Redazione\" \/>\n\t<meta name=\"twitter:label2\" content=\"Est. reading time\" \/>\n\t<meta name=\"twitter:data2\" content=\"2 minuti\" \/>\n<script type=\"application\/ld+json\" class=\"yoast-schema-graph\">{\"@context\":\"https:\/\/schema.org\",\"@graph\":[{\"@type\":\"WebPage\",\"@id\":\"https:\/\/www.intoscana.it\/it\/uffizi-una-mostra-virtuale-a-caccia-della-presenza-black-nei-capolavori-dellarte\/\",\"url\":\"https:\/\/www.intoscana.it\/it\/uffizi-una-mostra-virtuale-a-caccia-della-presenza-black-nei-capolavori-dellarte\/\",\"name\":\"Uffizi, una mostra virtuale \\\"a caccia\\\" della presenza black nei capolavori dell'arte - intoscana\",\"isPartOf\":{\"@id\":\"https:\/\/www.intoscana.it\/it\/#website\"},\"primaryImageOfPage\":{\"@id\":\"https:\/\/www.intoscana.it\/it\/uffizi-una-mostra-virtuale-a-caccia-della-presenza-black-nei-capolavori-dellarte\/#primaryimage\"},\"image\":{\"@id\":\"https:\/\/www.intoscana.it\/it\/uffizi-una-mostra-virtuale-a-caccia-della-presenza-black-nei-capolavori-dellarte\/#primaryimage\"},\"thumbnailUrl\":\"https:\/\/www.intoscana.it\/wp-content\/uploads\/Katherina_Albrecht-Durer.jpg\",\"datePublished\":\"2021-02-19T10:41:23+00:00\",\"dateModified\":\"2021-02-23T11:06:29+00:00\",\"author\":{\"@id\":\"https:\/\/www.intoscana.it\/it\/#\/schema\/person\/9223810753230f20bd670fdd322661f8\"},\"breadcrumb\":{\"@id\":\"https:\/\/www.intoscana.it\/it\/uffizi-una-mostra-virtuale-a-caccia-della-presenza-black-nei-capolavori-dellarte\/#breadcrumb\"},\"inLanguage\":\"it-IT\",\"potentialAction\":[{\"@type\":\"ReadAction\",\"target\":[\"https:\/\/www.intoscana.it\/it\/uffizi-una-mostra-virtuale-a-caccia-della-presenza-black-nei-capolavori-dellarte\/\"]}]},{\"@type\":\"ImageObject\",\"inLanguage\":\"it-IT\",\"@id\":\"https:\/\/www.intoscana.it\/it\/uffizi-una-mostra-virtuale-a-caccia-della-presenza-black-nei-capolavori-dellarte\/#primaryimage\",\"url\":\"https:\/\/www.intoscana.it\/wp-content\/uploads\/Katherina_Albrecht-Durer.jpg\",\"contentUrl\":\"https:\/\/www.intoscana.it\/wp-content\/uploads\/Katherina_Albrecht-Durer.jpg\",\"width\":1114,\"height\":925},{\"@type\":\"BreadcrumbList\",\"@id\":\"https:\/\/www.intoscana.it\/it\/uffizi-una-mostra-virtuale-a-caccia-della-presenza-black-nei-capolavori-dellarte\/#breadcrumb\",\"itemListElement\":[{\"@type\":\"ListItem\",\"position\":1,\"name\":\"Home\",\"item\":\"https:\/\/www.intoscana.it\/it\/\"},{\"@type\":\"ListItem\",\"position\":2,\"name\":\"Uffizi, una mostra virtuale &#8220;a caccia&#8221; della presenza black nei capolavori dell&#8217;arte\"}]},{\"@type\":\"WebSite\",\"@id\":\"https:\/\/www.intoscana.it\/it\/#website\",\"url\":\"https:\/\/www.intoscana.it\/it\/\",\"name\":\"intoscana\",\"description\":\"\",\"potentialAction\":[{\"@type\":\"SearchAction\",\"target\":{\"@type\":\"EntryPoint\",\"urlTemplate\":\"https:\/\/www.intoscana.it\/it\/?s={search_term_string}\"},\"query-input\":{\"@type\":\"PropertyValueSpecification\",\"valueRequired\":true,\"valueName\":\"search_term_string\"}}],\"inLanguage\":\"it-IT\"},{\"@type\":\"Person\",\"@id\":\"https:\/\/www.intoscana.it\/it\/#\/schema\/person\/9223810753230f20bd670fdd322661f8\",\"name\":\"Redazione\",\"url\":\"https:\/\/www.intoscana.it\/it\/author\/redazione\/\"}]}<\/script>\n<!-- \/ Yoast SEO Premium plugin. -->","yoast_head_json":{"title":"Uffizi, una mostra virtuale \"a caccia\" della presenza black nei capolavori dell'arte - intoscana","robots":{"index":"index","follow":"follow","max-snippet":"max-snippet:-1","max-image-preview":"max-image-preview:large","max-video-preview":"max-video-preview:-1"},"canonical":"https:\/\/www.intoscana.it\/it\/uffizi-una-mostra-virtuale-a-caccia-della-presenza-black-nei-capolavori-dellarte\/","og_locale":"it_IT","og_type":"article","og_title":"Uffizi, una mostra virtuale \"a caccia\" della presenza black nei capolavori dell'arte","og_description":"Il direttore Schmidt: \u201cMostriamo i dipinti in una luce inedita, storica e allo stesso tempo sociale, che ci permette di restituire voce a chi per secoli non \u00e8 stato ascoltato\u201d","og_url":"https:\/\/www.intoscana.it\/it\/uffizi-una-mostra-virtuale-a-caccia-della-presenza-black-nei-capolavori-dellarte\/","og_site_name":"intoscana","article_publisher":"https:\/\/www.facebook.com\/intoscana.it","article_published_time":"2021-02-19T10:41:23+00:00","article_modified_time":"2021-02-23T11:06:29+00:00","og_image":[{"width":1114,"height":925,"url":"https:\/\/www.intoscana.it\/wp-content\/uploads\/Katherina_Albrecht-Durer.jpg","type":"image\/jpeg"}],"author":"Redazione","twitter_card":"summary_large_image","twitter_creator":"@intoscana","twitter_site":"@intoscana","twitter_misc":{"Written by":"Redazione","Est. reading time":"2 minuti"},"schema":{"@context":"https:\/\/schema.org","@graph":[{"@type":"WebPage","@id":"https:\/\/www.intoscana.it\/it\/uffizi-una-mostra-virtuale-a-caccia-della-presenza-black-nei-capolavori-dellarte\/","url":"https:\/\/www.intoscana.it\/it\/uffizi-una-mostra-virtuale-a-caccia-della-presenza-black-nei-capolavori-dellarte\/","name":"Uffizi, una mostra virtuale \"a caccia\" della presenza black nei capolavori dell'arte - intoscana","isPartOf":{"@id":"https:\/\/www.intoscana.it\/it\/#website"},"primaryImageOfPage":{"@id":"https:\/\/www.intoscana.it\/it\/uffizi-una-mostra-virtuale-a-caccia-della-presenza-black-nei-capolavori-dellarte\/#primaryimage"},"image":{"@id":"https:\/\/www.intoscana.it\/it\/uffizi-una-mostra-virtuale-a-caccia-della-presenza-black-nei-capolavori-dellarte\/#primaryimage"},"thumbnailUrl":"https:\/\/www.intoscana.it\/wp-content\/uploads\/Katherina_Albrecht-Durer.jpg","datePublished":"2021-02-19T10:41:23+00:00","dateModified":"2021-02-23T11:06:29+00:00","author":{"@id":"https:\/\/www.intoscana.it\/it\/#\/schema\/person\/9223810753230f20bd670fdd322661f8"},"breadcrumb":{"@id":"https:\/\/www.intoscana.it\/it\/uffizi-una-mostra-virtuale-a-caccia-della-presenza-black-nei-capolavori-dellarte\/#breadcrumb"},"inLanguage":"it-IT","potentialAction":[{"@type":"ReadAction","target":["https:\/\/www.intoscana.it\/it\/uffizi-una-mostra-virtuale-a-caccia-della-presenza-black-nei-capolavori-dellarte\/"]}]},{"@type":"ImageObject","inLanguage":"it-IT","@id":"https:\/\/www.intoscana.it\/it\/uffizi-una-mostra-virtuale-a-caccia-della-presenza-black-nei-capolavori-dellarte\/#primaryimage","url":"https:\/\/www.intoscana.it\/wp-content\/uploads\/Katherina_Albrecht-Durer.jpg","contentUrl":"https:\/\/www.intoscana.it\/wp-content\/uploads\/Katherina_Albrecht-Durer.jpg","width":1114,"height":925},{"@type":"BreadcrumbList","@id":"https:\/\/www.intoscana.it\/it\/uffizi-una-mostra-virtuale-a-caccia-della-presenza-black-nei-capolavori-dellarte\/#breadcrumb","itemListElement":[{"@type":"ListItem","position":1,"name":"Home","item":"https:\/\/www.intoscana.it\/it\/"},{"@type":"ListItem","position":2,"name":"Uffizi, una mostra virtuale &#8220;a caccia&#8221; della presenza black nei capolavori dell&#8217;arte"}]},{"@type":"WebSite","@id":"https:\/\/www.intoscana.it\/it\/#website","url":"https:\/\/www.intoscana.it\/it\/","name":"intoscana","description":"","potentialAction":[{"@type":"SearchAction","target":{"@type":"EntryPoint","urlTemplate":"https:\/\/www.intoscana.it\/it\/?s={search_term_string}"},"query-input":{"@type":"PropertyValueSpecification","valueRequired":true,"valueName":"search_term_string"}}],"inLanguage":"it-IT"},{"@type":"Person","@id":"https:\/\/www.intoscana.it\/it\/#\/schema\/person\/9223810753230f20bd670fdd322661f8","name":"Redazione","url":"https:\/\/www.intoscana.it\/it\/author\/redazione\/"}]}},"_links":{"self":[{"href":"https:\/\/www.intoscana.it\/it\/wp-json\/wp\/v2\/posts\/168000","targetHints":{"allow":["GET"]}}],"collection":[{"href":"https:\/\/www.intoscana.it\/it\/wp-json\/wp\/v2\/posts"}],"about":[{"href":"https:\/\/www.intoscana.it\/it\/wp-json\/wp\/v2\/types\/post"}],"author":[{"embeddable":true,"href":"https:\/\/www.intoscana.it\/it\/wp-json\/wp\/v2\/users\/525"}],"replies":[{"embeddable":true,"href":"https:\/\/www.intoscana.it\/it\/wp-json\/wp\/v2\/comments?post=168000"}],"version-history":[{"count":0,"href":"https:\/\/www.intoscana.it\/it\/wp-json\/wp\/v2\/posts\/168000\/revisions"}],"wp:featuredmedia":[{"embeddable":true,"href":"https:\/\/www.intoscana.it\/it\/wp-json\/wp\/v2\/media\/168002"}],"wp:attachment":[{"href":"https:\/\/www.intoscana.it\/it\/wp-json\/wp\/v2\/media?parent=168000"}],"wp:term":[{"taxonomy":"category","embeddable":true,"href":"https:\/\/www.intoscana.it\/it\/wp-json\/wp\/v2\/categories?post=168000"},{"taxonomy":"post_tag","embeddable":true,"href":"https:\/\/www.intoscana.it\/it\/wp-json\/wp\/v2\/tags?post=168000"}],"curies":[{"name":"wp","href":"https:\/\/api.w.org\/{rel}","templated":true}]}}