{"id":168126,"date":"2021-02-20T18:09:37","date_gmt":"2021-02-20T17:09:37","guid":{"rendered":"https:\/\/www.intoscana.it\/it\/?p=168126"},"modified":"2021-02-22T13:01:45","modified_gmt":"2021-02-22T12:01:45","slug":"vaccini-funzionano-toscana-filiera-produzione","status":"publish","type":"post","link":"https:\/\/www.intoscana.it\/it\/vaccini-funzionano-toscana-filiera-produzione\/","title":{"rendered":"&#8220;I vaccini funzionano&#8221;. E la Toscana s&#8217;inserisce nella filiera della produzione"},"content":{"rendered":"<p><em>&#8220;Vaccini, vaccini, vaccini e ancora vaccini&#8221;<\/em>. Parole ripetute in fila, tutte uguali, una dopo l&#8217;altra. Come fosse un mantra. \u00c8 cos\u00ec che il presidente regionale <strong>Eugenio Giani<\/strong> ha voluto sintetizzare un concetto trasversale, attuale e di prospettiva. S\u00ec, perch\u00e9 mentre prosegue la campagna vaccinale, la Regione Toscana ha presentato i primi risultati sulla <strong>creazione degli anticorpi<\/strong> in coloro che hanno gi\u00e0 ricevuto la dose (<em>&#8220;risultati importanti&#8221;<\/em>, dice il governatore), ma al tempo stesso sta organizzando le fasi successive della somministrazione e getta uno sguardo all&#8217;immediato futuro. <em>&#8220;Vorrei che la Toscana facesse parte della filiera dei vaccini italiani&#8221;<\/em>, ha confessato Giani. L&#8217;idea c&#8217;\u00e8, il piano d&#8217;investimenti anche.<\/p>\n<p><span class=\"citazione\">&#8220;Vorrei che la Toscana facesse parte della filiera dei vaccini italiani&#8221;<\/span><\/p>\n<h3>La durata dei vaccini? Massimo 9 mesi<\/h3>\n<p><em>&#8220;Stiamo pensando di usare i <strong>fondi europei<\/strong> destinati alla ricerca farmaceutica, e in particolare ai vaccini, per incentivarne la produzione. Rivolgo dunque un invito alle aziende toscane: attrezzatevi per dare seguito a questa opportunit\u00e0&#8221;<\/em>, fa sapere il presidente. <em>&#8220;Le vaccinazioni andranno avanti anche nei prossimi anni, come \u00e8 naturale che sia. <mark>Gli effetti di un vaccino durano dai sette ai nove mesi e le necessit\u00e0 di replicarli non si fermeranno a questa stagione<\/mark>. Considerando che in Italia ci vorranno in media ogni anno circa <strong>120 milioni di dosi<\/strong> e calcolando la popolazione italiana e la necessit\u00e0 di fare due richiami, stiamo pensando di destinare i fondi europei del Fesr per agevolare le aziende farmaceutiche toscane che decideranno di far parte di questa filiera, dando corso a un\u2019attivit\u00e0 impegnativa ma indispensabile. Un\u2019operazione in cui credo molto. Fondamentale per la salute, ma anche per la nostra economia&#8221;<\/em>. Il primo vaccino italiano sar\u00e0 pronto per settembre e la Toscana vuole farsi trovare pronta.<\/p>\n<div class=\"focuson\"><a href=\"https:\/\/www.intoscana.it\/it\/articolo\/toscana-arancione-ritorno-zona-rossa\/\"><img decoding=\"async\" class=\"lazy\" src=\"https:\/\/www.intoscana.it\/wp-content\/uploads\/Toscana-arancione-e1613156199765.jpg\" style=\"\">\n                <div class=\"cat\">La Toscana resta arancione <\/div>\n                <h4>Si teme un ritorno alla \u201czona rossa\u201d<\/h4><\/a>\n              <\/div>\n<h3>La ricerca<\/h3>\n<p>Il tema della produttivit\u00e0 toscana non era al centro della conferenza organizzata dalla Regione in questo sabato che ci introduce nella seconda settimana consecutiva in zona arancione (dopo ben cinque settimane in &#8220;giallo&#8221;). Mentre lo spettro della &#8220;zona rossa&#8221; \u00e8 dietro l&#8217;angolo &#8211; non \u00e8 improbabile che a partire dal 26 di febbraio possa esserci per la Toscana un ulteriore <strong>upgrade delle restrizioni<\/strong> &#8211; si sarebbe dovuto parlare dell&#8217;<strong>efficacia dei vaccini e della loro capacit\u00e0 di creare anticorpi<\/strong> nei soggetti riceventi. E infatti cos\u00ec \u00e8 stato, almeno inizialmente. Giani ha annunciato la ricerca come<em> &#8220;uno studio scientifico senza precedenti&#8221;<\/em> che ha permesso di analizzare un campione <em>&#8220;su scala regionale&#8221;<\/em> e che ha fatto riscontrare una <em>&#8220;crescita d&#8217;immunit\u00e0 superiore a quella che ci aspettavamo&#8221;<\/em>. \u00c8 quanto ha confermato anche <strong>Gian Maria Rossolini<\/strong>, ordinario di microbiologia dell\u2019azienda ospedaliera universitaria di Careggi. <em>&#8220;\u00c8 un lavoro interessante che conferma la grande efficacia del vaccino nella produzione di anticorpi&#8221;<\/em> spiega Rossolini. <em>&#8220;Noi rispondiamo in maniera variabile alle malattie, ed \u00e8 possibile che sia variabile anche la risposta al vaccino. Ma nella quasi totalit\u00e0 dei casi abbiamo riscontrato risposte significative&#8221;<\/em>. Al campione preso in esame (non \u00e8 noto il numero totale dei casi analizzati) sono stati effettuati test dopo prima dose (e qui gli anticorpi sono presenti <em>&#8220;solo in alcuni soggetti&#8221;<\/em>), dopo la seconda dosa (<em>&#8220;quasi in tutti c&#8217;\u00e8 l&#8217;immunit\u00e0&#8221;<\/em>, spiega Rossolini) e infine a distanza di trenta giorni dal richiamo. <mark><em>&#8220;Il messaggio \u00e8 chiaro&#8221;<\/em>, aggiunge Giani. <em>&#8220;I vaccini funzionano&#8221;<\/em><\/mark>.<\/p>\n<p><span class=\"citazione\">&#8220;La nostra regione \u00e8 tra quelle che sta ottenendo le migliori performance&#8221;<\/span><\/p>\n<h3>Nessuno come la Toscana<\/h3>\n<p>Nel ricordare i <strong>2.162 medici<\/strong> registrati nella pagina a loro dedicata sul portale della Regione Toscana per la vaccinazione anti-covid degli anziani ultraottantenni (il <strong>90% del totale<\/strong>), i <strong>60 mila richiami<\/strong> che avverranno <em>&#8220;nei prossimi 25, 30 giorni&#8221;<\/em> e la nuova fornitura di vaccini Pfizer in arrivo marted\u00ec prossimo, l\u2019assessore regionale alla sanit\u00e0 <strong>Simone Bezzini<\/strong> ha voluto ricordare i primati della Toscana. <em>&#8220;Abbiamo gi\u00e0 somministrato 240 mila vaccini tra prime e seconde dosi, con un tasso di vaccinazioni superiore del dieci per cento alla media nazionale&#8221;<\/em> ha detto. <em>&#8220;La nostra regione \u00e8 tra quelle che sta ottenendo le migliori performance. Abbiamo ricevuto anche una risposta molto positiva da parte dei medici di base: nove su dieci si sono dichiarati disponibili alla somministrazione. Appena arriveranno le nuove dosi potremo portare avanti bene e con energia la campagna vaccinale&#8221;<\/em>.<\/p>\n<h3>L&#8217;accordo col volontariato<\/h3>\n<p>A proposito di campagna vaccinale, non \u00e8 finita qua. Il governatore Giani, infatti, anticipa un accordo col mondo del volontariato, che sar\u00e0 sottoscritto a breve. Il presidente della Regione ha infatti incontrato i rappresentanti delle pi\u00f9 grandi e radicate organizzazioni del volontariato sanitario. Ovvero <strong>Croce Rossa<\/strong>, <strong>Pubbliche assistenze<\/strong> e <strong>Misericordie<\/strong>. <em>&#8220;A partire dal prossimo mese avremo a disposizione <strong>grandi dosi di vaccini<\/strong>&#8220;<\/em> ha concluso Giani. <em>&#8220;Siamo pronti a implementare i canali di vaccinazione su tutti e tre i livelli. Oltre alle Asl e ai medici di base, molto utili in termini di prossimit\u00e0, <mark>si aggiungeranno le organizzazioni di volontariato, che garantiranno la vaccinazione nelle aree pi\u00f9 lontane e periferiche<\/mark>&#8220;.<\/em><\/p>\n","protected":false},"excerpt":{"rendered":"<p>Una ricerca regionale certificherebbe l&#8217;efficacia degli anticorpi. E mentre la Toscana si accorda col volontariato per vaccinare le aree periferiche, ecco spuntare l&#8217;opportunit\u00e0: fondi europei per produrre vaccini italiani<\/p>\n","protected":false},"author":521,"featured_media":168132,"comment_status":"open","ping_status":"open","sticky":false,"template":"","format":"standard","meta":{"_acf_changed":false,"footnotes":""},"categories":[18],"tags":[5452,418,4700],"class_list":["post-168126","post","type-post","status-publish","format-standard","has-post-thumbnail","hentry","category-salute","tag-campagna-vaccinale","tag-covid-19","tag-vaccini"],"acf":[],"yoast_head":"<!-- This site is optimized with the Yoast SEO Premium plugin v24.2 (Yoast SEO v25.6) - https:\/\/yoast.com\/wordpress\/plugins\/seo\/ -->\n<title>&quot;I vaccini funzionano&quot;. E la Toscana s&#039;inserisce nella filiera della produzione - intoscana<\/title>\n<meta name=\"description\" content=\"Una ricerca regionale certificherebbe l&#039;efficacia degli anticorpi. E mentre la Toscana si accorda col volontariato per vaccinare le aree periferiche, ecco spuntare l&#039;opportunit\u00e0: fondi europei per produrre vaccini italiani\" \/>\n<meta name=\"robots\" content=\"index, follow, max-snippet:-1, max-image-preview:large, max-video-preview:-1\" \/>\n<link rel=\"canonical\" href=\"https:\/\/www.intoscana.it\/it\/vaccini-funzionano-toscana-filiera-produzione\/\" \/>\n<meta property=\"og:locale\" content=\"it_IT\" \/>\n<meta property=\"og:type\" content=\"article\" \/>\n<meta property=\"og:title\" content=\"&quot;I vaccini funzionano&quot;. E la Toscana s&#039;inserisce nella filiera della produzione\" \/>\n<meta property=\"og:description\" content=\"Una ricerca regionale certificherebbe l&#039;efficacia degli anticorpi. E mentre la Toscana si accorda col volontariato per vaccinare le aree periferiche, ecco spuntare l&#039;opportunit\u00e0: fondi europei per produrre vaccini italiani\" \/>\n<meta property=\"og:url\" content=\"https:\/\/www.intoscana.it\/it\/vaccini-funzionano-toscana-filiera-produzione\/\" \/>\n<meta property=\"og:site_name\" content=\"intoscana\" \/>\n<meta property=\"article:publisher\" content=\"https:\/\/www.facebook.com\/intoscana.it\" \/>\n<meta property=\"article:published_time\" content=\"2021-02-20T17:09:37+00:00\" \/>\n<meta property=\"article:modified_time\" content=\"2021-02-22T12:01:45+00:00\" \/>\n<meta property=\"og:image\" content=\"https:\/\/www.intoscana.it\/wp-content\/uploads\/Ragazza-con-la-mascherina-Denis-Jung-Unsplash-1.jpg\" \/>\n\t<meta property=\"og:image:width\" content=\"1920\" \/>\n\t<meta property=\"og:image:height\" content=\"1280\" \/>\n\t<meta property=\"og:image:type\" content=\"image\/jpeg\" \/>\n<meta name=\"author\" content=\"Gianluca Testa\" \/>\n<meta name=\"twitter:card\" content=\"summary_large_image\" \/>\n<meta name=\"twitter:creator\" content=\"@intoscana\" \/>\n<meta name=\"twitter:site\" content=\"@intoscana\" \/>\n<meta name=\"twitter:label1\" content=\"Written by\" \/>\n\t<meta name=\"twitter:data1\" content=\"Gianluca Testa\" \/>\n\t<meta name=\"twitter:label2\" content=\"Est. reading time\" \/>\n\t<meta name=\"twitter:data2\" content=\"4 minuti\" \/>\n<script type=\"application\/ld+json\" class=\"yoast-schema-graph\">{\"@context\":\"https:\/\/schema.org\",\"@graph\":[{\"@type\":\"WebPage\",\"@id\":\"https:\/\/www.intoscana.it\/it\/vaccini-funzionano-toscana-filiera-produzione\/\",\"url\":\"https:\/\/www.intoscana.it\/it\/vaccini-funzionano-toscana-filiera-produzione\/\",\"name\":\"\\\"I vaccini funzionano\\\". E la Toscana s'inserisce nella filiera della produzione - intoscana\",\"isPartOf\":{\"@id\":\"https:\/\/www.intoscana.it\/it\/#website\"},\"primaryImageOfPage\":{\"@id\":\"https:\/\/www.intoscana.it\/it\/vaccini-funzionano-toscana-filiera-produzione\/#primaryimage\"},\"image\":{\"@id\":\"https:\/\/www.intoscana.it\/it\/vaccini-funzionano-toscana-filiera-produzione\/#primaryimage\"},\"thumbnailUrl\":\"https:\/\/www.intoscana.it\/wp-content\/uploads\/Ragazza-con-la-mascherina-Denis-Jung-Unsplash-1.jpg\",\"datePublished\":\"2021-02-20T17:09:37+00:00\",\"dateModified\":\"2021-02-22T12:01:45+00:00\",\"author\":{\"@id\":\"https:\/\/www.intoscana.it\/it\/#\/schema\/person\/f437e015c68b2824ef01d2ed8cdb2923\"},\"description\":\"Una ricerca regionale certificherebbe l'efficacia degli anticorpi. E mentre la Toscana si accorda col volontariato per vaccinare le aree periferiche, ecco spuntare l'opportunit\u00e0: fondi europei per produrre vaccini italiani\",\"breadcrumb\":{\"@id\":\"https:\/\/www.intoscana.it\/it\/vaccini-funzionano-toscana-filiera-produzione\/#breadcrumb\"},\"inLanguage\":\"it-IT\",\"potentialAction\":[{\"@type\":\"ReadAction\",\"target\":[\"https:\/\/www.intoscana.it\/it\/vaccini-funzionano-toscana-filiera-produzione\/\"]}]},{\"@type\":\"ImageObject\",\"inLanguage\":\"it-IT\",\"@id\":\"https:\/\/www.intoscana.it\/it\/vaccini-funzionano-toscana-filiera-produzione\/#primaryimage\",\"url\":\"https:\/\/www.intoscana.it\/wp-content\/uploads\/Ragazza-con-la-mascherina-Denis-Jung-Unsplash-1.jpg\",\"contentUrl\":\"https:\/\/www.intoscana.it\/wp-content\/uploads\/Ragazza-con-la-mascherina-Denis-Jung-Unsplash-1.jpg\",\"width\":1920,\"height\":1280,\"caption\":\"Ragazza con la mascherina\"},{\"@type\":\"BreadcrumbList\",\"@id\":\"https:\/\/www.intoscana.it\/it\/vaccini-funzionano-toscana-filiera-produzione\/#breadcrumb\",\"itemListElement\":[{\"@type\":\"ListItem\",\"position\":1,\"name\":\"Home\",\"item\":\"https:\/\/www.intoscana.it\/it\/\"},{\"@type\":\"ListItem\",\"position\":2,\"name\":\"&#8220;I vaccini funzionano&#8221;. E la Toscana s&#8217;inserisce nella filiera della produzione\"}]},{\"@type\":\"WebSite\",\"@id\":\"https:\/\/www.intoscana.it\/it\/#website\",\"url\":\"https:\/\/www.intoscana.it\/it\/\",\"name\":\"intoscana\",\"description\":\"\",\"potentialAction\":[{\"@type\":\"SearchAction\",\"target\":{\"@type\":\"EntryPoint\",\"urlTemplate\":\"https:\/\/www.intoscana.it\/it\/?s={search_term_string}\"},\"query-input\":{\"@type\":\"PropertyValueSpecification\",\"valueRequired\":true,\"valueName\":\"search_term_string\"}}],\"inLanguage\":\"it-IT\"},{\"@type\":\"Person\",\"@id\":\"https:\/\/www.intoscana.it\/it\/#\/schema\/person\/f437e015c68b2824ef01d2ed8cdb2923\",\"name\":\"Gianluca Testa\",\"url\":\"https:\/\/www.intoscana.it\/it\/author\/gianluca-testa\/\"}]}<\/script>\n<!-- \/ Yoast SEO Premium plugin. -->","yoast_head_json":{"title":"\"I vaccini funzionano\". E la Toscana s'inserisce nella filiera della produzione - intoscana","description":"Una ricerca regionale certificherebbe l'efficacia degli anticorpi. E mentre la Toscana si accorda col volontariato per vaccinare le aree periferiche, ecco spuntare l'opportunit\u00e0: fondi europei per produrre vaccini italiani","robots":{"index":"index","follow":"follow","max-snippet":"max-snippet:-1","max-image-preview":"max-image-preview:large","max-video-preview":"max-video-preview:-1"},"canonical":"https:\/\/www.intoscana.it\/it\/vaccini-funzionano-toscana-filiera-produzione\/","og_locale":"it_IT","og_type":"article","og_title":"\"I vaccini funzionano\". E la Toscana s'inserisce nella filiera della produzione","og_description":"Una ricerca regionale certificherebbe l'efficacia degli anticorpi. E mentre la Toscana si accorda col volontariato per vaccinare le aree periferiche, ecco spuntare l'opportunit\u00e0: fondi europei per produrre vaccini italiani","og_url":"https:\/\/www.intoscana.it\/it\/vaccini-funzionano-toscana-filiera-produzione\/","og_site_name":"intoscana","article_publisher":"https:\/\/www.facebook.com\/intoscana.it","article_published_time":"2021-02-20T17:09:37+00:00","article_modified_time":"2021-02-22T12:01:45+00:00","og_image":[{"width":1920,"height":1280,"url":"https:\/\/www.intoscana.it\/wp-content\/uploads\/Ragazza-con-la-mascherina-Denis-Jung-Unsplash-1.jpg","type":"image\/jpeg"}],"author":"Gianluca Testa","twitter_card":"summary_large_image","twitter_creator":"@intoscana","twitter_site":"@intoscana","twitter_misc":{"Written by":"Gianluca Testa","Est. reading time":"4 minuti"},"schema":{"@context":"https:\/\/schema.org","@graph":[{"@type":"WebPage","@id":"https:\/\/www.intoscana.it\/it\/vaccini-funzionano-toscana-filiera-produzione\/","url":"https:\/\/www.intoscana.it\/it\/vaccini-funzionano-toscana-filiera-produzione\/","name":"\"I vaccini funzionano\". E la Toscana s'inserisce nella filiera della produzione - intoscana","isPartOf":{"@id":"https:\/\/www.intoscana.it\/it\/#website"},"primaryImageOfPage":{"@id":"https:\/\/www.intoscana.it\/it\/vaccini-funzionano-toscana-filiera-produzione\/#primaryimage"},"image":{"@id":"https:\/\/www.intoscana.it\/it\/vaccini-funzionano-toscana-filiera-produzione\/#primaryimage"},"thumbnailUrl":"https:\/\/www.intoscana.it\/wp-content\/uploads\/Ragazza-con-la-mascherina-Denis-Jung-Unsplash-1.jpg","datePublished":"2021-02-20T17:09:37+00:00","dateModified":"2021-02-22T12:01:45+00:00","author":{"@id":"https:\/\/www.intoscana.it\/it\/#\/schema\/person\/f437e015c68b2824ef01d2ed8cdb2923"},"description":"Una ricerca regionale certificherebbe l'efficacia degli anticorpi. E mentre la Toscana si accorda col volontariato per vaccinare le aree periferiche, ecco spuntare l'opportunit\u00e0: fondi europei per produrre vaccini italiani","breadcrumb":{"@id":"https:\/\/www.intoscana.it\/it\/vaccini-funzionano-toscana-filiera-produzione\/#breadcrumb"},"inLanguage":"it-IT","potentialAction":[{"@type":"ReadAction","target":["https:\/\/www.intoscana.it\/it\/vaccini-funzionano-toscana-filiera-produzione\/"]}]},{"@type":"ImageObject","inLanguage":"it-IT","@id":"https:\/\/www.intoscana.it\/it\/vaccini-funzionano-toscana-filiera-produzione\/#primaryimage","url":"https:\/\/www.intoscana.it\/wp-content\/uploads\/Ragazza-con-la-mascherina-Denis-Jung-Unsplash-1.jpg","contentUrl":"https:\/\/www.intoscana.it\/wp-content\/uploads\/Ragazza-con-la-mascherina-Denis-Jung-Unsplash-1.jpg","width":1920,"height":1280,"caption":"Ragazza con la mascherina"},{"@type":"BreadcrumbList","@id":"https:\/\/www.intoscana.it\/it\/vaccini-funzionano-toscana-filiera-produzione\/#breadcrumb","itemListElement":[{"@type":"ListItem","position":1,"name":"Home","item":"https:\/\/www.intoscana.it\/it\/"},{"@type":"ListItem","position":2,"name":"&#8220;I vaccini funzionano&#8221;. E la Toscana s&#8217;inserisce nella filiera della produzione"}]},{"@type":"WebSite","@id":"https:\/\/www.intoscana.it\/it\/#website","url":"https:\/\/www.intoscana.it\/it\/","name":"intoscana","description":"","potentialAction":[{"@type":"SearchAction","target":{"@type":"EntryPoint","urlTemplate":"https:\/\/www.intoscana.it\/it\/?s={search_term_string}"},"query-input":{"@type":"PropertyValueSpecification","valueRequired":true,"valueName":"search_term_string"}}],"inLanguage":"it-IT"},{"@type":"Person","@id":"https:\/\/www.intoscana.it\/it\/#\/schema\/person\/f437e015c68b2824ef01d2ed8cdb2923","name":"Gianluca Testa","url":"https:\/\/www.intoscana.it\/it\/author\/gianluca-testa\/"}]}},"_links":{"self":[{"href":"https:\/\/www.intoscana.it\/it\/wp-json\/wp\/v2\/posts\/168126","targetHints":{"allow":["GET"]}}],"collection":[{"href":"https:\/\/www.intoscana.it\/it\/wp-json\/wp\/v2\/posts"}],"about":[{"href":"https:\/\/www.intoscana.it\/it\/wp-json\/wp\/v2\/types\/post"}],"author":[{"embeddable":true,"href":"https:\/\/www.intoscana.it\/it\/wp-json\/wp\/v2\/users\/521"}],"replies":[{"embeddable":true,"href":"https:\/\/www.intoscana.it\/it\/wp-json\/wp\/v2\/comments?post=168126"}],"version-history":[{"count":0,"href":"https:\/\/www.intoscana.it\/it\/wp-json\/wp\/v2\/posts\/168126\/revisions"}],"wp:featuredmedia":[{"embeddable":true,"href":"https:\/\/www.intoscana.it\/it\/wp-json\/wp\/v2\/media\/168132"}],"wp:attachment":[{"href":"https:\/\/www.intoscana.it\/it\/wp-json\/wp\/v2\/media?parent=168126"}],"wp:term":[{"taxonomy":"category","embeddable":true,"href":"https:\/\/www.intoscana.it\/it\/wp-json\/wp\/v2\/categories?post=168126"},{"taxonomy":"post_tag","embeddable":true,"href":"https:\/\/www.intoscana.it\/it\/wp-json\/wp\/v2\/tags?post=168126"}],"curies":[{"name":"wp","href":"https:\/\/api.w.org\/{rel}","templated":true}]}}