{"id":168293,"date":"2021-02-23T10:16:30","date_gmt":"2021-02-23T09:16:30","guid":{"rendered":"https:\/\/www.intoscana.it\/it\/?p=168293"},"modified":"2021-02-23T12:05:11","modified_gmt":"2021-02-23T11:05:11","slug":"tommy-kuti-firenze","status":"publish","type":"post","link":"https:\/\/www.intoscana.it\/it\/tommy-kuti-firenze\/","title":{"rendered":"Tommy Kuti, il rapper afro-italiano: le mie canzoni contro il razzismo"},"content":{"rendered":"<p>In occasione del <a href=\"https:\/\/www.intoscana.it\/it\/articolo\/il-black-history-month-a-firenze-un-nuovo-format-ostinato-per-ledizione-2021\/\" target=\"_blank\" rel=\"noopener\"><strong>Black History Month Florence<\/strong><\/a> (la rete nata per promuovere le cultura afro-discendenti in Italia) <a href=\"https:\/\/www.intoscana.it\/it\/articolo\/musicus-concentus-celebra-le-voci-nere-con-i-concerti-online-di-dre-love-david-blank-e-tommy-kuti\/\" target=\"_blank\" rel=\"noopener\"><strong>Musicus Concentus<\/strong> <\/a>celebra la musica black con <em><strong>\u201cE il Clamore \u00c8 Divenuto Voce\u201d<\/strong><\/em>: un calendario di<strong> concerti in streaming<\/strong> pensati per far conoscere le \u201cvoci nere\u201d nel panorama musicale italiano. L&#8217;ultimo appuntamento della rassegna si terr\u00e0 il<strong> 26\u00a0febbraio alle 21.15<\/strong> con il concerto di <strong>Tommy Kuti<\/strong> che andr\u00e0 in onda in streaming sui <strong>canali social<\/strong> del Musicus Concentus e del Black History Month Florence.<\/p>\n<p><strong>Tolulope Olabode Kuti<\/strong> \u00e8 il vero nome di <strong>Tommy Kuti<\/strong> il <strong>rapper afro italiano<\/strong> cresciuto a <strong>Castiglione delle Stiviere<\/strong> in provincia di Mantova e che ha conquistato anche <strong>Fabri Fibra<\/strong>. Classe 1989, nato in Nigeria ma arrivato in Italia a due anni, il giovane rapper ha saputo inserirsi perfettamente nel panorama musicale contemporaneo grazie al <strong>suo talento, alla sua carismatica personalit\u00e0 e alla sua risata contagiosa.<\/strong><\/p>\n<p>Dopo aver conseguito la<strong> laurea a Cambridge in Scienze della comunicazione<\/strong> Tommy ha scelto di fare ritorno in Italia e di dedicarsi alla sua passione: la musica. Le sue canzoni raccontano la sua storia, \u00e8 <strong>un rap dall\u2019alto contenuto sociale<\/strong> che tratta temi come <strong>il razzismo e l\u2019integrazione,<\/strong> sempre con grande <strong>autoironia.<\/strong> <em><strong>#AFROITALIANO<\/strong><\/em> \u00e8 la sua prima canzone dopo la firma del <strong>contratto con la major Universal<\/strong> per il disco <em><strong>&#8220;Italiano vero&#8221;<\/strong><\/em>, che vede anche una collaborazione con Fabri Fibra nel brano <em><strong>\u201cSu le mani\u201d<\/strong><\/em>. Per non farsi mancare nulla Tommy ha partecipato <strong>nel 2018 a Pechino Express<\/strong> e nel 2019 ha pubblicato il libro <a href=\"https:\/\/www.amazon.it\/sopra-Crescere-pelle-nellItalia-Salvini\/dp\/8817138827\" target=\"_blank\" rel=\"noopener\"><em><strong>\u201cCi rido sopra. Crescere con la pelle nera nell&#8217;Italia di Salvini\u201d<\/strong> <\/em><\/a>con Rizzoli. Con la sua musica vuole far capire che si pu\u00f2 viaggiare nel mondo senza lasciare la propria citt\u00e0, basta essere curiosi e avere l&#8217;apertura mentale per conoscere persone anche molto diverse da noi<\/p>\n<h3>Ecco la nostra intervista<\/h3>\n<p><strong>Ciao Tommy! Nella trasmissione <a href=\"https:\/\/www.raiplay.it\/video\/2018\/09\/Radici-Laltra-faccia-dellimmigrazione---Nigeria-40121542-d931-4965-9101-4a424dd2922f.html\" target=\"_blank\" rel=\"noopener\">&#8220;Radici&#8221; realizzata dalla Rai<\/a> hai raccontato che quando eri piccolo eri l&#8217;unico bambino\u00a0di colore della scuola e i tuoi coetanei ti prendevano in giro, ti chiamavano &#8220;negro&#8221;. Com&#8217;\u00e8 cambiata l&#8217;Italia da allora?<\/strong><\/p>\n<p>Per certi aspetti in peggio! Ti spiego, paradossalmente <strong>quando mio pap\u00e0 \u00e8 arrivato in Italia nell&#8217;89 a 21 anni aveva sotto un certo punto di vista pi\u00f9 possibilit\u00e0 di realizzarsi.<\/strong> Prima di tutto c&#8217;era ancora la lira e non l&#8217;euro. Si poteva ancora sognare in Italia, aprire aziende, imprese. <strong>Molti ragazzi della mia generazione non hanno avuto modo di realizzarsi autonomamente, sognare di avere una propria attivit\u00e0<\/strong>. Ma oltre a quello c&#8217;\u00e8 anche un discorso, il fatto che <strong>nei primi anni &#8217;90 non c&#8217;era lo stigma negativo legato all&#8217;immigrazione<\/strong> che \u00e8 stato poi creato dopo. Magari la gente poteva avere dubbi e paura per qualcosa che non conosceva. Non \u00e8 come adesso che<strong> la gente ha paura per qualcosa che conosce dalla tv che ha fatto terrorismo psicologico per 15-20 anni.<\/strong> Da quel punto di vista le cose sono cambiate. Quando ero piccolo mi prendevano in giro perch\u00e8 <strong>ero il primo bambino nero a scuola,<\/strong> era gente che non sapeva chi io fossi. Ora <strong>subiamo il razzismo da gente che sa benissimo chi siamo e che ci odia<\/strong>.<\/p>\n<p><strong>Da cosa nasce questo terrorismo\u00a0psicologico secondo te?<\/strong><\/p>\n<p><strong>In Italia i telegiornali generalmente tendono a spaventare.<\/strong> <strong>Si tende sempre a sensazionalizzare le notizie<\/strong> quindi l&#8217;immigrazione italiana \u00e8 sempre stata esagerata, non c&#8217;\u00e8 mai stata una narrazione diversa, \u00e8 raro che sia fatta una narrazione per generare empatia. <strong>Quanti sono i programmi televisivi in Italia che creano empatia con gli stranieri? Sono davvero pochi.<\/strong> Vorrei anche aggiungere che io <strong>sono stufo di persone come Fazio e Saviano che magari fanno campagna pro-immigrazione per\u00f2 sono sempre loro a parlare in prima persona<\/strong>.\u00a0\u00c9\u00a0come il mansplaining per le donne, non si pu\u00f2 parlare di immigrazione quando a parlarne sono solo persone bianche.<\/p>\n<p><span class=\"citazione\">Quando ero piccolo mi prendevano in giro perch\u00e8 ero il primo bambino nero a scuola, era gente che non sapeva chi io fossi. Ora subiamo il razzismo da gente che sa benissimo chi siamo e che ci odia<\/span><\/p>\n<p><strong>Sono d&#8217;accordissimo, bisogna come dicono in America &#8220;passare il microfono&#8221; cio\u00e8 io non posso parlare di razzismo se da bianca quale sono non l&#8217;ho vissuto in prima persona, \u00e8 inutile che io ne parli<\/strong><\/p>\n<p>Non sai quanto spesso per parlare in televisione di immigrazione chiamano magari il &#8220;professorone&#8221; bianco. Per quanto possano essere brave persone come Fazio e Saviano, \u00e8 tristissimo. Io sono contento dei piccoli traguardi e successi che ho ottenuto, <strong>ho fatto canzoni come &#8220;Afroitaliano&#8221; che sono diventate colonne sonore importanti per i ragazzi di seconda generazione<\/strong>, per\u00f2 nessuno nella tv generalista ha mai pensato di invitarmi.<\/p>\n<p><strong>Passando a parlare della musica, tu sei discendente del grandissimo Fela Kuti. ma quando hai iniziato ad ascoltare musica ascoltavi il rap italiano o quello americano?<\/strong><\/p>\n<p>Era un mix delle due cose, io vengo da un quartiere dove c&#8217;erano gi\u00e0 ragazzi immigrati pi\u00f9 grandi che ascoltavano il rap americano, <strong>nelle nostre feste di paese c&#8217;erano i dischi di Tupac<\/strong>. Poi mi sono appassionato al rap italiano. In realt\u00e0 la storia \u00e8 questa: all&#8217;inizio volevo inventare io il rap italiano, ma poi ho scoperto persone come <strong>Fabri Fibra, Mondo Marcio<\/strong> che gi\u00e0 facevano rap.<\/p>\n<p><strong>Mi ha colpito tantissimo una frase di una tua canzone in cui dici che la prima volta che hai detto &#8220;Ti amo&#8221; l&#8217;hai detto in italiano, \u00e8 vero?<\/strong><\/p>\n<p>Certo sono cresciuto qua, la mia prima ragazza era una ragazza italiana. Tra l&#8217;altro quella frase \u00e8 una di quelle che generano pi\u00f9 empatia in assoluto. Quando sono ai concerti e dico quella frase <strong>sembra che arrivi un colpo al cuore alle persone, vedo che scende una lacrima, \u00e8 sempre bello.<\/strong><\/p>\n<p><iframe loading=\"lazy\" src=\"https:\/\/www.youtube.com\/embed\/gk3Q4PLCDes\" width=\"800\" height=\"500\" frameborder=\"0\" allowfullscreen=\"allowfullscreen\"><\/iframe><\/p>\n<p><strong>Mi ha fatto morire dal ridere un video che hai realizzato con Le Coliche che si intitola <em>&#8220;Quando scopri di essere nero&#8221;<\/em>. Il video \u00e8 geniale perch\u00e8 parla di clich\u00e8 razzisti facendo ridere quindi\u00a0il messaggio arriva prima che facendo tanti discorsi seri<\/strong><\/p>\n<p>Ma infatti posso dire con un po&#8217; di arroganza che, per quanto molti intellettuali e attivisti\u00a0ce l&#8217;abbiano con me per il mio modo di essere, <strong>per\u00f2 il mio modo di comunicare \u00e8 sempre stato molto pi\u00f9 efficace di quello di mille attivisti<\/strong>. Io quando giro per il mio paese la gente mi ama anche se sono leghisti o di estrema destra. Mi amano perch\u00e8 conoscono la mia storia. <strong>Saper giocare con l&#8217;ironia credo che sia molto importante soprattutto in Italia.<\/strong><\/p>\n<p><strong>Hai fatto l&#8217;universit\u00e0 a Cambridge in Inghilterra, ci sono delle differenze con l&#8217;Italia oppure il razzismo \u00e8 uguale dappertutto?<\/strong><\/p>\n<p>Chiaramente il razzismo c&#8217;\u00e8 in tutti i paesi. Ma <strong>negli altri paesi le istituzioni, lo stato hanno realizzato che il razzismo \u00e8 un problema e fanno qualcosa a riguardo<\/strong>. Invece<strong> in Italia si afferma il discorso &#8220;non \u00e8 cos\u00ec grave&#8221;,<\/strong> \u00e8 come un mansplaining\u00a0dell&#8217;uomo bianco.<strong> Per noi \u00e8 doppiamente fastidioso parlare di certe cose quando hai degli interlocutori che si esprimono su cose che non hanno vissuto sulla propria pelle.<\/strong><\/p>\n<p><strong>Qual \u00e8 la condizione delle persone di colore in Italia adesso?<\/strong><\/p>\n<p>Se devo essere sincero, io abito a Castiglione delle Stiviere in questa zona che \u00e8 a cavallo del mantovano e del bresciano. Questa zona negli anni &#8217;90 ha subito una forte immigrazione perch\u00e8\u00a0c&#8217;erano molte aziende. Ma da<strong> quando c&#8217;\u00e8 stata la crisi economica il 99% della mia comunit\u00e0, quella nigeriana, si \u00e8 trasferita in Inghilterra<\/strong>. Quando dico il 99% intendo proprio il 99%. I miei amici d&#8217;infanzia non abitano pi\u00f9 qua, con i loro fratelli, sorelle e genitori se ne sono andati in UK oppure in Germania. E <strong>perch\u00e8 se ne sono andati? Perch\u00e8 l&#8217;Italia non era in grado di offrirgli possibilit\u00e0 lavorative e a livello di integrazione.<\/strong> Quando devi aspettare 19 anni per avere la cittadinanza nel paese dove sei nato e vissuto e poi la ottieni dici: sai cosa ciao! Me ne vado dove la gente mi accetta.<\/p>\n<p><strong>Il 26 vedremo il live che hai registrato qui a Firenze in sala Vanni, com&#8217;\u00e8 andata?<\/strong><\/p>\n<p>Questo live<strong> \u00e8 una delle cose pi\u00f9 strane che io abbia mai fatto nella mia vita<\/strong>, <strong>perch\u00e8 non c&#8217;era un pubblico<\/strong>. Non mi era mai capitato di fare un concerto senza pubblico. Infatti <strong>chi lo guarda noter\u00e0 che nelle prime canzoni ero un po&#8217; emozionato, mi sentivo spaesato e un paio di volte ho fatto degli errori.<\/strong> Ho avuto la possibilit\u00e0 di toglierli\u00a0ma ho deciso di tenerli perch\u00e8 ho realizzato che la gente deve vedere l&#8217;umanit\u00e0 di questa cosa. Inizialmente ero veramente spaesato per\u00f2 poi dopo la terza e quarta canzone ha cominciato a prendermi bene. Questo live mi ha insegnato a ricordarmi che io faccio musica perch\u00e8 amo la musica, amo stare sul palco e amo divertirmi mentre canto le canzoni, genuinamente. <strong>Ero spettatore di me stesso.<\/strong><\/p>\n<p><iframe loading=\"lazy\" src=\"https:\/\/www.youtube.com\/embed\/C-WhDMUmYMc\" width=\"800\" height=\"500\" frameborder=\"0\" allowfullscreen=\"allowfullscreen\"><\/iframe><\/p>\n","protected":false},"excerpt":{"rendered":"<p>Sar\u00e0 in concerto in streaming dalla sala Vanni di Firenze venerd\u00ec 26 febbraio all&#8217;interno del cartellone di eventi per il Black History Month Florence<\/p>\n","protected":false},"author":518,"featured_media":168294,"comment_status":"open","ping_status":"open","sticky":false,"template":"","format":"standard","meta":{"_acf_changed":false,"footnotes":""},"categories":[14],"tags":[5448,216,4474,3138,3196],"class_list":["post-168293","post","type-post","status-publish","format-standard","has-post-thumbnail","hentry","category-musica","tag-black-history-month","tag-concerti","tag-eventi","tag-interviste-agli-artisti","tag-musicisti"],"acf":[],"yoast_head":"<!-- This site is optimized with the Yoast SEO Premium plugin v24.2 (Yoast SEO v25.6) - https:\/\/yoast.com\/wordpress\/plugins\/seo\/ -->\n<title>Tommy Kuti, il rapper afro-italiano: le mie canzoni contro il razzismo - intoscana<\/title>\n<meta name=\"description\" content=\"Il rapper afro-italiano sar\u00e0 in concerto in streaming dalla sala Vanni di Firenze venerd\u00ec 26 febbraio all&#039;interno del Black History Month\" \/>\n<meta name=\"robots\" content=\"index, follow, max-snippet:-1, max-image-preview:large, max-video-preview:-1\" \/>\n<link rel=\"canonical\" href=\"https:\/\/www.intoscana.it\/it\/tommy-kuti-firenze\/\" \/>\n<meta property=\"og:locale\" content=\"it_IT\" \/>\n<meta property=\"og:type\" content=\"article\" \/>\n<meta property=\"og:title\" content=\"Tommy Kuti, il rapper afro-italiano: le mie canzoni contro il razzismo\" \/>\n<meta property=\"og:description\" content=\"Il rapper afro-italiano sar\u00e0 in concerto in streaming dalla sala Vanni di Firenze venerd\u00ec 26 febbraio all&#039;interno del Black History Month\" \/>\n<meta property=\"og:url\" content=\"https:\/\/www.intoscana.it\/it\/tommy-kuti-firenze\/\" \/>\n<meta property=\"og:site_name\" content=\"intoscana\" \/>\n<meta property=\"article:publisher\" content=\"https:\/\/www.facebook.com\/intoscana.it\" \/>\n<meta property=\"article:published_time\" content=\"2021-02-23T09:16:30+00:00\" \/>\n<meta property=\"article:modified_time\" content=\"2021-02-23T11:05:11+00:00\" \/>\n<meta property=\"og:image\" content=\"https:\/\/www.intoscana.it\/wp-content\/uploads\/Tommy-Kuti-2-copia.jpg\" \/>\n\t<meta property=\"og:image:width\" content=\"1665\" \/>\n\t<meta property=\"og:image:height\" content=\"1493\" \/>\n\t<meta property=\"og:image:type\" content=\"image\/jpeg\" \/>\n<meta name=\"author\" content=\"Costanza Baldini\" \/>\n<meta name=\"twitter:card\" content=\"summary_large_image\" \/>\n<meta name=\"twitter:creator\" content=\"@intoscana\" \/>\n<meta name=\"twitter:site\" content=\"@intoscana\" \/>\n<meta name=\"twitter:label1\" content=\"Written by\" \/>\n\t<meta name=\"twitter:data1\" content=\"Costanza Baldini\" \/>\n\t<meta name=\"twitter:label2\" content=\"Est. reading time\" \/>\n\t<meta name=\"twitter:data2\" content=\"7 minuti\" \/>\n<script type=\"application\/ld+json\" class=\"yoast-schema-graph\">{\"@context\":\"https:\/\/schema.org\",\"@graph\":[{\"@type\":\"WebPage\",\"@id\":\"https:\/\/www.intoscana.it\/it\/tommy-kuti-firenze\/\",\"url\":\"https:\/\/www.intoscana.it\/it\/tommy-kuti-firenze\/\",\"name\":\"Tommy Kuti, il rapper afro-italiano: le mie canzoni contro il razzismo - intoscana\",\"isPartOf\":{\"@id\":\"https:\/\/www.intoscana.it\/it\/#website\"},\"primaryImageOfPage\":{\"@id\":\"https:\/\/www.intoscana.it\/it\/tommy-kuti-firenze\/#primaryimage\"},\"image\":{\"@id\":\"https:\/\/www.intoscana.it\/it\/tommy-kuti-firenze\/#primaryimage\"},\"thumbnailUrl\":\"https:\/\/www.intoscana.it\/wp-content\/uploads\/Tommy-Kuti-2-copia.jpg\",\"datePublished\":\"2021-02-23T09:16:30+00:00\",\"dateModified\":\"2021-02-23T11:05:11+00:00\",\"author\":{\"@id\":\"https:\/\/www.intoscana.it\/it\/#\/schema\/person\/d469f35f09739bdf00bf5dd3f0647a82\"},\"description\":\"Il rapper afro-italiano sar\u00e0 in concerto in streaming dalla sala Vanni di Firenze venerd\u00ec 26 febbraio all'interno del Black History Month\",\"breadcrumb\":{\"@id\":\"https:\/\/www.intoscana.it\/it\/tommy-kuti-firenze\/#breadcrumb\"},\"inLanguage\":\"it-IT\",\"potentialAction\":[{\"@type\":\"ReadAction\",\"target\":[\"https:\/\/www.intoscana.it\/it\/tommy-kuti-firenze\/\"]}]},{\"@type\":\"ImageObject\",\"inLanguage\":\"it-IT\",\"@id\":\"https:\/\/www.intoscana.it\/it\/tommy-kuti-firenze\/#primaryimage\",\"url\":\"https:\/\/www.intoscana.it\/wp-content\/uploads\/Tommy-Kuti-2-copia.jpg\",\"contentUrl\":\"https:\/\/www.intoscana.it\/wp-content\/uploads\/Tommy-Kuti-2-copia.jpg\",\"width\":1665,\"height\":1493},{\"@type\":\"BreadcrumbList\",\"@id\":\"https:\/\/www.intoscana.it\/it\/tommy-kuti-firenze\/#breadcrumb\",\"itemListElement\":[{\"@type\":\"ListItem\",\"position\":1,\"name\":\"Home\",\"item\":\"https:\/\/www.intoscana.it\/it\/\"},{\"@type\":\"ListItem\",\"position\":2,\"name\":\"Tommy Kuti, il rapper afro-italiano: le mie canzoni contro il razzismo\"}]},{\"@type\":\"WebSite\",\"@id\":\"https:\/\/www.intoscana.it\/it\/#website\",\"url\":\"https:\/\/www.intoscana.it\/it\/\",\"name\":\"intoscana\",\"description\":\"\",\"potentialAction\":[{\"@type\":\"SearchAction\",\"target\":{\"@type\":\"EntryPoint\",\"urlTemplate\":\"https:\/\/www.intoscana.it\/it\/?s={search_term_string}\"},\"query-input\":{\"@type\":\"PropertyValueSpecification\",\"valueRequired\":true,\"valueName\":\"search_term_string\"}}],\"inLanguage\":\"it-IT\"},{\"@type\":\"Person\",\"@id\":\"https:\/\/www.intoscana.it\/it\/#\/schema\/person\/d469f35f09739bdf00bf5dd3f0647a82\",\"name\":\"Costanza Baldini\",\"url\":\"https:\/\/www.intoscana.it\/it\/author\/costanza-baldini\/\"}]}<\/script>\n<!-- \/ Yoast SEO Premium plugin. -->","yoast_head_json":{"title":"Tommy Kuti, il rapper afro-italiano: le mie canzoni contro il razzismo - intoscana","description":"Il rapper afro-italiano sar\u00e0 in concerto in streaming dalla sala Vanni di Firenze venerd\u00ec 26 febbraio all'interno del Black History Month","robots":{"index":"index","follow":"follow","max-snippet":"max-snippet:-1","max-image-preview":"max-image-preview:large","max-video-preview":"max-video-preview:-1"},"canonical":"https:\/\/www.intoscana.it\/it\/tommy-kuti-firenze\/","og_locale":"it_IT","og_type":"article","og_title":"Tommy Kuti, il rapper afro-italiano: le mie canzoni contro il razzismo","og_description":"Il rapper afro-italiano sar\u00e0 in concerto in streaming dalla sala Vanni di Firenze venerd\u00ec 26 febbraio all'interno del Black History Month","og_url":"https:\/\/www.intoscana.it\/it\/tommy-kuti-firenze\/","og_site_name":"intoscana","article_publisher":"https:\/\/www.facebook.com\/intoscana.it","article_published_time":"2021-02-23T09:16:30+00:00","article_modified_time":"2021-02-23T11:05:11+00:00","og_image":[{"width":1665,"height":1493,"url":"https:\/\/www.intoscana.it\/wp-content\/uploads\/Tommy-Kuti-2-copia.jpg","type":"image\/jpeg"}],"author":"Costanza Baldini","twitter_card":"summary_large_image","twitter_creator":"@intoscana","twitter_site":"@intoscana","twitter_misc":{"Written by":"Costanza Baldini","Est. reading time":"7 minuti"},"schema":{"@context":"https:\/\/schema.org","@graph":[{"@type":"WebPage","@id":"https:\/\/www.intoscana.it\/it\/tommy-kuti-firenze\/","url":"https:\/\/www.intoscana.it\/it\/tommy-kuti-firenze\/","name":"Tommy Kuti, il rapper afro-italiano: le mie canzoni contro il razzismo - intoscana","isPartOf":{"@id":"https:\/\/www.intoscana.it\/it\/#website"},"primaryImageOfPage":{"@id":"https:\/\/www.intoscana.it\/it\/tommy-kuti-firenze\/#primaryimage"},"image":{"@id":"https:\/\/www.intoscana.it\/it\/tommy-kuti-firenze\/#primaryimage"},"thumbnailUrl":"https:\/\/www.intoscana.it\/wp-content\/uploads\/Tommy-Kuti-2-copia.jpg","datePublished":"2021-02-23T09:16:30+00:00","dateModified":"2021-02-23T11:05:11+00:00","author":{"@id":"https:\/\/www.intoscana.it\/it\/#\/schema\/person\/d469f35f09739bdf00bf5dd3f0647a82"},"description":"Il rapper afro-italiano sar\u00e0 in concerto in streaming dalla sala Vanni di Firenze venerd\u00ec 26 febbraio all'interno del Black History Month","breadcrumb":{"@id":"https:\/\/www.intoscana.it\/it\/tommy-kuti-firenze\/#breadcrumb"},"inLanguage":"it-IT","potentialAction":[{"@type":"ReadAction","target":["https:\/\/www.intoscana.it\/it\/tommy-kuti-firenze\/"]}]},{"@type":"ImageObject","inLanguage":"it-IT","@id":"https:\/\/www.intoscana.it\/it\/tommy-kuti-firenze\/#primaryimage","url":"https:\/\/www.intoscana.it\/wp-content\/uploads\/Tommy-Kuti-2-copia.jpg","contentUrl":"https:\/\/www.intoscana.it\/wp-content\/uploads\/Tommy-Kuti-2-copia.jpg","width":1665,"height":1493},{"@type":"BreadcrumbList","@id":"https:\/\/www.intoscana.it\/it\/tommy-kuti-firenze\/#breadcrumb","itemListElement":[{"@type":"ListItem","position":1,"name":"Home","item":"https:\/\/www.intoscana.it\/it\/"},{"@type":"ListItem","position":2,"name":"Tommy Kuti, il rapper afro-italiano: le mie canzoni contro il razzismo"}]},{"@type":"WebSite","@id":"https:\/\/www.intoscana.it\/it\/#website","url":"https:\/\/www.intoscana.it\/it\/","name":"intoscana","description":"","potentialAction":[{"@type":"SearchAction","target":{"@type":"EntryPoint","urlTemplate":"https:\/\/www.intoscana.it\/it\/?s={search_term_string}"},"query-input":{"@type":"PropertyValueSpecification","valueRequired":true,"valueName":"search_term_string"}}],"inLanguage":"it-IT"},{"@type":"Person","@id":"https:\/\/www.intoscana.it\/it\/#\/schema\/person\/d469f35f09739bdf00bf5dd3f0647a82","name":"Costanza Baldini","url":"https:\/\/www.intoscana.it\/it\/author\/costanza-baldini\/"}]}},"_links":{"self":[{"href":"https:\/\/www.intoscana.it\/it\/wp-json\/wp\/v2\/posts\/168293","targetHints":{"allow":["GET"]}}],"collection":[{"href":"https:\/\/www.intoscana.it\/it\/wp-json\/wp\/v2\/posts"}],"about":[{"href":"https:\/\/www.intoscana.it\/it\/wp-json\/wp\/v2\/types\/post"}],"author":[{"embeddable":true,"href":"https:\/\/www.intoscana.it\/it\/wp-json\/wp\/v2\/users\/518"}],"replies":[{"embeddable":true,"href":"https:\/\/www.intoscana.it\/it\/wp-json\/wp\/v2\/comments?post=168293"}],"version-history":[{"count":0,"href":"https:\/\/www.intoscana.it\/it\/wp-json\/wp\/v2\/posts\/168293\/revisions"}],"wp:featuredmedia":[{"embeddable":true,"href":"https:\/\/www.intoscana.it\/it\/wp-json\/wp\/v2\/media\/168294"}],"wp:attachment":[{"href":"https:\/\/www.intoscana.it\/it\/wp-json\/wp\/v2\/media?parent=168293"}],"wp:term":[{"taxonomy":"category","embeddable":true,"href":"https:\/\/www.intoscana.it\/it\/wp-json\/wp\/v2\/categories?post=168293"},{"taxonomy":"post_tag","embeddable":true,"href":"https:\/\/www.intoscana.it\/it\/wp-json\/wp\/v2\/tags?post=168293"}],"curies":[{"name":"wp","href":"https:\/\/api.w.org\/{rel}","templated":true}]}}