{"id":168781,"date":"2021-02-26T12:58:23","date_gmt":"2021-02-26T11:58:23","guid":{"rendered":"https:\/\/www.intoscana.it\/it\/?p=168781"},"modified":"2021-02-26T12:58:23","modified_gmt":"2021-02-26T11:58:23","slug":"think-local-eroe-normale-firenze","status":"publish","type":"post","link":"https:\/\/www.intoscana.it\/it\/think-local-eroe-normale-firenze\/","title":{"rendered":"Think Local: diventa un &#8220;eroe normale&#8221; e supporta le piccole imprese di Firenze"},"content":{"rendered":"<p>Per sentirsi come <strong>Superman<\/strong> non importa indossare mantelli o divise particolari. Dopo questi duri mesi fatti di lockdown e Dpcm abbiamo capito che tutti noi, con i nostri gesti quotidiani, possiamo diventare degli \u201cEroi Normali\u201d. Come? Acquistando nei <strong>negozi di quartiere<\/strong>, aiutando quindi gli artigiani e i commercianti che animano e tengono viva la nostra citt\u00e0.<\/p>\n<p>Per questo motivo anche a <strong>Firenze<\/strong> sbarca \u201c<strong>Think local, Eroi Normali<\/strong>\u201d, una campagna di sensibilizzazione che nasce dalla consapevolezza che il <strong>commercio locale<\/strong> ha bisogno del supporto di ciascuno di noi, non solo per sollevare l\u2019economia ma per dare nuova linfa al nostro paese.<\/p>\n<h3>I canali digitali a supporto delle (piccole) aziende<\/h3>\n<p>Ogni imprenditore pu\u00f2 partecipare alla campagna attraverso un semplice gesto per poi condividerlo. Il <strong>mondo social<\/strong> (e digitale) non dev\u2019essere un concorrente bens\u00ec un mezzo per <strong>promuovere le imprese locali<\/strong> che in questo particolare momento sono in difficolt\u00e0 e far s\u00ec che le nostre citt\u00e0 di diventare meno buie. Mettere a disposizione il proprio canale social infatti pu\u00f2 <strong>dare voce e visibilit\u00e0<\/strong> a tante piccole realt\u00e0 imprenditoriali.<\/p>\n<blockquote class=\"instagram-media\" style=\"background: #FFF; border: 0; border-radius: 3px; box-shadow: 0 0 1px 0 rgba(0,0,0,0.5),0 1px 10px 0 rgba(0,0,0,0.15); margin: 1px; max-width: 540px; min-width: 326px; padding: 0; width: calc(100% - 2px);\" data-instgrm-captioned=\"\" data-instgrm-permalink=\"https:\/\/www.instagram.com\/p\/CLPTFFOloId\/?utm_source=ig_embed&amp;utm_campaign=loading\" data-instgrm-version=\"13\">\n<div style=\"padding: 16px;\">\n<p>&nbsp;<\/p>\n<div style=\"display: flex; flex-direction: row; align-items: center;\">\n<div style=\"background-color: #f4f4f4; border-radius: 50%; flex-grow: 0; height: 40px; margin-right: 14px; width: 40px;\"><\/div>\n<div style=\"display: flex; flex-direction: column; flex-grow: 1; justify-content: center;\">\n<div style=\"background-color: #f4f4f4; border-radius: 4px; flex-grow: 0; height: 14px; margin-bottom: 6px; width: 100px;\"><\/div>\n<div style=\"background-color: #f4f4f4; border-radius: 4px; flex-grow: 0; height: 14px; width: 60px;\"><\/div>\n<\/div>\n<\/div>\n<div style=\"padding: 19% 0;\"><\/div>\n<div style=\"display: block; height: 50px; margin: 0 auto 12px; width: 50px;\"><\/div>\n<div style=\"padding-top: 8px;\">\n<div style=\"color: #3897f0; font-family: Arial,sans-serif; font-size: 14px; font-style: normal; font-weight: 550; line-height: 18px;\">Visualizza questo post su Instagram<\/div>\n<\/div>\n<div style=\"padding: 12.5% 0;\"><\/div>\n<div style=\"display: flex; flex-direction: row; margin-bottom: 14px; align-items: center;\">\n<div>\n<div style=\"background-color: #f4f4f4; border-radius: 50%; height: 12.5px; width: 12.5px; transform: translateX(0px) translateY(7px);\"><\/div>\n<div style=\"background-color: #f4f4f4; height: 12.5px; transform: rotate(-45deg) translateX(3px) translateY(1px); width: 12.5px; flex-grow: 0; margin-right: 14px; margin-left: 2px;\"><\/div>\n<div style=\"background-color: #f4f4f4; border-radius: 50%; height: 12.5px; width: 12.5px; transform: translateX(9px) translateY(-18px);\"><\/div>\n<\/div>\n<div style=\"margin-left: 8px;\">\n<div style=\"background-color: #f4f4f4; border-radius: 50%; flex-grow: 0; height: 20px; width: 20px;\"><\/div>\n<div style=\"width: 0; height: 0; border-top: 2px solid transparent; border-left: 6px solid #f4f4f4; border-bottom: 2px solid transparent; transform: translateX(16px) translateY(-4px) rotate(30deg);\"><\/div>\n<\/div>\n<div style=\"margin-left: auto;\">\n<div style=\"width: 0px; border-top: 8px solid #F4F4F4; border-right: 8px solid transparent; transform: translateY(16px);\"><\/div>\n<div style=\"background-color: #f4f4f4; flex-grow: 0; height: 12px; width: 16px; transform: translateY(-4px);\"><\/div>\n<div style=\"width: 0; height: 0; border-top: 8px solid #F4F4F4; border-left: 8px solid transparent; transform: translateY(-4px) translateX(8px);\"><\/div>\n<\/div>\n<\/div>\n<div style=\"display: flex; flex-direction: column; flex-grow: 1; justify-content: center; margin-bottom: 24px;\">\n<div style=\"background-color: #f4f4f4; border-radius: 4px; flex-grow: 0; height: 14px; margin-bottom: 6px; width: 224px;\"><\/div>\n<div style=\"background-color: #f4f4f4; border-radius: 4px; flex-grow: 0; height: 14px; width: 144px;\"><\/div>\n<\/div>\n<p>&nbsp;<\/p>\n<p style=\"color: #c9c8cd; font-family: Arial,sans-serif; font-size: 14px; line-height: 17px; margin-bottom: 0; margin-top: 8px; overflow: hidden; padding: 8px 0 7px; text-align: center; text-overflow: ellipsis; white-space: nowrap;\"><a style=\"color: #c9c8cd; font-family: Arial,sans-serif; font-size: 14px; font-style: normal; font-weight: normal; line-height: 17px; text-decoration: none;\" href=\"https:\/\/www.instagram.com\/p\/CLPTFFOloId\/?utm_source=ig_embed&amp;utm_campaign=loading\" target=\"_blank\" rel=\"noopener\">Un post condiviso da THINK LOCAL (@eroinormali_thinklocal)<\/a><\/p>\n<\/div>\n<\/blockquote>\n<p><script async src=\"\/\/www.instagram.com\/embed.js\"><\/script><\/p>\n<h3>Acquistare localmente per un futuro sostenibile<\/h3>\n<p>\u201c<em>L\u2019adesione della citt\u00e0 di Firenze e l\u2019adozione di Confesercenti della campagna sociale think local<\/em> \u2013 afferma <strong>Massimiliano Molese<\/strong>, ideatore dell\u2019iniziativa &#8211; <em>onora le fondamenta del nostro progetto e permette di continuare questo necessario ed incessante percorso di sensibilizzazione della comunit\u00e0. <\/em><mark><em>Acquistare localmente, vivere il quartiere, riscoprire il valore sociale ed economico della prossimit\u00e0 locale \u00e8 la componente di un senso civico necessario per un futuro sostenibile<\/em><\/mark><em>. Il digitale \u00e8 solo un mezzo abilitante, \u00e8 nell\u2019utilizzo consapevole che si crea il progresso: think local<\/em>\u201d.<\/p>\n<h3>Un gesto semplice pu\u00f2 aiutare la comunit\u00e0<\/h3>\n<p>Alla presentazione fiorentina di \u201c<a href=\"https:\/\/www.instagram.com\/eroinormali_thinklocal\/\" target=\"_blank\" rel=\"noopener\">Think local, Eroi Normali<\/a>\u201d, che ha avuto il patrocinio del Comune e si svolger\u00e0 con il supporto organizzativo di Confesercenti Firenze, \u00e8 intervenuta anche <strong>Angela Cutuli<\/strong>, avvocato e membro del progetto \u201cEroi Normali\u201d: \u201c<mark><em>La campagna di sensibilizzazione e promozione dell\u2019acquisto di prossimit\u00e0 \u00e8 stata ideata e realizzata con il contributo di semplici cittadini, mossi dal forte desiderio di agire nell\u2019interesse della collettivit\u00e0<\/em><\/mark>.<em> Non si \u00e8 trattato solo di aiutare, con una campagna promozionale sui social media, negozianti e imprenditori duramente colpiti, sul piano economico, dagli effetti della pandemia; abbiamo voluto, con un gesto semplice, evidenziare e promuovere il ruolo di presidio sociale dei negozi di prossimit\u00e0, <strong>l\u2019importanza dell\u2019umanit\u00e0<\/strong> nei rapporti di scambio che avvengono nel punto vendita al dettaglio, gli effetti estremamente positivi generati dal commercio locale sul sistema economico territoriale e sull\u2019ambiente.<\/em><\/p>\n<figure id=\"post-168807 media-168807\" class=\"align-none\"><img decoding=\"async\" src=\"https:\/\/www.intoscana.it\/wp-content\/uploads\/presentazione-di-think-local-dreoni-firenze.jpg\" alt=\"\" \/><\/figure>\n<div class=\"titleimg\">La presentazione dell\u2019iniziativa \u201cThink local, Eroi Normali\u201d presso Dreoni Giocattoli a Firenze<\/div>\n<p><em>Per questo motivo, \u00e8 ancora pi\u00f9 importante per noi oggi sapere di potere contare sul sostegno morale del Comune di Firenze e di Confesercenti Firenze, che hanno avuto fiducia nell\u2019azione condivisa di alcuni semplici cittadini e hanno dimostrato la disponibilit\u00e0 delle istituzioni e delle categorie al dialogo per lavorare insieme al raggiungimento di obiettivi comuni di pubblico interesse ed utilit\u00e0. Perch\u00e9 <\/em><mark><em>siamo tutti inscindibilmente legati e ad ogni nostra azione, necessariamente responsabile, non pu\u00f2 che corrispondere una reazione altrettanto benefica per tutti noi<\/em><\/mark>\u201d.<\/p>\n<h3>Il rilancio delle attivit\u00e0 commerciali<\/h3>\n<p>\u201c<em>La cittadinanza attiva<\/em> &#8211; conclude <strong>Alessia Bettini<\/strong>, vicesindaca del <a href=\"https:\/\/www.comune.fi.it\/\" target=\"_blank\" rel=\"noopener\">Comune di Firenze<\/a> &#8211; <em>passa anche dal sostegno ai nostri negozi, questo progetto ne \u00e8 la dimostrazione: un gruppo di giovani professionisti che si \u00e8 impegnato per promuovere e rilanciare attivit\u00e0 commerciali. In un momento complicato come quello che stiamo affrontando, azioni come queste fanno bene alle nostre citt\u00e0<\/em>\u201d.<\/p>\n","protected":false},"excerpt":{"rendered":"<p>Arriva anche nella citt\u00e0 del Giglio la campagna di sensibilizzazione che vuole aiutare il commercio locale e i negozi di vicinato. Massimiliano Molese, ideatore dell\u2019iniziativa: \u201cVivere il quartiere \u00e8 la componente di un senso civico necessario per un futuro sostenibile\u201d<\/p>\n","protected":false},"author":483,"featured_media":168786,"comment_status":"open","ping_status":"open","sticky":false,"template":"","format":"standard","meta":{"_acf_changed":false,"footnotes":""},"categories":[9],"tags":[4865,4419,178,4420,407],"class_list":["post-168781","post","type-post","status-publish","format-standard","has-post-thumbnail","hentry","category-made-in-toscana","tag-botteghe","tag-commercio","tag-comune-di-firenze","tag-negozi-di-vicinato","tag-shopping"],"acf":[],"yoast_head":"<!-- This site is optimized with the Yoast SEO Premium plugin v24.2 (Yoast SEO v25.6) - https:\/\/yoast.com\/wordpress\/plugins\/seo\/ -->\n<title>Think Local: diventa un &quot;eroe normale&quot; e supporta le piccole imprese di Firenze - intoscana<\/title>\n<meta name=\"description\" content=\"A Firenze sbarca \u201cThink local, Eroi Normali\u201d, una campagna di sensibilizzazione che vuole aiutare le piccole aziende della citt\u00e0.\" \/>\n<meta name=\"robots\" content=\"index, follow, max-snippet:-1, max-image-preview:large, max-video-preview:-1\" \/>\n<link rel=\"canonical\" href=\"https:\/\/www.intoscana.it\/it\/think-local-eroe-normale-firenze\/\" \/>\n<meta property=\"og:locale\" content=\"it_IT\" \/>\n<meta property=\"og:type\" content=\"article\" \/>\n<meta property=\"og:title\" content=\"Think Local: diventa un &quot;eroe normale&quot; e supporta le piccole imprese di Firenze\" \/>\n<meta property=\"og:description\" content=\"A Firenze sbarca \u201cThink local, Eroi Normali\u201d, una campagna di sensibilizzazione che vuole aiutare le piccole aziende della citt\u00e0.\" \/>\n<meta property=\"og:url\" content=\"https:\/\/www.intoscana.it\/it\/think-local-eroe-normale-firenze\/\" \/>\n<meta property=\"og:site_name\" content=\"intoscana\" \/>\n<meta property=\"article:publisher\" content=\"https:\/\/www.facebook.com\/intoscana.it\" \/>\n<meta property=\"article:published_time\" content=\"2021-02-26T11:58:23+00:00\" \/>\n<meta property=\"og:image\" content=\"https:\/\/www.intoscana.it\/wp-content\/uploads\/Supportare-negozi-di-vicinato-con-acquisti-local-scaled.jpg\" \/>\n\t<meta property=\"og:image:width\" content=\"2048\" \/>\n\t<meta property=\"og:image:height\" content=\"1330\" \/>\n\t<meta property=\"og:image:type\" content=\"image\/jpeg\" \/>\n<meta name=\"author\" content=\"Marta Mancini\" \/>\n<meta name=\"twitter:card\" content=\"summary_large_image\" \/>\n<meta name=\"twitter:creator\" content=\"@intoscana\" \/>\n<meta name=\"twitter:site\" content=\"@intoscana\" \/>\n<meta name=\"twitter:label1\" content=\"Written by\" \/>\n\t<meta name=\"twitter:data1\" content=\"Marta Mancini\" \/>\n\t<meta name=\"twitter:label2\" content=\"Est. reading time\" \/>\n\t<meta name=\"twitter:data2\" content=\"3 minuti\" \/>\n<script type=\"application\/ld+json\" class=\"yoast-schema-graph\">{\"@context\":\"https:\/\/schema.org\",\"@graph\":[{\"@type\":\"WebPage\",\"@id\":\"https:\/\/www.intoscana.it\/it\/think-local-eroe-normale-firenze\/\",\"url\":\"https:\/\/www.intoscana.it\/it\/think-local-eroe-normale-firenze\/\",\"name\":\"Think Local: diventa un \\\"eroe normale\\\" e supporta le piccole imprese di Firenze - intoscana\",\"isPartOf\":{\"@id\":\"https:\/\/www.intoscana.it\/it\/#website\"},\"primaryImageOfPage\":{\"@id\":\"https:\/\/www.intoscana.it\/it\/think-local-eroe-normale-firenze\/#primaryimage\"},\"image\":{\"@id\":\"https:\/\/www.intoscana.it\/it\/think-local-eroe-normale-firenze\/#primaryimage\"},\"thumbnailUrl\":\"https:\/\/www.intoscana.it\/wp-content\/uploads\/Supportare-negozi-di-vicinato-con-acquisti-local-scaled.jpg\",\"datePublished\":\"2021-02-26T11:58:23+00:00\",\"author\":{\"@id\":\"https:\/\/www.intoscana.it\/it\/#\/schema\/person\/ba955c49c389f39a8208f182b0652479\"},\"description\":\"A Firenze sbarca \u201cThink local, Eroi Normali\u201d, una campagna di sensibilizzazione che vuole aiutare le piccole aziende della citt\u00e0.\",\"breadcrumb\":{\"@id\":\"https:\/\/www.intoscana.it\/it\/think-local-eroe-normale-firenze\/#breadcrumb\"},\"inLanguage\":\"it-IT\",\"potentialAction\":[{\"@type\":\"ReadAction\",\"target\":[\"https:\/\/www.intoscana.it\/it\/think-local-eroe-normale-firenze\/\"]}]},{\"@type\":\"ImageObject\",\"inLanguage\":\"it-IT\",\"@id\":\"https:\/\/www.intoscana.it\/it\/think-local-eroe-normale-firenze\/#primaryimage\",\"url\":\"https:\/\/www.intoscana.it\/wp-content\/uploads\/Supportare-negozi-di-vicinato-con-acquisti-local-scaled.jpg\",\"contentUrl\":\"https:\/\/www.intoscana.it\/wp-content\/uploads\/Supportare-negozi-di-vicinato-con-acquisti-local-scaled.jpg\",\"width\":2048,\"height\":1330,\"caption\":\"Acquisti local per supportare i negozi di vicinato\"},{\"@type\":\"BreadcrumbList\",\"@id\":\"https:\/\/www.intoscana.it\/it\/think-local-eroe-normale-firenze\/#breadcrumb\",\"itemListElement\":[{\"@type\":\"ListItem\",\"position\":1,\"name\":\"Home\",\"item\":\"https:\/\/www.intoscana.it\/it\/\"},{\"@type\":\"ListItem\",\"position\":2,\"name\":\"Think Local: diventa un &#8220;eroe normale&#8221; e supporta le piccole imprese di Firenze\"}]},{\"@type\":\"WebSite\",\"@id\":\"https:\/\/www.intoscana.it\/it\/#website\",\"url\":\"https:\/\/www.intoscana.it\/it\/\",\"name\":\"intoscana\",\"description\":\"\",\"potentialAction\":[{\"@type\":\"SearchAction\",\"target\":{\"@type\":\"EntryPoint\",\"urlTemplate\":\"https:\/\/www.intoscana.it\/it\/?s={search_term_string}\"},\"query-input\":{\"@type\":\"PropertyValueSpecification\",\"valueRequired\":true,\"valueName\":\"search_term_string\"}}],\"inLanguage\":\"it-IT\"},{\"@type\":\"Person\",\"@id\":\"https:\/\/www.intoscana.it\/it\/#\/schema\/person\/ba955c49c389f39a8208f182b0652479\",\"name\":\"Marta Mancini\",\"url\":\"https:\/\/www.intoscana.it\/it\/author\/marta-mancini\/\"}]}<\/script>\n<!-- \/ Yoast SEO Premium plugin. -->","yoast_head_json":{"title":"Think Local: diventa un \"eroe normale\" e supporta le piccole imprese di Firenze - intoscana","description":"A Firenze sbarca \u201cThink local, Eroi Normali\u201d, una campagna di sensibilizzazione che vuole aiutare le piccole aziende della citt\u00e0.","robots":{"index":"index","follow":"follow","max-snippet":"max-snippet:-1","max-image-preview":"max-image-preview:large","max-video-preview":"max-video-preview:-1"},"canonical":"https:\/\/www.intoscana.it\/it\/think-local-eroe-normale-firenze\/","og_locale":"it_IT","og_type":"article","og_title":"Think Local: diventa un \"eroe normale\" e supporta le piccole imprese di Firenze","og_description":"A Firenze sbarca \u201cThink local, Eroi Normali\u201d, una campagna di sensibilizzazione che vuole aiutare le piccole aziende della citt\u00e0.","og_url":"https:\/\/www.intoscana.it\/it\/think-local-eroe-normale-firenze\/","og_site_name":"intoscana","article_publisher":"https:\/\/www.facebook.com\/intoscana.it","article_published_time":"2021-02-26T11:58:23+00:00","og_image":[{"width":2048,"height":1330,"url":"https:\/\/www.intoscana.it\/wp-content\/uploads\/Supportare-negozi-di-vicinato-con-acquisti-local-scaled.jpg","type":"image\/jpeg"}],"author":"Marta Mancini","twitter_card":"summary_large_image","twitter_creator":"@intoscana","twitter_site":"@intoscana","twitter_misc":{"Written by":"Marta Mancini","Est. reading time":"3 minuti"},"schema":{"@context":"https:\/\/schema.org","@graph":[{"@type":"WebPage","@id":"https:\/\/www.intoscana.it\/it\/think-local-eroe-normale-firenze\/","url":"https:\/\/www.intoscana.it\/it\/think-local-eroe-normale-firenze\/","name":"Think Local: diventa un \"eroe normale\" e supporta le piccole imprese di Firenze - intoscana","isPartOf":{"@id":"https:\/\/www.intoscana.it\/it\/#website"},"primaryImageOfPage":{"@id":"https:\/\/www.intoscana.it\/it\/think-local-eroe-normale-firenze\/#primaryimage"},"image":{"@id":"https:\/\/www.intoscana.it\/it\/think-local-eroe-normale-firenze\/#primaryimage"},"thumbnailUrl":"https:\/\/www.intoscana.it\/wp-content\/uploads\/Supportare-negozi-di-vicinato-con-acquisti-local-scaled.jpg","datePublished":"2021-02-26T11:58:23+00:00","author":{"@id":"https:\/\/www.intoscana.it\/it\/#\/schema\/person\/ba955c49c389f39a8208f182b0652479"},"description":"A Firenze sbarca \u201cThink local, Eroi Normali\u201d, una campagna di sensibilizzazione che vuole aiutare le piccole aziende della citt\u00e0.","breadcrumb":{"@id":"https:\/\/www.intoscana.it\/it\/think-local-eroe-normale-firenze\/#breadcrumb"},"inLanguage":"it-IT","potentialAction":[{"@type":"ReadAction","target":["https:\/\/www.intoscana.it\/it\/think-local-eroe-normale-firenze\/"]}]},{"@type":"ImageObject","inLanguage":"it-IT","@id":"https:\/\/www.intoscana.it\/it\/think-local-eroe-normale-firenze\/#primaryimage","url":"https:\/\/www.intoscana.it\/wp-content\/uploads\/Supportare-negozi-di-vicinato-con-acquisti-local-scaled.jpg","contentUrl":"https:\/\/www.intoscana.it\/wp-content\/uploads\/Supportare-negozi-di-vicinato-con-acquisti-local-scaled.jpg","width":2048,"height":1330,"caption":"Acquisti local per supportare i negozi di vicinato"},{"@type":"BreadcrumbList","@id":"https:\/\/www.intoscana.it\/it\/think-local-eroe-normale-firenze\/#breadcrumb","itemListElement":[{"@type":"ListItem","position":1,"name":"Home","item":"https:\/\/www.intoscana.it\/it\/"},{"@type":"ListItem","position":2,"name":"Think Local: diventa un &#8220;eroe normale&#8221; e supporta le piccole imprese di Firenze"}]},{"@type":"WebSite","@id":"https:\/\/www.intoscana.it\/it\/#website","url":"https:\/\/www.intoscana.it\/it\/","name":"intoscana","description":"","potentialAction":[{"@type":"SearchAction","target":{"@type":"EntryPoint","urlTemplate":"https:\/\/www.intoscana.it\/it\/?s={search_term_string}"},"query-input":{"@type":"PropertyValueSpecification","valueRequired":true,"valueName":"search_term_string"}}],"inLanguage":"it-IT"},{"@type":"Person","@id":"https:\/\/www.intoscana.it\/it\/#\/schema\/person\/ba955c49c389f39a8208f182b0652479","name":"Marta Mancini","url":"https:\/\/www.intoscana.it\/it\/author\/marta-mancini\/"}]}},"_links":{"self":[{"href":"https:\/\/www.intoscana.it\/it\/wp-json\/wp\/v2\/posts\/168781","targetHints":{"allow":["GET"]}}],"collection":[{"href":"https:\/\/www.intoscana.it\/it\/wp-json\/wp\/v2\/posts"}],"about":[{"href":"https:\/\/www.intoscana.it\/it\/wp-json\/wp\/v2\/types\/post"}],"author":[{"embeddable":true,"href":"https:\/\/www.intoscana.it\/it\/wp-json\/wp\/v2\/users\/483"}],"replies":[{"embeddable":true,"href":"https:\/\/www.intoscana.it\/it\/wp-json\/wp\/v2\/comments?post=168781"}],"version-history":[{"count":0,"href":"https:\/\/www.intoscana.it\/it\/wp-json\/wp\/v2\/posts\/168781\/revisions"}],"wp:featuredmedia":[{"embeddable":true,"href":"https:\/\/www.intoscana.it\/it\/wp-json\/wp\/v2\/media\/168786"}],"wp:attachment":[{"href":"https:\/\/www.intoscana.it\/it\/wp-json\/wp\/v2\/media?parent=168781"}],"wp:term":[{"taxonomy":"category","embeddable":true,"href":"https:\/\/www.intoscana.it\/it\/wp-json\/wp\/v2\/categories?post=168781"},{"taxonomy":"post_tag","embeddable":true,"href":"https:\/\/www.intoscana.it\/it\/wp-json\/wp\/v2\/tags?post=168781"}],"curies":[{"name":"wp","href":"https:\/\/api.w.org\/{rel}","templated":true}]}}