{"id":169147,"date":"2021-03-03T10:15:18","date_gmt":"2021-03-03T09:15:18","guid":{"rendered":"https:\/\/www.intoscana.it\/it\/?p=169147"},"modified":"2021-03-03T10:18:36","modified_gmt":"2021-03-03T09:18:36","slug":"bando-pendolari-borgo-radicondoli","status":"publish","type":"post","link":"https:\/\/www.intoscana.it\/it\/bando-pendolari-borgo-radicondoli\/","title":{"rendered":"Borghi a caccia di residenti: a Radicondoli un contributo per i pendolari"},"content":{"rendered":"<p>Continua l\u2019impegno di <strong>Radicondoli, borgo in provincia di Siena, per aiutare i residenti<\/strong> e invogliare altri a trasferirsi a vivere qui. Il Comune infatti ha lanciato il <strong>bando per i pendolari, stanziando 10mila euro<\/strong> di budget per dare un contributo che copra in tutto o in parte le spese di viaggio sostenute da chi lavora fuori dal territorio comunale.<\/p>\n<h3>Una comunit\u00e0 che vuole crescere<\/h3>\n<p>L&#8217;iniziativa fa parte del progetto <a href=\"https:\/\/www.intoscana.it\/it\/articolo\/smart-working-in-toscana-al-via-la-campagna-wivo-a-radicondoli\/\" target=\"_blank\" rel=\"noopener\">WivoaRadicondoli<\/a>, promosso sempre dall&#8217;amministrazione comunale per migliorare la qualit\u00e0 della vita delle persone, stimolare lo sviluppo economico e la residenzialit\u00e0. Il progetto infatti offre una serie di agevolazioni economiche su<strong>\u00a0casa, famiglia e lavoro, come contributi per l&#8217;acquisto della prima casa o per l&#8217;affitto <\/strong>ma anche un bando per incentivare<strong><a href=\"https:\/\/www.intoscana.it\/it\/articolo\/fino-a-8mila-euro-di-contributo-per-chi-apre-una-nuova-attivita-a-radicondoli\/\" target=\"_blank\" rel=\"noopener\">l&#8217;apertura di attivit\u00e0 economiche<\/a><\/strong>o il rilancio di imprese gi\u00e0 esistenti.<\/p>\n<div class=\"focuson\"><a href=\"https:\/\/www.intoscana.it\/it\/articolo\/smart-working-in-toscana-al-via-la-campagna-wivo-a-radicondoli\/\"><img decoding=\"async\" class=\"lazy\" src=\"https:\/\/www.intoscana.it\/wp-content\/uploads\/109331683_101803791618800_8150828143527681300_n.jpeg\" style=\"\">\n                <div class=\"cat\">Al via la campagna \u201cWivo a Radicondoli\u201d<\/div>\n                <h4>Il Comune offre una serie di agevolazioni economiche su casa, famiglia e lavoro<\/h4><\/a>\n              <\/div>\n<p><em>\u201cCome gi\u00e0 lo scorso anno <strong>interveniamo sia a favore di chi prende mezzi pubblici, sia di chi deve prendere la macchina,<\/strong> considerato che gli orari di lavoro non sempre coincidono con quelli dei mezzi pubblici che servono la zona \u2013 <\/em>sottolinea il sindaco di Radicondoli Francesco Guarguaglini <em>\u2013 \u00e8 uno strumento che si integra perfettamente con il bando per l\u2019acquisto della prima casa, con il bando per l\u2019affitto, con i bandi legati alla copertura delle spese scolastiche.<strong> C\u2019\u00e8 un comune denominatore in tutte queste azioni, che si riconoscono nel progetto WivoaRadicondoli: quello di una realt\u00e0 che sostiene i propri residenti.<\/strong> E che vuole crescere. Una comunit\u00e0 che ha tutte le risorse, culturali, strutturali per rispondere anche ad una domanda di residenzialit\u00e0 diversa che il Covid ha sollevato e i cui effetti vedremo nel prossimo futuro\u201d.<\/em><\/p>\n<h3>Chi ha diritto al contributo pendolari<\/h3>\n<p>Il lavoratore di Radicondoli che accede al <a href=\"http:\/\/wivoaradicondoli.it\/bando-mobilita\/\" target=\"_blank\" rel=\"noopener\">bando<\/a> pu\u00f2 essere <strong>dipendente, autonomo, imprenditore, ditta individuale, libero professionista con sede al di fuori del territorio comunal<\/strong>e ad una distanza minima di oltre 10 chilometri, per attivit\u00e0 lavorativa non inferiore a un mese annuo. Inoltre deve essere residente e mantenere la residenza nel Comune di Radicondoli per l\u2019intera annualit\u00e0 alla quale si riferisce il bando.<\/p>\n<p>Il lavoratore inoltre deve avere <strong>un abbonamento a mezzi pubblico o una macchina<\/strong> di propriet\u00e0 sua o di uno dei componenti del nucleo familiare. Il contributo pu\u00f2 essere richiesto anche dai dipendenti che siano destinati dal proprio datore a pi\u00f9 sedi lavorative indicate di volta in volta al dipendente ed ai lavoratori autonomi con assunzioni \u201ca giornata\u201d o \u201cad ore\u201d.<\/p>\n<p><strong>Il contributo non spetta a chi utilizza mezzi aziendale, a chi percepisce indennit\u00e0 aziendali per spese di viaggio<\/strong>, a chi ha diritto all\u2019uso gratuito di un mezzo di trasporto pubblico di linea, a chi non ha la patente, a chi usufruisce, in qualit\u00e0 di passeggero, di mezzo altrui, per recarsi sul posto di lavoro.<\/p>\n<h3>Coperto il totale o l&#8217;80% del costo di viaggio da Radicondoli<\/h3>\n<p>Se il lavoratore usa la macchina, il contributo che gli spetta risulta in base al calcolo dei costi chilometrici rilevabili dalle tabelle Aci, fino <strong>all\u201980% del costo sostenuto e comunque non oltre l\u2019importo dell\u2019abbonamento o degli abbonamenti necessari<\/strong> a raggiungere il luogo di lavoro. In caso di utilizzo di mezzi pubblici di trasporto il lavoratore ha diritto a un contributo pari al valore del prezzo dell\u2019abbonamento.<\/p>\n","protected":false},"excerpt":{"rendered":"<p>Il Comune lancia un bando da 10mila euro che si aggiunge al sostegno per l\u2019acquisto della prima casa e per l&#8217;affitto e fa parte del progetto WivoaRadicondoli<\/p>\n","protected":false},"author":502,"featured_media":158666,"comment_status":"open","ping_status":"open","sticky":false,"template":"","format":"standard","meta":{"_acf_changed":false,"footnotes":""},"categories":[4],"tags":[4941,4547],"class_list":["post-169147","post","type-post","status-publish","format-standard","has-post-thumbnail","hentry","category-storie","tag-radicondoli","tag-smart-working"],"acf":[],"yoast_head":"<!-- This site is optimized with the Yoast SEO Premium plugin v24.2 (Yoast SEO v25.6) - https:\/\/yoast.com\/wordpress\/plugins\/seo\/ -->\n<title>Borghi a caccia di residenti: a Radicondoli un contributo per i pendolari - intoscana<\/title>\n<meta name=\"description\" content=\"Il Comune di Radicondoli, nell&#039;ambito del suo progetto per attrarre residenti, lancia anche un bando pendolari che copre le spese di viaggio.\" \/>\n<meta name=\"robots\" content=\"index, follow, max-snippet:-1, max-image-preview:large, max-video-preview:-1\" \/>\n<link rel=\"canonical\" href=\"https:\/\/www.intoscana.it\/it\/bando-pendolari-borgo-radicondoli\/\" \/>\n<meta property=\"og:locale\" content=\"it_IT\" \/>\n<meta property=\"og:type\" content=\"article\" \/>\n<meta property=\"og:title\" content=\"Borghi a caccia di residenti: a Radicondoli un contributo per i pendolari\" \/>\n<meta property=\"og:description\" content=\"Il Comune di Radicondoli, nell&#039;ambito del suo progetto per attrarre residenti, lancia anche un bando pendolari che copre le spese di viaggio.\" \/>\n<meta property=\"og:url\" content=\"https:\/\/www.intoscana.it\/it\/bando-pendolari-borgo-radicondoli\/\" \/>\n<meta property=\"og:site_name\" content=\"intoscana\" \/>\n<meta property=\"article:publisher\" content=\"https:\/\/www.facebook.com\/intoscana.it\" \/>\n<meta property=\"article:published_time\" content=\"2021-03-03T09:15:18+00:00\" \/>\n<meta property=\"article:modified_time\" content=\"2021-03-03T09:18:36+00:00\" \/>\n<meta property=\"og:image\" content=\"https:\/\/www.intoscana.it\/wp-content\/uploads\/Radicondoli-foto-by-Laura-Caini-scaled.jpg\" \/>\n\t<meta property=\"og:image:width\" content=\"2048\" \/>\n\t<meta property=\"og:image:height\" content=\"1165\" \/>\n\t<meta property=\"og:image:type\" content=\"image\/jpeg\" \/>\n<meta name=\"author\" content=\"Ilaria Giannini\" \/>\n<meta name=\"twitter:card\" content=\"summary_large_image\" \/>\n<meta name=\"twitter:creator\" content=\"@i.giannini@fst.it\" \/>\n<meta name=\"twitter:site\" content=\"@intoscana\" \/>\n<meta name=\"twitter:label1\" content=\"Written by\" \/>\n\t<meta name=\"twitter:data1\" content=\"Ilaria Giannini\" \/>\n\t<meta name=\"twitter:label2\" content=\"Est. reading time\" \/>\n\t<meta name=\"twitter:data2\" content=\"3 minuti\" \/>\n<script type=\"application\/ld+json\" class=\"yoast-schema-graph\">{\"@context\":\"https:\/\/schema.org\",\"@graph\":[{\"@type\":\"WebPage\",\"@id\":\"https:\/\/www.intoscana.it\/it\/bando-pendolari-borgo-radicondoli\/\",\"url\":\"https:\/\/www.intoscana.it\/it\/bando-pendolari-borgo-radicondoli\/\",\"name\":\"Borghi a caccia di residenti: a Radicondoli un contributo per i pendolari - intoscana\",\"isPartOf\":{\"@id\":\"https:\/\/www.intoscana.it\/it\/#website\"},\"primaryImageOfPage\":{\"@id\":\"https:\/\/www.intoscana.it\/it\/bando-pendolari-borgo-radicondoli\/#primaryimage\"},\"image\":{\"@id\":\"https:\/\/www.intoscana.it\/it\/bando-pendolari-borgo-radicondoli\/#primaryimage\"},\"thumbnailUrl\":\"https:\/\/www.intoscana.it\/wp-content\/uploads\/Radicondoli-foto-by-Laura-Caini-scaled.jpg\",\"datePublished\":\"2021-03-03T09:15:18+00:00\",\"dateModified\":\"2021-03-03T09:18:36+00:00\",\"author\":{\"@id\":\"https:\/\/www.intoscana.it\/it\/#\/schema\/person\/de95e1ed2c1c8c30a6922bbba3a90185\"},\"description\":\"Il Comune di Radicondoli, nell'ambito del suo progetto per attrarre residenti, lancia anche un bando pendolari che copre le spese di viaggio.\",\"breadcrumb\":{\"@id\":\"https:\/\/www.intoscana.it\/it\/bando-pendolari-borgo-radicondoli\/#breadcrumb\"},\"inLanguage\":\"it-IT\",\"potentialAction\":[{\"@type\":\"ReadAction\",\"target\":[\"https:\/\/www.intoscana.it\/it\/bando-pendolari-borgo-radicondoli\/\"]}]},{\"@type\":\"ImageObject\",\"inLanguage\":\"it-IT\",\"@id\":\"https:\/\/www.intoscana.it\/it\/bando-pendolari-borgo-radicondoli\/#primaryimage\",\"url\":\"https:\/\/www.intoscana.it\/wp-content\/uploads\/Radicondoli-foto-by-Laura-Caini-scaled.jpg\",\"contentUrl\":\"https:\/\/www.intoscana.it\/wp-content\/uploads\/Radicondoli-foto-by-Laura-Caini-scaled.jpg\",\"width\":2048,\"height\":1165,\"caption\":\"Il borgo di Radicondoli\"},{\"@type\":\"BreadcrumbList\",\"@id\":\"https:\/\/www.intoscana.it\/it\/bando-pendolari-borgo-radicondoli\/#breadcrumb\",\"itemListElement\":[{\"@type\":\"ListItem\",\"position\":1,\"name\":\"Home\",\"item\":\"https:\/\/www.intoscana.it\/it\/\"},{\"@type\":\"ListItem\",\"position\":2,\"name\":\"Borghi a caccia di residenti: a Radicondoli un contributo per i pendolari\"}]},{\"@type\":\"WebSite\",\"@id\":\"https:\/\/www.intoscana.it\/it\/#website\",\"url\":\"https:\/\/www.intoscana.it\/it\/\",\"name\":\"intoscana\",\"description\":\"\",\"potentialAction\":[{\"@type\":\"SearchAction\",\"target\":{\"@type\":\"EntryPoint\",\"urlTemplate\":\"https:\/\/www.intoscana.it\/it\/?s={search_term_string}\"},\"query-input\":{\"@type\":\"PropertyValueSpecification\",\"valueRequired\":true,\"valueName\":\"search_term_string\"}}],\"inLanguage\":\"it-IT\"},{\"@type\":\"Person\",\"@id\":\"https:\/\/www.intoscana.it\/it\/#\/schema\/person\/de95e1ed2c1c8c30a6922bbba3a90185\",\"name\":\"Ilaria Giannini\",\"sameAs\":[\"https:\/\/x.com\/i.giannini@fst.it\"],\"url\":\"https:\/\/www.intoscana.it\/it\/author\/ilaria-giannini\/\"}]}<\/script>\n<!-- \/ Yoast SEO Premium plugin. -->","yoast_head_json":{"title":"Borghi a caccia di residenti: a Radicondoli un contributo per i pendolari - intoscana","description":"Il Comune di Radicondoli, nell'ambito del suo progetto per attrarre residenti, lancia anche un bando pendolari che copre le spese di viaggio.","robots":{"index":"index","follow":"follow","max-snippet":"max-snippet:-1","max-image-preview":"max-image-preview:large","max-video-preview":"max-video-preview:-1"},"canonical":"https:\/\/www.intoscana.it\/it\/bando-pendolari-borgo-radicondoli\/","og_locale":"it_IT","og_type":"article","og_title":"Borghi a caccia di residenti: a Radicondoli un contributo per i pendolari","og_description":"Il Comune di Radicondoli, nell'ambito del suo progetto per attrarre residenti, lancia anche un bando pendolari che copre le spese di viaggio.","og_url":"https:\/\/www.intoscana.it\/it\/bando-pendolari-borgo-radicondoli\/","og_site_name":"intoscana","article_publisher":"https:\/\/www.facebook.com\/intoscana.it","article_published_time":"2021-03-03T09:15:18+00:00","article_modified_time":"2021-03-03T09:18:36+00:00","og_image":[{"width":2048,"height":1165,"url":"https:\/\/www.intoscana.it\/wp-content\/uploads\/Radicondoli-foto-by-Laura-Caini-scaled.jpg","type":"image\/jpeg"}],"author":"Ilaria Giannini","twitter_card":"summary_large_image","twitter_creator":"@i.giannini@fst.it","twitter_site":"@intoscana","twitter_misc":{"Written by":"Ilaria Giannini","Est. reading time":"3 minuti"},"schema":{"@context":"https:\/\/schema.org","@graph":[{"@type":"WebPage","@id":"https:\/\/www.intoscana.it\/it\/bando-pendolari-borgo-radicondoli\/","url":"https:\/\/www.intoscana.it\/it\/bando-pendolari-borgo-radicondoli\/","name":"Borghi a caccia di residenti: a Radicondoli un contributo per i pendolari - intoscana","isPartOf":{"@id":"https:\/\/www.intoscana.it\/it\/#website"},"primaryImageOfPage":{"@id":"https:\/\/www.intoscana.it\/it\/bando-pendolari-borgo-radicondoli\/#primaryimage"},"image":{"@id":"https:\/\/www.intoscana.it\/it\/bando-pendolari-borgo-radicondoli\/#primaryimage"},"thumbnailUrl":"https:\/\/www.intoscana.it\/wp-content\/uploads\/Radicondoli-foto-by-Laura-Caini-scaled.jpg","datePublished":"2021-03-03T09:15:18+00:00","dateModified":"2021-03-03T09:18:36+00:00","author":{"@id":"https:\/\/www.intoscana.it\/it\/#\/schema\/person\/de95e1ed2c1c8c30a6922bbba3a90185"},"description":"Il Comune di Radicondoli, nell'ambito del suo progetto per attrarre residenti, lancia anche un bando pendolari che copre le spese di viaggio.","breadcrumb":{"@id":"https:\/\/www.intoscana.it\/it\/bando-pendolari-borgo-radicondoli\/#breadcrumb"},"inLanguage":"it-IT","potentialAction":[{"@type":"ReadAction","target":["https:\/\/www.intoscana.it\/it\/bando-pendolari-borgo-radicondoli\/"]}]},{"@type":"ImageObject","inLanguage":"it-IT","@id":"https:\/\/www.intoscana.it\/it\/bando-pendolari-borgo-radicondoli\/#primaryimage","url":"https:\/\/www.intoscana.it\/wp-content\/uploads\/Radicondoli-foto-by-Laura-Caini-scaled.jpg","contentUrl":"https:\/\/www.intoscana.it\/wp-content\/uploads\/Radicondoli-foto-by-Laura-Caini-scaled.jpg","width":2048,"height":1165,"caption":"Il borgo di Radicondoli"},{"@type":"BreadcrumbList","@id":"https:\/\/www.intoscana.it\/it\/bando-pendolari-borgo-radicondoli\/#breadcrumb","itemListElement":[{"@type":"ListItem","position":1,"name":"Home","item":"https:\/\/www.intoscana.it\/it\/"},{"@type":"ListItem","position":2,"name":"Borghi a caccia di residenti: a Radicondoli un contributo per i pendolari"}]},{"@type":"WebSite","@id":"https:\/\/www.intoscana.it\/it\/#website","url":"https:\/\/www.intoscana.it\/it\/","name":"intoscana","description":"","potentialAction":[{"@type":"SearchAction","target":{"@type":"EntryPoint","urlTemplate":"https:\/\/www.intoscana.it\/it\/?s={search_term_string}"},"query-input":{"@type":"PropertyValueSpecification","valueRequired":true,"valueName":"search_term_string"}}],"inLanguage":"it-IT"},{"@type":"Person","@id":"https:\/\/www.intoscana.it\/it\/#\/schema\/person\/de95e1ed2c1c8c30a6922bbba3a90185","name":"Ilaria Giannini","sameAs":["https:\/\/x.com\/i.giannini@fst.it"],"url":"https:\/\/www.intoscana.it\/it\/author\/ilaria-giannini\/"}]}},"_links":{"self":[{"href":"https:\/\/www.intoscana.it\/it\/wp-json\/wp\/v2\/posts\/169147","targetHints":{"allow":["GET"]}}],"collection":[{"href":"https:\/\/www.intoscana.it\/it\/wp-json\/wp\/v2\/posts"}],"about":[{"href":"https:\/\/www.intoscana.it\/it\/wp-json\/wp\/v2\/types\/post"}],"author":[{"embeddable":true,"href":"https:\/\/www.intoscana.it\/it\/wp-json\/wp\/v2\/users\/502"}],"replies":[{"embeddable":true,"href":"https:\/\/www.intoscana.it\/it\/wp-json\/wp\/v2\/comments?post=169147"}],"version-history":[{"count":0,"href":"https:\/\/www.intoscana.it\/it\/wp-json\/wp\/v2\/posts\/169147\/revisions"}],"wp:featuredmedia":[{"embeddable":true,"href":"https:\/\/www.intoscana.it\/it\/wp-json\/wp\/v2\/media\/158666"}],"wp:attachment":[{"href":"https:\/\/www.intoscana.it\/it\/wp-json\/wp\/v2\/media?parent=169147"}],"wp:term":[{"taxonomy":"category","embeddable":true,"href":"https:\/\/www.intoscana.it\/it\/wp-json\/wp\/v2\/categories?post=169147"},{"taxonomy":"post_tag","embeddable":true,"href":"https:\/\/www.intoscana.it\/it\/wp-json\/wp\/v2\/tags?post=169147"}],"curies":[{"name":"wp","href":"https:\/\/api.w.org\/{rel}","templated":true}]}}