{"id":169157,"date":"2021-03-03T10:50:00","date_gmt":"2021-03-03T09:50:00","guid":{"rendered":"https:\/\/www.intoscana.it\/it\/?p=169157"},"modified":"2021-03-03T11:01:48","modified_gmt":"2021-03-03T10:01:48","slug":"kommando","status":"publish","type":"post","link":"https:\/\/www.intoscana.it\/it\/kommando\/","title":{"rendered":"Il producer, musicista e dj Kommando: da Firenze al debutto internazionale"},"content":{"rendered":"<p><strong>Francesco Carresi,<\/strong> in arte<a href=\"https:\/\/www.facebook.com\/kommandofficial\/\" target=\"_blank\" rel=\"noopener\"> <strong>Kommando,<\/strong><\/a> \u00e8 arrivato al mixer dopo aver studiato e suonato per anni pianoforte, batteria e chitarra. Esperienze che gli hanno consentito un approccio pi\u00f9 da musicista che da dj.\u00a0<strong>A soli 23 anni, <\/strong>l\u2019artista fiorentino vanta un curriculum gi\u00e0 da veterano, con live a <strong>Dubai, Ibiza, Barcellona, Phuket, Mykonos<\/strong> e in altre capitali della nightlife.<\/p>\n<p>Oltre ad aver suonato moltissimo all\u2019estero, \u00e8 il dj di punta di <a href=\"https:\/\/stranomondoagency.com\" target=\"_blank\" rel=\"noopener\"><strong>StranoMondo Agency<\/strong> <\/a>e con il brano <em><strong>&#8220;Progresso&#8221;<\/strong><\/em> ha raggiunto la 30esima posizione della classifica internazionale <strong>TECHNO TOP 100 di Beatport.<\/strong><\/p>\n<p><em><strong>&#8220;That&#8217;s My Thing&#8221;<\/strong><\/em> \u00e8 il suo primo &#8220;passo&#8221; discografico,\u00a0<strong>un EP tutto italiano<\/strong> per <strong>un debutto internazionale<\/strong> e anticipa di qualche mese l\u2019uscita del primo album.\u00a0Sound eclettico ed energia esplosiva, <strong>Kommando \u00e8<\/strong> <strong>la next big thing dell\u2019elettronica italiana da esportazione<\/strong>.<\/p>\n<h3>Ecco la nostra intervista<\/h3>\n<p><strong>Ciao Francesco! Di solito non lo chiedo mai, ma il tuo nome d&#8217;arte mi incuriosisce, com&#8217;\u00e8 nato?<\/strong><\/p>\n<p>Il nome <strong>Kommando<\/strong> nasce da un video gioco che si chiamava <strong>Captain Commando<\/strong> con cui giocavo quando ero molto piccolo. Quando venne il momento di scegliere un nome d&#8217;arte mi appellai a questo tentativo sostituendo la C con la K. All&#8217;inizio tutti i nomi sembrano banali, io provai con quello e mi port\u00f2 tanta fortuna e soddisfazione cos\u00ec mi ci sono legato e non l&#8217;ho pi\u00f9 cambiato. Tutti credono che riguardi il film di <strong>Schwarzenegger<\/strong>.<\/p>\n<p><strong>Hai iniziato studiando pianoforte, batteria, chitarra. Quando \u00e8 avvenuta la &#8220;folgorazione&#8221; per la Techno?<\/strong><\/p>\n<p>Io nasco in una famiglia di musicisti, quindi mi sono approcciato alla musica con studi da accademia. Da quando ho iniziato le superiori intorno ai 13-14 il mio sogno \u00e8 sempre stato quello di <strong>far star bene e far divertire la gente<\/strong>. Quindi iniziai a fare le prime festicciole, ognuno aveva un proprio ruolo, io mi improvvisai come<strong> &#8220;quello che mette la musica&#8221;<\/strong>. <strong>Fare il dj per me \u00e8 stata una necessit\u00e0<\/strong> perch\u00e8 era una figura che si frapponeva perfettamente tra me e le persone. <strong>Riuscivo a connettermi anche se all&#8217;inizio in maniera amatoriale con il pubblico<\/strong>. La figura del dj in realt\u00e0 non \u00e8 il mio &#8216;sogno&#8217; <strong>\u00e8 solo un pezzo del puzzle<\/strong> che si va ad aggiungere nel progetto di connettermi con le persone. Io mi ritengo in primis musicista, poi produttore, il dj \u00e8 solo una cosa in pi\u00f9.<\/p>\n<figure id=\"post-169158 media-169158\" class=\"align-none\"><img decoding=\"async\" src=\"https:\/\/www.intoscana.it\/wp-content\/uploads\/Kommando-foto-@LiukFirenze-credito-obbligatorio-1-pic.jpg\" alt=\"\" \/><\/figure>\n<div class=\"titleimg\"><em><strong>Kommando \u2013 foto @LiukFirenze<\/strong><\/em><\/div>\n<p><strong>Mi colpisce molto il fatto che hai 23 anni ma hai gi\u00e0 girato mezzo mondo, come hai vissuto quest&#8217;esperienza?<\/strong><\/p>\n<p>Devo ringraziare tante persone. <strong>Io sono del Valdarno, una zona molto provinciale<\/strong> da cui \u00e8 difficile emergere e riuscire ad andare fuori. I miei genitori non mi hanno mai negato niente, ho fatto il liceo scientifico, poi ho iniziato studi universitari che non ho potuto portare a termine perch\u00e8 poi \u00e8 partita la mia carriera e loro hanno sempre avuto fiducia in me e mi hanno aiutato. <strong>Penso che avere l&#8217;indipendenza economica sia il maggior regalo che un figlio pu\u00f2 fare ai genitori<\/strong>. In secondo luogo devo ringraziare i miei amici, ho avuto una fanbase locale che mi ha molto spronato a proseguire in questo percorso. Nel 2016 poi il passo pi\u00f9 grosso \u00e8 stato conoscere\u00a0<strong>Leandro Bisenzi di StranoMondo<\/strong> con cui all&#8217;inizio ho collaborato come dj tramite il progetto di <strong>Circo Nero.<\/strong> Lui ha deciso di investire molto su di me, abbiamo creato un\u00a0management e un booking e grazie a lui sono andato in tour in tutto il mondo.<\/p>\n<p><strong>Pochi giorni fa \u00e8 morto l&#8217;immenso dj Coccoluto, hai un ricordo legato a lui?<\/strong><\/p>\n<p><strong>Ho<\/strong> <strong>avuto la fortuna di conoscere Claudio.<\/strong> Abbiamo fatto un&#8217;intervista insieme mi pare quattro mesi fa. <strong>Mi ha colpito tantissimo la sua una umanit\u00e0,<\/strong> stavamo parlando del discorso della nighlife che non riparte, la crisi del mondo del clubbing.<strong> Io ho una visione molto diretta di questa cosa,<\/strong> ovvero s\u00ec <strong>\u00e8 stata una situazione negativa ma per chi l&#8217;ha saputa sfruttare \u00e8 stata una manna dal cielo<\/strong>. Io ho ritrovato me stesso, ho ridato valore alle piccole cose, ho creato il mio primo album, insomma tante cose positive nel marasma delle cose negative. <strong>Lui fu l&#8217;unico che ebbe il coraggio di dirlo, io non me lo potevo permettere perch\u00e8 ero quello pi\u00f9 giovane<\/strong>. Mi colp\u00ec tantissimo la sua saggezza espressa con parole semplici e dirette. <strong>In quei pochi minuti \u00e8 stato un grande maestro di vita, ha detto cose bellissime e io ne sono grato.<\/strong><\/p>\n<p><strong>In questo anno di pandemia che fine ha fatto il popolo della notte?\u00a0<\/strong><\/p>\n<p>Secondo me ci sar\u00e0 una grande divisione in due parti. Da una parte<strong> le persone che non vedono l&#8217;ora che questa cosa finisca,<\/strong>\u00a0che<strong> andranno oltre la paura<\/strong> che \u00e8 stata innescata dai media e <strong>non vedono l&#8217;ora di riabbracciarsi<\/strong>. Cosa che peraltro stanno gi\u00e0 facendo perch\u00e9 le feste private non si sono mai fermate, la gente cerca sempre di riunirsi. Ti dico a malincuore, forse \u00e8 anche una cosa positiva non sta a me giudicarlo, che per\u00f2 <strong>ci sono persone della mia et\u00e0 che hanno accusato questa situazione.<\/strong> Potrebbe esserci all&#8217;inizio un po&#8217; di paura generale, ma spero che sia un discorso solo dei primi mesi. Mi spaventa un po&#8217; la mia generazione che potrebbe essere stata colpita da tutto questo. <strong>La gente si abitua molto facilmente e se gli dicono di restare a casa poi ci resta anche volentieri.<\/strong> <strong>Nell&#8217;aria c&#8217;\u00e8 anche questo problema.<\/strong><\/p>\n<figure id=\"post-169163 media-169163\" class=\"align-none\"><img decoding=\"async\" src=\"https:\/\/www.intoscana.it\/wp-content\/uploads\/Kommando-Thats-My-Thing-cover.jpg\" alt=\"\" \/><\/figure>\n<div class=\"titleimg\">Kommando That\u2019s My Thing cover<\/div>\n<p>&nbsp;<\/p>\n<p>&nbsp;<\/p>\n","protected":false},"excerpt":{"rendered":"<p>A soli 23 anni l\u2019artista fiorentino vanta un curriculum da veterano, con live a Dubai, Ibiza, Barcellona, Phuket, Mykonos e in altre capitali della nightlife<\/p>\n","protected":false},"author":518,"featured_media":169167,"comment_status":"open","ping_status":"open","sticky":false,"template":"","format":"standard","meta":{"_acf_changed":false,"footnotes":""},"categories":[14],"tags":[3138,3196],"class_list":["post-169157","post","type-post","status-publish","format-standard","has-post-thumbnail","hentry","category-musica","tag-interviste-agli-artisti","tag-musicisti"],"acf":[],"yoast_head":"<!-- This site is optimized with the Yoast SEO Premium plugin v24.2 (Yoast SEO v25.6) - https:\/\/yoast.com\/wordpress\/plugins\/seo\/ -->\n<title>Il producer, musicista e dj Kommando: da Firenze al debutto internazionale - intoscana<\/title>\n<meta name=\"description\" content=\"A soli 23 anni l\u2019artista fiorentino vanta un curriculum da veterano, con live a Dubai, Ibiza, Barcellona, Phuket, Mykonos\" \/>\n<meta name=\"robots\" content=\"index, follow, max-snippet:-1, max-image-preview:large, max-video-preview:-1\" \/>\n<link rel=\"canonical\" href=\"https:\/\/www.intoscana.it\/it\/kommando\/\" \/>\n<meta property=\"og:locale\" content=\"it_IT\" \/>\n<meta property=\"og:type\" content=\"article\" \/>\n<meta property=\"og:title\" content=\"Il producer, musicista e dj Kommando: da Firenze al debutto internazionale\" \/>\n<meta property=\"og:description\" content=\"A soli 23 anni l\u2019artista fiorentino vanta un curriculum da veterano, con live a Dubai, Ibiza, Barcellona, Phuket, Mykonos\" \/>\n<meta property=\"og:url\" content=\"https:\/\/www.intoscana.it\/it\/kommando\/\" \/>\n<meta property=\"og:site_name\" content=\"intoscana\" \/>\n<meta property=\"article:publisher\" content=\"https:\/\/www.facebook.com\/intoscana.it\" \/>\n<meta property=\"article:published_time\" content=\"2021-03-03T09:50:00+00:00\" \/>\n<meta property=\"article:modified_time\" content=\"2021-03-03T10:01:48+00:00\" \/>\n<meta property=\"og:image\" content=\"https:\/\/www.intoscana.it\/wp-content\/uploads\/Kommando-1-pic-1.jpg\" \/>\n\t<meta property=\"og:image:width\" content=\"945\" \/>\n\t<meta property=\"og:image:height\" content=\"715\" \/>\n\t<meta property=\"og:image:type\" content=\"image\/jpeg\" \/>\n<meta name=\"author\" content=\"Costanza Baldini\" \/>\n<meta name=\"twitter:card\" content=\"summary_large_image\" \/>\n<meta name=\"twitter:creator\" content=\"@intoscana\" \/>\n<meta name=\"twitter:site\" content=\"@intoscana\" \/>\n<meta name=\"twitter:label1\" content=\"Written by\" \/>\n\t<meta name=\"twitter:data1\" content=\"Costanza Baldini\" \/>\n\t<meta name=\"twitter:label2\" content=\"Est. reading time\" \/>\n\t<meta name=\"twitter:data2\" content=\"4 minuti\" \/>\n<script type=\"application\/ld+json\" class=\"yoast-schema-graph\">{\"@context\":\"https:\/\/schema.org\",\"@graph\":[{\"@type\":\"WebPage\",\"@id\":\"https:\/\/www.intoscana.it\/it\/kommando\/\",\"url\":\"https:\/\/www.intoscana.it\/it\/kommando\/\",\"name\":\"Il producer, musicista e dj Kommando: da Firenze al debutto internazionale - intoscana\",\"isPartOf\":{\"@id\":\"https:\/\/www.intoscana.it\/it\/#website\"},\"primaryImageOfPage\":{\"@id\":\"https:\/\/www.intoscana.it\/it\/kommando\/#primaryimage\"},\"image\":{\"@id\":\"https:\/\/www.intoscana.it\/it\/kommando\/#primaryimage\"},\"thumbnailUrl\":\"https:\/\/www.intoscana.it\/wp-content\/uploads\/Kommando-1-pic-1.jpg\",\"datePublished\":\"2021-03-03T09:50:00+00:00\",\"dateModified\":\"2021-03-03T10:01:48+00:00\",\"author\":{\"@id\":\"https:\/\/www.intoscana.it\/it\/#\/schema\/person\/d469f35f09739bdf00bf5dd3f0647a82\"},\"description\":\"A soli 23 anni l\u2019artista fiorentino vanta un curriculum da veterano, con live a Dubai, Ibiza, Barcellona, Phuket, Mykonos\",\"breadcrumb\":{\"@id\":\"https:\/\/www.intoscana.it\/it\/kommando\/#breadcrumb\"},\"inLanguage\":\"it-IT\",\"potentialAction\":[{\"@type\":\"ReadAction\",\"target\":[\"https:\/\/www.intoscana.it\/it\/kommando\/\"]}]},{\"@type\":\"ImageObject\",\"inLanguage\":\"it-IT\",\"@id\":\"https:\/\/www.intoscana.it\/it\/kommando\/#primaryimage\",\"url\":\"https:\/\/www.intoscana.it\/wp-content\/uploads\/Kommando-1-pic-1.jpg\",\"contentUrl\":\"https:\/\/www.intoscana.it\/wp-content\/uploads\/Kommando-1-pic-1.jpg\",\"width\":945,\"height\":715},{\"@type\":\"BreadcrumbList\",\"@id\":\"https:\/\/www.intoscana.it\/it\/kommando\/#breadcrumb\",\"itemListElement\":[{\"@type\":\"ListItem\",\"position\":1,\"name\":\"Home\",\"item\":\"https:\/\/www.intoscana.it\/it\/\"},{\"@type\":\"ListItem\",\"position\":2,\"name\":\"Il producer, musicista e dj Kommando: da Firenze al debutto internazionale\"}]},{\"@type\":\"WebSite\",\"@id\":\"https:\/\/www.intoscana.it\/it\/#website\",\"url\":\"https:\/\/www.intoscana.it\/it\/\",\"name\":\"intoscana\",\"description\":\"\",\"potentialAction\":[{\"@type\":\"SearchAction\",\"target\":{\"@type\":\"EntryPoint\",\"urlTemplate\":\"https:\/\/www.intoscana.it\/it\/?s={search_term_string}\"},\"query-input\":{\"@type\":\"PropertyValueSpecification\",\"valueRequired\":true,\"valueName\":\"search_term_string\"}}],\"inLanguage\":\"it-IT\"},{\"@type\":\"Person\",\"@id\":\"https:\/\/www.intoscana.it\/it\/#\/schema\/person\/d469f35f09739bdf00bf5dd3f0647a82\",\"name\":\"Costanza Baldini\",\"url\":\"https:\/\/www.intoscana.it\/it\/author\/costanza-baldini\/\"}]}<\/script>\n<!-- \/ Yoast SEO Premium plugin. -->","yoast_head_json":{"title":"Il producer, musicista e dj Kommando: da Firenze al debutto internazionale - intoscana","description":"A soli 23 anni l\u2019artista fiorentino vanta un curriculum da veterano, con live a Dubai, Ibiza, Barcellona, Phuket, Mykonos","robots":{"index":"index","follow":"follow","max-snippet":"max-snippet:-1","max-image-preview":"max-image-preview:large","max-video-preview":"max-video-preview:-1"},"canonical":"https:\/\/www.intoscana.it\/it\/kommando\/","og_locale":"it_IT","og_type":"article","og_title":"Il producer, musicista e dj Kommando: da Firenze al debutto internazionale","og_description":"A soli 23 anni l\u2019artista fiorentino vanta un curriculum da veterano, con live a Dubai, Ibiza, Barcellona, Phuket, Mykonos","og_url":"https:\/\/www.intoscana.it\/it\/kommando\/","og_site_name":"intoscana","article_publisher":"https:\/\/www.facebook.com\/intoscana.it","article_published_time":"2021-03-03T09:50:00+00:00","article_modified_time":"2021-03-03T10:01:48+00:00","og_image":[{"width":945,"height":715,"url":"https:\/\/www.intoscana.it\/wp-content\/uploads\/Kommando-1-pic-1.jpg","type":"image\/jpeg"}],"author":"Costanza Baldini","twitter_card":"summary_large_image","twitter_creator":"@intoscana","twitter_site":"@intoscana","twitter_misc":{"Written by":"Costanza Baldini","Est. reading time":"4 minuti"},"schema":{"@context":"https:\/\/schema.org","@graph":[{"@type":"WebPage","@id":"https:\/\/www.intoscana.it\/it\/kommando\/","url":"https:\/\/www.intoscana.it\/it\/kommando\/","name":"Il producer, musicista e dj Kommando: da Firenze al debutto internazionale - intoscana","isPartOf":{"@id":"https:\/\/www.intoscana.it\/it\/#website"},"primaryImageOfPage":{"@id":"https:\/\/www.intoscana.it\/it\/kommando\/#primaryimage"},"image":{"@id":"https:\/\/www.intoscana.it\/it\/kommando\/#primaryimage"},"thumbnailUrl":"https:\/\/www.intoscana.it\/wp-content\/uploads\/Kommando-1-pic-1.jpg","datePublished":"2021-03-03T09:50:00+00:00","dateModified":"2021-03-03T10:01:48+00:00","author":{"@id":"https:\/\/www.intoscana.it\/it\/#\/schema\/person\/d469f35f09739bdf00bf5dd3f0647a82"},"description":"A soli 23 anni l\u2019artista fiorentino vanta un curriculum da veterano, con live a Dubai, Ibiza, Barcellona, Phuket, Mykonos","breadcrumb":{"@id":"https:\/\/www.intoscana.it\/it\/kommando\/#breadcrumb"},"inLanguage":"it-IT","potentialAction":[{"@type":"ReadAction","target":["https:\/\/www.intoscana.it\/it\/kommando\/"]}]},{"@type":"ImageObject","inLanguage":"it-IT","@id":"https:\/\/www.intoscana.it\/it\/kommando\/#primaryimage","url":"https:\/\/www.intoscana.it\/wp-content\/uploads\/Kommando-1-pic-1.jpg","contentUrl":"https:\/\/www.intoscana.it\/wp-content\/uploads\/Kommando-1-pic-1.jpg","width":945,"height":715},{"@type":"BreadcrumbList","@id":"https:\/\/www.intoscana.it\/it\/kommando\/#breadcrumb","itemListElement":[{"@type":"ListItem","position":1,"name":"Home","item":"https:\/\/www.intoscana.it\/it\/"},{"@type":"ListItem","position":2,"name":"Il producer, musicista e dj Kommando: da Firenze al debutto internazionale"}]},{"@type":"WebSite","@id":"https:\/\/www.intoscana.it\/it\/#website","url":"https:\/\/www.intoscana.it\/it\/","name":"intoscana","description":"","potentialAction":[{"@type":"SearchAction","target":{"@type":"EntryPoint","urlTemplate":"https:\/\/www.intoscana.it\/it\/?s={search_term_string}"},"query-input":{"@type":"PropertyValueSpecification","valueRequired":true,"valueName":"search_term_string"}}],"inLanguage":"it-IT"},{"@type":"Person","@id":"https:\/\/www.intoscana.it\/it\/#\/schema\/person\/d469f35f09739bdf00bf5dd3f0647a82","name":"Costanza Baldini","url":"https:\/\/www.intoscana.it\/it\/author\/costanza-baldini\/"}]}},"_links":{"self":[{"href":"https:\/\/www.intoscana.it\/it\/wp-json\/wp\/v2\/posts\/169157","targetHints":{"allow":["GET"]}}],"collection":[{"href":"https:\/\/www.intoscana.it\/it\/wp-json\/wp\/v2\/posts"}],"about":[{"href":"https:\/\/www.intoscana.it\/it\/wp-json\/wp\/v2\/types\/post"}],"author":[{"embeddable":true,"href":"https:\/\/www.intoscana.it\/it\/wp-json\/wp\/v2\/users\/518"}],"replies":[{"embeddable":true,"href":"https:\/\/www.intoscana.it\/it\/wp-json\/wp\/v2\/comments?post=169157"}],"version-history":[{"count":0,"href":"https:\/\/www.intoscana.it\/it\/wp-json\/wp\/v2\/posts\/169157\/revisions"}],"wp:featuredmedia":[{"embeddable":true,"href":"https:\/\/www.intoscana.it\/it\/wp-json\/wp\/v2\/media\/169167"}],"wp:attachment":[{"href":"https:\/\/www.intoscana.it\/it\/wp-json\/wp\/v2\/media?parent=169157"}],"wp:term":[{"taxonomy":"category","embeddable":true,"href":"https:\/\/www.intoscana.it\/it\/wp-json\/wp\/v2\/categories?post=169157"},{"taxonomy":"post_tag","embeddable":true,"href":"https:\/\/www.intoscana.it\/it\/wp-json\/wp\/v2\/tags?post=169157"}],"curies":[{"name":"wp","href":"https:\/\/api.w.org\/{rel}","templated":true}]}}