{"id":169410,"date":"2021-03-09T09:08:48","date_gmt":"2021-03-09T08:08:48","guid":{"rendered":"https:\/\/www.intoscana.it\/it\/?p=169410"},"modified":"2021-03-09T09:54:20","modified_gmt":"2021-03-09T08:54:20","slug":"la-delusione-del-medico-in-trincea-nellanno-senza-tregua-reparti-di-nuovo-pieni-manca-il-rispetto","status":"publish","type":"post","link":"https:\/\/www.intoscana.it\/it\/la-delusione-del-medico-in-trincea-nellanno-senza-tregua-reparti-di-nuovo-pieni-manca-il-rispetto\/","title":{"rendered":"La delusione del medico in trincea: \u201cReparti di nuovo pieni, manca il rispetto\u201d"},"content":{"rendered":"<p class=\"p1\">Tutti, meno che io. Il Covid? Non prender\u00e0 certo me. <em>\u201cCi sentiamo come Nembo Kid, tutti con l\u2019eroe in s\u00e9, e dopo un anno ancora non abbiamo capito che non<span class=\"Apple-converted-space\">\u00a0 <\/span>\u00e8 cos\u00ec che funziona. Manca il rispetto, per se stessi e per gli altri. E non sono solo i negazionisti, i bastian contrari ci saranno sempre, \u00e8 che diamo tutto per scontato, quando cos\u00ec non lo \u00e8\u201d<\/em>. Il dottor <strong>Massimo<span class=\"Apple-converted-space\">\u00a0 <\/span>Mand\u00f2<\/strong> <strong>\u00e8 il direttore del Dipartimento emergenza urgenza dell\u2019Asl sud Est della Toscana<\/strong> e l\u2019anno scorso era tra pronto soccorso e ambulanze a vedere aumentare, fino ad esplodere, la pandemia.<\/p>\n<p class=\"p1\">E\u2019 stato quasi subito contagiato: lo ha scoperto il 13 marzo 2020. \u201cRicordo che guardavo il bollettino delle 18, ero solo in casa. <strong>Mia moglie era in ospedale e ci \u00e8 rimasta per 10 giorni di cui 5 attaccata all\u2019ossigeno. Ascoltavo la conta dei medici morti e mi chiedevo: quando toccher\u00e0 anche a me\u201d<\/strong>. E\u2019 ritornato in corsia il prima possibile \u201cma sono cambiato. E\u2019 una malattia terribile, se hai sintomi ti schiaccia e ti cambia anche la testa. Io mi definivo un orso, ora mi sento molto pi\u00f9 emotivo ed empatico\u201d. La chiama <strong>\u201cla malattia della solitudine. Sei solo in una stanza, un letto e una tv\u201d. Prima colpisce il corpo, poi ti prende la mente.<\/strong><\/p>\n<figure id=\"post-169414 media-169414\" class=\"align-none\"><img decoding=\"async\" src=\"https:\/\/www.intoscana.it\/wp-content\/uploads\/Massimo-Mando\u0300.jpg\" alt=\"\" \/><\/figure>\n<h3 class=\"p1\"><em><b>Cosa \u00e8 cambiato e cosa invece (purtroppo) no<\/b><\/em><\/h3>\n<p class=\"p1\">Oggi l\u2019organizzazione sanitaria \u00e8 come una macchina collaudata e i protocolli ormai si conoscono a menadito, ma \u00e8 l\u2019unica differenza rispetto a un anno fa: <strong>i reparti sono tornati pieni, come le terapie intensive e le malattie infettive, e i contagi salgono come i morti. Dal primo lockdown, spiazzante,<span class=\"Apple-converted-space\">\u00a0 <\/span>a quello di questo ore, snervante.<\/strong><\/p>\n<p class=\"p1\">\u201cL\u2019anno scorso la pandemia ci ha colpito come una tranvata in faccia &#8211; ricorda il dottore &#8211;<strong> E\u2019 stata<span class=\"Apple-converted-space\">\u00a0 <\/span>la settimana pi\u00f9 strana e pi\u00f9 brutta che ricordi, che non vorrei mai rivivere. In quei giorni c\u2019era chi minimizzava, anche tra i medici. Poi parlavano in troppi e tutti dicevano cose diverse.<\/strong> S\u2019era come smarriti. I dispositivi di protezione poi scarseggiavano, mica come ora\u201d. Tutto all\u2019improvviso accelera e \u201cfu come un fulmine a ciel sereno\u201d.<\/p>\n<p class=\"p1\">Come i terremoti, arriva l\u2019assestamento e poi la reazione. Il Covid \u00e8 un terremoto continuo con scosse sempre pi\u00f9 forti. <em>\u201cA marzo 2020 i protocolli erano ancora molto approssimativi, i risultati dei tamponi ci mettevano molto tempo ad arrivare. Poi, dobbiamo dirlo,<span class=\"Apple-converted-space\">\u00a0 <\/span>abbiamo reagito bene e<span class=\"Apple-converted-space\">\u00a0 <\/span>il sistema sanitario regionale ha subito risposto con intuizioni anche positive che non ci hanno fatto vedere quelle file di ambulanze davanti agli ospedali\u201d<\/em>.<\/p>\n<p class=\"p1\">Come il potenziamento immediato della medicina del territorio, con automediche dotate di macchinari in grado di fare pronte diagnosi e <strong>consentire gli accessi diretti ai reparti senza passare dai pronti soccorso, oppure avere pazienti curati il pi\u00f9 possibile a casa<\/strong>. <em>\u201cAbbiamo anche dei braccialetti che monitorano a distanza il paziente, hanno funzionato e funzionano bene. In tanti ci ringraziano perch\u00e9 cos\u00ec non si sentono soli&#8221;<\/em>. Pensa a quella signora di Grosseto, da sola con una bimba di due anni. Oppure, ricorda ridendo,<span class=\"Apple-converted-space\">\u00a0 <\/span>a quel signore con il braccialetto forse messo male che mandava continui segnali alla centrale e all\u2019ennesima chiamata di controllo, ha risposto: \u201cRagazzi, io vi ringrazio e vi voglio bene, ma mi fate dormire almeno due ore\u201d.<\/p>\n<h3 class=\"p1\"><em><b>L\u2019 investimento per il futuro \u00e8 la medicina del territorio<\/b><\/em><\/h3>\n<p class=\"p1\">Sono passati 12 mesi e siamo miseramente<span class=\"Apple-converted-space\">\u00a0 <\/span>al punto di partenza, come rinchiusi in una<span class=\"Apple-converted-space\">\u00a0 <\/span>spirale che ci spinge verso il basso. <strong>\u201cLa delusione \u00e8 il sentimento prevalente oggi \u2013 ammette il dottore Mand\u00f2 &#8211;<span class=\"Apple-converted-space\">\u00a0 <\/span>Delusione nel vedere le persone che non rispettano le regole\u201d.<\/strong><\/p>\n<p class=\"p1\">Da un anno non c\u2019\u00e8 mai stata tregua, mai uno stop. \u201cOggi siamo tornai alla brutta situazione di novembre. <strong>Noi medici siamo vaccinati tutti, siamo pi\u00f9 tranquilli, certo, ma c\u2019\u00e8 tanta, tanta stanchezza. Il virus si combatte, ma non si vince, probabilmente dovremo vaccinarci tutti gli anni e<\/strong> se lo facciamo abbiamo la possibilit\u00e0 di passare periodi migliori\u201d. Il lato positivo \u00e8 che il sistema regionale regge anche sotto questo stress: \u201cMi sento di dire che <strong>i cittadini toscani possono essere orgogliosi del loro sistema sanitario, degli operatori e di tutti i sanitari che lavorano e credono nel sistema pubblico.<\/strong> Abbiamo investito tanto ed \u00e8 stato vincente. Dobbiamo continuare a farlo, soprattutto sulla medicina del territorio\u201d.<\/p>\n<p class=\"p1\">E se c\u2019\u00e8 un errore grande come una casa da non fare pi\u00f9, tra i milioni che commettiamo oggi giorno, il direttore sottolinea questo: <strong>\u201cMai sottovalutare le cose nuove, non facciamolo pi\u00f9. Perch\u00e9, e questo \u00e8 sicuro, ne arriveranno di altre\u201d.<\/strong><\/p>\n","protected":false},"excerpt":{"rendered":"<p class=\"p1\">Il direttore del Dipartimento emergenza urgenza dell&#8217;Asl sud est racconta questi mesi di pandemia. Anche lui contagiato: \u201cAspettavo il numero dei medici morti nel bollettino delle 18 e mi chiedevo, chiss\u00e0 quando toccher\u00e0 a me\u201d<\/p>\n","protected":false},"author":545,"featured_media":160193,"comment_status":"open","ping_status":"open","sticky":false,"template":"","format":"standard","meta":{"_acf_changed":false,"footnotes":""},"categories":[18],"tags":[4868,418,2349],"class_list":["post-169410","post","type-post","status-publish","format-standard","has-post-thumbnail","hentry","category-salute","tag-bollettino-covid-toscana","tag-covid-19","tag-lockdown"],"acf":[],"yoast_head":"<!-- This site is optimized with the Yoast SEO Premium plugin v24.2 (Yoast SEO v25.6) - https:\/\/yoast.com\/wordpress\/plugins\/seo\/ -->\n<title>La delusione del medico in trincea: \u201cReparti di nuovo pieni, manca il rispetto\u201d - intoscana<\/title>\n<meta name=\"description\" content=\"Il direttore del Dipartimento emergenza urgenza dell&#039;Asl sud est racconta questi mesi di pandemia. Anche lui contagiato: \u201cAspettavo il numero dei medici morti nel bollettino delle 18 e mi chiedevo, chiss\u00e0 quando toccher\u00e0 a me\u201d\" \/>\n<meta name=\"robots\" content=\"index, follow, max-snippet:-1, max-image-preview:large, max-video-preview:-1\" \/>\n<link rel=\"canonical\" href=\"https:\/\/www.intoscana.it\/it\/la-delusione-del-medico-in-trincea-nellanno-senza-tregua-reparti-di-nuovo-pieni-manca-il-rispetto\/\" \/>\n<meta property=\"og:locale\" content=\"it_IT\" \/>\n<meta property=\"og:type\" content=\"article\" \/>\n<meta property=\"og:title\" content=\"La delusione del medico in trincea: \u201cReparti di nuovo pieni, manca il rispetto\u201d\" \/>\n<meta property=\"og:description\" content=\"Il direttore del Dipartimento emergenza urgenza dell&#039;Asl sud est racconta questi mesi di pandemia. Anche lui contagiato: \u201cAspettavo il numero dei medici morti nel bollettino delle 18 e mi chiedevo, chiss\u00e0 quando toccher\u00e0 a me\u201d\" \/>\n<meta property=\"og:url\" content=\"https:\/\/www.intoscana.it\/it\/la-delusione-del-medico-in-trincea-nellanno-senza-tregua-reparti-di-nuovo-pieni-manca-il-rispetto\/\" \/>\n<meta property=\"og:site_name\" content=\"intoscana\" \/>\n<meta property=\"article:publisher\" content=\"https:\/\/www.facebook.com\/intoscana.it\" \/>\n<meta property=\"article:published_time\" content=\"2021-03-09T08:08:48+00:00\" \/>\n<meta property=\"article:modified_time\" content=\"2021-03-09T08:54:20+00:00\" \/>\n<meta property=\"og:image\" content=\"https:\/\/www.intoscana.it\/wp-content\/uploads\/Operatori-sanitari-allospedale-di-Prato.jpg\" \/>\n\t<meta property=\"og:image:width\" content=\"960\" \/>\n\t<meta property=\"og:image:height\" content=\"960\" \/>\n\t<meta property=\"og:image:type\" content=\"image\/jpeg\" \/>\n<meta name=\"author\" content=\"Clara D&#039;Acunto\" \/>\n<meta name=\"twitter:card\" content=\"summary_large_image\" \/>\n<meta name=\"twitter:creator\" content=\"@intoscana\" \/>\n<meta name=\"twitter:site\" content=\"@intoscana\" \/>\n<meta name=\"twitter:label1\" content=\"Written by\" \/>\n\t<meta name=\"twitter:data1\" content=\"Clara D&#039;Acunto\" \/>\n\t<meta name=\"twitter:label2\" content=\"Est. reading time\" \/>\n\t<meta name=\"twitter:data2\" content=\"4 minuti\" \/>\n<script type=\"application\/ld+json\" class=\"yoast-schema-graph\">{\"@context\":\"https:\/\/schema.org\",\"@graph\":[{\"@type\":\"WebPage\",\"@id\":\"https:\/\/www.intoscana.it\/it\/la-delusione-del-medico-in-trincea-nellanno-senza-tregua-reparti-di-nuovo-pieni-manca-il-rispetto\/\",\"url\":\"https:\/\/www.intoscana.it\/it\/la-delusione-del-medico-in-trincea-nellanno-senza-tregua-reparti-di-nuovo-pieni-manca-il-rispetto\/\",\"name\":\"La delusione del medico in trincea: \u201cReparti di nuovo pieni, manca il rispetto\u201d - intoscana\",\"isPartOf\":{\"@id\":\"https:\/\/www.intoscana.it\/it\/#website\"},\"primaryImageOfPage\":{\"@id\":\"https:\/\/www.intoscana.it\/it\/la-delusione-del-medico-in-trincea-nellanno-senza-tregua-reparti-di-nuovo-pieni-manca-il-rispetto\/#primaryimage\"},\"image\":{\"@id\":\"https:\/\/www.intoscana.it\/it\/la-delusione-del-medico-in-trincea-nellanno-senza-tregua-reparti-di-nuovo-pieni-manca-il-rispetto\/#primaryimage\"},\"thumbnailUrl\":\"https:\/\/www.intoscana.it\/wp-content\/uploads\/Operatori-sanitari-allospedale-di-Prato.jpg\",\"datePublished\":\"2021-03-09T08:08:48+00:00\",\"dateModified\":\"2021-03-09T08:54:20+00:00\",\"author\":{\"@id\":\"https:\/\/www.intoscana.it\/it\/#\/schema\/person\/137419af9ef5d385bde52864a841e6ce\"},\"description\":\"Il direttore del Dipartimento emergenza urgenza dell'Asl sud est racconta questi mesi di pandemia. Anche lui contagiato: \u201cAspettavo il numero dei medici morti nel bollettino delle 18 e mi chiedevo, chiss\u00e0 quando toccher\u00e0 a me\u201d\",\"breadcrumb\":{\"@id\":\"https:\/\/www.intoscana.it\/it\/la-delusione-del-medico-in-trincea-nellanno-senza-tregua-reparti-di-nuovo-pieni-manca-il-rispetto\/#breadcrumb\"},\"inLanguage\":\"it-IT\",\"potentialAction\":[{\"@type\":\"ReadAction\",\"target\":[\"https:\/\/www.intoscana.it\/it\/la-delusione-del-medico-in-trincea-nellanno-senza-tregua-reparti-di-nuovo-pieni-manca-il-rispetto\/\"]}]},{\"@type\":\"ImageObject\",\"inLanguage\":\"it-IT\",\"@id\":\"https:\/\/www.intoscana.it\/it\/la-delusione-del-medico-in-trincea-nellanno-senza-tregua-reparti-di-nuovo-pieni-manca-il-rispetto\/#primaryimage\",\"url\":\"https:\/\/www.intoscana.it\/wp-content\/uploads\/Operatori-sanitari-allospedale-di-Prato.jpg\",\"contentUrl\":\"https:\/\/www.intoscana.it\/wp-content\/uploads\/Operatori-sanitari-allospedale-di-Prato.jpg\",\"width\":960,\"height\":960,\"caption\":\"Operatori sanitari all'ospedale di Prato\"},{\"@type\":\"BreadcrumbList\",\"@id\":\"https:\/\/www.intoscana.it\/it\/la-delusione-del-medico-in-trincea-nellanno-senza-tregua-reparti-di-nuovo-pieni-manca-il-rispetto\/#breadcrumb\",\"itemListElement\":[{\"@type\":\"ListItem\",\"position\":1,\"name\":\"Home\",\"item\":\"https:\/\/www.intoscana.it\/it\/\"},{\"@type\":\"ListItem\",\"position\":2,\"name\":\"La delusione del medico in trincea: \u201cReparti di nuovo pieni, manca il rispetto\u201d\"}]},{\"@type\":\"WebSite\",\"@id\":\"https:\/\/www.intoscana.it\/it\/#website\",\"url\":\"https:\/\/www.intoscana.it\/it\/\",\"name\":\"intoscana\",\"description\":\"\",\"potentialAction\":[{\"@type\":\"SearchAction\",\"target\":{\"@type\":\"EntryPoint\",\"urlTemplate\":\"https:\/\/www.intoscana.it\/it\/?s={search_term_string}\"},\"query-input\":{\"@type\":\"PropertyValueSpecification\",\"valueRequired\":true,\"valueName\":\"search_term_string\"}}],\"inLanguage\":\"it-IT\"},{\"@type\":\"Person\",\"@id\":\"https:\/\/www.intoscana.it\/it\/#\/schema\/person\/137419af9ef5d385bde52864a841e6ce\",\"name\":\"Clara D'Acunto\",\"url\":\"https:\/\/www.intoscana.it\/it\/author\/clara-d_acunto\/\"}]}<\/script>\n<!-- \/ Yoast SEO Premium plugin. -->","yoast_head_json":{"title":"La delusione del medico in trincea: \u201cReparti di nuovo pieni, manca il rispetto\u201d - intoscana","description":"Il direttore del Dipartimento emergenza urgenza dell'Asl sud est racconta questi mesi di pandemia. Anche lui contagiato: \u201cAspettavo il numero dei medici morti nel bollettino delle 18 e mi chiedevo, chiss\u00e0 quando toccher\u00e0 a me\u201d","robots":{"index":"index","follow":"follow","max-snippet":"max-snippet:-1","max-image-preview":"max-image-preview:large","max-video-preview":"max-video-preview:-1"},"canonical":"https:\/\/www.intoscana.it\/it\/la-delusione-del-medico-in-trincea-nellanno-senza-tregua-reparti-di-nuovo-pieni-manca-il-rispetto\/","og_locale":"it_IT","og_type":"article","og_title":"La delusione del medico in trincea: \u201cReparti di nuovo pieni, manca il rispetto\u201d","og_description":"Il direttore del Dipartimento emergenza urgenza dell'Asl sud est racconta questi mesi di pandemia. Anche lui contagiato: \u201cAspettavo il numero dei medici morti nel bollettino delle 18 e mi chiedevo, chiss\u00e0 quando toccher\u00e0 a me\u201d","og_url":"https:\/\/www.intoscana.it\/it\/la-delusione-del-medico-in-trincea-nellanno-senza-tregua-reparti-di-nuovo-pieni-manca-il-rispetto\/","og_site_name":"intoscana","article_publisher":"https:\/\/www.facebook.com\/intoscana.it","article_published_time":"2021-03-09T08:08:48+00:00","article_modified_time":"2021-03-09T08:54:20+00:00","og_image":[{"width":960,"height":960,"url":"https:\/\/www.intoscana.it\/wp-content\/uploads\/Operatori-sanitari-allospedale-di-Prato.jpg","type":"image\/jpeg"}],"author":"Clara D'Acunto","twitter_card":"summary_large_image","twitter_creator":"@intoscana","twitter_site":"@intoscana","twitter_misc":{"Written by":"Clara D'Acunto","Est. reading time":"4 minuti"},"schema":{"@context":"https:\/\/schema.org","@graph":[{"@type":"WebPage","@id":"https:\/\/www.intoscana.it\/it\/la-delusione-del-medico-in-trincea-nellanno-senza-tregua-reparti-di-nuovo-pieni-manca-il-rispetto\/","url":"https:\/\/www.intoscana.it\/it\/la-delusione-del-medico-in-trincea-nellanno-senza-tregua-reparti-di-nuovo-pieni-manca-il-rispetto\/","name":"La delusione del medico in trincea: \u201cReparti di nuovo pieni, manca il rispetto\u201d - intoscana","isPartOf":{"@id":"https:\/\/www.intoscana.it\/it\/#website"},"primaryImageOfPage":{"@id":"https:\/\/www.intoscana.it\/it\/la-delusione-del-medico-in-trincea-nellanno-senza-tregua-reparti-di-nuovo-pieni-manca-il-rispetto\/#primaryimage"},"image":{"@id":"https:\/\/www.intoscana.it\/it\/la-delusione-del-medico-in-trincea-nellanno-senza-tregua-reparti-di-nuovo-pieni-manca-il-rispetto\/#primaryimage"},"thumbnailUrl":"https:\/\/www.intoscana.it\/wp-content\/uploads\/Operatori-sanitari-allospedale-di-Prato.jpg","datePublished":"2021-03-09T08:08:48+00:00","dateModified":"2021-03-09T08:54:20+00:00","author":{"@id":"https:\/\/www.intoscana.it\/it\/#\/schema\/person\/137419af9ef5d385bde52864a841e6ce"},"description":"Il direttore del Dipartimento emergenza urgenza dell'Asl sud est racconta questi mesi di pandemia. Anche lui contagiato: \u201cAspettavo il numero dei medici morti nel bollettino delle 18 e mi chiedevo, chiss\u00e0 quando toccher\u00e0 a me\u201d","breadcrumb":{"@id":"https:\/\/www.intoscana.it\/it\/la-delusione-del-medico-in-trincea-nellanno-senza-tregua-reparti-di-nuovo-pieni-manca-il-rispetto\/#breadcrumb"},"inLanguage":"it-IT","potentialAction":[{"@type":"ReadAction","target":["https:\/\/www.intoscana.it\/it\/la-delusione-del-medico-in-trincea-nellanno-senza-tregua-reparti-di-nuovo-pieni-manca-il-rispetto\/"]}]},{"@type":"ImageObject","inLanguage":"it-IT","@id":"https:\/\/www.intoscana.it\/it\/la-delusione-del-medico-in-trincea-nellanno-senza-tregua-reparti-di-nuovo-pieni-manca-il-rispetto\/#primaryimage","url":"https:\/\/www.intoscana.it\/wp-content\/uploads\/Operatori-sanitari-allospedale-di-Prato.jpg","contentUrl":"https:\/\/www.intoscana.it\/wp-content\/uploads\/Operatori-sanitari-allospedale-di-Prato.jpg","width":960,"height":960,"caption":"Operatori sanitari all'ospedale di Prato"},{"@type":"BreadcrumbList","@id":"https:\/\/www.intoscana.it\/it\/la-delusione-del-medico-in-trincea-nellanno-senza-tregua-reparti-di-nuovo-pieni-manca-il-rispetto\/#breadcrumb","itemListElement":[{"@type":"ListItem","position":1,"name":"Home","item":"https:\/\/www.intoscana.it\/it\/"},{"@type":"ListItem","position":2,"name":"La delusione del medico in trincea: \u201cReparti di nuovo pieni, manca il rispetto\u201d"}]},{"@type":"WebSite","@id":"https:\/\/www.intoscana.it\/it\/#website","url":"https:\/\/www.intoscana.it\/it\/","name":"intoscana","description":"","potentialAction":[{"@type":"SearchAction","target":{"@type":"EntryPoint","urlTemplate":"https:\/\/www.intoscana.it\/it\/?s={search_term_string}"},"query-input":{"@type":"PropertyValueSpecification","valueRequired":true,"valueName":"search_term_string"}}],"inLanguage":"it-IT"},{"@type":"Person","@id":"https:\/\/www.intoscana.it\/it\/#\/schema\/person\/137419af9ef5d385bde52864a841e6ce","name":"Clara D'Acunto","url":"https:\/\/www.intoscana.it\/it\/author\/clara-d_acunto\/"}]}},"_links":{"self":[{"href":"https:\/\/www.intoscana.it\/it\/wp-json\/wp\/v2\/posts\/169410","targetHints":{"allow":["GET"]}}],"collection":[{"href":"https:\/\/www.intoscana.it\/it\/wp-json\/wp\/v2\/posts"}],"about":[{"href":"https:\/\/www.intoscana.it\/it\/wp-json\/wp\/v2\/types\/post"}],"author":[{"embeddable":true,"href":"https:\/\/www.intoscana.it\/it\/wp-json\/wp\/v2\/users\/545"}],"replies":[{"embeddable":true,"href":"https:\/\/www.intoscana.it\/it\/wp-json\/wp\/v2\/comments?post=169410"}],"version-history":[{"count":0,"href":"https:\/\/www.intoscana.it\/it\/wp-json\/wp\/v2\/posts\/169410\/revisions"}],"wp:featuredmedia":[{"embeddable":true,"href":"https:\/\/www.intoscana.it\/it\/wp-json\/wp\/v2\/media\/160193"}],"wp:attachment":[{"href":"https:\/\/www.intoscana.it\/it\/wp-json\/wp\/v2\/media?parent=169410"}],"wp:term":[{"taxonomy":"category","embeddable":true,"href":"https:\/\/www.intoscana.it\/it\/wp-json\/wp\/v2\/categories?post=169410"},{"taxonomy":"post_tag","embeddable":true,"href":"https:\/\/www.intoscana.it\/it\/wp-json\/wp\/v2\/tags?post=169410"}],"curies":[{"name":"wp","href":"https:\/\/api.w.org\/{rel}","templated":true}]}}