{"id":169749,"date":"2021-03-09T09:07:45","date_gmt":"2021-03-09T08:07:45","guid":{"rendered":"https:\/\/www.intoscana.it\/it\/?p=169749"},"modified":"2021-03-09T09:07:45","modified_gmt":"2021-03-09T08:07:45","slug":"ho-avuto-il-covid-dopo-cinque-mesi-sono-ancora-nella-sua-prigione","status":"publish","type":"post","link":"https:\/\/www.intoscana.it\/it\/ho-avuto-il-covid-dopo-cinque-mesi-sono-ancora-nella-sua-prigione\/","title":{"rendered":"&#8220;Ho avuto il Covid, dopo cinque mesi sono ancora nella sua prigione&#8221;"},"content":{"rendered":"<p>Non sa come spiegarlo agli amici di sempre che \u00e8 stanca, \u00e8 spossata, che anche se <strong>sono passati quasi cinque mesi dal quel primo tampone positivo lei ancora il suo corpo non riesce a gestirlo<\/strong>, non si fida di lui e lui le sta giocando brutti scherzi.<\/p>\n<p>Anna (nome di fantasia) ha avuto il Covid nell\u2019autunno scorso: non ha avuto bisogno di ospedalizzazione fortunatamente ma ha avuto sintomi piuttosto forti, febbre, mal di testa, nausea, difficolt\u00e0 respiratorie, spossatezza. <strong>Mai per\u00f2 di sarebbe immaginata di stare ancora male a distanza di mesi.<\/strong><\/p>\n<p>Sempre pi\u00f9 spesso si sente parlare della sindrome Post Covid, anche la Regione Toscana ha avviato un follow-up per monitorare il quadro clinico di pazienti Covid che manifestano sintomatologie connesse per lungo termine anche dopo la guarigione.<\/p>\n<p>Anna \u00e8 giovane, 35 anni, sanissima,\u00a0 come il virus si sia annidato dentro il suo corpo non saprebbe dirlo, sa solo che sembra non volerne sapere di andarsene definitivamente: \u201cMi sento in trappola \u2013 racconta &#8211; a volte credo che non ne uscir\u00f2 mai che non recuper\u00f3 pi\u00f9 la mia salute fisica\u201d <strong>e adesso quella mentale fatica a reggere il peso della situazione.<\/strong><\/p>\n<p>\u201cA ottobre &#8211; racconta &#8211; quando mi sono ammalata, non pensai subito al Covid, sembrava un raffreddore di stagione. Per\u00f2 i sintomi c\u2019erano tutti: mal di gola, mal di testa, tosse, febbre. Decisi di fare il tampone, l\u2019esito fu una doccia fredda anche perch\u00e9 io vivo con mia made settantenne, anche lei infatti \u00e8 risultata positiva, fortunatamente ha avuto un decorso pi\u00f9 leggero del mio\u201d.<\/p>\n<p>La quarantena, la pura, poi \u00e8 arrivato il ventunesimo giorno dalla comparsa dei sintomi e Anna \u00e8 potuta uscire di nuovo, ma non \u00e8 stata una liberazione: <mark>\u201cDa una parte c\u2019era la contentezza di poter di nuovo uscire, la felicit\u00e0 anche solo di poter fare una passeggiata, dall\u2019altra per\u00f2 vivevo nel terrore di poter essere ancora un veicolo di contagio per gli altri. Non mi sentivo ancora bene ma pensavo che fosse normale. I giorni per\u00f2 passavano, i giorni sono diventati mesi e quei tamponi ancora positivi hanno iniziato a destabilizzarmi sempre di pi\u00f9 <\/mark>\u201d<\/p>\n<p><strong>Ad ogni tampone per Anna si apriva un po\u2019 di pi\u00f9 il baratro della depressione<\/strong>. Cos\u00ec alla fine ha deciso di rivolgersi<strong> ad una professionista che la sta aiutando a gestire le paure e i timori, e gli attacchi di panico.<\/strong><\/p>\n<p>I problemi fisici che per\u00f2 continuano a tenerla sveglia la notte non aiutano il suo percorso di ripresa psicologica: \u201cA gennaio ho avuto una brutta ricaduta, ho di nuovo avuto gli stessi sintomi, pi\u00f9 leggeri ma il malessere era lo stesso. Oggi va meglio, ho ripreso a lavorare, ma se mi stanco un po\u2019 di pi\u00f9 la sera ho forti emicranie e dolori al petto e questo forse \u00e8 nulla in confronto a quello che questo virus ti recide a livello psicologico: <mark>vivo ossessionata dal terrore di poter finire in ospedale, di poter contagiare di nuovo mia madre <\/mark>\u201d.<\/p>\n<p><span class=\"citazione\"> Ho difficolt\u00e0 a far capire alle persone che quelli che sento sono sintomi debilitanti, in tanti credono che siano psicosomatici. Ma ci sono. Sono pi\u00f9 che reali <\/span><\/p>\n<p>Ci sono giorni buoni e giorni meno buoni. Anna \u00e8 una donna forte, non ama lamentarsi, <strong>atleta e docente di scienze motorie si \u00e8 sempre presa cura del proprio corpo, oggi se ne sente prigioniera:<\/strong> \u201cHo difficolt\u00e0 a far capire alle persone che quelli che sento sono sintomi debilitanti, in tanti credono che siano psicosomatici. Ma ci sono. Sono pi\u00f9 che reali. Il problema \u00e8 che ogni organismo risponde in maniera diversa a questo virus\u201d.<\/p>\n<p>Anna pensa che sia ancora troppo acuta l\u2019emergenza perch\u00e9 si possa lavorare concretamente, a livello di ricerca,<strong> sulla sindrome Long Covid<\/strong> (cos\u00ec come \u00e8 stata ribattezzata soprattutto dalla rete dove spontaneamente persone come Anna si sono riunite e hanno chiesto aiuto), per\u00f2 se lo augura che prima o poi arriveranno risposte anche per lei. Sicuramente la gestione delle sindromi long Covid, in costante aumento, \u00e8 la prossima sfida che impegner\u00e0 il sistema sanitario nazionale perch\u00e8 per quanto le sintomatologie diversifichino da persona a persona servir\u00e0 una presa in carico nazionale, serviranno evidenze scientifiche per aiutare queste persone, che gi\u00e0 hanno affrontato il Covid, a non restare improgionate nella sua trappola cos\u00ec a lungo.<\/p>\n<p><strong>Anna hai fiducia nel futuro? <\/strong>&#8220;Diciamo che non mi sarei mai aspettata di vivere con termometro e saturimetro sempre alla mano, se devo essere sincera credevo che ne saremmo usciti prima. Ci vuole pazienza&#8221;.<\/p>\n","protected":false},"excerpt":{"rendered":"<p>Anna soffre di quella che viene definita sindrome Long Covid. Sono sempre di pi\u00f9 le persone che a distanza di mesi dal primo tampone negativo continuano ad accusare sintomi simili alla fase acuta della malattia<\/p>\n","protected":false},"author":503,"featured_media":169758,"comment_status":"open","ping_status":"open","sticky":false,"template":"","format":"standard","meta":{"_acf_changed":false,"footnotes":""},"categories":[18,4],"tags":[4809,2349,5691,349],"class_list":["post-169749","post","type-post","status-publish","format-standard","has-post-thumbnail","hentry","category-salute","category-storie","tag-covid","tag-lockdown","tag-psicologia","tag-sanita"],"acf":[],"yoast_head":"<!-- This site is optimized with the Yoast SEO Premium plugin v24.2 (Yoast SEO v25.6) - https:\/\/yoast.com\/wordpress\/plugins\/seo\/ -->\n<title>&quot;Ho avuto il Covid, dopo cinque mesi sono ancora nella sua prigione&quot; - intoscana<\/title>\n<meta name=\"description\" content=\"Anna soffre di quella che viene definita sindrome Long Covid. Si sente in trappola, ha malessere continuo e attacchi di panico\" \/>\n<meta name=\"robots\" content=\"index, follow, max-snippet:-1, max-image-preview:large, max-video-preview:-1\" \/>\n<link rel=\"canonical\" href=\"https:\/\/www.intoscana.it\/it\/ho-avuto-il-covid-dopo-cinque-mesi-sono-ancora-nella-sua-prigione\/\" \/>\n<meta property=\"og:locale\" content=\"it_IT\" \/>\n<meta property=\"og:type\" content=\"article\" \/>\n<meta property=\"og:title\" content=\"&quot;Ho avuto il Covid, dopo cinque mesi sono ancora nella sua prigione&quot;\" \/>\n<meta property=\"og:description\" content=\"Anna soffre di quella che viene definita sindrome Long Covid. Si sente in trappola, ha malessere continuo e attacchi di panico\" \/>\n<meta property=\"og:url\" content=\"https:\/\/www.intoscana.it\/it\/ho-avuto-il-covid-dopo-cinque-mesi-sono-ancora-nella-sua-prigione\/\" \/>\n<meta property=\"og:site_name\" content=\"intoscana\" \/>\n<meta property=\"article:publisher\" content=\"https:\/\/www.facebook.com\/intoscana.it\" \/>\n<meta property=\"article:published_time\" content=\"2021-03-09T08:07:45+00:00\" \/>\n<meta property=\"og:image\" content=\"https:\/\/www.intoscana.it\/wp-content\/uploads\/shutterstock_1861441990-500x333.jpg\" \/>\n\t<meta property=\"og:image:width\" content=\"500\" \/>\n\t<meta property=\"og:image:height\" content=\"333\" \/>\n\t<meta property=\"og:image:type\" content=\"image\/jpeg\" \/>\n<meta name=\"author\" content=\"Giulia Rafanelli\" \/>\n<meta name=\"twitter:card\" content=\"summary_large_image\" \/>\n<meta name=\"twitter:creator\" content=\"@intoscana\" \/>\n<meta name=\"twitter:site\" content=\"@intoscana\" \/>\n<meta name=\"twitter:label1\" content=\"Written by\" \/>\n\t<meta name=\"twitter:data1\" content=\"Giulia Rafanelli\" \/>\n\t<meta name=\"twitter:label2\" content=\"Est. reading time\" \/>\n\t<meta name=\"twitter:data2\" content=\"4 minuti\" \/>\n<script type=\"application\/ld+json\" class=\"yoast-schema-graph\">{\"@context\":\"https:\/\/schema.org\",\"@graph\":[{\"@type\":\"WebPage\",\"@id\":\"https:\/\/www.intoscana.it\/it\/ho-avuto-il-covid-dopo-cinque-mesi-sono-ancora-nella-sua-prigione\/\",\"url\":\"https:\/\/www.intoscana.it\/it\/ho-avuto-il-covid-dopo-cinque-mesi-sono-ancora-nella-sua-prigione\/\",\"name\":\"\\\"Ho avuto il Covid, dopo cinque mesi sono ancora nella sua prigione\\\" - intoscana\",\"isPartOf\":{\"@id\":\"https:\/\/www.intoscana.it\/it\/#website\"},\"primaryImageOfPage\":{\"@id\":\"https:\/\/www.intoscana.it\/it\/ho-avuto-il-covid-dopo-cinque-mesi-sono-ancora-nella-sua-prigione\/#primaryimage\"},\"image\":{\"@id\":\"https:\/\/www.intoscana.it\/it\/ho-avuto-il-covid-dopo-cinque-mesi-sono-ancora-nella-sua-prigione\/#primaryimage\"},\"thumbnailUrl\":\"https:\/\/www.intoscana.it\/wp-content\/uploads\/shutterstock_1861441990.jpg\",\"datePublished\":\"2021-03-09T08:07:45+00:00\",\"author\":{\"@id\":\"https:\/\/www.intoscana.it\/it\/#\/schema\/person\/333569b367b301e30262defcea56c939\"},\"description\":\"Anna soffre di quella che viene definita sindrome Long Covid. Si sente in trappola, ha malessere continuo e attacchi di panico\",\"breadcrumb\":{\"@id\":\"https:\/\/www.intoscana.it\/it\/ho-avuto-il-covid-dopo-cinque-mesi-sono-ancora-nella-sua-prigione\/#breadcrumb\"},\"inLanguage\":\"it-IT\",\"potentialAction\":[{\"@type\":\"ReadAction\",\"target\":[\"https:\/\/www.intoscana.it\/it\/ho-avuto-il-covid-dopo-cinque-mesi-sono-ancora-nella-sua-prigione\/\"]}]},{\"@type\":\"ImageObject\",\"inLanguage\":\"it-IT\",\"@id\":\"https:\/\/www.intoscana.it\/it\/ho-avuto-il-covid-dopo-cinque-mesi-sono-ancora-nella-sua-prigione\/#primaryimage\",\"url\":\"https:\/\/www.intoscana.it\/wp-content\/uploads\/shutterstock_1861441990.jpg\",\"contentUrl\":\"https:\/\/www.intoscana.it\/wp-content\/uploads\/shutterstock_1861441990.jpg\",\"width\":8442,\"height\":5628},{\"@type\":\"BreadcrumbList\",\"@id\":\"https:\/\/www.intoscana.it\/it\/ho-avuto-il-covid-dopo-cinque-mesi-sono-ancora-nella-sua-prigione\/#breadcrumb\",\"itemListElement\":[{\"@type\":\"ListItem\",\"position\":1,\"name\":\"Home\",\"item\":\"https:\/\/www.intoscana.it\/it\/\"},{\"@type\":\"ListItem\",\"position\":2,\"name\":\"&#8220;Ho avuto il Covid, dopo cinque mesi sono ancora nella sua prigione&#8221;\"}]},{\"@type\":\"WebSite\",\"@id\":\"https:\/\/www.intoscana.it\/it\/#website\",\"url\":\"https:\/\/www.intoscana.it\/it\/\",\"name\":\"intoscana\",\"description\":\"\",\"potentialAction\":[{\"@type\":\"SearchAction\",\"target\":{\"@type\":\"EntryPoint\",\"urlTemplate\":\"https:\/\/www.intoscana.it\/it\/?s={search_term_string}\"},\"query-input\":{\"@type\":\"PropertyValueSpecification\",\"valueRequired\":true,\"valueName\":\"search_term_string\"}}],\"inLanguage\":\"it-IT\"},{\"@type\":\"Person\",\"@id\":\"https:\/\/www.intoscana.it\/it\/#\/schema\/person\/333569b367b301e30262defcea56c939\",\"name\":\"Giulia Rafanelli\",\"url\":\"https:\/\/www.intoscana.it\/it\/author\/giulia-rafanelli\/\"}]}<\/script>\n<!-- \/ Yoast SEO Premium plugin. -->","yoast_head_json":{"title":"\"Ho avuto il Covid, dopo cinque mesi sono ancora nella sua prigione\" - intoscana","description":"Anna soffre di quella che viene definita sindrome Long Covid. Si sente in trappola, ha malessere continuo e attacchi di panico","robots":{"index":"index","follow":"follow","max-snippet":"max-snippet:-1","max-image-preview":"max-image-preview:large","max-video-preview":"max-video-preview:-1"},"canonical":"https:\/\/www.intoscana.it\/it\/ho-avuto-il-covid-dopo-cinque-mesi-sono-ancora-nella-sua-prigione\/","og_locale":"it_IT","og_type":"article","og_title":"\"Ho avuto il Covid, dopo cinque mesi sono ancora nella sua prigione\"","og_description":"Anna soffre di quella che viene definita sindrome Long Covid. Si sente in trappola, ha malessere continuo e attacchi di panico","og_url":"https:\/\/www.intoscana.it\/it\/ho-avuto-il-covid-dopo-cinque-mesi-sono-ancora-nella-sua-prigione\/","og_site_name":"intoscana","article_publisher":"https:\/\/www.facebook.com\/intoscana.it","article_published_time":"2021-03-09T08:07:45+00:00","og_image":[{"width":500,"height":333,"url":"https:\/\/www.intoscana.it\/wp-content\/uploads\/shutterstock_1861441990-500x333.jpg","type":"image\/jpeg"}],"author":"Giulia Rafanelli","twitter_card":"summary_large_image","twitter_creator":"@intoscana","twitter_site":"@intoscana","twitter_misc":{"Written by":"Giulia Rafanelli","Est. reading time":"4 minuti"},"schema":{"@context":"https:\/\/schema.org","@graph":[{"@type":"WebPage","@id":"https:\/\/www.intoscana.it\/it\/ho-avuto-il-covid-dopo-cinque-mesi-sono-ancora-nella-sua-prigione\/","url":"https:\/\/www.intoscana.it\/it\/ho-avuto-il-covid-dopo-cinque-mesi-sono-ancora-nella-sua-prigione\/","name":"\"Ho avuto il Covid, dopo cinque mesi sono ancora nella sua prigione\" - intoscana","isPartOf":{"@id":"https:\/\/www.intoscana.it\/it\/#website"},"primaryImageOfPage":{"@id":"https:\/\/www.intoscana.it\/it\/ho-avuto-il-covid-dopo-cinque-mesi-sono-ancora-nella-sua-prigione\/#primaryimage"},"image":{"@id":"https:\/\/www.intoscana.it\/it\/ho-avuto-il-covid-dopo-cinque-mesi-sono-ancora-nella-sua-prigione\/#primaryimage"},"thumbnailUrl":"https:\/\/www.intoscana.it\/wp-content\/uploads\/shutterstock_1861441990.jpg","datePublished":"2021-03-09T08:07:45+00:00","author":{"@id":"https:\/\/www.intoscana.it\/it\/#\/schema\/person\/333569b367b301e30262defcea56c939"},"description":"Anna soffre di quella che viene definita sindrome Long Covid. Si sente in trappola, ha malessere continuo e attacchi di panico","breadcrumb":{"@id":"https:\/\/www.intoscana.it\/it\/ho-avuto-il-covid-dopo-cinque-mesi-sono-ancora-nella-sua-prigione\/#breadcrumb"},"inLanguage":"it-IT","potentialAction":[{"@type":"ReadAction","target":["https:\/\/www.intoscana.it\/it\/ho-avuto-il-covid-dopo-cinque-mesi-sono-ancora-nella-sua-prigione\/"]}]},{"@type":"ImageObject","inLanguage":"it-IT","@id":"https:\/\/www.intoscana.it\/it\/ho-avuto-il-covid-dopo-cinque-mesi-sono-ancora-nella-sua-prigione\/#primaryimage","url":"https:\/\/www.intoscana.it\/wp-content\/uploads\/shutterstock_1861441990.jpg","contentUrl":"https:\/\/www.intoscana.it\/wp-content\/uploads\/shutterstock_1861441990.jpg","width":8442,"height":5628},{"@type":"BreadcrumbList","@id":"https:\/\/www.intoscana.it\/it\/ho-avuto-il-covid-dopo-cinque-mesi-sono-ancora-nella-sua-prigione\/#breadcrumb","itemListElement":[{"@type":"ListItem","position":1,"name":"Home","item":"https:\/\/www.intoscana.it\/it\/"},{"@type":"ListItem","position":2,"name":"&#8220;Ho avuto il Covid, dopo cinque mesi sono ancora nella sua prigione&#8221;"}]},{"@type":"WebSite","@id":"https:\/\/www.intoscana.it\/it\/#website","url":"https:\/\/www.intoscana.it\/it\/","name":"intoscana","description":"","potentialAction":[{"@type":"SearchAction","target":{"@type":"EntryPoint","urlTemplate":"https:\/\/www.intoscana.it\/it\/?s={search_term_string}"},"query-input":{"@type":"PropertyValueSpecification","valueRequired":true,"valueName":"search_term_string"}}],"inLanguage":"it-IT"},{"@type":"Person","@id":"https:\/\/www.intoscana.it\/it\/#\/schema\/person\/333569b367b301e30262defcea56c939","name":"Giulia Rafanelli","url":"https:\/\/www.intoscana.it\/it\/author\/giulia-rafanelli\/"}]}},"_links":{"self":[{"href":"https:\/\/www.intoscana.it\/it\/wp-json\/wp\/v2\/posts\/169749","targetHints":{"allow":["GET"]}}],"collection":[{"href":"https:\/\/www.intoscana.it\/it\/wp-json\/wp\/v2\/posts"}],"about":[{"href":"https:\/\/www.intoscana.it\/it\/wp-json\/wp\/v2\/types\/post"}],"author":[{"embeddable":true,"href":"https:\/\/www.intoscana.it\/it\/wp-json\/wp\/v2\/users\/503"}],"replies":[{"embeddable":true,"href":"https:\/\/www.intoscana.it\/it\/wp-json\/wp\/v2\/comments?post=169749"}],"version-history":[{"count":0,"href":"https:\/\/www.intoscana.it\/it\/wp-json\/wp\/v2\/posts\/169749\/revisions"}],"wp:featuredmedia":[{"embeddable":true,"href":"https:\/\/www.intoscana.it\/it\/wp-json\/wp\/v2\/media\/169758"}],"wp:attachment":[{"href":"https:\/\/www.intoscana.it\/it\/wp-json\/wp\/v2\/media?parent=169749"}],"wp:term":[{"taxonomy":"category","embeddable":true,"href":"https:\/\/www.intoscana.it\/it\/wp-json\/wp\/v2\/categories?post=169749"},{"taxonomy":"post_tag","embeddable":true,"href":"https:\/\/www.intoscana.it\/it\/wp-json\/wp\/v2\/tags?post=169749"}],"curies":[{"name":"wp","href":"https:\/\/api.w.org\/{rel}","templated":true}]}}