{"id":170863,"date":"2021-03-17T11:30:15","date_gmt":"2021-03-17T10:30:15","guid":{"rendered":"https:\/\/www.intoscana.it\/it\/?p=170863"},"modified":"2021-03-30T17:28:57","modified_gmt":"2021-03-30T15:28:57","slug":"zubin-mehta-pasqua-maggio","status":"publish","type":"post","link":"https:\/\/www.intoscana.it\/it\/zubin-mehta-pasqua-maggio\/","title":{"rendered":"Il concerto di Pasqua diretto da Zubin Mehta con il Maggio Fiorentino su Rai Uno"},"content":{"rendered":"<p><strong>Il maestro Zubin Mehta<\/strong> diriger\u00e0 il<strong> Coro e l\u2019Orchestra del<a href=\"https:\/\/www.maggiofiorentino.com\" target=\"_blank\" rel=\"noopener\"> Maggio Musicale Fiorentino<\/a><\/strong> nel <strong>Duomo di Orvieto<\/strong> nel tradizionale <strong>concerto di Pasqua<\/strong> che, in ottemperanza alle limitazioni imposte per l\u2019emergenza sanitaria, <strong>verr\u00e0 registrato a porte chiuse luned\u00ec 22 marzo 2021<\/strong> e sar\u00e0 poi trasmesso da<strong> Rai Cultura,<\/strong> in prima televisiva, su <strong>Rai 1 il Venerd\u00ec Santo, 2 aprile, alle ore 00.40<\/strong>, e in replica <strong>sabato 3 aprile alle ore 19.35 su Rai 5.<\/strong><\/p>\n<p>In programma tre composizioni di<strong> Wolfgang Amadeus Mozart<\/strong>: la Sinfonia in sol minore K. 550, la Messa dell\u2019incoronazione in do maggiore K. 317 e il mottetto \u201cAve verum corpus\u201d. Sul podio i solisti<strong> Eva Mei, Francesca Cucuzza, Valentino Buzza e Emiliano Cordaro<\/strong>. Maestro del Coro: Lorenzo Fratini.<\/p>\n<p>Il concerto inaugura la nuova edizione del progetto <em><strong>\u201cOmaggio all\u2019Umbria\u201d<\/strong><\/em> che si fregia dell\u2019alto <strong>Patronato del Presidente della Repubblica, del Patrocinio della Presidenza del Consiglio dei Ministri e del Patrocinio del Ministero dei Beni Culturali<\/strong> ed \u00e8 organizzato da Laura Musella. Il progetto prevede <strong>una serie di 19 concerti fino al prossimo mese di dicembre<\/strong>. Zubin Mehta partecipa sin dal 2002 quando diresse le maestranze del Maggio nel &#8220;Concerto per la pace nel mondo&#8221; alla Basilica Superiore di San Francesco di Assisi.<\/p>\n<p>In apertura del concerto al Duomo di Orvieto la <strong><em>Sinfonia in sol minore K. 550 di Wolfgang Amadeus Mozart<\/em>:<\/strong> una delle sue pi\u00f9 celebri ed eseguite sinfonie dall\u2019apparente gaiezza e invece percorsa da un\u2019agitazione oscura e da una tensione continua. Si prosegue con la luminosa e intensa <em><strong>Messa dell\u2019incoronazione in do maggiore K. 317,<\/strong><\/em> con le voci del soprano Eva Mei, del mezzosoprano Francesca Cucuzza, del tenore Valentino Buzza, del basso Emiliano Cordaro, per poi chiudere con il sublime mottetto \u201c<strong>Ave verum corpus\u201d.<\/strong><\/p>\n<p>Nei prossimi giorni <strong>il maestro Mehta sar\u00e0 al Maggio per continuare le prove di due appuntamenti<\/strong> che verranno registrati e successivamente trasmessi in streaming: il<strong> concerto con la violinista Vilde Frang, 27 marzo<\/strong>, e l\u2019opera <em><strong>Cos\u00ec fan tutte<\/strong> <\/em>di <strong>Wolfgang Amadeus Mozart<\/strong> con la regia di Sven-Erich Bechtolf, <strong>28 marzo<\/strong>.<\/p>\n","protected":false},"excerpt":{"rendered":"<p>Il concerto verr\u00e0 registrato luned\u00ec 22 marzo 2021 nel Duomo di Orvieto e poi trasmesso su Rai 1 il Venerd\u00ec Santo alle ore 00.40\u00a0e in replica su Rai 5 il giorno successivo alle 19.35<\/p>\n","protected":false},"author":525,"featured_media":172316,"comment_status":"open","ping_status":"open","sticky":false,"template":"","format":"standard","meta":{"_acf_changed":false,"footnotes":""},"categories":[14],"tags":[216,5083,369,5742,5754],"class_list":["post-170863","post","type-post","status-publish","format-standard","has-post-thumbnail","hentry","category-musica","tag-concerti","tag-eventi-online","tag-maggio-musicale-fiorentino","tag-pasqua","tag-pasqua-2021"],"acf":[],"yoast_head":"<!-- This site is optimized with the Yoast SEO Premium plugin v24.2 (Yoast SEO v25.6) - https:\/\/yoast.com\/wordpress\/plugins\/seo\/ -->\n<title>Il concerto di Pasqua diretto da Zubin Mehta con il Maggio Fiorentino su Rai Uno - intoscana<\/title>\n<meta name=\"robots\" content=\"index, follow, max-snippet:-1, max-image-preview:large, max-video-preview:-1\" \/>\n<link rel=\"canonical\" href=\"https:\/\/www.intoscana.it\/it\/zubin-mehta-pasqua-maggio\/\" \/>\n<meta property=\"og:locale\" content=\"it_IT\" \/>\n<meta property=\"og:type\" content=\"article\" \/>\n<meta property=\"og:title\" content=\"Il concerto di Pasqua diretto da Zubin Mehta con il Maggio Fiorentino su Rai Uno\" \/>\n<meta property=\"og:description\" content=\"Il concerto verr\u00e0 registrato luned\u00ec 22 marzo 2021 nel Duomo di Orvieto e poi trasmesso su Rai 1 il Venerd\u00ec Santo alle ore 00.40\u00a0e in replica su Rai 5 il giorno successivo alle 19.35\" \/>\n<meta property=\"og:url\" content=\"https:\/\/www.intoscana.it\/it\/zubin-mehta-pasqua-maggio\/\" \/>\n<meta property=\"og:site_name\" content=\"intoscana\" \/>\n<meta property=\"article:publisher\" content=\"https:\/\/www.facebook.com\/intoscana.it\" \/>\n<meta property=\"article:published_time\" content=\"2021-03-17T10:30:15+00:00\" \/>\n<meta property=\"article:modified_time\" content=\"2021-03-30T15:28:57+00:00\" \/>\n<meta property=\"og:image\" content=\"https:\/\/www.intoscana.it\/wp-content\/uploads\/166961979_10159086356044035_675752477562091555_n.jpg\" \/>\n\t<meta property=\"og:image:width\" content=\"1875\" \/>\n\t<meta property=\"og:image:height\" content=\"1250\" \/>\n\t<meta property=\"og:image:type\" content=\"image\/jpeg\" \/>\n<meta name=\"author\" content=\"Redazione\" \/>\n<meta name=\"twitter:card\" content=\"summary_large_image\" \/>\n<meta name=\"twitter:creator\" content=\"@intoscana\" \/>\n<meta name=\"twitter:site\" content=\"@intoscana\" \/>\n<meta name=\"twitter:label1\" content=\"Written by\" \/>\n\t<meta name=\"twitter:data1\" content=\"Redazione\" \/>\n\t<meta name=\"twitter:label2\" content=\"Est. reading time\" \/>\n\t<meta name=\"twitter:data2\" content=\"2 minuti\" \/>\n<script type=\"application\/ld+json\" class=\"yoast-schema-graph\">{\"@context\":\"https:\/\/schema.org\",\"@graph\":[{\"@type\":\"WebPage\",\"@id\":\"https:\/\/www.intoscana.it\/it\/zubin-mehta-pasqua-maggio\/\",\"url\":\"https:\/\/www.intoscana.it\/it\/zubin-mehta-pasqua-maggio\/\",\"name\":\"Il concerto di Pasqua diretto da Zubin Mehta con il Maggio Fiorentino su Rai Uno - intoscana\",\"isPartOf\":{\"@id\":\"https:\/\/www.intoscana.it\/it\/#website\"},\"primaryImageOfPage\":{\"@id\":\"https:\/\/www.intoscana.it\/it\/zubin-mehta-pasqua-maggio\/#primaryimage\"},\"image\":{\"@id\":\"https:\/\/www.intoscana.it\/it\/zubin-mehta-pasqua-maggio\/#primaryimage\"},\"thumbnailUrl\":\"https:\/\/www.intoscana.it\/wp-content\/uploads\/166961979_10159086356044035_675752477562091555_n.jpg\",\"datePublished\":\"2021-03-17T10:30:15+00:00\",\"dateModified\":\"2021-03-30T15:28:57+00:00\",\"author\":{\"@id\":\"https:\/\/www.intoscana.it\/it\/#\/schema\/person\/9223810753230f20bd670fdd322661f8\"},\"breadcrumb\":{\"@id\":\"https:\/\/www.intoscana.it\/it\/zubin-mehta-pasqua-maggio\/#breadcrumb\"},\"inLanguage\":\"it-IT\",\"potentialAction\":[{\"@type\":\"ReadAction\",\"target\":[\"https:\/\/www.intoscana.it\/it\/zubin-mehta-pasqua-maggio\/\"]}]},{\"@type\":\"ImageObject\",\"inLanguage\":\"it-IT\",\"@id\":\"https:\/\/www.intoscana.it\/it\/zubin-mehta-pasqua-maggio\/#primaryimage\",\"url\":\"https:\/\/www.intoscana.it\/wp-content\/uploads\/166961979_10159086356044035_675752477562091555_n.jpg\",\"contentUrl\":\"https:\/\/www.intoscana.it\/wp-content\/uploads\/166961979_10159086356044035_675752477562091555_n.jpg\",\"width\":1875,\"height\":1250},{\"@type\":\"BreadcrumbList\",\"@id\":\"https:\/\/www.intoscana.it\/it\/zubin-mehta-pasqua-maggio\/#breadcrumb\",\"itemListElement\":[{\"@type\":\"ListItem\",\"position\":1,\"name\":\"Home\",\"item\":\"https:\/\/www.intoscana.it\/it\/\"},{\"@type\":\"ListItem\",\"position\":2,\"name\":\"Il concerto di Pasqua diretto da Zubin Mehta con il Maggio Fiorentino su Rai Uno\"}]},{\"@type\":\"WebSite\",\"@id\":\"https:\/\/www.intoscana.it\/it\/#website\",\"url\":\"https:\/\/www.intoscana.it\/it\/\",\"name\":\"intoscana\",\"description\":\"\",\"potentialAction\":[{\"@type\":\"SearchAction\",\"target\":{\"@type\":\"EntryPoint\",\"urlTemplate\":\"https:\/\/www.intoscana.it\/it\/?s={search_term_string}\"},\"query-input\":{\"@type\":\"PropertyValueSpecification\",\"valueRequired\":true,\"valueName\":\"search_term_string\"}}],\"inLanguage\":\"it-IT\"},{\"@type\":\"Person\",\"@id\":\"https:\/\/www.intoscana.it\/it\/#\/schema\/person\/9223810753230f20bd670fdd322661f8\",\"name\":\"Redazione\",\"url\":\"https:\/\/www.intoscana.it\/it\/author\/redazione\/\"}]}<\/script>\n<!-- \/ Yoast SEO Premium plugin. -->","yoast_head_json":{"title":"Il concerto di Pasqua diretto da Zubin Mehta con il Maggio Fiorentino su Rai Uno - intoscana","robots":{"index":"index","follow":"follow","max-snippet":"max-snippet:-1","max-image-preview":"max-image-preview:large","max-video-preview":"max-video-preview:-1"},"canonical":"https:\/\/www.intoscana.it\/it\/zubin-mehta-pasqua-maggio\/","og_locale":"it_IT","og_type":"article","og_title":"Il concerto di Pasqua diretto da Zubin Mehta con il Maggio Fiorentino su Rai Uno","og_description":"Il concerto verr\u00e0 registrato luned\u00ec 22 marzo 2021 nel Duomo di Orvieto e poi trasmesso su Rai 1 il Venerd\u00ec Santo alle ore 00.40\u00a0e in replica su Rai 5 il giorno successivo alle 19.35","og_url":"https:\/\/www.intoscana.it\/it\/zubin-mehta-pasqua-maggio\/","og_site_name":"intoscana","article_publisher":"https:\/\/www.facebook.com\/intoscana.it","article_published_time":"2021-03-17T10:30:15+00:00","article_modified_time":"2021-03-30T15:28:57+00:00","og_image":[{"width":1875,"height":1250,"url":"https:\/\/www.intoscana.it\/wp-content\/uploads\/166961979_10159086356044035_675752477562091555_n.jpg","type":"image\/jpeg"}],"author":"Redazione","twitter_card":"summary_large_image","twitter_creator":"@intoscana","twitter_site":"@intoscana","twitter_misc":{"Written by":"Redazione","Est. reading time":"2 minuti"},"schema":{"@context":"https:\/\/schema.org","@graph":[{"@type":"WebPage","@id":"https:\/\/www.intoscana.it\/it\/zubin-mehta-pasqua-maggio\/","url":"https:\/\/www.intoscana.it\/it\/zubin-mehta-pasqua-maggio\/","name":"Il concerto di Pasqua diretto da Zubin Mehta con il Maggio Fiorentino su Rai Uno - intoscana","isPartOf":{"@id":"https:\/\/www.intoscana.it\/it\/#website"},"primaryImageOfPage":{"@id":"https:\/\/www.intoscana.it\/it\/zubin-mehta-pasqua-maggio\/#primaryimage"},"image":{"@id":"https:\/\/www.intoscana.it\/it\/zubin-mehta-pasqua-maggio\/#primaryimage"},"thumbnailUrl":"https:\/\/www.intoscana.it\/wp-content\/uploads\/166961979_10159086356044035_675752477562091555_n.jpg","datePublished":"2021-03-17T10:30:15+00:00","dateModified":"2021-03-30T15:28:57+00:00","author":{"@id":"https:\/\/www.intoscana.it\/it\/#\/schema\/person\/9223810753230f20bd670fdd322661f8"},"breadcrumb":{"@id":"https:\/\/www.intoscana.it\/it\/zubin-mehta-pasqua-maggio\/#breadcrumb"},"inLanguage":"it-IT","potentialAction":[{"@type":"ReadAction","target":["https:\/\/www.intoscana.it\/it\/zubin-mehta-pasqua-maggio\/"]}]},{"@type":"ImageObject","inLanguage":"it-IT","@id":"https:\/\/www.intoscana.it\/it\/zubin-mehta-pasqua-maggio\/#primaryimage","url":"https:\/\/www.intoscana.it\/wp-content\/uploads\/166961979_10159086356044035_675752477562091555_n.jpg","contentUrl":"https:\/\/www.intoscana.it\/wp-content\/uploads\/166961979_10159086356044035_675752477562091555_n.jpg","width":1875,"height":1250},{"@type":"BreadcrumbList","@id":"https:\/\/www.intoscana.it\/it\/zubin-mehta-pasqua-maggio\/#breadcrumb","itemListElement":[{"@type":"ListItem","position":1,"name":"Home","item":"https:\/\/www.intoscana.it\/it\/"},{"@type":"ListItem","position":2,"name":"Il concerto di Pasqua diretto da Zubin Mehta con il Maggio Fiorentino su Rai Uno"}]},{"@type":"WebSite","@id":"https:\/\/www.intoscana.it\/it\/#website","url":"https:\/\/www.intoscana.it\/it\/","name":"intoscana","description":"","potentialAction":[{"@type":"SearchAction","target":{"@type":"EntryPoint","urlTemplate":"https:\/\/www.intoscana.it\/it\/?s={search_term_string}"},"query-input":{"@type":"PropertyValueSpecification","valueRequired":true,"valueName":"search_term_string"}}],"inLanguage":"it-IT"},{"@type":"Person","@id":"https:\/\/www.intoscana.it\/it\/#\/schema\/person\/9223810753230f20bd670fdd322661f8","name":"Redazione","url":"https:\/\/www.intoscana.it\/it\/author\/redazione\/"}]}},"_links":{"self":[{"href":"https:\/\/www.intoscana.it\/it\/wp-json\/wp\/v2\/posts\/170863","targetHints":{"allow":["GET"]}}],"collection":[{"href":"https:\/\/www.intoscana.it\/it\/wp-json\/wp\/v2\/posts"}],"about":[{"href":"https:\/\/www.intoscana.it\/it\/wp-json\/wp\/v2\/types\/post"}],"author":[{"embeddable":true,"href":"https:\/\/www.intoscana.it\/it\/wp-json\/wp\/v2\/users\/525"}],"replies":[{"embeddable":true,"href":"https:\/\/www.intoscana.it\/it\/wp-json\/wp\/v2\/comments?post=170863"}],"version-history":[{"count":0,"href":"https:\/\/www.intoscana.it\/it\/wp-json\/wp\/v2\/posts\/170863\/revisions"}],"wp:featuredmedia":[{"embeddable":true,"href":"https:\/\/www.intoscana.it\/it\/wp-json\/wp\/v2\/media\/172316"}],"wp:attachment":[{"href":"https:\/\/www.intoscana.it\/it\/wp-json\/wp\/v2\/media?parent=170863"}],"wp:term":[{"taxonomy":"category","embeddable":true,"href":"https:\/\/www.intoscana.it\/it\/wp-json\/wp\/v2\/categories?post=170863"},{"taxonomy":"post_tag","embeddable":true,"href":"https:\/\/www.intoscana.it\/it\/wp-json\/wp\/v2\/tags?post=170863"}],"curies":[{"name":"wp","href":"https:\/\/api.w.org\/{rel}","templated":true}]}}