{"id":170866,"date":"2021-03-17T12:10:15","date_gmt":"2021-03-17T11:10:15","guid":{"rendered":"https:\/\/www.intoscana.it\/it\/?p=170866"},"modified":"2021-03-17T12:14:28","modified_gmt":"2021-03-17T11:14:28","slug":"in-presenza-e-in-digitale-taste-slitta-a-giugno-2021","status":"publish","type":"post","link":"https:\/\/www.intoscana.it\/it\/in-presenza-e-in-digitale-taste-slitta-a-giugno-2021\/","title":{"rendered":"In presenza e in digitale: Taste slitta a giugno 2021"},"content":{"rendered":"<p>Mentre Veronafiere annuncia di aver rinviato definitivamente il Vinitaly al 2022, Pitti Immagine comunica le nuove date di <em><strong>Taste. In viaggio con le diversit\u00e0 del gusto<\/strong><\/em>. La prossima edizione, <a href=\"https:\/\/www.intoscana.it\/it\/articolo\/taste-pitti-aprile\/\" target=\"_blank\" rel=\"noopener\">finora prevista dal 10 al 12 aprile<\/a>, \u00e8 stata riprogrammata a <strong>fine giugno 2021, dal 27 al 29<\/strong>.<\/p>\n<p>\u201c<em>Sulla base delle ultime disposizioni governative italiane<\/em> \u2013 afferma <strong>Agostino Poletto<\/strong>, direttore generale di Pitti Immagine \u2013 <em>abbiamo deciso di spostare il salone a fine giugno, in una collocazione di calendario che si inserisce nella sequenza degli altri nostri saloni, e che risponde all\u2019obiettivo di garantire la massima sicurezza possibile per le nostre aziende e per i visitatori<\/em>\u201d.<\/p>\n<h3>Un\u2019edizione di Taste in sicurezza<\/h3>\n<p>Il salone di Pitti Immagine dedicato alle <strong>eccellenze enogastronomiche<\/strong>, come gi\u00e0 anticipato, lascia la &#8220;storica&#8221; location della Stazione Leopolda per essere allestito negli spazi della <strong>Fortezza da Basso di Firenze<\/strong> al fine di tutelare la salute di espositori e visitatori.<\/p>\n<p>\u201c<em>Confermiamo come location la Fortezza da Basso <\/em>&#8211; continua Poletto &#8211;<em> , e la vicinanza ai nostri saloni della moda, che si svolgeranno nelle due settimane precedenti, permetter\u00e0 una <strong>gestione ancora pi\u00f9 sicura dei controlli agli ingressi<\/strong>, degli spazi comuni e individuali e dei servizi perch\u00e9 gi\u00e0 testata sul campo e rodata. Siamo pi\u00f9 che determinati a realizzare il salone con <strong>la qualit\u00e0 e la vivacit\u00e0 di sempre<\/strong>: le tante e convinte adesioni che abbiamo raccolto finora ci dicono che la direzione \u00e8 quella giusta<\/em>\u201d.<\/p>\n<h3>L&#8217;integrazione con il digitale<\/h3>\n<p>L\u2019intero ciclo degli <a href=\"https:\/\/www.intoscana.it\/it\/articolo\/pitti-saloni-febbraio\/\" target=\"_blank\" rel=\"noopener\">eventi di Pitti<\/a> sar\u00e0 caratterizzato da una forte <strong>integrazione tra il formato fisico e quello digitale<\/strong>. Ci\u00f2 vale anche per Taste: il salone &#8220;in presenza&#8221; sar\u00e0 preceduto da un opening on line su <strong>Pitti Connect<\/strong>, l&#8217;innovativa piattaforma digitale che permetter\u00e0 alle aziende di presentarsi al meglio, con focus a loro dedicati e con approfondimenti editoriali sulle tendenze del settore.<\/p>\n<p>Tramite questo strumento le imprese di <a href=\"https:\/\/taste.pittimmagine.com\/it\" target=\"_blank\" rel=\"noopener\">Taste<\/a> potranno aumentare le possibilit\u00e0 di essere contattate da <strong>buyer e operatori<\/strong>, anche quelli non presenti fisicamente in fiera. Potranno pianificare gli incontri, effettuare video chat e raccontare i propri prodotti e i propri valori.<\/p>\n","protected":false},"excerpt":{"rendered":"<p>Il salone di Pitti Immagine dedicato alle eccellenze enogastronomiche \u00e8 in programma, in sicurezza, alla Fortezza da Basso di Firenze e su Pitti Connect, la piattaforma che permette di avvicinare buyer e operatori online<\/p>\n","protected":false},"author":483,"featured_media":170871,"comment_status":"open","ping_status":"open","sticky":false,"template":"","format":"standard","meta":{"_acf_changed":false,"footnotes":""},"categories":[8],"tags":[282,4474,395,202,1622],"class_list":["post-170866","post","type-post","status-publish","format-standard","has-post-thumbnail","hentry","category-enogastronomia","tag-agroalimentare","tag-eventi","tag-eventi-in-toscana","tag-firenze","tag-taste"],"acf":[],"yoast_head":"<!-- This site is optimized with the Yoast SEO Premium plugin v24.2 (Yoast SEO v25.6) - https:\/\/yoast.com\/wordpress\/plugins\/seo\/ -->\n<title>In presenza e in digitale: Taste slitta a giugno 2021 - intoscana<\/title>\n<meta name=\"description\" content=\"Taste, il salone delle eccellenze firmato Pitti Immagine, slitta a giugno 2021 con eventi in presenza e digitali.\" \/>\n<meta name=\"robots\" content=\"index, follow, max-snippet:-1, max-image-preview:large, max-video-preview:-1\" \/>\n<link rel=\"canonical\" href=\"https:\/\/www.intoscana.it\/it\/in-presenza-e-in-digitale-taste-slitta-a-giugno-2021\/\" \/>\n<meta property=\"og:locale\" content=\"it_IT\" \/>\n<meta property=\"og:type\" content=\"article\" \/>\n<meta property=\"og:title\" content=\"In presenza e in digitale: Taste slitta a giugno 2021\" \/>\n<meta property=\"og:description\" content=\"Taste, il salone delle eccellenze firmato Pitti Immagine, slitta a giugno 2021 con eventi in presenza e digitali.\" \/>\n<meta property=\"og:url\" content=\"https:\/\/www.intoscana.it\/it\/in-presenza-e-in-digitale-taste-slitta-a-giugno-2021\/\" \/>\n<meta property=\"og:site_name\" content=\"intoscana\" \/>\n<meta property=\"article:publisher\" content=\"https:\/\/www.facebook.com\/intoscana.it\" \/>\n<meta property=\"article:published_time\" content=\"2021-03-17T11:10:15+00:00\" \/>\n<meta property=\"article:modified_time\" content=\"2021-03-17T11:14:28+00:00\" \/>\n<meta property=\"og:image\" content=\"https:\/\/www.intoscana.it\/wp-content\/uploads\/Pitti-Taste-2021.jpg\" \/>\n\t<meta property=\"og:image:width\" content=\"1280\" \/>\n\t<meta property=\"og:image:height\" content=\"720\" \/>\n\t<meta property=\"og:image:type\" content=\"image\/jpeg\" \/>\n<meta name=\"author\" content=\"Marta Mancini\" \/>\n<meta name=\"twitter:card\" content=\"summary_large_image\" \/>\n<meta name=\"twitter:creator\" content=\"@intoscana\" \/>\n<meta name=\"twitter:site\" content=\"@intoscana\" \/>\n<meta name=\"twitter:label1\" content=\"Written by\" \/>\n\t<meta name=\"twitter:data1\" content=\"Marta Mancini\" \/>\n\t<meta name=\"twitter:label2\" content=\"Est. reading time\" \/>\n\t<meta name=\"twitter:data2\" content=\"2 minuti\" \/>\n<script type=\"application\/ld+json\" class=\"yoast-schema-graph\">{\"@context\":\"https:\/\/schema.org\",\"@graph\":[{\"@type\":\"WebPage\",\"@id\":\"https:\/\/www.intoscana.it\/it\/in-presenza-e-in-digitale-taste-slitta-a-giugno-2021\/\",\"url\":\"https:\/\/www.intoscana.it\/it\/in-presenza-e-in-digitale-taste-slitta-a-giugno-2021\/\",\"name\":\"In presenza e in digitale: Taste slitta a giugno 2021 - intoscana\",\"isPartOf\":{\"@id\":\"https:\/\/www.intoscana.it\/it\/#website\"},\"primaryImageOfPage\":{\"@id\":\"https:\/\/www.intoscana.it\/it\/in-presenza-e-in-digitale-taste-slitta-a-giugno-2021\/#primaryimage\"},\"image\":{\"@id\":\"https:\/\/www.intoscana.it\/it\/in-presenza-e-in-digitale-taste-slitta-a-giugno-2021\/#primaryimage\"},\"thumbnailUrl\":\"https:\/\/www.intoscana.it\/wp-content\/uploads\/Pitti-Taste-2021.jpg\",\"datePublished\":\"2021-03-17T11:10:15+00:00\",\"dateModified\":\"2021-03-17T11:14:28+00:00\",\"author\":{\"@id\":\"https:\/\/www.intoscana.it\/it\/#\/schema\/person\/ba955c49c389f39a8208f182b0652479\"},\"description\":\"Taste, il salone delle eccellenze firmato Pitti Immagine, slitta a giugno 2021 con eventi in presenza e digitali.\",\"breadcrumb\":{\"@id\":\"https:\/\/www.intoscana.it\/it\/in-presenza-e-in-digitale-taste-slitta-a-giugno-2021\/#breadcrumb\"},\"inLanguage\":\"it-IT\",\"potentialAction\":[{\"@type\":\"ReadAction\",\"target\":[\"https:\/\/www.intoscana.it\/it\/in-presenza-e-in-digitale-taste-slitta-a-giugno-2021\/\"]}]},{\"@type\":\"ImageObject\",\"inLanguage\":\"it-IT\",\"@id\":\"https:\/\/www.intoscana.it\/it\/in-presenza-e-in-digitale-taste-slitta-a-giugno-2021\/#primaryimage\",\"url\":\"https:\/\/www.intoscana.it\/wp-content\/uploads\/Pitti-Taste-2021.jpg\",\"contentUrl\":\"https:\/\/www.intoscana.it\/wp-content\/uploads\/Pitti-Taste-2021.jpg\",\"width\":1280,\"height\":720,\"caption\":\"Food culture, trend e kitchen lifestyle: \u00e8 Taste alla Fortezza da Basso\"},{\"@type\":\"BreadcrumbList\",\"@id\":\"https:\/\/www.intoscana.it\/it\/in-presenza-e-in-digitale-taste-slitta-a-giugno-2021\/#breadcrumb\",\"itemListElement\":[{\"@type\":\"ListItem\",\"position\":1,\"name\":\"Home\",\"item\":\"https:\/\/www.intoscana.it\/it\/\"},{\"@type\":\"ListItem\",\"position\":2,\"name\":\"In presenza e in digitale: Taste slitta a giugno 2021\"}]},{\"@type\":\"WebSite\",\"@id\":\"https:\/\/www.intoscana.it\/it\/#website\",\"url\":\"https:\/\/www.intoscana.it\/it\/\",\"name\":\"intoscana\",\"description\":\"\",\"potentialAction\":[{\"@type\":\"SearchAction\",\"target\":{\"@type\":\"EntryPoint\",\"urlTemplate\":\"https:\/\/www.intoscana.it\/it\/?s={search_term_string}\"},\"query-input\":{\"@type\":\"PropertyValueSpecification\",\"valueRequired\":true,\"valueName\":\"search_term_string\"}}],\"inLanguage\":\"it-IT\"},{\"@type\":\"Person\",\"@id\":\"https:\/\/www.intoscana.it\/it\/#\/schema\/person\/ba955c49c389f39a8208f182b0652479\",\"name\":\"Marta Mancini\",\"url\":\"https:\/\/www.intoscana.it\/it\/author\/marta-mancini\/\"}]}<\/script>\n<!-- \/ Yoast SEO Premium plugin. -->","yoast_head_json":{"title":"In presenza e in digitale: Taste slitta a giugno 2021 - intoscana","description":"Taste, il salone delle eccellenze firmato Pitti Immagine, slitta a giugno 2021 con eventi in presenza e digitali.","robots":{"index":"index","follow":"follow","max-snippet":"max-snippet:-1","max-image-preview":"max-image-preview:large","max-video-preview":"max-video-preview:-1"},"canonical":"https:\/\/www.intoscana.it\/it\/in-presenza-e-in-digitale-taste-slitta-a-giugno-2021\/","og_locale":"it_IT","og_type":"article","og_title":"In presenza e in digitale: Taste slitta a giugno 2021","og_description":"Taste, il salone delle eccellenze firmato Pitti Immagine, slitta a giugno 2021 con eventi in presenza e digitali.","og_url":"https:\/\/www.intoscana.it\/it\/in-presenza-e-in-digitale-taste-slitta-a-giugno-2021\/","og_site_name":"intoscana","article_publisher":"https:\/\/www.facebook.com\/intoscana.it","article_published_time":"2021-03-17T11:10:15+00:00","article_modified_time":"2021-03-17T11:14:28+00:00","og_image":[{"width":1280,"height":720,"url":"https:\/\/www.intoscana.it\/wp-content\/uploads\/Pitti-Taste-2021.jpg","type":"image\/jpeg"}],"author":"Marta Mancini","twitter_card":"summary_large_image","twitter_creator":"@intoscana","twitter_site":"@intoscana","twitter_misc":{"Written by":"Marta Mancini","Est. reading time":"2 minuti"},"schema":{"@context":"https:\/\/schema.org","@graph":[{"@type":"WebPage","@id":"https:\/\/www.intoscana.it\/it\/in-presenza-e-in-digitale-taste-slitta-a-giugno-2021\/","url":"https:\/\/www.intoscana.it\/it\/in-presenza-e-in-digitale-taste-slitta-a-giugno-2021\/","name":"In presenza e in digitale: Taste slitta a giugno 2021 - intoscana","isPartOf":{"@id":"https:\/\/www.intoscana.it\/it\/#website"},"primaryImageOfPage":{"@id":"https:\/\/www.intoscana.it\/it\/in-presenza-e-in-digitale-taste-slitta-a-giugno-2021\/#primaryimage"},"image":{"@id":"https:\/\/www.intoscana.it\/it\/in-presenza-e-in-digitale-taste-slitta-a-giugno-2021\/#primaryimage"},"thumbnailUrl":"https:\/\/www.intoscana.it\/wp-content\/uploads\/Pitti-Taste-2021.jpg","datePublished":"2021-03-17T11:10:15+00:00","dateModified":"2021-03-17T11:14:28+00:00","author":{"@id":"https:\/\/www.intoscana.it\/it\/#\/schema\/person\/ba955c49c389f39a8208f182b0652479"},"description":"Taste, il salone delle eccellenze firmato Pitti Immagine, slitta a giugno 2021 con eventi in presenza e digitali.","breadcrumb":{"@id":"https:\/\/www.intoscana.it\/it\/in-presenza-e-in-digitale-taste-slitta-a-giugno-2021\/#breadcrumb"},"inLanguage":"it-IT","potentialAction":[{"@type":"ReadAction","target":["https:\/\/www.intoscana.it\/it\/in-presenza-e-in-digitale-taste-slitta-a-giugno-2021\/"]}]},{"@type":"ImageObject","inLanguage":"it-IT","@id":"https:\/\/www.intoscana.it\/it\/in-presenza-e-in-digitale-taste-slitta-a-giugno-2021\/#primaryimage","url":"https:\/\/www.intoscana.it\/wp-content\/uploads\/Pitti-Taste-2021.jpg","contentUrl":"https:\/\/www.intoscana.it\/wp-content\/uploads\/Pitti-Taste-2021.jpg","width":1280,"height":720,"caption":"Food culture, trend e kitchen lifestyle: \u00e8 Taste alla Fortezza da Basso"},{"@type":"BreadcrumbList","@id":"https:\/\/www.intoscana.it\/it\/in-presenza-e-in-digitale-taste-slitta-a-giugno-2021\/#breadcrumb","itemListElement":[{"@type":"ListItem","position":1,"name":"Home","item":"https:\/\/www.intoscana.it\/it\/"},{"@type":"ListItem","position":2,"name":"In presenza e in digitale: Taste slitta a giugno 2021"}]},{"@type":"WebSite","@id":"https:\/\/www.intoscana.it\/it\/#website","url":"https:\/\/www.intoscana.it\/it\/","name":"intoscana","description":"","potentialAction":[{"@type":"SearchAction","target":{"@type":"EntryPoint","urlTemplate":"https:\/\/www.intoscana.it\/it\/?s={search_term_string}"},"query-input":{"@type":"PropertyValueSpecification","valueRequired":true,"valueName":"search_term_string"}}],"inLanguage":"it-IT"},{"@type":"Person","@id":"https:\/\/www.intoscana.it\/it\/#\/schema\/person\/ba955c49c389f39a8208f182b0652479","name":"Marta Mancini","url":"https:\/\/www.intoscana.it\/it\/author\/marta-mancini\/"}]}},"_links":{"self":[{"href":"https:\/\/www.intoscana.it\/it\/wp-json\/wp\/v2\/posts\/170866","targetHints":{"allow":["GET"]}}],"collection":[{"href":"https:\/\/www.intoscana.it\/it\/wp-json\/wp\/v2\/posts"}],"about":[{"href":"https:\/\/www.intoscana.it\/it\/wp-json\/wp\/v2\/types\/post"}],"author":[{"embeddable":true,"href":"https:\/\/www.intoscana.it\/it\/wp-json\/wp\/v2\/users\/483"}],"replies":[{"embeddable":true,"href":"https:\/\/www.intoscana.it\/it\/wp-json\/wp\/v2\/comments?post=170866"}],"version-history":[{"count":0,"href":"https:\/\/www.intoscana.it\/it\/wp-json\/wp\/v2\/posts\/170866\/revisions"}],"wp:featuredmedia":[{"embeddable":true,"href":"https:\/\/www.intoscana.it\/it\/wp-json\/wp\/v2\/media\/170871"}],"wp:attachment":[{"href":"https:\/\/www.intoscana.it\/it\/wp-json\/wp\/v2\/media?parent=170866"}],"wp:term":[{"taxonomy":"category","embeddable":true,"href":"https:\/\/www.intoscana.it\/it\/wp-json\/wp\/v2\/categories?post=170866"},{"taxonomy":"post_tag","embeddable":true,"href":"https:\/\/www.intoscana.it\/it\/wp-json\/wp\/v2\/tags?post=170866"}],"curies":[{"name":"wp","href":"https:\/\/api.w.org\/{rel}","templated":true}]}}