{"id":171294,"date":"2021-03-20T13:41:59","date_gmt":"2021-03-20T12:41:59","guid":{"rendered":"https:\/\/www.intoscana.it\/it\/?p=171294"},"modified":"2021-03-22T09:58:38","modified_gmt":"2021-03-22T08:58:38","slug":"eugenio-giani-dati-in-miglioramento-cala-il-numero-delle-terapie-intensive","status":"publish","type":"post","link":"https:\/\/www.intoscana.it\/it\/eugenio-giani-dati-in-miglioramento-cala-il-numero-delle-terapie-intensive\/","title":{"rendered":"Eugenio Giani: &#8220;Dati in miglioramento, cala il numero delle terapie intensive&#8221;"},"content":{"rendered":"<p><strong>Il presidente della Regione Toscana Eugenio Giani<\/strong> ha fatto in una conferenza stampa il punto complessivo sulla situazione epidemiologica per la prossima settimana.<\/p>\n<p>&#8220;Vi confermo l&#8217;impostazione che abbiamo dato ieri vedendo i dati. &#8211; <strong>ha detto il presidente della Toscana<\/strong> &#8211; <strong>Il contagio \u00e8 246 su 250, siamo ai limiti della zona rossa<\/strong> ma ci possiamo permettere di avere un&#8217;altra settimana con la <strong>Toscana in zona arancione.<\/strong><\/p>\n<p>Le tre province identificate come rosse cio\u00e8 con i dati di <strong>contagi oltre i 250 per 100 mila abitanti, sono Prato, Pistoia e Arezzo<\/strong> ma <strong>hanno<\/strong> <strong>tutte e tre dati in miglioramento.<\/strong> Speriamo che il segno meno nei ricoveri possa ulteriormente consolidarsi, oggi \u00e8 meno trenta. Ovvero sono 30 le persone in meno ad essere entrate rispetto a quelle di ieri.<strong> Cala il numero delle terapie intensive per me questa \u00e8 la pi\u00f9 bella notizia di oggi.<\/strong><\/p>\n<h3>Comuni in zona rossa<\/h3>\n<p>Accanto alle tre province che sono in zona rossa abbiamo altre aree da considerare. <strong>La Versilia sar\u00e0 in zona rossa fino a domenica prossima<\/strong>, alcuni comuni lo erano gi\u00e0 come <strong>Viareggio e Massarosa<\/strong>. Poi c&#8217;\u00e8 l&#8217;area socio-sanitaria del <strong>Valdarno inferiore Empolese Valdelsa<\/strong>, un&#8217;area molto vasta e intensamente abitata, anche questa sar\u00e0 zona rossa. La terza area interessata \u00e8 quella del grossetano. <strong>Il comune di Grosseto sar\u00e0 zona rossa,<\/strong> \u00e8 un comune molto esteso, \u00e8 un&#8217;area che \u00e8 tre volte Firenze.<strong> Zona rossa anche per Scarlino<\/strong> e per <strong>i comuni dell&#8217;Amata: Arcidosso, Castel del Piano e Piancastagnaio. Il comune di Santa Fiora <\/strong>chiuder\u00e0 le scuole medie superiori.<\/p>\n<h3>Comuni in arancione &#8216;rafforzato&#8217;<\/h3>\n<p>Poi vi sono <strong>una serie di provvedimenti che vengono presi autonomamente dai sindaci di comuni in arancione rafforzato <\/strong>e sono\u00a0relativi alla chiusura delle\u00a0scuole e di alcuni spazi urbani. Per esempio \u00e8 il caso di <strong>Pontedera, Calcinaia, Santa Maria al Monte, Rosignano Marittimo, Santa Luce, Castellina Marittima, Casale.\u00a0<\/strong><\/p>\n<p>Sono tutti <strong>provvedimenti a macchia di leopardo con interventi dove ci sono criticit\u00e0.<\/strong> I provvedimenti hanno durata di una settimana.<strong> Il clima di dialogo che si \u00e8 creato con i sindaci \u00e8 molto positivo,<\/strong> c&#8217;\u00e8 un clima di complicit\u00e0 nel decidere le ordinanze. Il sistema sta funzionando perch\u00e8 nelle ultime quattro settimane alcuni comuni hanno avuto <strong>un deciso miglioramento come Siena<\/strong> per esempio. Ma<strong> anche Chiusi o Monteroni d&#8217;Arbia oggi presentano dati molto bassi, quindi l&#8217;isolamento funziona<\/strong>. C&#8217;\u00e8 una volont\u00e0 chirurgica nell&#8217;affrontare queste criticit\u00e0.<\/p>\n<h3>La campagna di vaccinazione<\/h3>\n<p>Siamo contenti che <strong>la campagna di AstraZeneca vada avanti,<\/strong> c&#8217;\u00e8 un livello di rifiuto del vaccino molto basso, <strong>una percentuale del 10%<\/strong>. Sto pensando di vaccinarmi anch&#8217;io per <strong>mostrare ai cittadini la massima fiducia in questo vaccino.<\/strong> Le prossime<strong> 50mila dosi di vaccino Pfizer<\/strong> arriveranno marted\u00ec e saranno tutti destinati agli anziani. <strong>La grande sfida per la vaccinazione \u00e8 dalla seconda met\u00e0 di aprile<\/strong> in poi quando arriveranno vaccini in grande quantit\u00e0.<\/p>\n<p><strong>L&#8217;assessore Simone Bezzini<\/strong> ha dichiarato: <strong>&#8220;Per gli over-80 ci sar\u00e0 un&#8217;accelerazione da marted\u00ec prossimo, fino al 25 aprile<\/strong>. Nei prossimi 20 giorni <strong>tutti gli anziani saranno chiamati dai medici di famiglia<\/strong> per fissare un appuntamento. Contiamo di realizzare circa<strong> 120mila somministrazioni agli over80 da ora a Pasqua.<\/strong><\/p>\n<p>Appena arriveranno i<strong> Moderna<\/strong> nel giro di 24 ore apriremo le nuove prenotazioni <strong>per gli estremamente vulnerabili. Saranno circa 15mila dosi.<\/strong> Per<strong> AstraZeneca<\/strong> \u00e8 attesa una consegna a met\u00e0\u00a0settimana.&#8221;<\/p>\n<h3>I ristori<\/h3>\n<p>Sono in arrivo <strong>22milioni di euro per i ristori in Toscana<\/strong> e nei prossimi giorni saranno attivati i bandi per tutti coloro che sono stati pi\u00f9 danneggiati: <strong>bar e ristoranti, taxi e ncc, coloro che hanno agenzie turistiche, guide turistiche, giostrai, operatori dell&#8217;artigianato artistico.<\/strong><\/p>\n<h3>Provvedimento seconda casa<\/h3>\n<p>Stamattina Eugenio Giani in previsione delle <strong>vacanze di Pasqua<\/strong> ha firmato anche l&#8217;ordinanza per il divieto di raggiungere la seconda casa.<strong> Sar\u00e0 un&#8217;ordinanza a tempo determinato, da oggi fino all&#8217;11 di aprile e entrer\u00e0 in vigore luned\u00ec prossimo.<\/strong><\/p>\n","protected":false},"excerpt":{"rendered":"<p>Per i vaccini degli over-80 ci sar\u00e0 un&#8217;accelerazione da marted\u00ec prossimo, fino al 25 aprile. Nei prossimi 20 giorni tutti gli anziani saranno chiamati dai medici di famiglia<\/p>\n","protected":false},"author":518,"featured_media":168939,"comment_status":"open","ping_status":"open","sticky":false,"template":"","format":"standard","meta":{"_acf_changed":false,"footnotes":""},"categories":[18],"tags":[418,158,151,4887],"class_list":["post-171294","post","type-post","status-publish","format-standard","has-post-thumbnail","hentry","category-salute","tag-covid-19","tag-eugenio-giani","tag-regione-toscana","tag-zona-arancione"],"acf":[],"yoast_head":"<!-- This site is optimized with the Yoast SEO Premium plugin v24.2 (Yoast SEO v25.6) - https:\/\/yoast.com\/wordpress\/plugins\/seo\/ -->\n<title>Eugenio Giani: &quot;Dati in miglioramento, cala il numero delle terapie intensive&quot; - intoscana<\/title>\n<meta name=\"description\" content=\"Per gli over-80 ci sar\u00e0 un&#039;accelerazione da marted\u00ec prossimo, fino al 25 aprile. Nei prossimi 20 giorni tutti gli anziani saranno chiamati\" \/>\n<meta name=\"robots\" content=\"index, follow, max-snippet:-1, max-image-preview:large, max-video-preview:-1\" \/>\n<link rel=\"canonical\" href=\"https:\/\/www.intoscana.it\/it\/eugenio-giani-dati-in-miglioramento-cala-il-numero-delle-terapie-intensive\/\" \/>\n<meta property=\"og:locale\" content=\"it_IT\" \/>\n<meta property=\"og:type\" content=\"article\" \/>\n<meta property=\"og:title\" content=\"Eugenio Giani: &quot;Dati in miglioramento, cala il numero delle terapie intensive&quot;\" \/>\n<meta property=\"og:description\" content=\"Per gli over-80 ci sar\u00e0 un&#039;accelerazione da marted\u00ec prossimo, fino al 25 aprile. Nei prossimi 20 giorni tutti gli anziani saranno chiamati\" \/>\n<meta property=\"og:url\" content=\"https:\/\/www.intoscana.it\/it\/eugenio-giani-dati-in-miglioramento-cala-il-numero-delle-terapie-intensive\/\" \/>\n<meta property=\"og:site_name\" content=\"intoscana\" \/>\n<meta property=\"article:publisher\" content=\"https:\/\/www.facebook.com\/intoscana.it\" \/>\n<meta property=\"article:published_time\" content=\"2021-03-20T12:41:59+00:00\" \/>\n<meta property=\"article:modified_time\" content=\"2021-03-22T08:58:38+00:00\" \/>\n<meta property=\"og:image\" content=\"https:\/\/www.intoscana.it\/wp-content\/uploads\/screening-territori-sicuri-eugenio-giani.png\" \/>\n\t<meta property=\"og:image:width\" content=\"1794\" \/>\n\t<meta property=\"og:image:height\" content=\"898\" \/>\n\t<meta property=\"og:image:type\" content=\"image\/png\" \/>\n<meta name=\"author\" content=\"Costanza Baldini\" \/>\n<meta name=\"twitter:card\" content=\"summary_large_image\" \/>\n<meta name=\"twitter:creator\" content=\"@intoscana\" \/>\n<meta name=\"twitter:site\" content=\"@intoscana\" \/>\n<meta name=\"twitter:label1\" content=\"Written by\" \/>\n\t<meta name=\"twitter:data1\" content=\"Costanza Baldini\" \/>\n\t<meta name=\"twitter:label2\" content=\"Est. reading time\" \/>\n\t<meta name=\"twitter:data2\" content=\"3 minuti\" \/>\n<script type=\"application\/ld+json\" class=\"yoast-schema-graph\">{\"@context\":\"https:\/\/schema.org\",\"@graph\":[{\"@type\":\"WebPage\",\"@id\":\"https:\/\/www.intoscana.it\/it\/eugenio-giani-dati-in-miglioramento-cala-il-numero-delle-terapie-intensive\/\",\"url\":\"https:\/\/www.intoscana.it\/it\/eugenio-giani-dati-in-miglioramento-cala-il-numero-delle-terapie-intensive\/\",\"name\":\"Eugenio Giani: \\\"Dati in miglioramento, cala il numero delle terapie intensive\\\" - intoscana\",\"isPartOf\":{\"@id\":\"https:\/\/www.intoscana.it\/it\/#website\"},\"primaryImageOfPage\":{\"@id\":\"https:\/\/www.intoscana.it\/it\/eugenio-giani-dati-in-miglioramento-cala-il-numero-delle-terapie-intensive\/#primaryimage\"},\"image\":{\"@id\":\"https:\/\/www.intoscana.it\/it\/eugenio-giani-dati-in-miglioramento-cala-il-numero-delle-terapie-intensive\/#primaryimage\"},\"thumbnailUrl\":\"https:\/\/www.intoscana.it\/wp-content\/uploads\/screening-territori-sicuri-eugenio-giani.png\",\"datePublished\":\"2021-03-20T12:41:59+00:00\",\"dateModified\":\"2021-03-22T08:58:38+00:00\",\"author\":{\"@id\":\"https:\/\/www.intoscana.it\/it\/#\/schema\/person\/d469f35f09739bdf00bf5dd3f0647a82\"},\"description\":\"Per gli over-80 ci sar\u00e0 un'accelerazione da marted\u00ec prossimo, fino al 25 aprile. Nei prossimi 20 giorni tutti gli anziani saranno chiamati\",\"breadcrumb\":{\"@id\":\"https:\/\/www.intoscana.it\/it\/eugenio-giani-dati-in-miglioramento-cala-il-numero-delle-terapie-intensive\/#breadcrumb\"},\"inLanguage\":\"it-IT\",\"potentialAction\":[{\"@type\":\"ReadAction\",\"target\":[\"https:\/\/www.intoscana.it\/it\/eugenio-giani-dati-in-miglioramento-cala-il-numero-delle-terapie-intensive\/\"]}]},{\"@type\":\"ImageObject\",\"inLanguage\":\"it-IT\",\"@id\":\"https:\/\/www.intoscana.it\/it\/eugenio-giani-dati-in-miglioramento-cala-il-numero-delle-terapie-intensive\/#primaryimage\",\"url\":\"https:\/\/www.intoscana.it\/wp-content\/uploads\/screening-territori-sicuri-eugenio-giani.png\",\"contentUrl\":\"https:\/\/www.intoscana.it\/wp-content\/uploads\/screening-territori-sicuri-eugenio-giani.png\",\"width\":1794,\"height\":898,\"caption\":\"Giani firma l'ordinanza. Le zone rosse in Toscana fino al 17 aprile alle ore 14\"},{\"@type\":\"BreadcrumbList\",\"@id\":\"https:\/\/www.intoscana.it\/it\/eugenio-giani-dati-in-miglioramento-cala-il-numero-delle-terapie-intensive\/#breadcrumb\",\"itemListElement\":[{\"@type\":\"ListItem\",\"position\":1,\"name\":\"Home\",\"item\":\"https:\/\/www.intoscana.it\/it\/\"},{\"@type\":\"ListItem\",\"position\":2,\"name\":\"Eugenio Giani: &#8220;Dati in miglioramento, cala il numero delle terapie intensive&#8221;\"}]},{\"@type\":\"WebSite\",\"@id\":\"https:\/\/www.intoscana.it\/it\/#website\",\"url\":\"https:\/\/www.intoscana.it\/it\/\",\"name\":\"intoscana\",\"description\":\"\",\"potentialAction\":[{\"@type\":\"SearchAction\",\"target\":{\"@type\":\"EntryPoint\",\"urlTemplate\":\"https:\/\/www.intoscana.it\/it\/?s={search_term_string}\"},\"query-input\":{\"@type\":\"PropertyValueSpecification\",\"valueRequired\":true,\"valueName\":\"search_term_string\"}}],\"inLanguage\":\"it-IT\"},{\"@type\":\"Person\",\"@id\":\"https:\/\/www.intoscana.it\/it\/#\/schema\/person\/d469f35f09739bdf00bf5dd3f0647a82\",\"name\":\"Costanza Baldini\",\"url\":\"https:\/\/www.intoscana.it\/it\/author\/costanza-baldini\/\"}]}<\/script>\n<!-- \/ Yoast SEO Premium plugin. -->","yoast_head_json":{"title":"Eugenio Giani: \"Dati in miglioramento, cala il numero delle terapie intensive\" - intoscana","description":"Per gli over-80 ci sar\u00e0 un'accelerazione da marted\u00ec prossimo, fino al 25 aprile. Nei prossimi 20 giorni tutti gli anziani saranno chiamati","robots":{"index":"index","follow":"follow","max-snippet":"max-snippet:-1","max-image-preview":"max-image-preview:large","max-video-preview":"max-video-preview:-1"},"canonical":"https:\/\/www.intoscana.it\/it\/eugenio-giani-dati-in-miglioramento-cala-il-numero-delle-terapie-intensive\/","og_locale":"it_IT","og_type":"article","og_title":"Eugenio Giani: \"Dati in miglioramento, cala il numero delle terapie intensive\"","og_description":"Per gli over-80 ci sar\u00e0 un'accelerazione da marted\u00ec prossimo, fino al 25 aprile. Nei prossimi 20 giorni tutti gli anziani saranno chiamati","og_url":"https:\/\/www.intoscana.it\/it\/eugenio-giani-dati-in-miglioramento-cala-il-numero-delle-terapie-intensive\/","og_site_name":"intoscana","article_publisher":"https:\/\/www.facebook.com\/intoscana.it","article_published_time":"2021-03-20T12:41:59+00:00","article_modified_time":"2021-03-22T08:58:38+00:00","og_image":[{"width":1794,"height":898,"url":"https:\/\/www.intoscana.it\/wp-content\/uploads\/screening-territori-sicuri-eugenio-giani.png","type":"image\/png"}],"author":"Costanza Baldini","twitter_card":"summary_large_image","twitter_creator":"@intoscana","twitter_site":"@intoscana","twitter_misc":{"Written by":"Costanza Baldini","Est. reading time":"3 minuti"},"schema":{"@context":"https:\/\/schema.org","@graph":[{"@type":"WebPage","@id":"https:\/\/www.intoscana.it\/it\/eugenio-giani-dati-in-miglioramento-cala-il-numero-delle-terapie-intensive\/","url":"https:\/\/www.intoscana.it\/it\/eugenio-giani-dati-in-miglioramento-cala-il-numero-delle-terapie-intensive\/","name":"Eugenio Giani: \"Dati in miglioramento, cala il numero delle terapie intensive\" - intoscana","isPartOf":{"@id":"https:\/\/www.intoscana.it\/it\/#website"},"primaryImageOfPage":{"@id":"https:\/\/www.intoscana.it\/it\/eugenio-giani-dati-in-miglioramento-cala-il-numero-delle-terapie-intensive\/#primaryimage"},"image":{"@id":"https:\/\/www.intoscana.it\/it\/eugenio-giani-dati-in-miglioramento-cala-il-numero-delle-terapie-intensive\/#primaryimage"},"thumbnailUrl":"https:\/\/www.intoscana.it\/wp-content\/uploads\/screening-territori-sicuri-eugenio-giani.png","datePublished":"2021-03-20T12:41:59+00:00","dateModified":"2021-03-22T08:58:38+00:00","author":{"@id":"https:\/\/www.intoscana.it\/it\/#\/schema\/person\/d469f35f09739bdf00bf5dd3f0647a82"},"description":"Per gli over-80 ci sar\u00e0 un'accelerazione da marted\u00ec prossimo, fino al 25 aprile. Nei prossimi 20 giorni tutti gli anziani saranno chiamati","breadcrumb":{"@id":"https:\/\/www.intoscana.it\/it\/eugenio-giani-dati-in-miglioramento-cala-il-numero-delle-terapie-intensive\/#breadcrumb"},"inLanguage":"it-IT","potentialAction":[{"@type":"ReadAction","target":["https:\/\/www.intoscana.it\/it\/eugenio-giani-dati-in-miglioramento-cala-il-numero-delle-terapie-intensive\/"]}]},{"@type":"ImageObject","inLanguage":"it-IT","@id":"https:\/\/www.intoscana.it\/it\/eugenio-giani-dati-in-miglioramento-cala-il-numero-delle-terapie-intensive\/#primaryimage","url":"https:\/\/www.intoscana.it\/wp-content\/uploads\/screening-territori-sicuri-eugenio-giani.png","contentUrl":"https:\/\/www.intoscana.it\/wp-content\/uploads\/screening-territori-sicuri-eugenio-giani.png","width":1794,"height":898,"caption":"Giani firma l'ordinanza. Le zone rosse in Toscana fino al 17 aprile alle ore 14"},{"@type":"BreadcrumbList","@id":"https:\/\/www.intoscana.it\/it\/eugenio-giani-dati-in-miglioramento-cala-il-numero-delle-terapie-intensive\/#breadcrumb","itemListElement":[{"@type":"ListItem","position":1,"name":"Home","item":"https:\/\/www.intoscana.it\/it\/"},{"@type":"ListItem","position":2,"name":"Eugenio Giani: &#8220;Dati in miglioramento, cala il numero delle terapie intensive&#8221;"}]},{"@type":"WebSite","@id":"https:\/\/www.intoscana.it\/it\/#website","url":"https:\/\/www.intoscana.it\/it\/","name":"intoscana","description":"","potentialAction":[{"@type":"SearchAction","target":{"@type":"EntryPoint","urlTemplate":"https:\/\/www.intoscana.it\/it\/?s={search_term_string}"},"query-input":{"@type":"PropertyValueSpecification","valueRequired":true,"valueName":"search_term_string"}}],"inLanguage":"it-IT"},{"@type":"Person","@id":"https:\/\/www.intoscana.it\/it\/#\/schema\/person\/d469f35f09739bdf00bf5dd3f0647a82","name":"Costanza Baldini","url":"https:\/\/www.intoscana.it\/it\/author\/costanza-baldini\/"}]}},"_links":{"self":[{"href":"https:\/\/www.intoscana.it\/it\/wp-json\/wp\/v2\/posts\/171294","targetHints":{"allow":["GET"]}}],"collection":[{"href":"https:\/\/www.intoscana.it\/it\/wp-json\/wp\/v2\/posts"}],"about":[{"href":"https:\/\/www.intoscana.it\/it\/wp-json\/wp\/v2\/types\/post"}],"author":[{"embeddable":true,"href":"https:\/\/www.intoscana.it\/it\/wp-json\/wp\/v2\/users\/518"}],"replies":[{"embeddable":true,"href":"https:\/\/www.intoscana.it\/it\/wp-json\/wp\/v2\/comments?post=171294"}],"version-history":[{"count":0,"href":"https:\/\/www.intoscana.it\/it\/wp-json\/wp\/v2\/posts\/171294\/revisions"}],"wp:featuredmedia":[{"embeddable":true,"href":"https:\/\/www.intoscana.it\/it\/wp-json\/wp\/v2\/media\/168939"}],"wp:attachment":[{"href":"https:\/\/www.intoscana.it\/it\/wp-json\/wp\/v2\/media?parent=171294"}],"wp:term":[{"taxonomy":"category","embeddable":true,"href":"https:\/\/www.intoscana.it\/it\/wp-json\/wp\/v2\/categories?post=171294"},{"taxonomy":"post_tag","embeddable":true,"href":"https:\/\/www.intoscana.it\/it\/wp-json\/wp\/v2\/tags?post=171294"}],"curies":[{"name":"wp","href":"https:\/\/api.w.org\/{rel}","templated":true}]}}