{"id":171396,"date":"2021-03-22T11:54:00","date_gmt":"2021-03-22T10:54:00","guid":{"rendered":"https:\/\/www.intoscana.it\/it\/?p=171396"},"modified":"2021-03-22T13:20:56","modified_gmt":"2021-03-22T12:20:56","slug":"ogni-toscano-consuma-130-litri-di-acqua-al-giorno-il-rapporto-di-legambiente-fa-luce-sugli-sprechi","status":"publish","type":"post","link":"https:\/\/www.intoscana.it\/it\/ogni-toscano-consuma-130-litri-di-acqua-al-giorno-il-rapporto-di-legambiente-fa-luce-sugli-sprechi\/","title":{"rendered":"Ogni toscano consuma 130 litri di acqua al giorno: il rapporto di Legambiente fa luce sugli sprechi"},"content":{"rendered":"<p>130 litri di acqua al giorno, \u00e8 quanto consuma un toscano. Tanto, certo, ma non troppo se si pensa che un lombardo arriva anche a 189 litri e la Val d\u2019Aosta a 157. Fatto sta che nessuno, in Italia, scende sotto la soglia dei 100 litri. <strong>Nel dossier di Legambiente pubblicato\u00a0 nella Giornata mondiale dell\u2019acqua istituita dall&#8217;Onu, la Toscana si presenta virtuosa in termini di consumo e anche di sprechi.<\/strong> Ovviamente \u00e8 un dato relativo con ampissimi margini di miglioramento.<\/p>\n<p><mark>Un solo numero per far riflettere: si stima che un foro di 3 millimetri in un tubo pu\u00f2 portare a perdere 340 litri d\u2019acqua al giorno, cio\u00e8 quasi quanto consuma una famiglia quotidianamente<\/mark>.<\/p>\n<p><strong> In Toscana lo spreco di acqua dovuto alle perdite idriche \u00e8 pari al 33%<\/strong>, una percentuale che la pone nella parte medio alta della classifica, tra il 22% della Lombardia e il 62% del Lazio.<\/p>\n<h3><em>Il focus su Firenze: qui il consumo medio pro-capite tra i pi\u00f9 bassi d&#8217;Italia<\/em><\/h3>\n<p>Legambiente analizza poi le citt\u00e0 metropolitane italiane, concentrandosi in Toscana su Firenze. Qui la situazione diventa anche migliore rapportata ad altre realt\u00e0 italiane. <strong>Se in cima alla classifica c\u2019\u00e8 Milano con il 14% di perdite alla rete idrica, Firenze resta una delle aree pi\u00f9 virtuose con una\u00a0 percentuale pari a 30.<\/strong><\/p>\n<p>Analizzando meglio il gap tra acqua immessa nelle reti di distribuzione e acqua effettivamente erogata, si scopre una media del 26% nei capoluoghi del Nord, del 34% in quelli del Centro Italia\u00a0 fino al 46% nei capoluoghi del Mezzogiorno. Altra nota positiva \u00e8 data dal trend degli ultimi 5 anni: <strong>Firenze \u00e8 una delle che citt\u00e0 che non ha mai superato il 30% delle perdite nella sua rete, insieme a Bologna, Milano e Torino<\/strong><\/p>\n<p>L&#8217;area metropolitana fiorentina ha anche un altro primato, nel tempo ha mantenuto <strong>il livello di consumo pro capite giornaliero tra i pi\u00f9 bassi in Italia, di poco inferiore alla media regionale: 121 litri.<\/strong><\/p>\n<p><strong>Guardando ai numeri nazionali, l&#8217;Italia si scopre per\u00f2 fanalino di coda nell&#8217;uso consapevole dell&#8217;acqua.\u00a0<\/strong> Prima in Europa per prelievi di acqua a uso potabile (oltre 9 miliardi di metri cubi all\u2019anno, 25 milioni di metri cubi pari a 419 litri per abitante al giorno), l\u2019Italia \u00e8 nel complesso un Paese a stress idrico medio-alto secondo l\u2019OMS poich\u00e9 utilizza il 30-35% delle sue risorse idriche rinnovabili, con un incremento del 6% ogni 10 anni.<\/p>\n<h3><em>Le nuova direttiva europea contro gli inquinanti<\/em><\/h3>\n<p>Quest\u2019anno si registra un\u2019importante novit\u00e0 normativa: l\u2019entrata in vigore, il 12 gennaio scorso, della <strong>Direttiva Europea 2020\/2184 sulle acque destinate al consumo umano che gli Stati membri dovranno recepire entro il 2023<\/strong>. La direttiva introduce limiti pi\u00f9 stringenti per alcuni contaminanti, nuove sostanze da monitorare come i PFAS\u00a0 e una lista di controllo degli inquinanti da tenere sotto osservazione, tra cui le microplastiche. E&#8217; prevista anche\u00a0 la promozione dell\u2019acqua di rubinetto per limitare il consumo di quella imbottigliata, un primato anch\u2019esso tutto italiano in Europa.<\/p>\n<p><em>&#8220;Le citt\u00e0 &#8211; <\/em>sottolinea\u00a0<strong>Andrea Minutolo<\/strong>,\u00a0<strong>responsabile scientifico di Legambiente<\/strong><em> \u2013 hanno davanti una sfida in termini di consumi e sprechi legati a un maggiore numero di abitanti, ma serve anche che nuovi fondi vengano destinati al completamento della rete fognaria e agli impianti di depurazione nelle aree del Paese che ne sono carenti o addirittura sprovviste, per assicurare la salute della popolazione e la protezione dell\u2019ambiente&#8221;.<\/em><\/p>\n<p>&nbsp;<\/p>\n","protected":false},"excerpt":{"rendered":"<p>Oggi \u00e8 la Giornata mondiale dell&#8217;acqua.\u00a0 La Toscana \u00e8 tra le regioni pi\u00f9 virtuose, ma pesa il contesto nazionale: siamo fanalino di coda in Europa nell&#8217;uso consapevole della risorsa idrica<\/p>\n","protected":false},"author":545,"featured_media":101734,"comment_status":"open","ping_status":"open","sticky":false,"template":"","format":"standard","meta":{"_acf_changed":false,"footnotes":""},"categories":[19],"tags":[379,5786],"class_list":["post-171396","post","type-post","status-publish","format-standard","has-post-thumbnail","hentry","category-ambiente","tag-acqua","tag-giornata-mondiale-dellacqua"],"acf":[],"yoast_head":"<!-- This site is optimized with the Yoast SEO Premium plugin v24.2 (Yoast SEO v25.6) - https:\/\/yoast.com\/wordpress\/plugins\/seo\/ -->\n<title>Ogni toscano consuma 130 litri di acqua al giorno: il rapporto di Legambiente fa luce sugli sprechi - intoscana<\/title>\n<meta name=\"description\" content=\"Oggi \u00e8 la Giornata mondiale dell&#039;acqua.\u00a0 La Toscana \u00e8 tra le regioni pi\u00f9 virtuose, ma pesa il contesto nazionale: siamo fanalino di coda in Europa nell&#039;uso consapevole della risorsa idrica\" \/>\n<meta name=\"robots\" content=\"index, follow, max-snippet:-1, max-image-preview:large, max-video-preview:-1\" \/>\n<link rel=\"canonical\" href=\"https:\/\/www.intoscana.it\/it\/ogni-toscano-consuma-130-litri-di-acqua-al-giorno-il-rapporto-di-legambiente-fa-luce-sugli-sprechi\/\" \/>\n<meta property=\"og:locale\" content=\"it_IT\" \/>\n<meta property=\"og:type\" content=\"article\" \/>\n<meta property=\"og:title\" content=\"Ogni toscano consuma 130 litri di acqua al giorno: il rapporto di Legambiente fa luce sugli sprechi\" \/>\n<meta property=\"og:description\" content=\"Oggi \u00e8 la Giornata mondiale dell&#039;acqua.\u00a0 La Toscana \u00e8 tra le regioni pi\u00f9 virtuose, ma pesa il contesto nazionale: siamo fanalino di coda in Europa nell&#039;uso consapevole della risorsa idrica\" \/>\n<meta property=\"og:url\" content=\"https:\/\/www.intoscana.it\/it\/ogni-toscano-consuma-130-litri-di-acqua-al-giorno-il-rapporto-di-legambiente-fa-luce-sugli-sprechi\/\" \/>\n<meta property=\"og:site_name\" content=\"intoscana\" \/>\n<meta property=\"article:publisher\" content=\"https:\/\/www.facebook.com\/intoscana.it\" \/>\n<meta property=\"article:published_time\" content=\"2021-03-22T10:54:00+00:00\" \/>\n<meta property=\"article:modified_time\" content=\"2021-03-22T12:20:56+00:00\" \/>\n<meta property=\"og:image\" content=\"https:\/\/www.intoscana.it\/wp-content\/uploads\/bicchiere_acqua-e1616415705689.jpg\" \/>\n\t<meta property=\"og:image:width\" content=\"1800\" \/>\n\t<meta property=\"og:image:height\" content=\"778\" \/>\n\t<meta property=\"og:image:type\" content=\"image\/jpeg\" \/>\n<meta name=\"author\" content=\"Clara D&#039;Acunto\" \/>\n<meta name=\"twitter:card\" content=\"summary_large_image\" \/>\n<meta name=\"twitter:creator\" content=\"@intoscana\" \/>\n<meta name=\"twitter:site\" content=\"@intoscana\" \/>\n<meta name=\"twitter:label1\" content=\"Written by\" \/>\n\t<meta name=\"twitter:data1\" content=\"Clara D&#039;Acunto\" \/>\n\t<meta name=\"twitter:label2\" content=\"Est. reading time\" \/>\n\t<meta name=\"twitter:data2\" content=\"3 minuti\" \/>\n<script type=\"application\/ld+json\" class=\"yoast-schema-graph\">{\"@context\":\"https:\/\/schema.org\",\"@graph\":[{\"@type\":\"WebPage\",\"@id\":\"https:\/\/www.intoscana.it\/it\/ogni-toscano-consuma-130-litri-di-acqua-al-giorno-il-rapporto-di-legambiente-fa-luce-sugli-sprechi\/\",\"url\":\"https:\/\/www.intoscana.it\/it\/ogni-toscano-consuma-130-litri-di-acqua-al-giorno-il-rapporto-di-legambiente-fa-luce-sugli-sprechi\/\",\"name\":\"Ogni toscano consuma 130 litri di acqua al giorno: il rapporto di Legambiente fa luce sugli sprechi - intoscana\",\"isPartOf\":{\"@id\":\"https:\/\/www.intoscana.it\/it\/#website\"},\"primaryImageOfPage\":{\"@id\":\"https:\/\/www.intoscana.it\/it\/ogni-toscano-consuma-130-litri-di-acqua-al-giorno-il-rapporto-di-legambiente-fa-luce-sugli-sprechi\/#primaryimage\"},\"image\":{\"@id\":\"https:\/\/www.intoscana.it\/it\/ogni-toscano-consuma-130-litri-di-acqua-al-giorno-il-rapporto-di-legambiente-fa-luce-sugli-sprechi\/#primaryimage\"},\"thumbnailUrl\":\"https:\/\/www.intoscana.it\/wp-content\/uploads\/bicchiere_acqua-e1616415705689.jpg\",\"datePublished\":\"2021-03-22T10:54:00+00:00\",\"dateModified\":\"2021-03-22T12:20:56+00:00\",\"author\":{\"@id\":\"https:\/\/www.intoscana.it\/it\/#\/schema\/person\/137419af9ef5d385bde52864a841e6ce\"},\"description\":\"Oggi \u00e8 la Giornata mondiale dell'acqua.\u00a0 La Toscana \u00e8 tra le regioni pi\u00f9 virtuose, ma pesa il contesto nazionale: siamo fanalino di coda in Europa nell'uso consapevole della risorsa idrica\",\"breadcrumb\":{\"@id\":\"https:\/\/www.intoscana.it\/it\/ogni-toscano-consuma-130-litri-di-acqua-al-giorno-il-rapporto-di-legambiente-fa-luce-sugli-sprechi\/#breadcrumb\"},\"inLanguage\":\"it-IT\",\"potentialAction\":[{\"@type\":\"ReadAction\",\"target\":[\"https:\/\/www.intoscana.it\/it\/ogni-toscano-consuma-130-litri-di-acqua-al-giorno-il-rapporto-di-legambiente-fa-luce-sugli-sprechi\/\"]}]},{\"@type\":\"ImageObject\",\"inLanguage\":\"it-IT\",\"@id\":\"https:\/\/www.intoscana.it\/it\/ogni-toscano-consuma-130-litri-di-acqua-al-giorno-il-rapporto-di-legambiente-fa-luce-sugli-sprechi\/#primaryimage\",\"url\":\"https:\/\/www.intoscana.it\/wp-content\/uploads\/bicchiere_acqua-e1616415705689.jpg\",\"contentUrl\":\"https:\/\/www.intoscana.it\/wp-content\/uploads\/bicchiere_acqua-e1616415705689.jpg\",\"width\":1800,\"height\":778,\"caption\":\"Publiacqua, Sistema Chianti. Schermate touch e totem multimediali per l'esposizione interattiva che racconta il funzionamento dell\u2019acquedotto\"},{\"@type\":\"BreadcrumbList\",\"@id\":\"https:\/\/www.intoscana.it\/it\/ogni-toscano-consuma-130-litri-di-acqua-al-giorno-il-rapporto-di-legambiente-fa-luce-sugli-sprechi\/#breadcrumb\",\"itemListElement\":[{\"@type\":\"ListItem\",\"position\":1,\"name\":\"Home\",\"item\":\"https:\/\/www.intoscana.it\/it\/\"},{\"@type\":\"ListItem\",\"position\":2,\"name\":\"Ogni toscano consuma 130 litri di acqua al giorno: il rapporto di Legambiente fa luce sugli sprechi\"}]},{\"@type\":\"WebSite\",\"@id\":\"https:\/\/www.intoscana.it\/it\/#website\",\"url\":\"https:\/\/www.intoscana.it\/it\/\",\"name\":\"intoscana\",\"description\":\"\",\"potentialAction\":[{\"@type\":\"SearchAction\",\"target\":{\"@type\":\"EntryPoint\",\"urlTemplate\":\"https:\/\/www.intoscana.it\/it\/?s={search_term_string}\"},\"query-input\":{\"@type\":\"PropertyValueSpecification\",\"valueRequired\":true,\"valueName\":\"search_term_string\"}}],\"inLanguage\":\"it-IT\"},{\"@type\":\"Person\",\"@id\":\"https:\/\/www.intoscana.it\/it\/#\/schema\/person\/137419af9ef5d385bde52864a841e6ce\",\"name\":\"Clara D'Acunto\",\"url\":\"https:\/\/www.intoscana.it\/it\/author\/clara-d_acunto\/\"}]}<\/script>\n<!-- \/ Yoast SEO Premium plugin. -->","yoast_head_json":{"title":"Ogni toscano consuma 130 litri di acqua al giorno: il rapporto di Legambiente fa luce sugli sprechi - intoscana","description":"Oggi \u00e8 la Giornata mondiale dell'acqua.\u00a0 La Toscana \u00e8 tra le regioni pi\u00f9 virtuose, ma pesa il contesto nazionale: siamo fanalino di coda in Europa nell'uso consapevole della risorsa idrica","robots":{"index":"index","follow":"follow","max-snippet":"max-snippet:-1","max-image-preview":"max-image-preview:large","max-video-preview":"max-video-preview:-1"},"canonical":"https:\/\/www.intoscana.it\/it\/ogni-toscano-consuma-130-litri-di-acqua-al-giorno-il-rapporto-di-legambiente-fa-luce-sugli-sprechi\/","og_locale":"it_IT","og_type":"article","og_title":"Ogni toscano consuma 130 litri di acqua al giorno: il rapporto di Legambiente fa luce sugli sprechi","og_description":"Oggi \u00e8 la Giornata mondiale dell'acqua.\u00a0 La Toscana \u00e8 tra le regioni pi\u00f9 virtuose, ma pesa il contesto nazionale: siamo fanalino di coda in Europa nell'uso consapevole della risorsa idrica","og_url":"https:\/\/www.intoscana.it\/it\/ogni-toscano-consuma-130-litri-di-acqua-al-giorno-il-rapporto-di-legambiente-fa-luce-sugli-sprechi\/","og_site_name":"intoscana","article_publisher":"https:\/\/www.facebook.com\/intoscana.it","article_published_time":"2021-03-22T10:54:00+00:00","article_modified_time":"2021-03-22T12:20:56+00:00","og_image":[{"width":1800,"height":778,"url":"https:\/\/www.intoscana.it\/wp-content\/uploads\/bicchiere_acqua-e1616415705689.jpg","type":"image\/jpeg"}],"author":"Clara D'Acunto","twitter_card":"summary_large_image","twitter_creator":"@intoscana","twitter_site":"@intoscana","twitter_misc":{"Written by":"Clara D'Acunto","Est. reading time":"3 minuti"},"schema":{"@context":"https:\/\/schema.org","@graph":[{"@type":"WebPage","@id":"https:\/\/www.intoscana.it\/it\/ogni-toscano-consuma-130-litri-di-acqua-al-giorno-il-rapporto-di-legambiente-fa-luce-sugli-sprechi\/","url":"https:\/\/www.intoscana.it\/it\/ogni-toscano-consuma-130-litri-di-acqua-al-giorno-il-rapporto-di-legambiente-fa-luce-sugli-sprechi\/","name":"Ogni toscano consuma 130 litri di acqua al giorno: il rapporto di Legambiente fa luce sugli sprechi - intoscana","isPartOf":{"@id":"https:\/\/www.intoscana.it\/it\/#website"},"primaryImageOfPage":{"@id":"https:\/\/www.intoscana.it\/it\/ogni-toscano-consuma-130-litri-di-acqua-al-giorno-il-rapporto-di-legambiente-fa-luce-sugli-sprechi\/#primaryimage"},"image":{"@id":"https:\/\/www.intoscana.it\/it\/ogni-toscano-consuma-130-litri-di-acqua-al-giorno-il-rapporto-di-legambiente-fa-luce-sugli-sprechi\/#primaryimage"},"thumbnailUrl":"https:\/\/www.intoscana.it\/wp-content\/uploads\/bicchiere_acqua-e1616415705689.jpg","datePublished":"2021-03-22T10:54:00+00:00","dateModified":"2021-03-22T12:20:56+00:00","author":{"@id":"https:\/\/www.intoscana.it\/it\/#\/schema\/person\/137419af9ef5d385bde52864a841e6ce"},"description":"Oggi \u00e8 la Giornata mondiale dell'acqua.\u00a0 La Toscana \u00e8 tra le regioni pi\u00f9 virtuose, ma pesa il contesto nazionale: siamo fanalino di coda in Europa nell'uso consapevole della risorsa idrica","breadcrumb":{"@id":"https:\/\/www.intoscana.it\/it\/ogni-toscano-consuma-130-litri-di-acqua-al-giorno-il-rapporto-di-legambiente-fa-luce-sugli-sprechi\/#breadcrumb"},"inLanguage":"it-IT","potentialAction":[{"@type":"ReadAction","target":["https:\/\/www.intoscana.it\/it\/ogni-toscano-consuma-130-litri-di-acqua-al-giorno-il-rapporto-di-legambiente-fa-luce-sugli-sprechi\/"]}]},{"@type":"ImageObject","inLanguage":"it-IT","@id":"https:\/\/www.intoscana.it\/it\/ogni-toscano-consuma-130-litri-di-acqua-al-giorno-il-rapporto-di-legambiente-fa-luce-sugli-sprechi\/#primaryimage","url":"https:\/\/www.intoscana.it\/wp-content\/uploads\/bicchiere_acqua-e1616415705689.jpg","contentUrl":"https:\/\/www.intoscana.it\/wp-content\/uploads\/bicchiere_acqua-e1616415705689.jpg","width":1800,"height":778,"caption":"Publiacqua, Sistema Chianti. Schermate touch e totem multimediali per l'esposizione interattiva che racconta il funzionamento dell\u2019acquedotto"},{"@type":"BreadcrumbList","@id":"https:\/\/www.intoscana.it\/it\/ogni-toscano-consuma-130-litri-di-acqua-al-giorno-il-rapporto-di-legambiente-fa-luce-sugli-sprechi\/#breadcrumb","itemListElement":[{"@type":"ListItem","position":1,"name":"Home","item":"https:\/\/www.intoscana.it\/it\/"},{"@type":"ListItem","position":2,"name":"Ogni toscano consuma 130 litri di acqua al giorno: il rapporto di Legambiente fa luce sugli sprechi"}]},{"@type":"WebSite","@id":"https:\/\/www.intoscana.it\/it\/#website","url":"https:\/\/www.intoscana.it\/it\/","name":"intoscana","description":"","potentialAction":[{"@type":"SearchAction","target":{"@type":"EntryPoint","urlTemplate":"https:\/\/www.intoscana.it\/it\/?s={search_term_string}"},"query-input":{"@type":"PropertyValueSpecification","valueRequired":true,"valueName":"search_term_string"}}],"inLanguage":"it-IT"},{"@type":"Person","@id":"https:\/\/www.intoscana.it\/it\/#\/schema\/person\/137419af9ef5d385bde52864a841e6ce","name":"Clara D'Acunto","url":"https:\/\/www.intoscana.it\/it\/author\/clara-d_acunto\/"}]}},"_links":{"self":[{"href":"https:\/\/www.intoscana.it\/it\/wp-json\/wp\/v2\/posts\/171396","targetHints":{"allow":["GET"]}}],"collection":[{"href":"https:\/\/www.intoscana.it\/it\/wp-json\/wp\/v2\/posts"}],"about":[{"href":"https:\/\/www.intoscana.it\/it\/wp-json\/wp\/v2\/types\/post"}],"author":[{"embeddable":true,"href":"https:\/\/www.intoscana.it\/it\/wp-json\/wp\/v2\/users\/545"}],"replies":[{"embeddable":true,"href":"https:\/\/www.intoscana.it\/it\/wp-json\/wp\/v2\/comments?post=171396"}],"version-history":[{"count":0,"href":"https:\/\/www.intoscana.it\/it\/wp-json\/wp\/v2\/posts\/171396\/revisions"}],"wp:featuredmedia":[{"embeddable":true,"href":"https:\/\/www.intoscana.it\/it\/wp-json\/wp\/v2\/media\/101734"}],"wp:attachment":[{"href":"https:\/\/www.intoscana.it\/it\/wp-json\/wp\/v2\/media?parent=171396"}],"wp:term":[{"taxonomy":"category","embeddable":true,"href":"https:\/\/www.intoscana.it\/it\/wp-json\/wp\/v2\/categories?post=171396"},{"taxonomy":"post_tag","embeddable":true,"href":"https:\/\/www.intoscana.it\/it\/wp-json\/wp\/v2\/tags?post=171396"}],"curies":[{"name":"wp","href":"https:\/\/api.w.org\/{rel}","templated":true}]}}