{"id":171607,"date":"2021-03-23T17:54:06","date_gmt":"2021-03-23T16:54:06","guid":{"rendered":"https:\/\/www.intoscana.it\/it\/?p=171607"},"modified":"2024-06-21T09:48:03","modified_gmt":"2024-06-21T07:48:03","slug":"tanti-baci-dalla-versilia-festival-puccini-debutta-stefania-sandrelli","status":"publish","type":"post","link":"https:\/\/www.intoscana.it\/it\/tanti-baci-dalla-versilia-festival-puccini-debutta-stefania-sandrelli\/","title":{"rendered":"&#8220;Tanti baci&#8221; dalla Versilia. Al Festival Puccini debutta Stefania Sandrelli"},"content":{"rendered":"<p>Nei giorni in cui sono chiusi cinema, teatri e musei, ecco che si torna a parlare di cultura (e di rinascita). Perfino il Festival di Sanremo ha dovuto tributare ai suoi ospiti ovazioni d&#8217;archivio, attingendo a immagini del passato. <mark>Eppure l&#8217;applauso rivolto a <strong>Stefania Sandrelli<\/strong>, stavolta, era reale<\/mark>. Seppur filtrato dalle webcam sparse in mezza Toscana, nel giorno della presentazione del <strong>67esimo Festival Puccini di Torre del Lago<\/strong> l&#8217;attenzione \u00e8 stata rivolta soprattutto a lei, che a 74 anni debutter\u00e0 alla regia con la<em> Tosca<\/em> diretta dal maestro <strong>Alberto Veronesi<\/strong>. <em>&#8220;Dire che sono felice \u00e8 poco. Sono pazza di gioia&#8221;<\/em> confessa la Sandrelli, che oltre alla sua Viareggio nel cuore porta con s\u00e9 anche le arie di <strong>Giacomo Puccini<\/strong>. Da sempre. <em>&#8220;Per questa Tosca, che \u00e8 un&#8217;opera meravigliosa, professionalmente ho rinunciato anche ad altro. Conto i giorni che ci separano dal debutto. Del resto la mia \u00e8 anche una storia familiare. <mark>Mio nonno Pietro, infatti, conosceva Puccini. Erano compagni di bevute al caff\u00e8 Margherita, qua a Viareggio<\/mark>. Mi parlava spesso di lui. E poi m&#8217;invitava a sedergli vicino e cominciava a cantare tutte le opere di Puccini, che ho imparato a conoscere a memoria&#8221;.<\/em> Questa \u00e8 solo una delle tante novit\u00e0 di questo Festival che, con forza e coraggio, propone un ricco cartellone estivo che di fatto dar\u00e0 il via al <strong>percorso di avvicinamento verso il centenario della morte di Puccini<\/strong>, avvenuta nel 1924. A proposito di centenari, il Festival, attraverso <strong>Stefano Massini<\/strong>, render\u00e0 omaggio a <strong>Enrico Caruso<\/strong> a un secolo esatto dalla sua scomparsa (<em>&#8220;Caruso Forever&#8221;<\/em>).<\/p>\n<figure id=\"post-171608 media-171608\" class=\"align-center\"><img decoding=\"async\" class=\"aligncenter\" src=\"https:\/\/www.intoscana.it\/wp-content\/uploads\/Stefania-Sandrelli-Zoom.png\" alt=\"\" \/><\/figure>\n<div class=\"titleimg\" style=\"text-align: center;\">Stefania Sandrelli in collegamento su Zoom durante la presentazione del Festival Puccini 2021<\/div>\n<h3>Poesia, amore e&#8230; cartoline<\/h3>\n<p><span class=\"citazione\">&#8220;Vogliamo guardare al bello che verr\u00e0 e al ritorno della cultura&#8221;<\/span><\/p>\n<p><em>&#8220;Tanti baci. Eh s\u00ec, quanti baci ci siamo dati nelle opere&#8230;&#8221;<\/em> chiosa <strong>Stefania Sandrelli<\/strong>. Del resto il tema del Festival Puccini 2021, che si svolger\u00e0 tra luglio e agosto, \u00e8 proprio quello: il <strong>bacio<\/strong>. Lo si capisce gi\u00e0 dall&#8217;immagine della <a href=\"https:\/\/www.intoscana.it\/wp-content\/uploads\/Festival-Puccini-locandina-2021.jpg\" target=\"_blank\" rel=\"noopener\">nuova locandina<\/a>, che ripropone gli amanti di <strong>Magritte<\/strong> tra le tende di un palcoscenico.<em> &#8220;Quell&#8217;immagine rappresenta per noi un auspicio&#8221;<\/em> spiega il direttore artistico della manifestazione, <strong>Giorgio Battistelli<\/strong>. <em>&#8220;Racchiude la speranza del sipario che si riapre, della passione che traspare. Il desiderio \u00e8 forte. Anzi, fortissimo&#8221;<\/em>. Anche i &#8220;tanti baci&#8221; scelti per il titolo hanno un riferimento culturale ben preciso. <em>&#8220;Sono i baci suggeriti dalla poesia Franco Marcoaldi. Ricordo i tempi delle vacanze e delle cartoline su cui scrivevamo &#8216;Tanti baci dalla Versilia&#8217;. Oggi quel saluto suona come qualcosa di proibito&#8221;<\/em> precisa Battistelli. <mark>Insomma, in questo Festival c&#8217;\u00e8 tanta voglia di ricominciare a vivere e viaggiare<\/mark>. <em>&#8220;Il valore della musica \u00e8 universale e porta con s\u00e9 significati profondi&#8221;<\/em> commenta <strong>Sandra Mei<\/strong>, assessore alla cultura del Comune di Viareggio. <em>&#8220;Presentiamo questo Festival mettendo in gioco passione, determinazione e un pizzico di coraggio. Vogliamo guardare al bello che verr\u00e0 e al ritorno della cultura&#8221;.<\/em><\/p>\n<figure id=\"post-171609 media-171609\" class=\"align-right\"><\/figure>\n<h3>La (ri)nascita culturale<\/h3>\n<p>La Fondazione Festival Pucciniano guarda al futuro con ottimismo. E lo fa concretamente, proponendo opere, mostre (<em>&#8220;Folon, l\u2019Europa e il colore&#8221;<\/em>), concerti, spettacoli ed eventi speciali che porteranno sul palco di Torre del Lago, oltre a <strong>Stefania Sandrelli<\/strong> e <strong>Stefano Massini<\/strong>, anche <strong>Daniele Abbado<\/strong>, <strong>Marco Scola di Mambro<\/strong>, <strong>Toni Servillo<\/strong>, <strong>Giuseppe Montesano<\/strong> e lo stesso <strong>Franco Marcoaldi<\/strong>. <em>&#8220;\u00c8 per tutti noi un&#8217;occasione preziosa. Per questo, con coraggio e responsabilit\u00e0, non ci siamo mai fermati&#8221;<\/em> spiega <strong>Maria Laura Simonetti<\/strong>, presidente della Fondazione. <em>&#8220;Ci siamo confrontati con tutte le istituzioni, dal Ministero in gi\u00f9. Vogliamo dare il nostro contributo alla ripartenza. L&#8217;abbiamo fatto con passione, continuando a lavorare per rafforzare anche l&#8217;economia del territorio. <mark>Cultura e turismo, in questi mesi, hanno sofferto fin troppo<\/mark>&#8220;.<\/em> Per la presidente ripartire non significa solo realizzare un cartellone di eventi ma anche <em>&#8220;stare al fianco dei partner, a cominciare dai teatri del territorio&#8221;<\/em>, dal Giglio di Lucca al Goldoni di Livorno. <em>&#8220;Per la Toscana \u00e8 un onore ospitare e sostenere questo Festival&#8221;<\/em> aggiunge il presidente della Regione, <strong>Eugenio Giani<\/strong>. <em>&#8220;Sono convinto che dopo il dramma vedremo la luce. [<\/em><em>mark]Questo sar\u00e0 per tutti noi l&#8217;evento della rinascita toscana[\/mark]&#8220;<\/em>. Un augurio condiviso da tutti, nessuno escluso.<\/p>\n<figure id=\"post-171610 media-171610\" class=\"align-right\"><img decoding=\"async\" class=\"aligncenter\" src=\"https:\/\/www.intoscana.it\/wp-content\/uploads\/Turandot-Linzalata-02.jpg\" alt=\"\" \/><\/figure>\n<div class=\"titleimg\" style=\"text-align: center;\">La nuova scenografia di Turandot<\/div>\n<h3>Il programma<\/h3>\n<p>Anche stavolta siamo di fronte a un Festival diffuso e sempre pi\u00f9 internazionale. Gli spettacoli, oltre che a Torre del Lago, si svolgeranno anche a Viareggio e in vari spazi della citt\u00e0, fondendosi con le proposte del &#8220;Premio Viareggio&#8221; e il &#8220;Carnevale universale&#8221; e destinati a concludersi con la &#8220;Puccini Promenade&#8221; (<strong>22 agosto<\/strong>), ovvero l&#8217;happening che coinvolger\u00e0 i viali a mare. Tre i titoli d&#8217;opera proposti per dieci rappresentazioni complessive: la <em>&#8220;Tosca&#8221;<\/em> con il debutto alla regia di Stefana Sandrelli (<strong>23 luglio, 6 e 13 agosto<\/strong>); un nuovo allestimento di <em>&#8220;Turandot&#8221;<\/em>, coprodotto con il Teatro Goldoni di Livorno e &#8211; per la prima volta &#8211; con il finale composto da Luciano Berio (<strong>24 e 30 luglio, 14 e 20 agosto<\/strong>); infine la <em>&#8220;Boh\u00e8me&#8221;<\/em> nella ripresa dello spettacolo di cui firm\u00f2 la regia Ettore Scola e qui affidata a Marco Scola di Mambro (<strong>31 luglio, 7 e 21 agosto<\/strong>). Nell&#8217;ambito di <em>&#8220;Puccini la musica e il mondo&#8221;<\/em> sono poi in programma <em>&#8220;Caruso Forever&#8221;<\/em> (<strong>2 agosto<\/strong>), il concerto sinfonico dell&#8217;Orchestra del Festival Puccini diretta da Roberto Abbado (<strong>5 agosto<\/strong>), <em>&#8220;Tanti baci&#8221;<\/em> di Franco Marcoaldi (<strong>8 e 9 agosto<\/strong>), <em>&#8220;Pierrot Lunaire&#8221;<\/em> (in collaborazione con l&#8217;Accademia del Teatro alla Scala, <strong>10 agosto<\/strong>), Toni Servillo e Giuseppe Montesano (<strong>12 agosto<\/strong>). Informazioni, programma e biglietti su <a href=\"https:\/\/www.puccinifestival.it\/\" target=\"_blank\" rel=\"noopener\" class=\"broken_link\">puccinifestival.it<\/a>.<\/p>\n<div class=\"titleimg\" style=\"text-align: center;\"><\/div>\n","protected":false},"excerpt":{"rendered":"<p>La locandina che cita gli amanti di Magritte, tre opere per dieci spettacoli (Tosca, Turandot, Boh\u00e8me), il debutto alla regia di Stefania Sandrelli, Toni Servillo e l&#8217;omaggio a Caruso. Tutto quello che c&#8217;\u00e8 da sapere sul Festival Puccini 2021<\/p>\n","protected":false},"author":521,"featured_media":171611,"comment_status":"open","ping_status":"open","sticky":false,"template":"","format":"standard","meta":{"_acf_changed":false,"footnotes":""},"categories":[493],"tags":[5796,5005,6024,5797,275],"class_list":["post-171607","post","type-post","status-publish","format-standard","has-post-thumbnail","hentry","category-cultura","tag-festival-puccini","tag-opera","tag-puccini","tag-torre-del-lago","tag-viareggio"],"acf":[],"yoast_head":"<!-- This site is optimized with the Yoast SEO Premium plugin v24.2 (Yoast SEO v25.6) - https:\/\/yoast.com\/wordpress\/plugins\/seo\/ -->\n<title>&quot;Tanti baci&quot; dalla Versilia. Al Festival Puccini debutta Stefania Sandrelli - intoscana<\/title>\n<meta name=\"description\" content=\"La locandina che cita gli amanti di Magritte, tre opere per dieci spettacoli (Tosca, Turandot, Boh\u00e8me), il debutto alla regia di Stefania Sandrelli, Toni Servillo e l&#039;omaggio a Caruso. Tutto quello che c&#039;\u00e8 da sapere sul Festival Puccini 2021\" \/>\n<meta name=\"robots\" content=\"index, follow, max-snippet:-1, max-image-preview:large, max-video-preview:-1\" \/>\n<link rel=\"canonical\" href=\"https:\/\/www.intoscana.it\/it\/tanti-baci-dalla-versilia-festival-puccini-debutta-stefania-sandrelli\/\" \/>\n<meta property=\"og:locale\" content=\"it_IT\" \/>\n<meta property=\"og:type\" content=\"article\" \/>\n<meta property=\"og:title\" content=\"&quot;Tanti baci&quot; dalla Versilia. Al Festival Puccini debutta Stefania Sandrelli\" \/>\n<meta property=\"og:description\" content=\"La locandina che cita gli amanti di Magritte, tre opere per dieci spettacoli (Tosca, Turandot, Boh\u00e8me), il debutto alla regia di Stefania Sandrelli, Toni Servillo e l&#039;omaggio a Caruso. Tutto quello che c&#039;\u00e8 da sapere sul Festival Puccini 2021\" \/>\n<meta property=\"og:url\" content=\"https:\/\/www.intoscana.it\/it\/tanti-baci-dalla-versilia-festival-puccini-debutta-stefania-sandrelli\/\" \/>\n<meta property=\"og:site_name\" content=\"intoscana\" \/>\n<meta property=\"article:publisher\" content=\"https:\/\/www.facebook.com\/intoscana.it\" \/>\n<meta property=\"article:published_time\" content=\"2021-03-23T16:54:06+00:00\" \/>\n<meta property=\"article:modified_time\" content=\"2024-06-21T07:48:03+00:00\" \/>\n<meta property=\"og:image\" content=\"https:\/\/www.intoscana.it\/wp-content\/uploads\/Festival-Puccini-a-Torre-del-Lago.jpeg\" \/>\n\t<meta property=\"og:image:width\" content=\"2048\" \/>\n\t<meta property=\"og:image:height\" content=\"1114\" \/>\n\t<meta property=\"og:image:type\" content=\"image\/jpeg\" \/>\n<meta name=\"author\" content=\"Gianluca Testa\" \/>\n<meta name=\"twitter:card\" content=\"summary_large_image\" \/>\n<meta name=\"twitter:creator\" content=\"@intoscana\" \/>\n<meta name=\"twitter:site\" content=\"@intoscana\" \/>\n<meta name=\"twitter:label1\" content=\"Written by\" \/>\n\t<meta name=\"twitter:data1\" content=\"Gianluca Testa\" \/>\n\t<meta name=\"twitter:label2\" content=\"Est. reading time\" \/>\n\t<meta name=\"twitter:data2\" content=\"4 minuti\" \/>\n<script type=\"application\/ld+json\" class=\"yoast-schema-graph\">{\"@context\":\"https:\/\/schema.org\",\"@graph\":[{\"@type\":\"WebPage\",\"@id\":\"https:\/\/www.intoscana.it\/it\/tanti-baci-dalla-versilia-festival-puccini-debutta-stefania-sandrelli\/\",\"url\":\"https:\/\/www.intoscana.it\/it\/tanti-baci-dalla-versilia-festival-puccini-debutta-stefania-sandrelli\/\",\"name\":\"\\\"Tanti baci\\\" dalla Versilia. Al Festival Puccini debutta Stefania Sandrelli - intoscana\",\"isPartOf\":{\"@id\":\"https:\/\/www.intoscana.it\/it\/#website\"},\"primaryImageOfPage\":{\"@id\":\"https:\/\/www.intoscana.it\/it\/tanti-baci-dalla-versilia-festival-puccini-debutta-stefania-sandrelli\/#primaryimage\"},\"image\":{\"@id\":\"https:\/\/www.intoscana.it\/it\/tanti-baci-dalla-versilia-festival-puccini-debutta-stefania-sandrelli\/#primaryimage\"},\"thumbnailUrl\":\"https:\/\/www.intoscana.it\/wp-content\/uploads\/Festival-Puccini-a-Torre-del-Lago.jpeg\",\"datePublished\":\"2021-03-23T16:54:06+00:00\",\"dateModified\":\"2024-06-21T07:48:03+00:00\",\"author\":{\"@id\":\"https:\/\/www.intoscana.it\/it\/#\/schema\/person\/f437e015c68b2824ef01d2ed8cdb2923\"},\"description\":\"La locandina che cita gli amanti di Magritte, tre opere per dieci spettacoli (Tosca, Turandot, Boh\u00e8me), il debutto alla regia di Stefania Sandrelli, Toni Servillo e l'omaggio a Caruso. Tutto quello che c'\u00e8 da sapere sul Festival Puccini 2021\",\"breadcrumb\":{\"@id\":\"https:\/\/www.intoscana.it\/it\/tanti-baci-dalla-versilia-festival-puccini-debutta-stefania-sandrelli\/#breadcrumb\"},\"inLanguage\":\"it-IT\",\"potentialAction\":[{\"@type\":\"ReadAction\",\"target\":[\"https:\/\/www.intoscana.it\/it\/tanti-baci-dalla-versilia-festival-puccini-debutta-stefania-sandrelli\/\"]}]},{\"@type\":\"ImageObject\",\"inLanguage\":\"it-IT\",\"@id\":\"https:\/\/www.intoscana.it\/it\/tanti-baci-dalla-versilia-festival-puccini-debutta-stefania-sandrelli\/#primaryimage\",\"url\":\"https:\/\/www.intoscana.it\/wp-content\/uploads\/Festival-Puccini-a-Torre-del-Lago.jpeg\",\"contentUrl\":\"https:\/\/www.intoscana.it\/wp-content\/uploads\/Festival-Puccini-a-Torre-del-Lago.jpeg\",\"width\":2048,\"height\":1114,\"caption\":\"Festival Puccini a Torre del Lago\"},{\"@type\":\"BreadcrumbList\",\"@id\":\"https:\/\/www.intoscana.it\/it\/tanti-baci-dalla-versilia-festival-puccini-debutta-stefania-sandrelli\/#breadcrumb\",\"itemListElement\":[{\"@type\":\"ListItem\",\"position\":1,\"name\":\"Home\",\"item\":\"https:\/\/www.intoscana.it\/it\/\"},{\"@type\":\"ListItem\",\"position\":2,\"name\":\"&#8220;Tanti baci&#8221; dalla Versilia. Al Festival Puccini debutta Stefania Sandrelli\"}]},{\"@type\":\"WebSite\",\"@id\":\"https:\/\/www.intoscana.it\/it\/#website\",\"url\":\"https:\/\/www.intoscana.it\/it\/\",\"name\":\"intoscana\",\"description\":\"\",\"potentialAction\":[{\"@type\":\"SearchAction\",\"target\":{\"@type\":\"EntryPoint\",\"urlTemplate\":\"https:\/\/www.intoscana.it\/it\/?s={search_term_string}\"},\"query-input\":{\"@type\":\"PropertyValueSpecification\",\"valueRequired\":true,\"valueName\":\"search_term_string\"}}],\"inLanguage\":\"it-IT\"},{\"@type\":\"Person\",\"@id\":\"https:\/\/www.intoscana.it\/it\/#\/schema\/person\/f437e015c68b2824ef01d2ed8cdb2923\",\"name\":\"Gianluca Testa\",\"url\":\"https:\/\/www.intoscana.it\/it\/author\/gianluca-testa\/\"}]}<\/script>\n<!-- \/ Yoast SEO Premium plugin. -->","yoast_head_json":{"title":"\"Tanti baci\" dalla Versilia. Al Festival Puccini debutta Stefania Sandrelli - intoscana","description":"La locandina che cita gli amanti di Magritte, tre opere per dieci spettacoli (Tosca, Turandot, Boh\u00e8me), il debutto alla regia di Stefania Sandrelli, Toni Servillo e l'omaggio a Caruso. Tutto quello che c'\u00e8 da sapere sul Festival Puccini 2021","robots":{"index":"index","follow":"follow","max-snippet":"max-snippet:-1","max-image-preview":"max-image-preview:large","max-video-preview":"max-video-preview:-1"},"canonical":"https:\/\/www.intoscana.it\/it\/tanti-baci-dalla-versilia-festival-puccini-debutta-stefania-sandrelli\/","og_locale":"it_IT","og_type":"article","og_title":"\"Tanti baci\" dalla Versilia. Al Festival Puccini debutta Stefania Sandrelli","og_description":"La locandina che cita gli amanti di Magritte, tre opere per dieci spettacoli (Tosca, Turandot, Boh\u00e8me), il debutto alla regia di Stefania Sandrelli, Toni Servillo e l'omaggio a Caruso. Tutto quello che c'\u00e8 da sapere sul Festival Puccini 2021","og_url":"https:\/\/www.intoscana.it\/it\/tanti-baci-dalla-versilia-festival-puccini-debutta-stefania-sandrelli\/","og_site_name":"intoscana","article_publisher":"https:\/\/www.facebook.com\/intoscana.it","article_published_time":"2021-03-23T16:54:06+00:00","article_modified_time":"2024-06-21T07:48:03+00:00","og_image":[{"width":2048,"height":1114,"url":"https:\/\/www.intoscana.it\/wp-content\/uploads\/Festival-Puccini-a-Torre-del-Lago.jpeg","type":"image\/jpeg"}],"author":"Gianluca Testa","twitter_card":"summary_large_image","twitter_creator":"@intoscana","twitter_site":"@intoscana","twitter_misc":{"Written by":"Gianluca Testa","Est. reading time":"4 minuti"},"schema":{"@context":"https:\/\/schema.org","@graph":[{"@type":"WebPage","@id":"https:\/\/www.intoscana.it\/it\/tanti-baci-dalla-versilia-festival-puccini-debutta-stefania-sandrelli\/","url":"https:\/\/www.intoscana.it\/it\/tanti-baci-dalla-versilia-festival-puccini-debutta-stefania-sandrelli\/","name":"\"Tanti baci\" dalla Versilia. Al Festival Puccini debutta Stefania Sandrelli - intoscana","isPartOf":{"@id":"https:\/\/www.intoscana.it\/it\/#website"},"primaryImageOfPage":{"@id":"https:\/\/www.intoscana.it\/it\/tanti-baci-dalla-versilia-festival-puccini-debutta-stefania-sandrelli\/#primaryimage"},"image":{"@id":"https:\/\/www.intoscana.it\/it\/tanti-baci-dalla-versilia-festival-puccini-debutta-stefania-sandrelli\/#primaryimage"},"thumbnailUrl":"https:\/\/www.intoscana.it\/wp-content\/uploads\/Festival-Puccini-a-Torre-del-Lago.jpeg","datePublished":"2021-03-23T16:54:06+00:00","dateModified":"2024-06-21T07:48:03+00:00","author":{"@id":"https:\/\/www.intoscana.it\/it\/#\/schema\/person\/f437e015c68b2824ef01d2ed8cdb2923"},"description":"La locandina che cita gli amanti di Magritte, tre opere per dieci spettacoli (Tosca, Turandot, Boh\u00e8me), il debutto alla regia di Stefania Sandrelli, Toni Servillo e l'omaggio a Caruso. Tutto quello che c'\u00e8 da sapere sul Festival Puccini 2021","breadcrumb":{"@id":"https:\/\/www.intoscana.it\/it\/tanti-baci-dalla-versilia-festival-puccini-debutta-stefania-sandrelli\/#breadcrumb"},"inLanguage":"it-IT","potentialAction":[{"@type":"ReadAction","target":["https:\/\/www.intoscana.it\/it\/tanti-baci-dalla-versilia-festival-puccini-debutta-stefania-sandrelli\/"]}]},{"@type":"ImageObject","inLanguage":"it-IT","@id":"https:\/\/www.intoscana.it\/it\/tanti-baci-dalla-versilia-festival-puccini-debutta-stefania-sandrelli\/#primaryimage","url":"https:\/\/www.intoscana.it\/wp-content\/uploads\/Festival-Puccini-a-Torre-del-Lago.jpeg","contentUrl":"https:\/\/www.intoscana.it\/wp-content\/uploads\/Festival-Puccini-a-Torre-del-Lago.jpeg","width":2048,"height":1114,"caption":"Festival Puccini a Torre del Lago"},{"@type":"BreadcrumbList","@id":"https:\/\/www.intoscana.it\/it\/tanti-baci-dalla-versilia-festival-puccini-debutta-stefania-sandrelli\/#breadcrumb","itemListElement":[{"@type":"ListItem","position":1,"name":"Home","item":"https:\/\/www.intoscana.it\/it\/"},{"@type":"ListItem","position":2,"name":"&#8220;Tanti baci&#8221; dalla Versilia. Al Festival Puccini debutta Stefania Sandrelli"}]},{"@type":"WebSite","@id":"https:\/\/www.intoscana.it\/it\/#website","url":"https:\/\/www.intoscana.it\/it\/","name":"intoscana","description":"","potentialAction":[{"@type":"SearchAction","target":{"@type":"EntryPoint","urlTemplate":"https:\/\/www.intoscana.it\/it\/?s={search_term_string}"},"query-input":{"@type":"PropertyValueSpecification","valueRequired":true,"valueName":"search_term_string"}}],"inLanguage":"it-IT"},{"@type":"Person","@id":"https:\/\/www.intoscana.it\/it\/#\/schema\/person\/f437e015c68b2824ef01d2ed8cdb2923","name":"Gianluca Testa","url":"https:\/\/www.intoscana.it\/it\/author\/gianluca-testa\/"}]}},"_links":{"self":[{"href":"https:\/\/www.intoscana.it\/it\/wp-json\/wp\/v2\/posts\/171607","targetHints":{"allow":["GET"]}}],"collection":[{"href":"https:\/\/www.intoscana.it\/it\/wp-json\/wp\/v2\/posts"}],"about":[{"href":"https:\/\/www.intoscana.it\/it\/wp-json\/wp\/v2\/types\/post"}],"author":[{"embeddable":true,"href":"https:\/\/www.intoscana.it\/it\/wp-json\/wp\/v2\/users\/521"}],"replies":[{"embeddable":true,"href":"https:\/\/www.intoscana.it\/it\/wp-json\/wp\/v2\/comments?post=171607"}],"version-history":[{"count":0,"href":"https:\/\/www.intoscana.it\/it\/wp-json\/wp\/v2\/posts\/171607\/revisions"}],"wp:featuredmedia":[{"embeddable":true,"href":"https:\/\/www.intoscana.it\/it\/wp-json\/wp\/v2\/media\/171611"}],"wp:attachment":[{"href":"https:\/\/www.intoscana.it\/it\/wp-json\/wp\/v2\/media?parent=171607"}],"wp:term":[{"taxonomy":"category","embeddable":true,"href":"https:\/\/www.intoscana.it\/it\/wp-json\/wp\/v2\/categories?post=171607"},{"taxonomy":"post_tag","embeddable":true,"href":"https:\/\/www.intoscana.it\/it\/wp-json\/wp\/v2\/tags?post=171607"}],"curies":[{"name":"wp","href":"https:\/\/api.w.org\/{rel}","templated":true}]}}