{"id":172188,"date":"2021-03-30T11:24:28","date_gmt":"2021-03-30T09:24:28","guid":{"rendered":"https:\/\/www.intoscana.it\/it\/?p=172188"},"modified":"2021-03-30T11:31:05","modified_gmt":"2021-03-30T09:31:05","slug":"dalle-zanzariere-ultrasottili-ai-saponi-che-non-inquinano-la-ricerca-entra-in-azienda-grazie-a-faber","status":"publish","type":"post","link":"https:\/\/www.intoscana.it\/it\/dalle-zanzariere-ultrasottili-ai-saponi-che-non-inquinano-la-ricerca-entra-in-azienda-grazie-a-faber\/","title":{"rendered":"Dalle zanzariere ultrasottili ai saponi che non inquinano la ricerca entra in azienda grazie a Faber"},"content":{"rendered":"<p><strong>Far incontrare i ricercatori di talento con le imprese<\/strong> che vogliono investire in innovazione: \u00e8 questo l&#8217;obiettivo di <strong>Faber, il bando di Fondazione CR Firenze<\/strong> che quest&#8217;anno ha portato otto giovani talenti ad essere assunti in diverse aziende toscane, dove porteranno avanti i loro progetti generando trasferimento tecnologico e allo stesso tempo conseguendo il Dottorato Industriale presso l\u2019Universit\u00e0 di Firenze.<\/p>\n<p>Si va dai detergenti e solari che non inquinano al software che supporta in maniera innovativa i processi di produzione: il valore stimato dei progetti, in termini di investimenti da parte delle aziende, \u00e8 di quasi<strong> 2,6 milioni di euro.<\/strong><\/p>\n<h3>I progetti innovativi dei ricercatori<\/h3>\n<p><strong>Faber regala cos\u00ec un&#8217;opportunit\u00e0 a ricercatori di talento come Giulia Guidelli, <\/strong>34enne di Arezzo laureata in Farmacia, che presso Farmad Laboratori Firenze studia <strong>detergenti e solari<\/strong> non solo efficaci ma anche<strong> sicuri per l\u2019ambiente,<\/strong> soprattutto per la flora e la fauna dei nostri mari. \u201c<em>Faber crea un ponte fra universit\u00e0 e realt\u00e0 aziendale che d\u00e0 la possibilit\u00e0 all\u2019azienda di accedere all\u2019importante know how del dipartimento universitario favorendo lo sviluppo dell\u2019innovazione<\/em>\u201d ha sottolineato Guidelli.<\/p>\n<p>O come <strong>Alessio Viti,\u00a0<\/strong>laureato in<strong>\u00a0<\/strong>Ingegneria Elettronica delle Telecomunicazioni, che presso <strong>Mad Automation S.r.l.\u00a0 &#8211;<\/strong>azienda che produce macchinari e impianti automatici &#8211; svilupper\u00e0 un <strong>\u2018cervello\u2019 software aziendale<\/strong> in grado di condividere in tempo reale le informazioni relative alle linee di produzione da qualunque postazione.<\/p>\n<p><strong>Marco Melani invece,<\/strong>\u00a025enne di Pistoia laureato in Ingegneria Meccanica, nell\u2019azienda di Fucecchio <strong>Palagina S.r.l.<\/strong> lavora a <strong>una zanzariera innovativa ultrasottile<\/strong>, a movimentazione laterale, basata su un meccanismo \u201ca carro\u201d che occupi poco spazio e allo stesso tempo possa mantenere elevati standard di qualit\u00e0 e affidabilit\u00e0 del prodotto. \u201c<em>Faber mi ha dato la possibilit\u00e0 di continuare nei miei studi lavorando allo stesso tempo \u2013<\/em> racconta Melani<em> \u2013 ma soprattutto di restare nel territorio\u201d.<\/em><\/p>\n<figure id=\"post-172207 media-172207\" class=\"align-none\">\n<p><figure style=\"width: 1200px\" class=\"wp-caption alignnone\"><img loading=\"lazy\" decoding=\"async\" src=\"https:\/\/www.intoscana.it\/wp-content\/uploads\/Sara_Aquino.jpg\" alt=\"\" width=\"1200\" height=\"1600\" \/><figcaption class=\"wp-caption-text\">La ricercatrice Sara Aquino<\/figcaption><\/figure><\/figure>\n<p><strong>Sara Aquino<\/strong>, 29enne livornese laureata in Ingegneria Biomedica, presso <strong>Smart Operations Srl<\/strong> (software e big data) si occupa di dare valore ai dati con tecnologie di realt\u00e0 aumentata e virtuale, mentre <strong>Emanuele Salvietti<\/strong>, chimico 42enne originario della provincia di Arezzo<strong>, <\/strong>nell\u2019azienda Italfimet S.r.l.,impresa specializzata nella produzione di bagni e impianti galvanici, si occuper\u00e0 di progettare un<strong> nuovo bagno galvanico senza cianuri, pi\u00f9 ecologico e meno impattante per la salute dei lavoratori.<\/strong><\/p>\n<p><strong>Albi Qehajaj, <\/strong>28enne laureato in Ingegneria Meccanica presso <strong>GEI S.r.l, <\/strong>l\u2019unica azienda toscana che opera nei sistemi di pompaggio antincendio, installer\u00e0 un software che archivia i disegni 3D degli oggetti in produzione.<\/p>\n<p><strong>Davide Martini,\u00a0<\/strong>29enne di Castel San Niccol\u00f2 laureato in Ingegneria Elettrica e dell\u2019Automazione, sta invece lavorando a <strong>Tekne Dental Srl, <\/strong>uno dei pi\u00f9 grandi produttori italiani di strumentazione odontoiatrica, a un micromotore elettrico innovativo. Infine l\u2019obiettivo del progetto di <strong>Andrea Comparini,\u00a0<\/strong>29enne fiorentino laureato<strong>\u00a0<\/strong>in Scienze Chimiche che lavorer\u00e0 presso <strong>Valmet Plating Srl<\/strong>, \u00e8 quello di eliminare i cianuri ed il nichel dal bagno.<\/p>\n<h3>Un&#8217;opportunit\u00e0 di crescita per le imprese di Firenze e Arezzo<\/h3>\n<p>Faber \u00e8 <a href=\"https:\/\/www.progettofaber.it\/\" target=\"_blank\" rel=\"noopener\">un\u2019opportunit\u00e0 di crescita<\/a> anche per il <strong>tessuto imprenditoriale, che ha risposto alla call lanciata nonostante il periodo di crisi generato dalla pandemia:<\/strong> sono 17 le domande pervenute e meno della met\u00e0 sono state accolte per un valore stimato, in termini di investimenti da parte delle aziende di quasi 2,6 milioni di euro. <strong>L\u2019impresa cofinanzia infatti con 15mila euro all&#8217;anno<\/strong> il contributo destinato al contratto del ricercatore e, contestualmente, investe risorse proprie per la realizzazione del progetto di ricerca industriale che ha proposto a Faber.<\/p>\n<p><strong>Il progetto agevola le micro, piccole e medie imprese appartenenti ai territori della Citt\u00e0 Metropolitana di Firenze e alla provincia di Arezzo<\/strong> nell\u2019inserimento di figure altamente specializzate, con un contributo economico di circa 20mila euro annui per ciascuno.<\/p>\n<p><em>\u201cLa prima edizione di Faber \u00e8 partita nel 2016 e il nostro intento era quello di sperimentare un\u2019azione che facesse incontrare le micro e piccole imprese del nostro territorio con la ricerca scientifica<\/em> \u2013 spiega Gabriele Gori, Direttore Generale di Fondazione CR Firenze \u2013 <em>il nostro Paese \u00e8 tristemente carente rispetto ad altri paesi proprio nella ricerca industriale e nella produzione di brevetti pur essendo i ricercatori italiani qualitativamente tra i migliori al mondo. <strong>Nelle precedenti edizioni infatti ben 18 ricercatori sono stati inseriti, e ora vi lavorano stabilmente, in aziende del tessuto produttivo locale:<\/strong> giovani con curriculum importanti, nella maggior parte dei casi con esperienze all\u2019estero, desiderosi di trovare una opportunit\u00e0 nel proprio paese. Per questa edizione abbiamo deciso di fare un ulteriore passo e, in collaborazione con l\u2019ateneo, abbiamo dato ai giovani laureati la possibilit\u00e0 di conseguire il Dottorato Industriale. I ricercatori sono stati gi\u00e0 assunti nelle aziende e per tre anni studieranno per conseguire il titolo accademico.<\/em>&#8220;<\/p>\n","protected":false},"excerpt":{"rendered":"<p>Con il progetto finanziato dalla Fondazione Cr Firenze sotto otto i ricercatori assunti nelle imprese che puntano cos\u00ec sull&#8217;innovazione<\/p>\n","protected":false},"author":502,"featured_media":144059,"comment_status":"open","ping_status":"open","sticky":false,"template":"","format":"standard","meta":{"_acf_changed":false,"footnotes":""},"categories":[475],"tags":[196,202,267,213],"class_list":["post-172188","post","type-post","status-publish","format-standard","has-post-thumbnail","hentry","category-innovazione","tag-arezzo","tag-firenze","tag-imprese","tag-ricerca"],"acf":[],"yoast_head":"<!-- This site is optimized with the Yoast SEO Premium plugin v24.2 (Yoast SEO v25.6) - https:\/\/yoast.com\/wordpress\/plugins\/seo\/ -->\n<title>Dalle zanzariere ultrasottili ai saponi che non inquinano la ricerca entra in azienda grazie a Faber - intoscana<\/title>\n<meta name=\"description\" content=\"Il bando Faber della Fondazione Cr Firenze ha permesso alle imprese di Firenze e Arezzo di investire nei progetti dei giovani ricercatori.\" \/>\n<meta name=\"robots\" content=\"index, follow, max-snippet:-1, max-image-preview:large, max-video-preview:-1\" \/>\n<link rel=\"canonical\" href=\"https:\/\/www.intoscana.it\/it\/dalle-zanzariere-ultrasottili-ai-saponi-che-non-inquinano-la-ricerca-entra-in-azienda-grazie-a-faber\/\" \/>\n<meta property=\"og:locale\" content=\"it_IT\" \/>\n<meta property=\"og:type\" content=\"article\" \/>\n<meta property=\"og:title\" content=\"Dalle zanzariere ultrasottili ai saponi che non inquinano la ricerca entra in azienda grazie a Faber\" \/>\n<meta property=\"og:description\" content=\"Il bando Faber della Fondazione Cr Firenze ha permesso alle imprese di Firenze e Arezzo di investire nei progetti dei giovani ricercatori.\" \/>\n<meta property=\"og:url\" content=\"https:\/\/www.intoscana.it\/it\/dalle-zanzariere-ultrasottili-ai-saponi-che-non-inquinano-la-ricerca-entra-in-azienda-grazie-a-faber\/\" \/>\n<meta property=\"og:site_name\" content=\"intoscana\" \/>\n<meta property=\"article:publisher\" content=\"https:\/\/www.facebook.com\/intoscana.it\" \/>\n<meta property=\"article:published_time\" content=\"2021-03-30T09:24:28+00:00\" \/>\n<meta property=\"article:modified_time\" content=\"2021-03-30T09:31:05+00:00\" \/>\n<meta property=\"og:image\" content=\"https:\/\/www.intoscana.it\/wp-content\/uploads\/shutterstock_506137015.jpg\" \/>\n\t<meta property=\"og:image:width\" content=\"2000\" \/>\n\t<meta property=\"og:image:height\" content=\"1313\" \/>\n\t<meta property=\"og:image:type\" content=\"image\/jpeg\" \/>\n<meta name=\"author\" content=\"Ilaria Giannini\" \/>\n<meta name=\"twitter:card\" content=\"summary_large_image\" \/>\n<meta name=\"twitter:creator\" content=\"@i.giannini@fst.it\" \/>\n<meta name=\"twitter:site\" content=\"@intoscana\" \/>\n<meta name=\"twitter:label1\" content=\"Written by\" \/>\n\t<meta name=\"twitter:data1\" content=\"Ilaria Giannini\" \/>\n\t<meta name=\"twitter:label2\" content=\"Est. reading time\" \/>\n\t<meta name=\"twitter:data2\" content=\"4 minuti\" \/>\n<script type=\"application\/ld+json\" class=\"yoast-schema-graph\">{\"@context\":\"https:\/\/schema.org\",\"@graph\":[{\"@type\":\"WebPage\",\"@id\":\"https:\/\/www.intoscana.it\/it\/dalle-zanzariere-ultrasottili-ai-saponi-che-non-inquinano-la-ricerca-entra-in-azienda-grazie-a-faber\/\",\"url\":\"https:\/\/www.intoscana.it\/it\/dalle-zanzariere-ultrasottili-ai-saponi-che-non-inquinano-la-ricerca-entra-in-azienda-grazie-a-faber\/\",\"name\":\"Dalle zanzariere ultrasottili ai saponi che non inquinano la ricerca entra in azienda grazie a Faber - intoscana\",\"isPartOf\":{\"@id\":\"https:\/\/www.intoscana.it\/it\/#website\"},\"primaryImageOfPage\":{\"@id\":\"https:\/\/www.intoscana.it\/it\/dalle-zanzariere-ultrasottili-ai-saponi-che-non-inquinano-la-ricerca-entra-in-azienda-grazie-a-faber\/#primaryimage\"},\"image\":{\"@id\":\"https:\/\/www.intoscana.it\/it\/dalle-zanzariere-ultrasottili-ai-saponi-che-non-inquinano-la-ricerca-entra-in-azienda-grazie-a-faber\/#primaryimage\"},\"thumbnailUrl\":\"https:\/\/www.intoscana.it\/wp-content\/uploads\/shutterstock_506137015.jpg\",\"datePublished\":\"2021-03-30T09:24:28+00:00\",\"dateModified\":\"2021-03-30T09:31:05+00:00\",\"author\":{\"@id\":\"https:\/\/www.intoscana.it\/it\/#\/schema\/person\/de95e1ed2c1c8c30a6922bbba3a90185\"},\"description\":\"Il bando Faber della Fondazione Cr Firenze ha permesso alle imprese di Firenze e Arezzo di investire nei progetti dei giovani ricercatori.\",\"breadcrumb\":{\"@id\":\"https:\/\/www.intoscana.it\/it\/dalle-zanzariere-ultrasottili-ai-saponi-che-non-inquinano-la-ricerca-entra-in-azienda-grazie-a-faber\/#breadcrumb\"},\"inLanguage\":\"it-IT\",\"potentialAction\":[{\"@type\":\"ReadAction\",\"target\":[\"https:\/\/www.intoscana.it\/it\/dalle-zanzariere-ultrasottili-ai-saponi-che-non-inquinano-la-ricerca-entra-in-azienda-grazie-a-faber\/\"]}]},{\"@type\":\"ImageObject\",\"inLanguage\":\"it-IT\",\"@id\":\"https:\/\/www.intoscana.it\/it\/dalle-zanzariere-ultrasottili-ai-saponi-che-non-inquinano-la-ricerca-entra-in-azienda-grazie-a-faber\/#primaryimage\",\"url\":\"https:\/\/www.intoscana.it\/wp-content\/uploads\/shutterstock_506137015.jpg\",\"contentUrl\":\"https:\/\/www.intoscana.it\/wp-content\/uploads\/shutterstock_506137015.jpg\",\"width\":2000,\"height\":1313,\"caption\":\"Ricercatori\"},{\"@type\":\"BreadcrumbList\",\"@id\":\"https:\/\/www.intoscana.it\/it\/dalle-zanzariere-ultrasottili-ai-saponi-che-non-inquinano-la-ricerca-entra-in-azienda-grazie-a-faber\/#breadcrumb\",\"itemListElement\":[{\"@type\":\"ListItem\",\"position\":1,\"name\":\"Home\",\"item\":\"https:\/\/www.intoscana.it\/it\/\"},{\"@type\":\"ListItem\",\"position\":2,\"name\":\"Dalle zanzariere ultrasottili ai saponi che non inquinano la ricerca entra in azienda grazie a Faber\"}]},{\"@type\":\"WebSite\",\"@id\":\"https:\/\/www.intoscana.it\/it\/#website\",\"url\":\"https:\/\/www.intoscana.it\/it\/\",\"name\":\"intoscana\",\"description\":\"\",\"potentialAction\":[{\"@type\":\"SearchAction\",\"target\":{\"@type\":\"EntryPoint\",\"urlTemplate\":\"https:\/\/www.intoscana.it\/it\/?s={search_term_string}\"},\"query-input\":{\"@type\":\"PropertyValueSpecification\",\"valueRequired\":true,\"valueName\":\"search_term_string\"}}],\"inLanguage\":\"it-IT\"},{\"@type\":\"Person\",\"@id\":\"https:\/\/www.intoscana.it\/it\/#\/schema\/person\/de95e1ed2c1c8c30a6922bbba3a90185\",\"name\":\"Ilaria Giannini\",\"sameAs\":[\"https:\/\/x.com\/i.giannini@fst.it\"],\"url\":\"https:\/\/www.intoscana.it\/it\/author\/ilaria-giannini\/\"}]}<\/script>\n<!-- \/ Yoast SEO Premium plugin. -->","yoast_head_json":{"title":"Dalle zanzariere ultrasottili ai saponi che non inquinano la ricerca entra in azienda grazie a Faber - intoscana","description":"Il bando Faber della Fondazione Cr Firenze ha permesso alle imprese di Firenze e Arezzo di investire nei progetti dei giovani ricercatori.","robots":{"index":"index","follow":"follow","max-snippet":"max-snippet:-1","max-image-preview":"max-image-preview:large","max-video-preview":"max-video-preview:-1"},"canonical":"https:\/\/www.intoscana.it\/it\/dalle-zanzariere-ultrasottili-ai-saponi-che-non-inquinano-la-ricerca-entra-in-azienda-grazie-a-faber\/","og_locale":"it_IT","og_type":"article","og_title":"Dalle zanzariere ultrasottili ai saponi che non inquinano la ricerca entra in azienda grazie a Faber","og_description":"Il bando Faber della Fondazione Cr Firenze ha permesso alle imprese di Firenze e Arezzo di investire nei progetti dei giovani ricercatori.","og_url":"https:\/\/www.intoscana.it\/it\/dalle-zanzariere-ultrasottili-ai-saponi-che-non-inquinano-la-ricerca-entra-in-azienda-grazie-a-faber\/","og_site_name":"intoscana","article_publisher":"https:\/\/www.facebook.com\/intoscana.it","article_published_time":"2021-03-30T09:24:28+00:00","article_modified_time":"2021-03-30T09:31:05+00:00","og_image":[{"width":2000,"height":1313,"url":"https:\/\/www.intoscana.it\/wp-content\/uploads\/shutterstock_506137015.jpg","type":"image\/jpeg"}],"author":"Ilaria Giannini","twitter_card":"summary_large_image","twitter_creator":"@i.giannini@fst.it","twitter_site":"@intoscana","twitter_misc":{"Written by":"Ilaria Giannini","Est. reading time":"4 minuti"},"schema":{"@context":"https:\/\/schema.org","@graph":[{"@type":"WebPage","@id":"https:\/\/www.intoscana.it\/it\/dalle-zanzariere-ultrasottili-ai-saponi-che-non-inquinano-la-ricerca-entra-in-azienda-grazie-a-faber\/","url":"https:\/\/www.intoscana.it\/it\/dalle-zanzariere-ultrasottili-ai-saponi-che-non-inquinano-la-ricerca-entra-in-azienda-grazie-a-faber\/","name":"Dalle zanzariere ultrasottili ai saponi che non inquinano la ricerca entra in azienda grazie a Faber - intoscana","isPartOf":{"@id":"https:\/\/www.intoscana.it\/it\/#website"},"primaryImageOfPage":{"@id":"https:\/\/www.intoscana.it\/it\/dalle-zanzariere-ultrasottili-ai-saponi-che-non-inquinano-la-ricerca-entra-in-azienda-grazie-a-faber\/#primaryimage"},"image":{"@id":"https:\/\/www.intoscana.it\/it\/dalle-zanzariere-ultrasottili-ai-saponi-che-non-inquinano-la-ricerca-entra-in-azienda-grazie-a-faber\/#primaryimage"},"thumbnailUrl":"https:\/\/www.intoscana.it\/wp-content\/uploads\/shutterstock_506137015.jpg","datePublished":"2021-03-30T09:24:28+00:00","dateModified":"2021-03-30T09:31:05+00:00","author":{"@id":"https:\/\/www.intoscana.it\/it\/#\/schema\/person\/de95e1ed2c1c8c30a6922bbba3a90185"},"description":"Il bando Faber della Fondazione Cr Firenze ha permesso alle imprese di Firenze e Arezzo di investire nei progetti dei giovani ricercatori.","breadcrumb":{"@id":"https:\/\/www.intoscana.it\/it\/dalle-zanzariere-ultrasottili-ai-saponi-che-non-inquinano-la-ricerca-entra-in-azienda-grazie-a-faber\/#breadcrumb"},"inLanguage":"it-IT","potentialAction":[{"@type":"ReadAction","target":["https:\/\/www.intoscana.it\/it\/dalle-zanzariere-ultrasottili-ai-saponi-che-non-inquinano-la-ricerca-entra-in-azienda-grazie-a-faber\/"]}]},{"@type":"ImageObject","inLanguage":"it-IT","@id":"https:\/\/www.intoscana.it\/it\/dalle-zanzariere-ultrasottili-ai-saponi-che-non-inquinano-la-ricerca-entra-in-azienda-grazie-a-faber\/#primaryimage","url":"https:\/\/www.intoscana.it\/wp-content\/uploads\/shutterstock_506137015.jpg","contentUrl":"https:\/\/www.intoscana.it\/wp-content\/uploads\/shutterstock_506137015.jpg","width":2000,"height":1313,"caption":"Ricercatori"},{"@type":"BreadcrumbList","@id":"https:\/\/www.intoscana.it\/it\/dalle-zanzariere-ultrasottili-ai-saponi-che-non-inquinano-la-ricerca-entra-in-azienda-grazie-a-faber\/#breadcrumb","itemListElement":[{"@type":"ListItem","position":1,"name":"Home","item":"https:\/\/www.intoscana.it\/it\/"},{"@type":"ListItem","position":2,"name":"Dalle zanzariere ultrasottili ai saponi che non inquinano la ricerca entra in azienda grazie a Faber"}]},{"@type":"WebSite","@id":"https:\/\/www.intoscana.it\/it\/#website","url":"https:\/\/www.intoscana.it\/it\/","name":"intoscana","description":"","potentialAction":[{"@type":"SearchAction","target":{"@type":"EntryPoint","urlTemplate":"https:\/\/www.intoscana.it\/it\/?s={search_term_string}"},"query-input":{"@type":"PropertyValueSpecification","valueRequired":true,"valueName":"search_term_string"}}],"inLanguage":"it-IT"},{"@type":"Person","@id":"https:\/\/www.intoscana.it\/it\/#\/schema\/person\/de95e1ed2c1c8c30a6922bbba3a90185","name":"Ilaria Giannini","sameAs":["https:\/\/x.com\/i.giannini@fst.it"],"url":"https:\/\/www.intoscana.it\/it\/author\/ilaria-giannini\/"}]}},"_links":{"self":[{"href":"https:\/\/www.intoscana.it\/it\/wp-json\/wp\/v2\/posts\/172188","targetHints":{"allow":["GET"]}}],"collection":[{"href":"https:\/\/www.intoscana.it\/it\/wp-json\/wp\/v2\/posts"}],"about":[{"href":"https:\/\/www.intoscana.it\/it\/wp-json\/wp\/v2\/types\/post"}],"author":[{"embeddable":true,"href":"https:\/\/www.intoscana.it\/it\/wp-json\/wp\/v2\/users\/502"}],"replies":[{"embeddable":true,"href":"https:\/\/www.intoscana.it\/it\/wp-json\/wp\/v2\/comments?post=172188"}],"version-history":[{"count":0,"href":"https:\/\/www.intoscana.it\/it\/wp-json\/wp\/v2\/posts\/172188\/revisions"}],"wp:featuredmedia":[{"embeddable":true,"href":"https:\/\/www.intoscana.it\/it\/wp-json\/wp\/v2\/media\/144059"}],"wp:attachment":[{"href":"https:\/\/www.intoscana.it\/it\/wp-json\/wp\/v2\/media?parent=172188"}],"wp:term":[{"taxonomy":"category","embeddable":true,"href":"https:\/\/www.intoscana.it\/it\/wp-json\/wp\/v2\/categories?post=172188"},{"taxonomy":"post_tag","embeddable":true,"href":"https:\/\/www.intoscana.it\/it\/wp-json\/wp\/v2\/tags?post=172188"}],"curies":[{"name":"wp","href":"https:\/\/api.w.org\/{rel}","templated":true}]}}