{"id":172881,"date":"2021-04-06T19:07:29","date_gmt":"2021-04-06T17:07:29","guid":{"rendered":"https:\/\/www.intoscana.it\/it\/?p=172881"},"modified":"2021-04-07T07:10:37","modified_gmt":"2021-04-07T05:10:37","slug":"il-valore-affettivo-libro-einaudi-di-nicoletta-verna","status":"publish","type":"post","link":"https:\/\/www.intoscana.it\/it\/il-valore-affettivo-libro-einaudi-di-nicoletta-verna\/","title":{"rendered":"Bianca: il lato oscuro di una Stella. Due sorelle, un senso di colpa"},"content":{"rendered":"<p><mark>Un libro d\u2019esordio che appare scritto da una penna gi\u00e0 matura, straordinariamente sicura e solida, che si propone, in modo scintillante, al centro della scena letteraria italiana. <\/mark> Del resto, non \u00e8 certo per caso che un romanzo ottenga la <strong>\u201c<em>Menzione speciale della Giuria<\/em>\u201d<\/strong> al <strong>\u201cPremio Calvino 2020\u201d<\/strong> o venga accolto da lettori e addetti ai lavori con un apprezzamento che cresce giorno per giorno.<br \/>\n<strong>\u201cIl valore affettivo\u201d <\/strong>(Einaudi &#8211; Stile Libero Big), opera prima di <strong>Nicoletta Verna<\/strong> (\u201c<em>Sono frastornata dall\u2019accoglienza positiva ricevuta e inaspettata. E dalla vicinanza delle persone<\/em>\u201d), <strong>forlivese di nascita e fiorentina di adozione<\/strong>, \u00e8 un grande racconto familiare, psicologico, simbolico, profondo, costruito con naturale sapienza narrativa.<br \/>\nDue bambine, <strong>due sorelle<\/strong>, un <strong>lutto<\/strong> non elaborato, uno sguardo spesso sprezzante e ironico sulla societ\u00e0 contemporanea e un disegno folle di un giovane donna, la protagonista: <strong>Bianca<\/strong>. Una controversa figura femminile, bellissima con l&#8217;unica imperfezione estetica di un inciviso spezzato, divorata da un terribile <strong>senso di colpa<\/strong> per aver perso il suo <em>alter ego<\/em> \u2013 <strong>Stella<\/strong> \u2013 e spinta dalla ricerca spasmodica di una redenzione. Tra presente e passato, tra una vita luccicante da alta borghesia romana e le radici immerse nel cuore di una provincia del nord, il lettore viene accompagnato in un viaggio, a tratti claustrofobico, negli abissi della <strong>fragilit\u00e0 umana<\/strong>.<br \/>\n<mark>La scrittura scorre fluida, tra piani temporali differenti e non lineari, in cui il presente scivola su continui richiami del passato, con una mano che tesse una fitta trama psicologica in cui i protagonisti sono ingabbiati in un avvincente intreccio di ricordi, sogni, segreti e grumi emotivi irrisolti.<\/mark><\/p>\n<p><strong>Nicoletta, il romanzo affronta molteplici temi ad alta complessit\u00e0 psicologica: il rapporto tra figli e genitori, la crisi di coppia, la malattia mentale, la solitudine nel dolore. Ma soprattutto la storia \u00e8 pervasa da un sentimento: il senso di colpa. Perch\u00e9?<\/strong><\/p>\n<p>Io sono portata a guardare sempre nelle situazioni, anche in quelle ininfluenti della dimensione personale, alla mia responsabilit\u00e0 perfino laddove \u00e8 minimale o inesistente. E ho riscontrato quanto sia comune tra la gente colpevolizzarsi. <mark>Una delle morali del romanzo \u00e8 proprio questa: seppur sia un sentimento nobilissimo, spesso il senso di colpa \u00e8 inutile, consuma, ci avvelena l\u2019esistenza con un potere deflagrante enorme. <\/mark>\u00c8 uno dei motori dell\u2019animo umano, pu\u00f2 distruggere la razionalit\u00e0 e tutto il resto delle percezioni. Tra i tanti episodi che ho vissuto, uno mi ha ispirato e mi \u00e8 rimasto dentro: 30 anni fa, quando ero molto giovane, la morte di un ragazzo a cui l\u2019amico aveva prestato la propria moto. In quella scelta si sono giocate due vite e subito ho pensato a come si sarebbe sentito per sempre, per tutta la sua esistenza, quel ragazzo costretto in un solo attimo a decidere se concedere o meno quel giro in moto poi, purtroppo, rivelatosi suo malgrado fatale.<\/p>\n<p><span class=\"citazione\">Un romanzo che ti lacera il cuore con sapiente chirurgia narrativa, strutturato lucidamente per condurti negli abissi dell\u2019animo umano tra le architetture pi\u00f9 fragili del nostro sentire.<\/span><\/p>\n<p><strong>Parliamo delle due figure dominanti del romanzo, le due sorelle: Bianca e Stella. Da una parte l\u2019ossimoro nominale di una donna che nasconde la propria oscurit\u00e0 interiore e mostra di s\u00e9 soltanto una immagine priva di colori tutta da decifrare con un sorriso patinato da ex soubrette televisiva; dall\u2019altra un nome luminoso che continua a brillare nel ricordo e nell\u2019influsso benefico che ha sempre impresso sulla propria famiglia.<\/strong><\/p>\n<p>Sono due nomi molto belli e rappresentano due polarit\u00e0, tipiche del rapporto stretto tra sorelle. Da una parte l\u2019amore, il modello a cui ispirarsi; dall\u2019altra la rivalit\u00e0. E la narrazione si gioca tutto su questo equilibrio instabile. <mark>Stella \u00e8 sole, ha illuminato la sua famiglia tanto da lasciarla poi al buio dopo la morte, con genitori, la madre in particolare, incapaci di elaborare il lutto. Bianca, invece, riflette la luce, non emana solarit\u00e0. \u00c8 una donna anaffettiva.<\/mark><\/p>\n<p><strong>La storia \u00e8 ambientata soprattutto a Roma. Alta borghesia, attico ben arredato con vista Colosseo. Un compagno di successo per Bianca, Carlo, cardiochirurgo di fama internazionale. Un mondo sfavillante, anche di lusso, sorrentiniano, da \u201cgrande bellezza\u201d.<\/strong><\/p>\n<p>La capitale non \u00e8 mai neutra come posto, diventa anch\u2019essa protagonista. L\u2019ho scelta perch\u00e9 \u00e8 una metafora di Bianca, una citt\u00e0 splendida, profonda per il suo passato glorioso ma anche decadente. Carlo, intelligente, affascinante, ricco e amante delle belle cose, per la sua professione, \u00e8 l\u2019uomo potenzialmente perfetto che estirpa le macchie (del cuore), crede nel futuro, ridona la vita. Diventa a sua insaputa strumento per il piano folle di Bianca. Ma anche lui \u00e8 tutt\u2019altro che lucente. <mark>Solo Stella \u00e8 senza colpe, forse perch\u00e9 non ha avuto tempo.<\/mark><\/p>\n<p><strong>Il romanzo, come abbiamo detto, scandaglia minuziosamente i tratti psicologici dei personaggi. Bianca \u00e8 vittima di una fobia ossessiva, compulsiva che cresce di riga in riga. Raccoglie e cataloga senza tregua oggetti e rifiuti, archivia mentalmente perdite ed emozioni. Perch\u00e9 proprio questa scelta narrativa?<\/strong><\/p>\n<p>Bianca \u00e8 un personaggio tecnicamente disfunzionale. Inizialmente avevo pensato alla mania per l\u2019igiene che per\u00f2 caratterizza soprattutto chi ha paura dei batteri, delle malattie e della morte. Ma lei non ha paura di morire. <mark>Lei \u00e8 ossessionata dal perdere gli affetti e, quindi, raccogliere i rifiuti per differenziarli \u00e8 una grande metafora della perdita. <\/mark> In modo illusorio, pensa di poter controllare cos\u00ec la sua vita, tenerla in ordine. Un disturbo che \u00e8 anche fondamentale nella stessa costruzione dell\u2019intreccio, con immagini estremamente scenografiche. <mark> E del resto, espellere i rifiuti, inquinando il pianeta, non \u00e8 forse il senso di colpa dell\u2019uomo contemporaneo?<\/mark><\/p>\n<p><span class=\"citazione\">Sullo sfondo non si staglia la morte, innominabile, ma la \u201cdisgrazia\u201d &#8211; quella disgrazia &#8211; evocata dalla voce narrante e robotica di una giovane donna impreparata ad elaborare il lutto, sola anche in compagnia, incapace di trovare la misura empatica del valore affettivo, dilaniata dalla perdita e dominata da un disegno folle di redenzione, di riscatto e, forse, di nuova felicit\u00e0. <\/span><\/p>\n<p><strong>Cito due passaggi del libro che mi hanno colpito in modo particolare: l\u2019uccisione del maiale nel casolare degli amici di Carlo e la cena con altri due personaggi antitetici, Liliana e Rodolfo. Sono due snodi narrativi cruciali, sbaglio?<\/strong><\/p>\n<p>Non sbagli. Nel romanzo volevo esaltare la contrapposizione tra una dimensione moderna, hi-tech \u2013 la chirurgia robotica, i focus group, le app, il controllo medico sulle vite \u2013 con una dimensione ancestrale, contadina, di morte e festa insieme. Un fatto cruento che racconta anche di pi\u00f9 di Carlo. La cena, di contro, \u00e8 un momento cruciale perch\u00e9 i personaggi calano le carte e realt\u00e0 fino ad allora parallele si incontrano. <mark>Liliana \u00e8 crudele, un elemento di disturbo, \u00e8 caratterialmente agli antipodi di Bianca <\/mark>, per via del suo handicap si sente in credito con il mondo e non certo in colpa.<\/p>\n<p><strong>Perch\u00e9 \u201cIl Valore Affettivo\u201d?<\/strong><\/p>\n<p>Anche questo \u00e8 un ossimoro, un titolo \u201cantifrastico\u201d perch\u00e9 indica il contrario: l\u2019affetto non dovrebbe avere una misura, un valore appunto. <mark>Un titolo che stride con la natura anaffettiva di Bianca e che lancia una critica presente in tutto il libro al materialismo <\/mark>, al consumismo e al legame emotivo, malato, che possiamo avere con gli oggetti.<\/p>\n<p>&#8212;&#8212;&#8212;&#8212;&#8212;&#8212;&#8212;&#8212;&#8212;&#8212;&#8212;&#8212;&#8212;&#8212;&#8212;&#8212;&#8212;&#8212;&#8212;&#8212;&#8212;&#8212;&#8212;&#8212;&#8212;&#8212;&#8212;&#8212;&#8212;&#8212;&#8212;&#8212;<\/p>\n<p><em>Un romanzo che ti lacera il cuore con sapiente chirurgia narrativa, strutturato lucidamente per condurti negli abissi dell\u2019animo umano tra le architetture pi\u00f9 fragili del nostro sentire.<\/em><br \/>\n<em>Raccontare con potenza e fluidit\u00e0 di scrittura una storia, non \u00e8 dote comune. Saperla impreziosire scolpendola nella materia psicologica di personaggi che alla fine ti sembreranno familiari e che si lasceranno guardare nella loro pi\u00f9 oscura natura, \u00e8 un dono ulteriore che non pu\u00f2 non essere colto.<\/em><br \/>\n<em>E coglierlo vuol dire seguire lo scorrere tortuoso di un sentimento a cui tutti noi almeno una volta nella vita siamo costretti: il senso di colpa, quello che prova Bianca per la morte della amatissima sorella, Stella. Un grumo emotivo irrisolto attorno al quale si dipanano esistenze martoriate da emozioni, segreti e ricordi; famiglie diversamente infelici, fobie compulsive, rifiuti materiali e immateriali da catalogare, desideri contorti di coppia uniti alla ricerca di una verit\u00e0 che avr\u00e0 soltanto alla fine tutto il sapore di una epifania.<\/em><br \/>\n<em>Sullo sfondo non si staglia la morte, innominabile, ma la \u201cdisgrazia\u201d &#8211; quella disgrazia &#8211; evocata dalla voce narrante e robotica di una giovane donna impreparata ad elaborare il lutto, sola anche in compagnia, incapace di trovare la misura empatica del valore affettivo, dilaniata dalla perdita e dominata da un disegno folle di redenzione, di riscatto e, forse, di nuova felicit\u00e0.<\/em><br \/>\n<em>Felicit\u00e0, appunto. Quella che tutti vorrebbero, che l\u2019autrice ci mostra lontana, spesso legata al passato, idealizzata, inafferrabile, indecifrabile. Consapevoli con Bianca che \u201c\u00e8 questa la cosa stupida della felicit\u00e0: che la riconosci solo quando \u00e8 finita\u201d.<\/em><\/p>\n","protected":false},"excerpt":{"rendered":"<p>\u201cIl valore affettivo\u201d, l\u2019esordio letterario e sorprendente di Nicoletta Verna. Una storia che ci porta negli abissi dell&#8217;animo umano. Una bellissima donna tormentata e dominata da un piano folle alla ricerca di una redenzione<\/p>\n","protected":false},"author":474,"featured_media":172898,"comment_status":"open","ping_status":"open","sticky":false,"template":"","format":"standard","meta":{"_acf_changed":false,"footnotes":""},"categories":[493],"tags":[3136,210,2615],"class_list":["post-172881","post","type-post","status-publish","format-standard","has-post-thumbnail","hentry","category-cultura","tag-interviste","tag-libri","tag-scrittori"],"acf":[],"yoast_head":"<!-- This site is optimized with the Yoast SEO Premium plugin v24.2 (Yoast SEO v25.6) - https:\/\/yoast.com\/wordpress\/plugins\/seo\/ -->\n<title>Bianca: il lato oscuro di una Stella. Due sorelle, un senso di colpa - intoscana<\/title>\n<meta name=\"robots\" content=\"index, follow, max-snippet:-1, max-image-preview:large, max-video-preview:-1\" \/>\n<link rel=\"canonical\" href=\"https:\/\/www.intoscana.it\/it\/il-valore-affettivo-libro-einaudi-di-nicoletta-verna\/\" \/>\n<meta property=\"og:locale\" content=\"it_IT\" \/>\n<meta property=\"og:type\" content=\"article\" \/>\n<meta property=\"og:title\" content=\"Bianca: il lato oscuro di una Stella. Due sorelle, un senso di colpa\" \/>\n<meta property=\"og:description\" content=\"\u201cIl valore affettivo\u201d, l\u2019esordio letterario e sorprendente di Nicoletta Verna. Una storia che ci porta negli abissi dell&#039;animo umano. Una bellissima donna tormentata e dominata da un piano folle alla ricerca di una redenzione\" \/>\n<meta property=\"og:url\" content=\"https:\/\/www.intoscana.it\/it\/il-valore-affettivo-libro-einaudi-di-nicoletta-verna\/\" \/>\n<meta property=\"og:site_name\" content=\"intoscana\" \/>\n<meta property=\"article:publisher\" content=\"https:\/\/www.facebook.com\/intoscana.it\" \/>\n<meta property=\"article:published_time\" content=\"2021-04-06T17:07:29+00:00\" \/>\n<meta property=\"article:modified_time\" content=\"2021-04-07T05:10:37+00:00\" \/>\n<meta property=\"og:image\" content=\"https:\/\/www.intoscana.it\/wp-content\/uploads\/Il-valore-affettivo-1.jpg\" \/>\n\t<meta property=\"og:image:width\" content=\"1000\" \/>\n\t<meta property=\"og:image:height\" content=\"790\" \/>\n\t<meta property=\"og:image:type\" content=\"image\/jpeg\" \/>\n<meta name=\"author\" content=\"Davide De Crescenzo\" \/>\n<meta name=\"twitter:card\" content=\"summary_large_image\" \/>\n<meta name=\"twitter:creator\" content=\"@intoscana\" \/>\n<meta name=\"twitter:site\" content=\"@intoscana\" \/>\n<meta name=\"twitter:label1\" content=\"Written by\" \/>\n\t<meta name=\"twitter:data1\" content=\"Davide De Crescenzo\" \/>\n\t<meta name=\"twitter:label2\" content=\"Est. reading time\" \/>\n\t<meta name=\"twitter:data2\" content=\"7 minuti\" \/>\n<script type=\"application\/ld+json\" class=\"yoast-schema-graph\">{\"@context\":\"https:\/\/schema.org\",\"@graph\":[{\"@type\":\"WebPage\",\"@id\":\"https:\/\/www.intoscana.it\/it\/il-valore-affettivo-libro-einaudi-di-nicoletta-verna\/\",\"url\":\"https:\/\/www.intoscana.it\/it\/il-valore-affettivo-libro-einaudi-di-nicoletta-verna\/\",\"name\":\"Bianca: il lato oscuro di una Stella. Due sorelle, un senso di colpa - intoscana\",\"isPartOf\":{\"@id\":\"https:\/\/www.intoscana.it\/it\/#website\"},\"primaryImageOfPage\":{\"@id\":\"https:\/\/www.intoscana.it\/it\/il-valore-affettivo-libro-einaudi-di-nicoletta-verna\/#primaryimage\"},\"image\":{\"@id\":\"https:\/\/www.intoscana.it\/it\/il-valore-affettivo-libro-einaudi-di-nicoletta-verna\/#primaryimage\"},\"thumbnailUrl\":\"https:\/\/www.intoscana.it\/wp-content\/uploads\/Il-valore-affettivo-1.jpg\",\"datePublished\":\"2021-04-06T17:07:29+00:00\",\"dateModified\":\"2021-04-07T05:10:37+00:00\",\"author\":{\"@id\":\"https:\/\/www.intoscana.it\/it\/#\/schema\/person\/a5bc24999a39bf95b6e0b40c58f8d8e1\"},\"breadcrumb\":{\"@id\":\"https:\/\/www.intoscana.it\/it\/il-valore-affettivo-libro-einaudi-di-nicoletta-verna\/#breadcrumb\"},\"inLanguage\":\"it-IT\",\"potentialAction\":[{\"@type\":\"ReadAction\",\"target\":[\"https:\/\/www.intoscana.it\/it\/il-valore-affettivo-libro-einaudi-di-nicoletta-verna\/\"]}]},{\"@type\":\"ImageObject\",\"inLanguage\":\"it-IT\",\"@id\":\"https:\/\/www.intoscana.it\/it\/il-valore-affettivo-libro-einaudi-di-nicoletta-verna\/#primaryimage\",\"url\":\"https:\/\/www.intoscana.it\/wp-content\/uploads\/Il-valore-affettivo-1.jpg\",\"contentUrl\":\"https:\/\/www.intoscana.it\/wp-content\/uploads\/Il-valore-affettivo-1.jpg\",\"width\":1000,\"height\":790,\"caption\":\"\\\"Il valore affettivo\\\" (Einaudi) di Nicoletta Verna\"},{\"@type\":\"BreadcrumbList\",\"@id\":\"https:\/\/www.intoscana.it\/it\/il-valore-affettivo-libro-einaudi-di-nicoletta-verna\/#breadcrumb\",\"itemListElement\":[{\"@type\":\"ListItem\",\"position\":1,\"name\":\"Home\",\"item\":\"https:\/\/www.intoscana.it\/it\/\"},{\"@type\":\"ListItem\",\"position\":2,\"name\":\"Bianca: il lato oscuro di una Stella. Due sorelle, un senso di colpa\"}]},{\"@type\":\"WebSite\",\"@id\":\"https:\/\/www.intoscana.it\/it\/#website\",\"url\":\"https:\/\/www.intoscana.it\/it\/\",\"name\":\"intoscana\",\"description\":\"\",\"potentialAction\":[{\"@type\":\"SearchAction\",\"target\":{\"@type\":\"EntryPoint\",\"urlTemplate\":\"https:\/\/www.intoscana.it\/it\/?s={search_term_string}\"},\"query-input\":{\"@type\":\"PropertyValueSpecification\",\"valueRequired\":true,\"valueName\":\"search_term_string\"}}],\"inLanguage\":\"it-IT\"},{\"@type\":\"Person\",\"@id\":\"https:\/\/www.intoscana.it\/it\/#\/schema\/person\/a5bc24999a39bf95b6e0b40c58f8d8e1\",\"name\":\"Davide De Crescenzo\",\"url\":\"https:\/\/www.intoscana.it\/it\/author\/davide-de-crescenzo\/\"}]}<\/script>\n<!-- \/ Yoast SEO Premium plugin. -->","yoast_head_json":{"title":"Bianca: il lato oscuro di una Stella. Due sorelle, un senso di colpa - intoscana","robots":{"index":"index","follow":"follow","max-snippet":"max-snippet:-1","max-image-preview":"max-image-preview:large","max-video-preview":"max-video-preview:-1"},"canonical":"https:\/\/www.intoscana.it\/it\/il-valore-affettivo-libro-einaudi-di-nicoletta-verna\/","og_locale":"it_IT","og_type":"article","og_title":"Bianca: il lato oscuro di una Stella. Due sorelle, un senso di colpa","og_description":"\u201cIl valore affettivo\u201d, l\u2019esordio letterario e sorprendente di Nicoletta Verna. Una storia che ci porta negli abissi dell'animo umano. Una bellissima donna tormentata e dominata da un piano folle alla ricerca di una redenzione","og_url":"https:\/\/www.intoscana.it\/it\/il-valore-affettivo-libro-einaudi-di-nicoletta-verna\/","og_site_name":"intoscana","article_publisher":"https:\/\/www.facebook.com\/intoscana.it","article_published_time":"2021-04-06T17:07:29+00:00","article_modified_time":"2021-04-07T05:10:37+00:00","og_image":[{"width":1000,"height":790,"url":"https:\/\/www.intoscana.it\/wp-content\/uploads\/Il-valore-affettivo-1.jpg","type":"image\/jpeg"}],"author":"Davide De Crescenzo","twitter_card":"summary_large_image","twitter_creator":"@intoscana","twitter_site":"@intoscana","twitter_misc":{"Written by":"Davide De Crescenzo","Est. reading time":"7 minuti"},"schema":{"@context":"https:\/\/schema.org","@graph":[{"@type":"WebPage","@id":"https:\/\/www.intoscana.it\/it\/il-valore-affettivo-libro-einaudi-di-nicoletta-verna\/","url":"https:\/\/www.intoscana.it\/it\/il-valore-affettivo-libro-einaudi-di-nicoletta-verna\/","name":"Bianca: il lato oscuro di una Stella. Due sorelle, un senso di colpa - intoscana","isPartOf":{"@id":"https:\/\/www.intoscana.it\/it\/#website"},"primaryImageOfPage":{"@id":"https:\/\/www.intoscana.it\/it\/il-valore-affettivo-libro-einaudi-di-nicoletta-verna\/#primaryimage"},"image":{"@id":"https:\/\/www.intoscana.it\/it\/il-valore-affettivo-libro-einaudi-di-nicoletta-verna\/#primaryimage"},"thumbnailUrl":"https:\/\/www.intoscana.it\/wp-content\/uploads\/Il-valore-affettivo-1.jpg","datePublished":"2021-04-06T17:07:29+00:00","dateModified":"2021-04-07T05:10:37+00:00","author":{"@id":"https:\/\/www.intoscana.it\/it\/#\/schema\/person\/a5bc24999a39bf95b6e0b40c58f8d8e1"},"breadcrumb":{"@id":"https:\/\/www.intoscana.it\/it\/il-valore-affettivo-libro-einaudi-di-nicoletta-verna\/#breadcrumb"},"inLanguage":"it-IT","potentialAction":[{"@type":"ReadAction","target":["https:\/\/www.intoscana.it\/it\/il-valore-affettivo-libro-einaudi-di-nicoletta-verna\/"]}]},{"@type":"ImageObject","inLanguage":"it-IT","@id":"https:\/\/www.intoscana.it\/it\/il-valore-affettivo-libro-einaudi-di-nicoletta-verna\/#primaryimage","url":"https:\/\/www.intoscana.it\/wp-content\/uploads\/Il-valore-affettivo-1.jpg","contentUrl":"https:\/\/www.intoscana.it\/wp-content\/uploads\/Il-valore-affettivo-1.jpg","width":1000,"height":790,"caption":"\"Il valore affettivo\" (Einaudi) di Nicoletta Verna"},{"@type":"BreadcrumbList","@id":"https:\/\/www.intoscana.it\/it\/il-valore-affettivo-libro-einaudi-di-nicoletta-verna\/#breadcrumb","itemListElement":[{"@type":"ListItem","position":1,"name":"Home","item":"https:\/\/www.intoscana.it\/it\/"},{"@type":"ListItem","position":2,"name":"Bianca: il lato oscuro di una Stella. Due sorelle, un senso di colpa"}]},{"@type":"WebSite","@id":"https:\/\/www.intoscana.it\/it\/#website","url":"https:\/\/www.intoscana.it\/it\/","name":"intoscana","description":"","potentialAction":[{"@type":"SearchAction","target":{"@type":"EntryPoint","urlTemplate":"https:\/\/www.intoscana.it\/it\/?s={search_term_string}"},"query-input":{"@type":"PropertyValueSpecification","valueRequired":true,"valueName":"search_term_string"}}],"inLanguage":"it-IT"},{"@type":"Person","@id":"https:\/\/www.intoscana.it\/it\/#\/schema\/person\/a5bc24999a39bf95b6e0b40c58f8d8e1","name":"Davide De Crescenzo","url":"https:\/\/www.intoscana.it\/it\/author\/davide-de-crescenzo\/"}]}},"_links":{"self":[{"href":"https:\/\/www.intoscana.it\/it\/wp-json\/wp\/v2\/posts\/172881","targetHints":{"allow":["GET"]}}],"collection":[{"href":"https:\/\/www.intoscana.it\/it\/wp-json\/wp\/v2\/posts"}],"about":[{"href":"https:\/\/www.intoscana.it\/it\/wp-json\/wp\/v2\/types\/post"}],"author":[{"embeddable":true,"href":"https:\/\/www.intoscana.it\/it\/wp-json\/wp\/v2\/users\/474"}],"replies":[{"embeddable":true,"href":"https:\/\/www.intoscana.it\/it\/wp-json\/wp\/v2\/comments?post=172881"}],"version-history":[{"count":0,"href":"https:\/\/www.intoscana.it\/it\/wp-json\/wp\/v2\/posts\/172881\/revisions"}],"wp:featuredmedia":[{"embeddable":true,"href":"https:\/\/www.intoscana.it\/it\/wp-json\/wp\/v2\/media\/172898"}],"wp:attachment":[{"href":"https:\/\/www.intoscana.it\/it\/wp-json\/wp\/v2\/media?parent=172881"}],"wp:term":[{"taxonomy":"category","embeddable":true,"href":"https:\/\/www.intoscana.it\/it\/wp-json\/wp\/v2\/categories?post=172881"},{"taxonomy":"post_tag","embeddable":true,"href":"https:\/\/www.intoscana.it\/it\/wp-json\/wp\/v2\/tags?post=172881"}],"curies":[{"name":"wp","href":"https:\/\/api.w.org\/{rel}","templated":true}]}}