{"id":173576,"date":"2021-04-13T17:36:50","date_gmt":"2021-04-13T15:36:50","guid":{"rendered":"https:\/\/www.intoscana.it\/it\/?p=173576"},"modified":"2021-04-13T17:53:10","modified_gmt":"2021-04-13T15:53:10","slug":"moby-prince-30-anni-senza-verita-il-consiglio-regionale-chiede-la-commissione-dinchiesta-parlamentare","status":"publish","type":"post","link":"https:\/\/www.intoscana.it\/it\/moby-prince-30-anni-senza-verita-il-consiglio-regionale-chiede-la-commissione-dinchiesta-parlamentare\/","title":{"rendered":"Moby Prince, 30 anni senza verit\u00e0: il Consiglio Regionale chiede la commissione d&#8217;inchiesta parlamentare"},"content":{"rendered":"<p>L&#8217;hanno chiamata anche l&#8217;Ustica del mare, per quel groviglio di misteri e di ipotesi che il tempo e le svariate inchieste non sciolgono. Il fatto \u00e8 scolpito nella memoria di tutti: 30 anni<span class=\"s1\">\u00a0fa, il 10 aprile 1991, alle 22.25, il traghetto Moby Prince della Navarma entr\u00f2 in collisione con l&#8217;Agip Abruzzo, petroliera della Snam, a 2,7 miglia dalla costa livornese. <strong>Un inferno di acqua e fuoco in cui\u00a0\u00a0morirono 140 persone, tra passeggeri ed equipaggio. <\/strong><\/span><\/p>\n<p class=\"p1\"><span class=\"s1\">\u00c8 stata la pi\u00f9 grande tragedia della marineria italiana, finora senza colpevoli e con tanti misteri. I<strong> familiari delle vittime continuano a chiedere giustizia\u00a0 e verit\u00e0, <\/strong>come ricordato anche dal presidente della Repubblica Sergio\u00a0\u00a0Mattarella<strong>. E lo fanno anche oggi, in un&#8217;accorata lettera che hanno inviato al Consiglio Regionale.<\/strong><\/span><\/p>\n<h3><em>L&#8217;Armadio della Memoria, custode degli eventi pi\u00f9 tragici della Toscana, e una targa in ricordo delle vittime<\/em><\/h3>\n<p class=\"p1\"><span class=\"s2\">Per non dimenticare, il <strong>Consiglio regionale della Toscana ha voluto creare nella scorsa legislatura un <\/strong><\/span><span class=\"s1\"><strong>Armadio della Memoria nella Biblioteca Pietro Leopoldo di Firenze<\/strong>, dove verranno raccolti tutti i documenti di quella tragedia. Questo luogo sar\u00e0 anche custode della memoria documentale di altri due terribili eventi che hanno segnato la nostra storia: <strong>la strage di Viareggio e quella della Concordia<\/strong>. <\/span><\/p>\n<p class=\"p1\"><span class=\"s1\">Oggi, proprio in queste stanze, il presidente dell&#8217;Assemblea Toscana, <b>Antonio Mazzeo<\/b>, ha svelato una targa commemorativa in ricordo delle vittime del traghetto Moby Prince e posto una rosa rossa.<\/span><\/p>\n<figure id=\"post-173589 media-173589\" class=\"align-none\">\n<figure id=\"post-173590 media-173590\" class=\"align-none\"><img decoding=\"async\" src=\"https:\/\/www.intoscana.it\/wp-content\/uploads\/202104113_ScoprimentoTargamobyPrince-12-scaled.jpg\" alt=\"\" \/><\/figure>\n<\/figure>\n<p class=\"p1\"><span class=\"s1\"><em>\u201cCon questo gesto vogliamo ribadire che la richiesta di verit\u00e0 e giustizia che Livorno e la Toscana invocano da trent\u2019anni non possono e non deve restare inascoltata. Quella verit\u00e0 e quella giustizia vanno trovate\u201d<\/em>, ha detto il presidente <b>\u00a0Mazzeo nel corso della cerimonia <\/b>a cui hanno\u00a0partecipato anche <\/span><span class=\"s1\">i vicepresidenti\u00a0<b>Marco Casucci<\/b>\u00a0(Lega) e\u00a0<b>Stefano Scaramelli<\/b>\u00a0(Italia Viva), i segretari dell\u2019Ufficio di presidenza\u00a0<b>Federica Fratoni<\/b>\u00a0(Pd) e Diego Petrucci (Fratelli d\u2019Italia), i consiglieri\u00a0<b>Francesco Gazzetti<\/b>\u00a0e\u00a0<b>Gianni Anselmi<\/b>\u00a0del Pd e\u00a0<b>Maurizio Sguanci<\/b>\u00a0di Italia Viva e il Portavoce dell\u2019opposizione,\u00a0<b>Marco Landi<\/b>\u00a0(Lega).<\/span><\/p>\n<p class=\"p1\"><em><span class=\"s1\">\u201cHo visto negli occhi dei familiari delle vittime la grande richiesta di verit\u00e0 e giustizia su una vicenda che non \u00e8 mai stata chiarita <\/span><\/em><span class=\"s1\">&#8211; ha detto ancora Mazzeo &#8211; <\/span><em><span class=\"s1\">Le istituzioni raccolgono e fanno loro questa richiesta, perch\u00e9 hanno il dovere di chiedere sia fatta piena luce. <strong>Mi auguro che prenda presto vita la nuova commissione d\u2019inchiesta parlamentare e che si possa finalmente alzare il velo del mistero sul tragico incidente di trent\u2019anni fa<\/strong>\u201d.<\/span><\/em><\/p>\n<figure id=\"post-173591 media-173591\" class=\"align-none\"><img decoding=\"async\" src=\"https:\/\/www.intoscana.it\/wp-content\/uploads\/202104113_ScoprimentoTargamobyPrince-7-scaled.jpg\" alt=\"\" \/><\/figure>\n<h3><em>La lettera dei familiari delle vittime<\/em><\/h3>\n<p class=\"p1\"><span class=\"s1\">Nel corso della seduta del Consiglio regionale di oggi, il presidente Mazzeo ha dato lettura del messaggio scritto da <strong>Luchino Chessa<\/strong>, presidente Associazione 10 aprile \u2013 Familiari vittime Moby Prince, e da <strong>Nicola Rosetti<\/strong>, vicepresidente Associazione 140 Familiari vittime Moby Prince, con il quale <strong>rinnovano la richiesta di verit\u00e0 e giustizia e ringraziano il Consiglio regionale per il sostegno alla loro battaglia<\/strong>.<\/span><\/p>\n<p class=\"p1\"><span class=\"s1\">Un saluto \u00e8 stato rivolto anche <\/span><span class=\"s1\">al presidente dell\u2019Associazione 140, <strong>Loris Rispoli<\/strong>, che non \u00e8 potuto essere presente per motivi di salute. <em>&#8220;Ci auguriamo di rivederlo presto in Consiglio regionale\u201d<\/em>, ha detto Mazzeo a nome dell&#8217;Aula.<\/span><\/p>\n<p><strong>Ecco il testo integrale della lettera<\/strong>:<\/p>\n<p class=\"p1\"><i>Il tempo passa, la memoria resta. <\/i><\/p>\n<p class=\"p1\"><i>Sono passati 30 anni, un tempo infinito. La morte atroce dei nostri cari affligge ancora i nostri cuori, ma quello che fa pi\u00f9 male \u00e8 sapere che nulla \u00e8 stato fatto per salvarli da quel tragico destino.<\/i><\/p>\n<p class=\"p1\"><i>Documentare 30 anni di una strage come quella del Moby Prince, prima di tutto \u00e8 un dovere morale. Un paese che perde la memoria storica non \u00e8 un paese democratico. Documentare per non dimenticare serve a tutti i cittadini italiani che devono conoscere, perch\u00e9 la conoscenza \u00e8 l\u2019unico modo per sconfiggere chi negli anni ha costruito e ancora sta costruendo false verit\u00e0, ostacolando il corso della giustizia.<\/i><\/p>\n<p class=\"p1\"><i>Il tempo passa, la memoria resta e con essa la forza di combattere una battaglia difficile.<\/i><\/p>\n<p class=\"p1\"><i>A differenza di come \u00e8 avvenuto nel passato sappiamo di non essere pi\u00f9 soli e la realizzazione dell\u2019Armadio della Memoria ne \u00e8 un evidente esempio. <\/i><\/p>\n<p class=\"p1\"><i>Un grazie di cuore a tutti coloro che si stanno impegnando in questo progetto, a partire dalla Istituzioni regionali, oggi rappresentate dal Presidente del Consiglio della regione Toscana, Antonio Mazzeo. <\/i><\/p>\n<p class=\"p1\"><i>Sentire la vicinanza delle Istituzioni per noi familiari delle vittime del Moby Prince, ma anche per i familiari delle vittime della strage di Viareggio e del disastro della Concordia, \u00e8 sicuramente un conforto e ci da ancora pi\u00f9 forza nel percorso della verit\u00e0 e della giustizia. <\/i><\/p>\n<p>&nbsp;<\/p>\n","protected":false},"excerpt":{"rendered":"<p>Una targa per ricordare le 140 vittime. Il presidente Mazzeo: &#8220;Le istituzioni hanno il dovere di chiedere giustizia&#8221;. La lettera dei familiari: &#8220;Il tempo passa, la memoria resta e con essa la forza di combattere una battaglia difficile&#8221;<\/p>\n","protected":false},"author":545,"featured_media":88242,"comment_status":"open","ping_status":"open","sticky":false,"template":"","format":"standard","meta":{"_acf_changed":false,"footnotes":""},"categories":[494],"tags":[4753,5893],"class_list":["post-173576","post","type-post","status-publish","format-standard","has-post-thumbnail","hentry","category-attualita","tag-consiglio-regionale-della-toscana","tag-moby-prince"],"acf":[],"yoast_head":"<!-- This site is optimized with the Yoast SEO Premium plugin v24.2 (Yoast SEO v25.6) - https:\/\/yoast.com\/wordpress\/plugins\/seo\/ -->\n<title>Moby Prince, 30 anni senza verit\u00e0: il Consiglio Regionale chiede la commissione d&#039;inchiesta parlamentare - intoscana<\/title>\n<meta name=\"description\" content=\"Una targa per ricordare le 140 vittime. Il presidente Mazzeo: &quot;Le istituzioni hanno il dovere di chiedere giustizia&quot;. La lettera dei familiari: &quot;Il tempo passa, la memoria resta e con essa la forza di combattere una battaglia difficile&quot;\" \/>\n<meta name=\"robots\" content=\"index, follow, max-snippet:-1, max-image-preview:large, max-video-preview:-1\" \/>\n<link rel=\"canonical\" href=\"https:\/\/www.intoscana.it\/it\/moby-prince-30-anni-senza-verita-il-consiglio-regionale-chiede-la-commissione-dinchiesta-parlamentare\/\" \/>\n<meta property=\"og:locale\" content=\"it_IT\" \/>\n<meta property=\"og:type\" content=\"article\" \/>\n<meta property=\"og:title\" content=\"Moby Prince, 30 anni senza verit\u00e0: il Consiglio Regionale chiede la commissione d&#039;inchiesta parlamentare\" \/>\n<meta property=\"og:description\" content=\"Una targa per ricordare le 140 vittime. Il presidente Mazzeo: &quot;Le istituzioni hanno il dovere di chiedere giustizia&quot;. La lettera dei familiari: &quot;Il tempo passa, la memoria resta e con essa la forza di combattere una battaglia difficile&quot;\" \/>\n<meta property=\"og:url\" content=\"https:\/\/www.intoscana.it\/it\/moby-prince-30-anni-senza-verita-il-consiglio-regionale-chiede-la-commissione-dinchiesta-parlamentare\/\" \/>\n<meta property=\"og:site_name\" content=\"intoscana\" \/>\n<meta property=\"article:publisher\" content=\"https:\/\/www.facebook.com\/intoscana.it\" \/>\n<meta property=\"article:published_time\" content=\"2021-04-13T15:36:50+00:00\" \/>\n<meta property=\"article:modified_time\" content=\"2021-04-13T15:53:10+00:00\" \/>\n<meta property=\"og:image\" content=\"https:\/\/www.intoscana.it\/wp-content\/uploads\/11206114e55f3804047555284ce0ce62.jpg\" \/>\n\t<meta property=\"og:image:width\" content=\"800\" \/>\n\t<meta property=\"og:image:height\" content=\"532\" \/>\n\t<meta property=\"og:image:type\" content=\"image\/jpeg\" \/>\n<meta name=\"author\" content=\"Clara D&#039;Acunto\" \/>\n<meta name=\"twitter:card\" content=\"summary_large_image\" \/>\n<meta name=\"twitter:creator\" content=\"@intoscana\" \/>\n<meta name=\"twitter:site\" content=\"@intoscana\" \/>\n<meta name=\"twitter:label1\" content=\"Written by\" \/>\n\t<meta name=\"twitter:data1\" content=\"Clara D&#039;Acunto\" \/>\n\t<meta name=\"twitter:label2\" content=\"Est. reading time\" \/>\n\t<meta name=\"twitter:data2\" content=\"4 minuti\" \/>\n<script type=\"application\/ld+json\" class=\"yoast-schema-graph\">{\"@context\":\"https:\/\/schema.org\",\"@graph\":[{\"@type\":\"WebPage\",\"@id\":\"https:\/\/www.intoscana.it\/it\/moby-prince-30-anni-senza-verita-il-consiglio-regionale-chiede-la-commissione-dinchiesta-parlamentare\/\",\"url\":\"https:\/\/www.intoscana.it\/it\/moby-prince-30-anni-senza-verita-il-consiglio-regionale-chiede-la-commissione-dinchiesta-parlamentare\/\",\"name\":\"Moby Prince, 30 anni senza verit\u00e0: il Consiglio Regionale chiede la commissione d'inchiesta parlamentare - intoscana\",\"isPartOf\":{\"@id\":\"https:\/\/www.intoscana.it\/it\/#website\"},\"primaryImageOfPage\":{\"@id\":\"https:\/\/www.intoscana.it\/it\/moby-prince-30-anni-senza-verita-il-consiglio-regionale-chiede-la-commissione-dinchiesta-parlamentare\/#primaryimage\"},\"image\":{\"@id\":\"https:\/\/www.intoscana.it\/it\/moby-prince-30-anni-senza-verita-il-consiglio-regionale-chiede-la-commissione-dinchiesta-parlamentare\/#primaryimage\"},\"thumbnailUrl\":\"https:\/\/www.intoscana.it\/wp-content\/uploads\/11206114e55f3804047555284ce0ce62.jpg\",\"datePublished\":\"2021-04-13T15:36:50+00:00\",\"dateModified\":\"2021-04-13T15:53:10+00:00\",\"author\":{\"@id\":\"https:\/\/www.intoscana.it\/it\/#\/schema\/person\/137419af9ef5d385bde52864a841e6ce\"},\"description\":\"Una targa per ricordare le 140 vittime. Il presidente Mazzeo: \\\"Le istituzioni hanno il dovere di chiedere giustizia\\\". La lettera dei familiari: \\\"Il tempo passa, la memoria resta e con essa la forza di combattere una battaglia difficile\\\"\",\"breadcrumb\":{\"@id\":\"https:\/\/www.intoscana.it\/it\/moby-prince-30-anni-senza-verita-il-consiglio-regionale-chiede-la-commissione-dinchiesta-parlamentare\/#breadcrumb\"},\"inLanguage\":\"it-IT\",\"potentialAction\":[{\"@type\":\"ReadAction\",\"target\":[\"https:\/\/www.intoscana.it\/it\/moby-prince-30-anni-senza-verita-il-consiglio-regionale-chiede-la-commissione-dinchiesta-parlamentare\/\"]}]},{\"@type\":\"ImageObject\",\"inLanguage\":\"it-IT\",\"@id\":\"https:\/\/www.intoscana.it\/it\/moby-prince-30-anni-senza-verita-il-consiglio-regionale-chiede-la-commissione-dinchiesta-parlamentare\/#primaryimage\",\"url\":\"https:\/\/www.intoscana.it\/wp-content\/uploads\/11206114e55f3804047555284ce0ce62.jpg\",\"contentUrl\":\"https:\/\/www.intoscana.it\/wp-content\/uploads\/11206114e55f3804047555284ce0ce62.jpg\",\"width\":800,\"height\":532},{\"@type\":\"BreadcrumbList\",\"@id\":\"https:\/\/www.intoscana.it\/it\/moby-prince-30-anni-senza-verita-il-consiglio-regionale-chiede-la-commissione-dinchiesta-parlamentare\/#breadcrumb\",\"itemListElement\":[{\"@type\":\"ListItem\",\"position\":1,\"name\":\"Home\",\"item\":\"https:\/\/www.intoscana.it\/it\/\"},{\"@type\":\"ListItem\",\"position\":2,\"name\":\"Moby Prince, 30 anni senza verit\u00e0: il Consiglio Regionale chiede la commissione d&#8217;inchiesta parlamentare\"}]},{\"@type\":\"WebSite\",\"@id\":\"https:\/\/www.intoscana.it\/it\/#website\",\"url\":\"https:\/\/www.intoscana.it\/it\/\",\"name\":\"intoscana\",\"description\":\"\",\"potentialAction\":[{\"@type\":\"SearchAction\",\"target\":{\"@type\":\"EntryPoint\",\"urlTemplate\":\"https:\/\/www.intoscana.it\/it\/?s={search_term_string}\"},\"query-input\":{\"@type\":\"PropertyValueSpecification\",\"valueRequired\":true,\"valueName\":\"search_term_string\"}}],\"inLanguage\":\"it-IT\"},{\"@type\":\"Person\",\"@id\":\"https:\/\/www.intoscana.it\/it\/#\/schema\/person\/137419af9ef5d385bde52864a841e6ce\",\"name\":\"Clara D'Acunto\",\"url\":\"https:\/\/www.intoscana.it\/it\/author\/clara-d_acunto\/\"}]}<\/script>\n<!-- \/ Yoast SEO Premium plugin. -->","yoast_head_json":{"title":"Moby Prince, 30 anni senza verit\u00e0: il Consiglio Regionale chiede la commissione d'inchiesta parlamentare - intoscana","description":"Una targa per ricordare le 140 vittime. Il presidente Mazzeo: \"Le istituzioni hanno il dovere di chiedere giustizia\". La lettera dei familiari: \"Il tempo passa, la memoria resta e con essa la forza di combattere una battaglia difficile\"","robots":{"index":"index","follow":"follow","max-snippet":"max-snippet:-1","max-image-preview":"max-image-preview:large","max-video-preview":"max-video-preview:-1"},"canonical":"https:\/\/www.intoscana.it\/it\/moby-prince-30-anni-senza-verita-il-consiglio-regionale-chiede-la-commissione-dinchiesta-parlamentare\/","og_locale":"it_IT","og_type":"article","og_title":"Moby Prince, 30 anni senza verit\u00e0: il Consiglio Regionale chiede la commissione d'inchiesta parlamentare","og_description":"Una targa per ricordare le 140 vittime. Il presidente Mazzeo: \"Le istituzioni hanno il dovere di chiedere giustizia\". La lettera dei familiari: \"Il tempo passa, la memoria resta e con essa la forza di combattere una battaglia difficile\"","og_url":"https:\/\/www.intoscana.it\/it\/moby-prince-30-anni-senza-verita-il-consiglio-regionale-chiede-la-commissione-dinchiesta-parlamentare\/","og_site_name":"intoscana","article_publisher":"https:\/\/www.facebook.com\/intoscana.it","article_published_time":"2021-04-13T15:36:50+00:00","article_modified_time":"2021-04-13T15:53:10+00:00","og_image":[{"width":800,"height":532,"url":"https:\/\/www.intoscana.it\/wp-content\/uploads\/11206114e55f3804047555284ce0ce62.jpg","type":"image\/jpeg"}],"author":"Clara D'Acunto","twitter_card":"summary_large_image","twitter_creator":"@intoscana","twitter_site":"@intoscana","twitter_misc":{"Written by":"Clara D'Acunto","Est. reading time":"4 minuti"},"schema":{"@context":"https:\/\/schema.org","@graph":[{"@type":"WebPage","@id":"https:\/\/www.intoscana.it\/it\/moby-prince-30-anni-senza-verita-il-consiglio-regionale-chiede-la-commissione-dinchiesta-parlamentare\/","url":"https:\/\/www.intoscana.it\/it\/moby-prince-30-anni-senza-verita-il-consiglio-regionale-chiede-la-commissione-dinchiesta-parlamentare\/","name":"Moby Prince, 30 anni senza verit\u00e0: il Consiglio Regionale chiede la commissione d'inchiesta parlamentare - intoscana","isPartOf":{"@id":"https:\/\/www.intoscana.it\/it\/#website"},"primaryImageOfPage":{"@id":"https:\/\/www.intoscana.it\/it\/moby-prince-30-anni-senza-verita-il-consiglio-regionale-chiede-la-commissione-dinchiesta-parlamentare\/#primaryimage"},"image":{"@id":"https:\/\/www.intoscana.it\/it\/moby-prince-30-anni-senza-verita-il-consiglio-regionale-chiede-la-commissione-dinchiesta-parlamentare\/#primaryimage"},"thumbnailUrl":"https:\/\/www.intoscana.it\/wp-content\/uploads\/11206114e55f3804047555284ce0ce62.jpg","datePublished":"2021-04-13T15:36:50+00:00","dateModified":"2021-04-13T15:53:10+00:00","author":{"@id":"https:\/\/www.intoscana.it\/it\/#\/schema\/person\/137419af9ef5d385bde52864a841e6ce"},"description":"Una targa per ricordare le 140 vittime. Il presidente Mazzeo: \"Le istituzioni hanno il dovere di chiedere giustizia\". La lettera dei familiari: \"Il tempo passa, la memoria resta e con essa la forza di combattere una battaglia difficile\"","breadcrumb":{"@id":"https:\/\/www.intoscana.it\/it\/moby-prince-30-anni-senza-verita-il-consiglio-regionale-chiede-la-commissione-dinchiesta-parlamentare\/#breadcrumb"},"inLanguage":"it-IT","potentialAction":[{"@type":"ReadAction","target":["https:\/\/www.intoscana.it\/it\/moby-prince-30-anni-senza-verita-il-consiglio-regionale-chiede-la-commissione-dinchiesta-parlamentare\/"]}]},{"@type":"ImageObject","inLanguage":"it-IT","@id":"https:\/\/www.intoscana.it\/it\/moby-prince-30-anni-senza-verita-il-consiglio-regionale-chiede-la-commissione-dinchiesta-parlamentare\/#primaryimage","url":"https:\/\/www.intoscana.it\/wp-content\/uploads\/11206114e55f3804047555284ce0ce62.jpg","contentUrl":"https:\/\/www.intoscana.it\/wp-content\/uploads\/11206114e55f3804047555284ce0ce62.jpg","width":800,"height":532},{"@type":"BreadcrumbList","@id":"https:\/\/www.intoscana.it\/it\/moby-prince-30-anni-senza-verita-il-consiglio-regionale-chiede-la-commissione-dinchiesta-parlamentare\/#breadcrumb","itemListElement":[{"@type":"ListItem","position":1,"name":"Home","item":"https:\/\/www.intoscana.it\/it\/"},{"@type":"ListItem","position":2,"name":"Moby Prince, 30 anni senza verit\u00e0: il Consiglio Regionale chiede la commissione d&#8217;inchiesta parlamentare"}]},{"@type":"WebSite","@id":"https:\/\/www.intoscana.it\/it\/#website","url":"https:\/\/www.intoscana.it\/it\/","name":"intoscana","description":"","potentialAction":[{"@type":"SearchAction","target":{"@type":"EntryPoint","urlTemplate":"https:\/\/www.intoscana.it\/it\/?s={search_term_string}"},"query-input":{"@type":"PropertyValueSpecification","valueRequired":true,"valueName":"search_term_string"}}],"inLanguage":"it-IT"},{"@type":"Person","@id":"https:\/\/www.intoscana.it\/it\/#\/schema\/person\/137419af9ef5d385bde52864a841e6ce","name":"Clara D'Acunto","url":"https:\/\/www.intoscana.it\/it\/author\/clara-d_acunto\/"}]}},"_links":{"self":[{"href":"https:\/\/www.intoscana.it\/it\/wp-json\/wp\/v2\/posts\/173576","targetHints":{"allow":["GET"]}}],"collection":[{"href":"https:\/\/www.intoscana.it\/it\/wp-json\/wp\/v2\/posts"}],"about":[{"href":"https:\/\/www.intoscana.it\/it\/wp-json\/wp\/v2\/types\/post"}],"author":[{"embeddable":true,"href":"https:\/\/www.intoscana.it\/it\/wp-json\/wp\/v2\/users\/545"}],"replies":[{"embeddable":true,"href":"https:\/\/www.intoscana.it\/it\/wp-json\/wp\/v2\/comments?post=173576"}],"version-history":[{"count":0,"href":"https:\/\/www.intoscana.it\/it\/wp-json\/wp\/v2\/posts\/173576\/revisions"}],"wp:featuredmedia":[{"embeddable":true,"href":"https:\/\/www.intoscana.it\/it\/wp-json\/wp\/v2\/media\/88242"}],"wp:attachment":[{"href":"https:\/\/www.intoscana.it\/it\/wp-json\/wp\/v2\/media?parent=173576"}],"wp:term":[{"taxonomy":"category","embeddable":true,"href":"https:\/\/www.intoscana.it\/it\/wp-json\/wp\/v2\/categories?post=173576"},{"taxonomy":"post_tag","embeddable":true,"href":"https:\/\/www.intoscana.it\/it\/wp-json\/wp\/v2\/tags?post=173576"}],"curies":[{"name":"wp","href":"https:\/\/api.w.org\/{rel}","templated":true}]}}