{"id":174038,"date":"2021-04-19T09:43:10","date_gmt":"2021-04-19T07:43:10","guid":{"rendered":"https:\/\/www.intoscana.it\/it\/?p=174038"},"modified":"2021-04-19T17:56:51","modified_gmt":"2021-04-19T15:56:51","slug":"alla-riscoperta-di-una-fiesole-insolita-con-dodici-visite-guidate","status":"publish","type":"post","link":"https:\/\/www.intoscana.it\/it\/alla-riscoperta-di-una-fiesole-insolita-con-dodici-visite-guidate\/","title":{"rendered":"Alla riscoperta di una Fiesole insolita con dodici visite guidate\u00a0"},"content":{"rendered":"<p><strong>Federagit Firenze,<\/strong> associazione di guide turistiche abilitate aderenti a Confesercenti, in collaborazione con realt\u00e0 storiche del territorio fiesolano inaugura una serie di <strong>visite alla scoperta della Fiesole meno conosciuta\u00a0<\/strong>insieme a <strong>guide turistiche abilitate.<\/strong><\/p>\n<p>L&#8217;obiettivo dell&#8217;associazione, che tutela e promuove i professionisti del turismo, \u00e8 quello di <strong>fare sistema e creare uno spunto per la ripartenza della filiera del turismo,<\/strong> colpita dalla crisi per l&#8217;emergenza pandemica. Ad ogni appuntamento \u00e8 prevista anche <strong>una testimonianza di chi opera nel solco della tradizione locale.<\/strong><\/p>\n<p><em>&#8220;Le guide turistiche abilitate sono orgogliose di lavorare per questo progetto, nato dal basso, a testimonianza del rapporto sempre pi\u00f9 importante tra guide turistiche abilitate e alcune realt\u00e0 storiche del territorio fiesolano, che ringraziamo per aver accolto da subito con entusiasmo questa iniziativa.&#8221; &#8211; <\/em><strong>ha sottolineato Marco Verz\u00ec, Presidente di Federagit Firenze<\/strong> <em>&#8211; &#8220;Proprio in un momento cos\u00ec difficile per le professioni del turismo, come per tutta la filiera, si apre la possibilit\u00e0 di scoprire e riscoprire la citt\u00e0 di Fiesole, una delle realt\u00e0 pi\u00f9 belle dell&#8217;area fiorentina, con gli occhi del viaggiatore del Grand Tour. Fiesole Insolita \u00e8 solo l&#8217;inizio di un progetto pi\u00f9 ampio, che ha l&#8217;ambizione di condurre il visitatore in questa incredibile realt\u00e0 facendo sistema con le eccellenze presenti sul territorio&#8221;.<\/em><\/p>\n<h3>Come partecipare<\/h3>\n<p>Le visite si svolgeranno nel periodo che va <strong>dal 12 maggio al 5 giugno.<\/strong> Ad ogni incontro potranno partecipare al <strong>massimo quindici persone, con una quota individuale di 15 euro.<\/strong> \u00c8 prevista la<strong> gratuit\u00e0 fino ai sei anni,<\/strong> per un massimo di tre bambini a famiglia, mentre<strong> dai sei ai dieci anni la quota \u00e8 di 10 euro.<\/strong> Eventuali ingressi saranno a carico dei partecipanti e saranno indicati nei singoli eventi.<\/p>\n<h3>Il calendario delle visite dal 12 maggio al 5 giugno<\/h3>\n<p><strong>Mercoled\u00ec 12 maggio<\/strong>, alle ore 10:00: <strong>Fiesole, le origini e lo sviluppo della Citt\u00e0.<\/strong> Un racconto della Citt\u00e0 nel suo primo tempo. Fiesole \u00e8 sempre stata meta ambita. Dagli etruschi, ai romani, ai fiorentini. Meta per artisti che la scelsero come Musa, per i Desiderosi di inebriarsi di tanta ricchezza. Dal passato ai nostri giorni: come sono i viaggiatori contemporanei? Ne parleremo con Eleonora Ciliberti, che gestisce con la sua famiglia lo storico B&amp;B fiesolano Le Cannelle. A lei un particolare ringraziamento per aver da subito condiviso l&#8217;idea che la testimonianza del Grand Tour non appartenga unicamente al passato ma vada alimentata in un vivo presente. Non sono previste entrate a pagamento. Guida turistica: Giulia Bacci Tirinnanzi.<\/p>\n<p><strong>Sabato 15 maggio<\/strong>, alle ore 10:00:<strong> Fiesole e il Grand Tour.<\/strong> Visita guidata da San Domenico a Fiesole per la Via Vecchia Fiesolana. Racconti sulle celebri personalit\u00e0 che l&#8217;hanno amata, passeggiando tra magnifiche vedute. Su una di queste si posa lo sguardo dei tanti amanti del paesaggio e delle eccellenze culinarie. \u00c8 quello di Igor, gestore dello storico Coquinarius, che ci racconter\u00e0 del legame tra paesaggio e gusto e del perch\u00e9 un ristoratore e un avventore scelgano Fiesole, approdo di un duplice Grand Tour. Non sono previste entrate a pagamento. Guida turistica: Silke Kurth.<\/p>\n<p><strong>Sabato 15 maggio,<\/strong> alle ore 15:30: <strong>Fiesole, le origini e lo sviluppo della Citt\u00e0<\/strong>. Un racconto della Citt\u00e0 nel suo primo tempo. Fiesole \u00e8 sempre stata meta ambita. Dagli etruschi, ai romani, ai fiorentini. Meta per artisti che la scelsero come Musa, per i Desiderosi di inebriarsi di tanta ricchezza. Dal passato ai nostri giorni: come sono i viaggiatori contemporanei? Ne parleremo con Eleonora Ciliberti, che gestisce con la sua famiglia lo storico B&amp;B fiesolano Le Cannelle. A lei un particolare ringraziamento per aver da subito condiviso l&#8217;idea che la testimonianza del Grand Tour non appartenga unicamente al passato ma vada alimentata in un vivo presente. Non sono previste entrate a pagamento. Guida turistica: Giulia Bacci Tirinnanzi.<\/p>\n<p><strong>Mercoled\u00ec 19 maggio<\/strong>, alle ore 10:00: <strong>Fiesole e il Grand Tour<\/strong>. Visita guidata da San Domenico a Fiesole per la Via Vecchia Fiesolana. Racconti sulle celebri personalit\u00e0 che l&#8217;hanno amata, passeggiando tra magnifiche vedute. Su una di queste si posa lo sguardo dei tanti amanti del paesaggio e delle eccellenze culinarie. \u00c8 quello di Igor, gestore dello storico Coquinarius, che ci racconter\u00e0 del legame tra paesaggio e gusto e del perch\u00e9 un ristoratore e un avventore scelgano Fiesole, approdo di un duplice Grand Tour. Non sono previste entrate a pagamento. Guida turistica: Silke Kurth.<\/p>\n<p><strong>Sabato 22 maggio<\/strong>, alle ore 10:00: <strong>Fiesole, la Cattedrale e il Collezionismo<\/strong>. Visita guidata al Duomo di Fiesole e al Museo Bandini. Al termine della visita Alessandro, che gestisce lo storico Vinandro ci racconter\u00e0 del desco molle, di mangiari e di vino, che accolgono e ristorano i viandanti e i viaggiatori di tutti i tempi. Entrata al Museo Bandini a carico dei partecipanti. Guida turistica: Francesca Sabatini.<\/p>\n<p><strong>Sabato 22 maggio<\/strong>, alle ore 16:30: <strong>Etruschi, Romani e l&#8217;arte del plasticare: L&#8217;Area Archeologica di Fiesole e il laboratorio di ceramica Cobalto.<\/strong> Visita guidata a uno dei Parchi archeologici pi\u00f9 belli d&#8217;Italia. Insieme a noi l&#8217;artista Umi, che ci aprir\u00e0 le porte della sua arte e del suo laboratorio &#8211; situato di fronte al Parco &#8211; in un dialogo ininterrotto tra passato e presente. Entrata all&#8217;Area Archeologica a carico dei partecipanti. Guida turistica: Paola Di Felice.<\/p>\n<p><strong>Mercoled\u00ec 26 maggio<\/strong>, alle ore 10:00: <strong>Volare, dalla pietra color del cielo<\/strong>. Visita guidata nel Parco di Montececeri, tra le cave di pietra serena, sasso che pi\u00f9 di ogni altro declina Fiesole, e una delle pi\u00f9 grandi passioni di Leonardo, il volo. Non sono previste entrate a pagamento. Guida turistica: Daniela Grigoli.<\/p>\n<p><strong>Sabato 29 maggio<\/strong>, alle ore 9:30: <strong>John Temple Leader, Vincigliata.<\/strong> Passeggiata al colle di Vincigliata, plasmato dall&#8217;appassionato e appassionante viaggiatore inglese John Temple Leader, con la volont\u00e0 di ricostruire un mitico e leggendario Medioevo, con gli occhi dell&#8217;uomo del XIX secolo. Non sono previste entrate a pagamento. Guida turistica: Daniela Grigoli.<\/p>\n<p><strong>Sabato 29 maggio,<\/strong> alle ore 16:30: Etruschi, Romani e l&#8217;arte del plasticare: L&#8217;Area Archeologica di Fiesole e il laboratorio di ceramica Cobalto. Visita guidata a uno dei Parchi archeologici pi\u00f9 belli d&#8217;Italia. Insieme a noi l&#8217;artista Umi, che ci aprir\u00e0 le porte della sua arte e del suo laboratorio &#8211; situato di fronte al Parco &#8211; in un dialogo ininterrotto tra passato e presente. Entrata all&#8217;Area Archeologica a carico dei partecipanti. Guida turistica: Paola Di Felice.<\/p>\n<p><strong>Gioved\u00ec 3 giugno<\/strong>, alle ore 10:00: <strong>Fiesole Novecento: Primo Conti, uomo, artista.<\/strong> Visita guidata alla Fondazione Primo Conti. Luogo unico e profondamente legato alla poetica del Maestro e a Fiesole, in dialogo costante col suo territorio e con Firenze. Sar\u00e0 con noi Valerio Mirannalti, maestro di pittura e scultura e Vice Presidente degli Artisti Fiesolani. Non sono previste entrate a pagamento. Guida turistica: Giulia Bacci Tirinnanzi.<\/p>\n<p><strong>Sabato 5 giugno,<\/strong> alle ore 9:30: <strong>Fiesole, la Cattedrale e il Collezionismo.<\/strong> Visita guidata al Duomo di Fiesole e al Museo Bandini. Al termine della visita Alessandro, che gestisce lo storico Vinandro ci racconter\u00e0 del desco molle, di mangiari e di vino, che accolgono e ristorano i viandanti e i viaggiatori di tutti i tempi. Entrata al Museo Bandini a carico dei partecipanti. Guida turistica: Francesca Sabatini.<\/p>\n<p><strong>Sabato 5 giugno,<\/strong> alle ore 17:00: <strong>John Temple Leader, Vincigliata<\/strong>. Passeggiata al colle di Vincigliata, plasmato dall&#8217;appassionato e appassionante viaggiatore inglese John Temple Leader, con la volont\u00e0 di ricostruire un mitico e leggendario Medioevo, con gli occhi dell&#8217;uomo del XIX secolo. Non sono previste entrate a pagamento. Guida turistica: Daniela Grigoli.<\/p>\n<h3>Per informazioni Ufficio Stampa Confesercenti Firenze 328\/0032164<\/h3>\n","protected":false},"excerpt":{"rendered":"<p>Dal 12 maggio al 5 giugno durante le visite anche una testimonianza di chi lavora nel territorio nel solco della tradizione locale<\/p>\n","protected":false},"author":525,"featured_media":174039,"comment_status":"open","ping_status":"open","sticky":false,"template":"","format":"standard","meta":{"_acf_changed":false,"footnotes":""},"categories":[6],"tags":[2788,5781],"class_list":["post-174038","post","type-post","status-publish","format-standard","has-post-thumbnail","hentry","category-viaggi","tag-fiesole","tag-visite-guidate"],"acf":[],"yoast_head":"<!-- This site is optimized with the Yoast SEO Premium plugin v24.2 (Yoast SEO v25.6) - https:\/\/yoast.com\/wordpress\/plugins\/seo\/ -->\n<title>Alla riscoperta di una Fiesole insolita con dodici visite guidate\u00a0 - intoscana<\/title>\n<meta name=\"description\" content=\"Dal 12 maggio al 5 giugno durante le visite anche una testimonianza di chi lavora nel territorio nel solco della tradizione locale\" \/>\n<meta name=\"robots\" content=\"index, follow, max-snippet:-1, max-image-preview:large, max-video-preview:-1\" \/>\n<link rel=\"canonical\" href=\"https:\/\/www.intoscana.it\/it\/alla-riscoperta-di-una-fiesole-insolita-con-dodici-visite-guidate\/\" \/>\n<meta property=\"og:locale\" content=\"it_IT\" \/>\n<meta property=\"og:type\" content=\"article\" \/>\n<meta property=\"og:title\" content=\"Alla riscoperta di una Fiesole insolita con dodici visite guidate\u00a0\" \/>\n<meta property=\"og:description\" content=\"Dal 12 maggio al 5 giugno durante le visite anche una testimonianza di chi lavora nel territorio nel solco della tradizione locale\" \/>\n<meta property=\"og:url\" content=\"https:\/\/www.intoscana.it\/it\/alla-riscoperta-di-una-fiesole-insolita-con-dodici-visite-guidate\/\" \/>\n<meta property=\"og:site_name\" content=\"intoscana\" \/>\n<meta property=\"article:publisher\" content=\"https:\/\/www.facebook.com\/intoscana.it\" \/>\n<meta property=\"article:published_time\" content=\"2021-04-19T07:43:10+00:00\" \/>\n<meta property=\"article:modified_time\" content=\"2021-04-19T15:56:51+00:00\" \/>\n<meta property=\"og:image\" content=\"https:\/\/www.intoscana.it\/wp-content\/uploads\/Fiesole-4-scaled.jpg\" \/>\n\t<meta property=\"og:image:width\" content=\"2048\" \/>\n\t<meta property=\"og:image:height\" content=\"1095\" \/>\n\t<meta property=\"og:image:type\" content=\"image\/jpeg\" \/>\n<meta name=\"author\" content=\"Redazione\" \/>\n<meta name=\"twitter:card\" content=\"summary_large_image\" \/>\n<meta name=\"twitter:creator\" content=\"@intoscana\" \/>\n<meta name=\"twitter:site\" content=\"@intoscana\" \/>\n<meta name=\"twitter:label1\" content=\"Written by\" \/>\n\t<meta name=\"twitter:data1\" content=\"Redazione\" \/>\n\t<meta name=\"twitter:label2\" content=\"Est. reading time\" \/>\n\t<meta name=\"twitter:data2\" content=\"6 minuti\" \/>\n<script type=\"application\/ld+json\" class=\"yoast-schema-graph\">{\"@context\":\"https:\/\/schema.org\",\"@graph\":[{\"@type\":\"WebPage\",\"@id\":\"https:\/\/www.intoscana.it\/it\/alla-riscoperta-di-una-fiesole-insolita-con-dodici-visite-guidate\/\",\"url\":\"https:\/\/www.intoscana.it\/it\/alla-riscoperta-di-una-fiesole-insolita-con-dodici-visite-guidate\/\",\"name\":\"Alla riscoperta di una Fiesole insolita con dodici visite guidate\u00a0 - intoscana\",\"isPartOf\":{\"@id\":\"https:\/\/www.intoscana.it\/it\/#website\"},\"primaryImageOfPage\":{\"@id\":\"https:\/\/www.intoscana.it\/it\/alla-riscoperta-di-una-fiesole-insolita-con-dodici-visite-guidate\/#primaryimage\"},\"image\":{\"@id\":\"https:\/\/www.intoscana.it\/it\/alla-riscoperta-di-una-fiesole-insolita-con-dodici-visite-guidate\/#primaryimage\"},\"thumbnailUrl\":\"https:\/\/www.intoscana.it\/wp-content\/uploads\/Fiesole-4-scaled.jpg\",\"datePublished\":\"2021-04-19T07:43:10+00:00\",\"dateModified\":\"2021-04-19T15:56:51+00:00\",\"author\":{\"@id\":\"https:\/\/www.intoscana.it\/it\/#\/schema\/person\/9223810753230f20bd670fdd322661f8\"},\"description\":\"Dal 12 maggio al 5 giugno durante le visite anche una testimonianza di chi lavora nel territorio nel solco della tradizione locale\",\"breadcrumb\":{\"@id\":\"https:\/\/www.intoscana.it\/it\/alla-riscoperta-di-una-fiesole-insolita-con-dodici-visite-guidate\/#breadcrumb\"},\"inLanguage\":\"it-IT\",\"potentialAction\":[{\"@type\":\"ReadAction\",\"target\":[\"https:\/\/www.intoscana.it\/it\/alla-riscoperta-di-una-fiesole-insolita-con-dodici-visite-guidate\/\"]}]},{\"@type\":\"ImageObject\",\"inLanguage\":\"it-IT\",\"@id\":\"https:\/\/www.intoscana.it\/it\/alla-riscoperta-di-una-fiesole-insolita-con-dodici-visite-guidate\/#primaryimage\",\"url\":\"https:\/\/www.intoscana.it\/wp-content\/uploads\/Fiesole-4-scaled.jpg\",\"contentUrl\":\"https:\/\/www.intoscana.it\/wp-content\/uploads\/Fiesole-4-scaled.jpg\",\"width\":2048,\"height\":1095},{\"@type\":\"BreadcrumbList\",\"@id\":\"https:\/\/www.intoscana.it\/it\/alla-riscoperta-di-una-fiesole-insolita-con-dodici-visite-guidate\/#breadcrumb\",\"itemListElement\":[{\"@type\":\"ListItem\",\"position\":1,\"name\":\"Home\",\"item\":\"https:\/\/www.intoscana.it\/it\/\"},{\"@type\":\"ListItem\",\"position\":2,\"name\":\"Alla riscoperta di una Fiesole insolita con dodici visite guidate\u00a0\"}]},{\"@type\":\"WebSite\",\"@id\":\"https:\/\/www.intoscana.it\/it\/#website\",\"url\":\"https:\/\/www.intoscana.it\/it\/\",\"name\":\"intoscana\",\"description\":\"\",\"potentialAction\":[{\"@type\":\"SearchAction\",\"target\":{\"@type\":\"EntryPoint\",\"urlTemplate\":\"https:\/\/www.intoscana.it\/it\/?s={search_term_string}\"},\"query-input\":{\"@type\":\"PropertyValueSpecification\",\"valueRequired\":true,\"valueName\":\"search_term_string\"}}],\"inLanguage\":\"it-IT\"},{\"@type\":\"Person\",\"@id\":\"https:\/\/www.intoscana.it\/it\/#\/schema\/person\/9223810753230f20bd670fdd322661f8\",\"name\":\"Redazione\",\"url\":\"https:\/\/www.intoscana.it\/it\/author\/redazione\/\"}]}<\/script>\n<!-- \/ Yoast SEO Premium plugin. -->","yoast_head_json":{"title":"Alla riscoperta di una Fiesole insolita con dodici visite guidate\u00a0 - intoscana","description":"Dal 12 maggio al 5 giugno durante le visite anche una testimonianza di chi lavora nel territorio nel solco della tradizione locale","robots":{"index":"index","follow":"follow","max-snippet":"max-snippet:-1","max-image-preview":"max-image-preview:large","max-video-preview":"max-video-preview:-1"},"canonical":"https:\/\/www.intoscana.it\/it\/alla-riscoperta-di-una-fiesole-insolita-con-dodici-visite-guidate\/","og_locale":"it_IT","og_type":"article","og_title":"Alla riscoperta di una Fiesole insolita con dodici visite guidate\u00a0","og_description":"Dal 12 maggio al 5 giugno durante le visite anche una testimonianza di chi lavora nel territorio nel solco della tradizione locale","og_url":"https:\/\/www.intoscana.it\/it\/alla-riscoperta-di-una-fiesole-insolita-con-dodici-visite-guidate\/","og_site_name":"intoscana","article_publisher":"https:\/\/www.facebook.com\/intoscana.it","article_published_time":"2021-04-19T07:43:10+00:00","article_modified_time":"2021-04-19T15:56:51+00:00","og_image":[{"width":2048,"height":1095,"url":"https:\/\/www.intoscana.it\/wp-content\/uploads\/Fiesole-4-scaled.jpg","type":"image\/jpeg"}],"author":"Redazione","twitter_card":"summary_large_image","twitter_creator":"@intoscana","twitter_site":"@intoscana","twitter_misc":{"Written by":"Redazione","Est. reading time":"6 minuti"},"schema":{"@context":"https:\/\/schema.org","@graph":[{"@type":"WebPage","@id":"https:\/\/www.intoscana.it\/it\/alla-riscoperta-di-una-fiesole-insolita-con-dodici-visite-guidate\/","url":"https:\/\/www.intoscana.it\/it\/alla-riscoperta-di-una-fiesole-insolita-con-dodici-visite-guidate\/","name":"Alla riscoperta di una Fiesole insolita con dodici visite guidate\u00a0 - intoscana","isPartOf":{"@id":"https:\/\/www.intoscana.it\/it\/#website"},"primaryImageOfPage":{"@id":"https:\/\/www.intoscana.it\/it\/alla-riscoperta-di-una-fiesole-insolita-con-dodici-visite-guidate\/#primaryimage"},"image":{"@id":"https:\/\/www.intoscana.it\/it\/alla-riscoperta-di-una-fiesole-insolita-con-dodici-visite-guidate\/#primaryimage"},"thumbnailUrl":"https:\/\/www.intoscana.it\/wp-content\/uploads\/Fiesole-4-scaled.jpg","datePublished":"2021-04-19T07:43:10+00:00","dateModified":"2021-04-19T15:56:51+00:00","author":{"@id":"https:\/\/www.intoscana.it\/it\/#\/schema\/person\/9223810753230f20bd670fdd322661f8"},"description":"Dal 12 maggio al 5 giugno durante le visite anche una testimonianza di chi lavora nel territorio nel solco della tradizione locale","breadcrumb":{"@id":"https:\/\/www.intoscana.it\/it\/alla-riscoperta-di-una-fiesole-insolita-con-dodici-visite-guidate\/#breadcrumb"},"inLanguage":"it-IT","potentialAction":[{"@type":"ReadAction","target":["https:\/\/www.intoscana.it\/it\/alla-riscoperta-di-una-fiesole-insolita-con-dodici-visite-guidate\/"]}]},{"@type":"ImageObject","inLanguage":"it-IT","@id":"https:\/\/www.intoscana.it\/it\/alla-riscoperta-di-una-fiesole-insolita-con-dodici-visite-guidate\/#primaryimage","url":"https:\/\/www.intoscana.it\/wp-content\/uploads\/Fiesole-4-scaled.jpg","contentUrl":"https:\/\/www.intoscana.it\/wp-content\/uploads\/Fiesole-4-scaled.jpg","width":2048,"height":1095},{"@type":"BreadcrumbList","@id":"https:\/\/www.intoscana.it\/it\/alla-riscoperta-di-una-fiesole-insolita-con-dodici-visite-guidate\/#breadcrumb","itemListElement":[{"@type":"ListItem","position":1,"name":"Home","item":"https:\/\/www.intoscana.it\/it\/"},{"@type":"ListItem","position":2,"name":"Alla riscoperta di una Fiesole insolita con dodici visite guidate\u00a0"}]},{"@type":"WebSite","@id":"https:\/\/www.intoscana.it\/it\/#website","url":"https:\/\/www.intoscana.it\/it\/","name":"intoscana","description":"","potentialAction":[{"@type":"SearchAction","target":{"@type":"EntryPoint","urlTemplate":"https:\/\/www.intoscana.it\/it\/?s={search_term_string}"},"query-input":{"@type":"PropertyValueSpecification","valueRequired":true,"valueName":"search_term_string"}}],"inLanguage":"it-IT"},{"@type":"Person","@id":"https:\/\/www.intoscana.it\/it\/#\/schema\/person\/9223810753230f20bd670fdd322661f8","name":"Redazione","url":"https:\/\/www.intoscana.it\/it\/author\/redazione\/"}]}},"_links":{"self":[{"href":"https:\/\/www.intoscana.it\/it\/wp-json\/wp\/v2\/posts\/174038","targetHints":{"allow":["GET"]}}],"collection":[{"href":"https:\/\/www.intoscana.it\/it\/wp-json\/wp\/v2\/posts"}],"about":[{"href":"https:\/\/www.intoscana.it\/it\/wp-json\/wp\/v2\/types\/post"}],"author":[{"embeddable":true,"href":"https:\/\/www.intoscana.it\/it\/wp-json\/wp\/v2\/users\/525"}],"replies":[{"embeddable":true,"href":"https:\/\/www.intoscana.it\/it\/wp-json\/wp\/v2\/comments?post=174038"}],"version-history":[{"count":0,"href":"https:\/\/www.intoscana.it\/it\/wp-json\/wp\/v2\/posts\/174038\/revisions"}],"wp:featuredmedia":[{"embeddable":true,"href":"https:\/\/www.intoscana.it\/it\/wp-json\/wp\/v2\/media\/174039"}],"wp:attachment":[{"href":"https:\/\/www.intoscana.it\/it\/wp-json\/wp\/v2\/media?parent=174038"}],"wp:term":[{"taxonomy":"category","embeddable":true,"href":"https:\/\/www.intoscana.it\/it\/wp-json\/wp\/v2\/categories?post=174038"},{"taxonomy":"post_tag","embeddable":true,"href":"https:\/\/www.intoscana.it\/it\/wp-json\/wp\/v2\/tags?post=174038"}],"curies":[{"name":"wp","href":"https:\/\/api.w.org\/{rel}","templated":true}]}}