{"id":175109,"date":"2021-04-28T17:00:41","date_gmt":"2021-04-28T15:00:41","guid":{"rendered":"https:\/\/www.intoscana.it\/it\/?p=175109"},"modified":"2021-04-28T17:59:39","modified_gmt":"2021-04-28T15:59:39","slug":"toscana-qui-la-crisi-e-piu-forte-che-nel-resto-del-paese","status":"publish","type":"post","link":"https:\/\/www.intoscana.it\/it\/toscana-qui-la-crisi-e-piu-forte-che-nel-resto-del-paese\/","title":{"rendered":"Toscana, qui la crisi \u00e8 pi\u00f9 forte che nel resto del Paese. Il rapporto di Irpet"},"content":{"rendered":"<p>Una fotografia a tinte molto scure quella che emerge dal rapporto <strong>Irpet<\/strong>, l&#8217;Istituto Regionale Programmazione Economica della Toscana, dal titolo <strong>\u201cLa Toscana un anno dopo l&#8217;Epidemia &#8211; Bilancio e prospettive&#8221;<\/strong>, per l\u2019economia regionale.<\/p>\n<p>Il report trasforma in punti percentuali la sofferenza di negozianti, ristoratori, impresari alle prese da pi\u00f9 di un anno con una crisi senza precedenti, <strong>acuita rispetto a quella nazionale,<\/strong> che non ha risparmiato nessun settore: dal manifatturiero ai servizi.<\/p>\n<ul>\n<li>-12 punti percentuali di Pil<\/li>\n<li>-15 punti percentuali di produzione industriale<\/li>\n<li>-12 punti percentuali di fatturato dei servizi<\/li>\n<\/ul>\n<p><strong>\u00c8 questo il bilancio per la nostra regione confermato anche dalla Banca d\u2019Italia.<\/strong><\/p>\n<p><mark>Nel 2020 la Toscana ha risentito pi\u00f9 che il resto del Paese della crisi pandemica poich\u00e9 maggiormente specializzata in beni durevoli, che, a loro volta, hanno risentito di pi\u00f9 della mancata spesa estera <\/mark>. Le ferite aperte nel corso del 2019 e in questi primi mesi del 2020 faticano a rimarginarsi.<\/p>\n<p><strong>Barcollo ma non mollo.<\/strong> Ecco potremmo riassumer\u00f2 cos\u00ec la situazione della nostra regione. \u201cNon siamo moribondi\u201d ha detto infatti Luca Giusti, presidente di Confartigianato Toscana.<\/p>\n<p><mark>La crisi regionale ha ragioni che le derivano da quello che \u00e8 sempre stato il punto di forza della regione stessa: un\u2019economia basata sul modello della piccola media impresa, con distretti altamente specializzati<\/mark>. Un modello che aveva faticato a riprendersi con slancio anche dalla crisi del 2008 e che si prevede far\u00e0 altrettanta fatica anche quando e qualora questa emergenza sanitaria rimetter\u00e0 in moto il fatturato.<\/p>\n<p><strong>Quella della Toscana sar\u00e0 infatti una crescita che si stima di 3 punti percentuali del Pil nel 2021 e di 3,6 nel 2022.<\/strong><\/p>\n<p>La crisi del turismo delle citt\u00e0 d\u2019arte e del made in Italy hanno accentuato la situazione regionale che per riprendersi dovr\u00e0 trovare nuova linfa <strong>scommettendo anche su un nuovo modello di busines<\/strong>s che punti anche ad eliminare le disuguaglianze che la crisi in atto ha accentuato.<\/p>\n<p>Stando al <a href=\"https:\/\/www.toscana-notizie.it\/documents\/735693\/1421821\/Toscana+un+anno+dopo+epidemia%2C+l%27analisi+di+Irpet++file+.pdf\/c3614962-e57c-47f4-e9ae-e1a3ead29705?t=1619606302353\">report<\/a> di Irpet infatti se grazie ai congelamenti, alla cassa integrazione, <strong>sono stati scongiurati circa 33 mila licenziamenti<\/strong>, \u00e8 pur vero che si \u00e8 drasticamente ridotta la possibilit\u00e0 di trasformare un contratto da determinato in indeterminato, cos\u00ec come la possibilit\u00e0 di trovarsi occupati dopo un contratto a termine.<\/p>\n<p><mark>A rimetterci sono stati soprattutto i giovani, le donne, in particolare le donne straniere<\/mark>. Se questa \u00e8 la fascia della popolazione maggiormente colpita dagli effetti economici della pandemia, <b>\u00e8 pur vero tuttavia che addirittura il 21% della popolazione toscana \u00e8 scesa di reddito ed \u00e8 scesa nell&#8217;ordinamento sociale. I ricchi sono un po\u2019 meno ricchi, i poveri un po\u2019 poveri.<\/b><\/p>\n<p>Se ad essere colpiti sono stati in particolare la moda e l\u2019economia del tempo libero (dalla ricettivit\u00e0 alla ristorazione alle attivit\u00e0 ricreative), hanno invece tenuto agroalimentare, farmaceutico e attivit\u00e0 legate all\u2019uso dell\u2019informatica.<\/p>\n<h3>Prato, la citt\u00e0 pi\u00f9 colpita<\/h3>\n<p>\u00c8 quanto emerge da una ricerca Irpet, ancora in fase di sviluppo. Prato, storicamente finestra sul mondo per le nostre produzioni, vive una situazione di grande sofferenza. L\u2019indice della produzione industriale a livello regionale segna un -14 per cento (a fronte del -11 a livello nazionale) ma Prato tocca il -23,2, confermando una \u201ccrisi progressiva negli ultimi dieci, dodici anni\u201d. Un vero dramma se si considera che \u00e8 storicamente traino dell\u2019economia toscana ed \u00e8 una crisi che si protrae da tempo.\u00a0 Nei 14 anni presi a riferimento (dal 2004 al 2018), per fare degli esempi, la filatura registra -61 per cento, la tessitura -53 per cento, il finissaggio -40, altre industrie tessili -34.<\/p>\n<h3>Ripartire dagli strumenti offerti dalla tecnologia<\/h3>\n<p>Poich\u00e9 sono le imprese pi\u00f9 piccole quelle pi\u00f9 vulnerabili, quelle che non si rivolgono ai mercati internazionali e a pi\u00f9 bassa produttivit\u00e0 \u00e8 da loro che sar\u00e0 necessario ripartire.<\/p>\n<p><mark>La Toscana dovr\u00e0 essere pronta a mettere in discussione quel modello che ne ha fatto la fortuna negli anni 80\u2019\/\u201990 basato sul network di piccole imprese che oggi negli strumenti tecnologici potrebbero trovare una via di rinascita.<\/mark>. Dovranno quindi essere trovate misure di intervento tarate sulle reali necessit\u00e0 delle imprese.<\/p>\n<p>Tra queste misure di intervento ci sono appunto <strong>gli strumenti della digitalizzazione<\/strong> che si sono dimostrati molto utili e resilianti durante questa pandemia e che possono aprire a nuove possibilit\u00e0 anche le realt\u00e0 economiche pi\u00f9 decentrate.<\/p>\n<p><strong>Dunque come ripartire?<\/strong> <mark>Favorendo l\u2019adeguamento tecnologico del ciclo produttivo, attraverso un maggiore investimento di capitale fisico, con un\u2019apertura verso quei settori che hanno dimostrato maggior resilienza durante la crisi pandemica ed investendo nel capitale umano, soprattutto nei giovani <\/mark><\/p>\n<p class=\"p1\"><span class=\"s1\">Oltre a tutto ci\u00f2 servono <b>politiche attive che rimettano il lavoro al centro<\/b>. Cos\u00ec la Regione intende affrontare e accompagnare le imprese del territorio fuori dalla crisi.<\/span><\/p>\n<p class=\"p1\"><span class=\"s1\">\u201cA livello regionale siamo ben consapevoli del quadro dentro il quando in cui ci muoviamo. Abbiamo l\u2019esigenza &#8211; <b>ha aggiunto l\u2019assessore regionale Alessandra Nardini<\/b> &#8211; di superare lo storico disallineamento esistente tra competenze del mondo universitario e reali esigenze delle aziende. Allo stesso modo serve accompagnare chi deve reinserirsi nel mondo del lavoro a poter acquisire nuove conoscenze\u201d<\/span><\/p>\n","protected":false},"excerpt":{"rendered":"<p>\u00c8 quanto emerge dal report dell&#8217;Irpet. La Toscana sta risentendo della crisi pandemica pi\u00f9 che il resto di Italia. Per ripartire sar\u00e0 necessario mettere in discussione il modello economico regionale basato sulle piccole imprese e favorire la digitalizzazione delle stesse<\/p>\n","protected":false},"author":503,"featured_media":143342,"comment_status":"open","ping_status":"open","sticky":false,"template":"","format":"standard","meta":{"_acf_changed":false,"footnotes":""},"categories":[9],"tags":[4568,211,221,260,151],"class_list":["post-175109","post","type-post","status-publish","format-standard","has-post-thumbnail","hentry","category-made-in-toscana","tag-digitale","tag-economia","tag-giovani","tag-lavoro","tag-regione-toscana"],"acf":[],"yoast_head":"<!-- This site is optimized with the Yoast SEO Premium plugin v24.2 (Yoast SEO v25.6) - https:\/\/yoast.com\/wordpress\/plugins\/seo\/ -->\n<title>Toscana, qui la crisi \u00e8 pi\u00f9 forte che nel resto del Paese. Il rapporto di Irpet - intoscana<\/title>\n<meta name=\"description\" content=\"Il 21% della popolazione toscana si \u00e8 impoverito: donne e giovani i pi\u00f9 colpiti dalla crisi. Difficile anche trovare lavoro\" \/>\n<meta name=\"robots\" content=\"index, follow, max-snippet:-1, max-image-preview:large, max-video-preview:-1\" \/>\n<link rel=\"canonical\" href=\"https:\/\/www.intoscana.it\/it\/toscana-qui-la-crisi-e-piu-forte-che-nel-resto-del-paese\/\" \/>\n<meta property=\"og:locale\" content=\"it_IT\" \/>\n<meta property=\"og:type\" content=\"article\" \/>\n<meta property=\"og:title\" content=\"Toscana, qui la crisi \u00e8 pi\u00f9 forte che nel resto del Paese. Il rapporto di Irpet\" \/>\n<meta property=\"og:description\" content=\"Il 21% della popolazione toscana si \u00e8 impoverito: donne e giovani i pi\u00f9 colpiti dalla crisi. Difficile anche trovare lavoro\" \/>\n<meta property=\"og:url\" content=\"https:\/\/www.intoscana.it\/it\/toscana-qui-la-crisi-e-piu-forte-che-nel-resto-del-paese\/\" \/>\n<meta property=\"og:site_name\" content=\"intoscana\" \/>\n<meta property=\"article:publisher\" content=\"https:\/\/www.facebook.com\/intoscana.it\" \/>\n<meta property=\"article:published_time\" content=\"2021-04-28T15:00:41+00:00\" \/>\n<meta property=\"article:modified_time\" content=\"2021-04-28T15:59:39+00:00\" \/>\n<meta property=\"og:image\" content=\"https:\/\/www.intoscana.it\/wp-content\/uploads\/lavoro-sicurezza-1.jpg\" \/>\n\t<meta property=\"og:image:width\" content=\"2000\" \/>\n\t<meta property=\"og:image:height\" content=\"1500\" \/>\n\t<meta property=\"og:image:type\" content=\"image\/jpeg\" \/>\n<meta name=\"author\" content=\"Giulia Rafanelli\" \/>\n<meta name=\"twitter:card\" content=\"summary_large_image\" \/>\n<meta name=\"twitter:creator\" content=\"@intoscana\" \/>\n<meta name=\"twitter:site\" content=\"@intoscana\" \/>\n<meta name=\"twitter:label1\" content=\"Written by\" \/>\n\t<meta name=\"twitter:data1\" content=\"Giulia Rafanelli\" \/>\n\t<meta name=\"twitter:label2\" content=\"Est. reading time\" \/>\n\t<meta name=\"twitter:data2\" content=\"4 minuti\" \/>\n<script type=\"application\/ld+json\" class=\"yoast-schema-graph\">{\"@context\":\"https:\/\/schema.org\",\"@graph\":[{\"@type\":\"WebPage\",\"@id\":\"https:\/\/www.intoscana.it\/it\/toscana-qui-la-crisi-e-piu-forte-che-nel-resto-del-paese\/\",\"url\":\"https:\/\/www.intoscana.it\/it\/toscana-qui-la-crisi-e-piu-forte-che-nel-resto-del-paese\/\",\"name\":\"Toscana, qui la crisi \u00e8 pi\u00f9 forte che nel resto del Paese. Il rapporto di Irpet - intoscana\",\"isPartOf\":{\"@id\":\"https:\/\/www.intoscana.it\/it\/#website\"},\"primaryImageOfPage\":{\"@id\":\"https:\/\/www.intoscana.it\/it\/toscana-qui-la-crisi-e-piu-forte-che-nel-resto-del-paese\/#primaryimage\"},\"image\":{\"@id\":\"https:\/\/www.intoscana.it\/it\/toscana-qui-la-crisi-e-piu-forte-che-nel-resto-del-paese\/#primaryimage\"},\"thumbnailUrl\":\"https:\/\/www.intoscana.it\/wp-content\/uploads\/lavoro-sicurezza-1.jpg\",\"datePublished\":\"2021-04-28T15:00:41+00:00\",\"dateModified\":\"2021-04-28T15:59:39+00:00\",\"author\":{\"@id\":\"https:\/\/www.intoscana.it\/it\/#\/schema\/person\/333569b367b301e30262defcea56c939\"},\"description\":\"Il 21% della popolazione toscana si \u00e8 impoverito: donne e giovani i pi\u00f9 colpiti dalla crisi. Difficile anche trovare lavoro\",\"breadcrumb\":{\"@id\":\"https:\/\/www.intoscana.it\/it\/toscana-qui-la-crisi-e-piu-forte-che-nel-resto-del-paese\/#breadcrumb\"},\"inLanguage\":\"it-IT\",\"potentialAction\":[{\"@type\":\"ReadAction\",\"target\":[\"https:\/\/www.intoscana.it\/it\/toscana-qui-la-crisi-e-piu-forte-che-nel-resto-del-paese\/\"]}]},{\"@type\":\"ImageObject\",\"inLanguage\":\"it-IT\",\"@id\":\"https:\/\/www.intoscana.it\/it\/toscana-qui-la-crisi-e-piu-forte-che-nel-resto-del-paese\/#primaryimage\",\"url\":\"https:\/\/www.intoscana.it\/wp-content\/uploads\/lavoro-sicurezza-1.jpg\",\"contentUrl\":\"https:\/\/www.intoscana.it\/wp-content\/uploads\/lavoro-sicurezza-1.jpg\",\"width\":2000,\"height\":1500},{\"@type\":\"BreadcrumbList\",\"@id\":\"https:\/\/www.intoscana.it\/it\/toscana-qui-la-crisi-e-piu-forte-che-nel-resto-del-paese\/#breadcrumb\",\"itemListElement\":[{\"@type\":\"ListItem\",\"position\":1,\"name\":\"Home\",\"item\":\"https:\/\/www.intoscana.it\/it\/\"},{\"@type\":\"ListItem\",\"position\":2,\"name\":\"Toscana, qui la crisi \u00e8 pi\u00f9 forte che nel resto del Paese. Il rapporto di Irpet\"}]},{\"@type\":\"WebSite\",\"@id\":\"https:\/\/www.intoscana.it\/it\/#website\",\"url\":\"https:\/\/www.intoscana.it\/it\/\",\"name\":\"intoscana\",\"description\":\"\",\"potentialAction\":[{\"@type\":\"SearchAction\",\"target\":{\"@type\":\"EntryPoint\",\"urlTemplate\":\"https:\/\/www.intoscana.it\/it\/?s={search_term_string}\"},\"query-input\":{\"@type\":\"PropertyValueSpecification\",\"valueRequired\":true,\"valueName\":\"search_term_string\"}}],\"inLanguage\":\"it-IT\"},{\"@type\":\"Person\",\"@id\":\"https:\/\/www.intoscana.it\/it\/#\/schema\/person\/333569b367b301e30262defcea56c939\",\"name\":\"Giulia Rafanelli\",\"url\":\"https:\/\/www.intoscana.it\/it\/author\/giulia-rafanelli\/\"}]}<\/script>\n<!-- \/ Yoast SEO Premium plugin. -->","yoast_head_json":{"title":"Toscana, qui la crisi \u00e8 pi\u00f9 forte che nel resto del Paese. Il rapporto di Irpet - intoscana","description":"Il 21% della popolazione toscana si \u00e8 impoverito: donne e giovani i pi\u00f9 colpiti dalla crisi. Difficile anche trovare lavoro","robots":{"index":"index","follow":"follow","max-snippet":"max-snippet:-1","max-image-preview":"max-image-preview:large","max-video-preview":"max-video-preview:-1"},"canonical":"https:\/\/www.intoscana.it\/it\/toscana-qui-la-crisi-e-piu-forte-che-nel-resto-del-paese\/","og_locale":"it_IT","og_type":"article","og_title":"Toscana, qui la crisi \u00e8 pi\u00f9 forte che nel resto del Paese. Il rapporto di Irpet","og_description":"Il 21% della popolazione toscana si \u00e8 impoverito: donne e giovani i pi\u00f9 colpiti dalla crisi. Difficile anche trovare lavoro","og_url":"https:\/\/www.intoscana.it\/it\/toscana-qui-la-crisi-e-piu-forte-che-nel-resto-del-paese\/","og_site_name":"intoscana","article_publisher":"https:\/\/www.facebook.com\/intoscana.it","article_published_time":"2021-04-28T15:00:41+00:00","article_modified_time":"2021-04-28T15:59:39+00:00","og_image":[{"width":2000,"height":1500,"url":"https:\/\/www.intoscana.it\/wp-content\/uploads\/lavoro-sicurezza-1.jpg","type":"image\/jpeg"}],"author":"Giulia Rafanelli","twitter_card":"summary_large_image","twitter_creator":"@intoscana","twitter_site":"@intoscana","twitter_misc":{"Written by":"Giulia Rafanelli","Est. reading time":"4 minuti"},"schema":{"@context":"https:\/\/schema.org","@graph":[{"@type":"WebPage","@id":"https:\/\/www.intoscana.it\/it\/toscana-qui-la-crisi-e-piu-forte-che-nel-resto-del-paese\/","url":"https:\/\/www.intoscana.it\/it\/toscana-qui-la-crisi-e-piu-forte-che-nel-resto-del-paese\/","name":"Toscana, qui la crisi \u00e8 pi\u00f9 forte che nel resto del Paese. Il rapporto di Irpet - intoscana","isPartOf":{"@id":"https:\/\/www.intoscana.it\/it\/#website"},"primaryImageOfPage":{"@id":"https:\/\/www.intoscana.it\/it\/toscana-qui-la-crisi-e-piu-forte-che-nel-resto-del-paese\/#primaryimage"},"image":{"@id":"https:\/\/www.intoscana.it\/it\/toscana-qui-la-crisi-e-piu-forte-che-nel-resto-del-paese\/#primaryimage"},"thumbnailUrl":"https:\/\/www.intoscana.it\/wp-content\/uploads\/lavoro-sicurezza-1.jpg","datePublished":"2021-04-28T15:00:41+00:00","dateModified":"2021-04-28T15:59:39+00:00","author":{"@id":"https:\/\/www.intoscana.it\/it\/#\/schema\/person\/333569b367b301e30262defcea56c939"},"description":"Il 21% della popolazione toscana si \u00e8 impoverito: donne e giovani i pi\u00f9 colpiti dalla crisi. Difficile anche trovare lavoro","breadcrumb":{"@id":"https:\/\/www.intoscana.it\/it\/toscana-qui-la-crisi-e-piu-forte-che-nel-resto-del-paese\/#breadcrumb"},"inLanguage":"it-IT","potentialAction":[{"@type":"ReadAction","target":["https:\/\/www.intoscana.it\/it\/toscana-qui-la-crisi-e-piu-forte-che-nel-resto-del-paese\/"]}]},{"@type":"ImageObject","inLanguage":"it-IT","@id":"https:\/\/www.intoscana.it\/it\/toscana-qui-la-crisi-e-piu-forte-che-nel-resto-del-paese\/#primaryimage","url":"https:\/\/www.intoscana.it\/wp-content\/uploads\/lavoro-sicurezza-1.jpg","contentUrl":"https:\/\/www.intoscana.it\/wp-content\/uploads\/lavoro-sicurezza-1.jpg","width":2000,"height":1500},{"@type":"BreadcrumbList","@id":"https:\/\/www.intoscana.it\/it\/toscana-qui-la-crisi-e-piu-forte-che-nel-resto-del-paese\/#breadcrumb","itemListElement":[{"@type":"ListItem","position":1,"name":"Home","item":"https:\/\/www.intoscana.it\/it\/"},{"@type":"ListItem","position":2,"name":"Toscana, qui la crisi \u00e8 pi\u00f9 forte che nel resto del Paese. Il rapporto di Irpet"}]},{"@type":"WebSite","@id":"https:\/\/www.intoscana.it\/it\/#website","url":"https:\/\/www.intoscana.it\/it\/","name":"intoscana","description":"","potentialAction":[{"@type":"SearchAction","target":{"@type":"EntryPoint","urlTemplate":"https:\/\/www.intoscana.it\/it\/?s={search_term_string}"},"query-input":{"@type":"PropertyValueSpecification","valueRequired":true,"valueName":"search_term_string"}}],"inLanguage":"it-IT"},{"@type":"Person","@id":"https:\/\/www.intoscana.it\/it\/#\/schema\/person\/333569b367b301e30262defcea56c939","name":"Giulia Rafanelli","url":"https:\/\/www.intoscana.it\/it\/author\/giulia-rafanelli\/"}]}},"_links":{"self":[{"href":"https:\/\/www.intoscana.it\/it\/wp-json\/wp\/v2\/posts\/175109","targetHints":{"allow":["GET"]}}],"collection":[{"href":"https:\/\/www.intoscana.it\/it\/wp-json\/wp\/v2\/posts"}],"about":[{"href":"https:\/\/www.intoscana.it\/it\/wp-json\/wp\/v2\/types\/post"}],"author":[{"embeddable":true,"href":"https:\/\/www.intoscana.it\/it\/wp-json\/wp\/v2\/users\/503"}],"replies":[{"embeddable":true,"href":"https:\/\/www.intoscana.it\/it\/wp-json\/wp\/v2\/comments?post=175109"}],"version-history":[{"count":0,"href":"https:\/\/www.intoscana.it\/it\/wp-json\/wp\/v2\/posts\/175109\/revisions"}],"wp:featuredmedia":[{"embeddable":true,"href":"https:\/\/www.intoscana.it\/it\/wp-json\/wp\/v2\/media\/143342"}],"wp:attachment":[{"href":"https:\/\/www.intoscana.it\/it\/wp-json\/wp\/v2\/media?parent=175109"}],"wp:term":[{"taxonomy":"category","embeddable":true,"href":"https:\/\/www.intoscana.it\/it\/wp-json\/wp\/v2\/categories?post=175109"},{"taxonomy":"post_tag","embeddable":true,"href":"https:\/\/www.intoscana.it\/it\/wp-json\/wp\/v2\/tags?post=175109"}],"curies":[{"name":"wp","href":"https:\/\/api.w.org\/{rel}","templated":true}]}}