{"id":175543,"date":"2021-05-03T15:36:02","date_gmt":"2021-05-03T13:36:02","guid":{"rendered":"https:\/\/www.intoscana.it\/it\/?p=175543"},"modified":"2021-05-04T11:38:31","modified_gmt":"2021-05-04T09:38:31","slug":"vaccini-a-breve-si-aprono-le-prenotazioni-per-65-69enni","status":"publish","type":"post","link":"https:\/\/www.intoscana.it\/it\/vaccini-a-breve-si-aprono-le-prenotazioni-per-65-69enni\/","title":{"rendered":"Vaccini: da mercoled\u00ec via alle prenotazioni per 65-69enni"},"content":{"rendered":"<p>A breve la Toscana aprir\u00e0 le prenotazioni per i vaccini sul <a href=\"https:\/\/prenotavaccino.sanita.toscana.it\/#\/home\" target=\"_blank\" rel=\"noopener\">portale regionale<\/a> anche per <strong>le persona tra i 65 e i 69 anni.<\/strong> Lo ha annunciato il presidente della Toscana Eugenio Giani a margine di un evento a Firenze.<\/p>\n<p><strong>Dalla mattina di mercoled\u00ec 5 maggio<\/strong> infatti sul portale regionale sar\u00e0 aggiunta una nuova finestra dedicata a questa fascia di et\u00e0 con <strong>10mila dosi di vaccino Johnson&amp;Johnson<\/strong> da prenotare fino a esaurimento.<\/p>\n<p><em>\u201cMa con pi\u00f9 vaccini a disposizione \u2013<\/em> assicura il presidente Giani <em>&#8211; saremo in grado di dare anche a tutti gli over 60, cos\u00ec come oggi \u00e8 per i settantenni, la possibilit\u00e0 di programmare un appuntamento, rendendo rapidamente la Toscana sicura\u201d. <\/em>A regime le programmazioni potranno dunque essere mensili e il portale rimanere sempre aperto.<\/p>\n<h3>Gi\u00e0 227mila i 70enni vaccinati<\/h3>\n<div class=\"rt-page__content rt-page-content--left\">\n<div class=\"rt-page__content-text\">\n<p>Alle 17 di oggi, luned\u00ec 3 maggio, risultano 908.217 i <strong>toscani che hanno ricevuto la prima dose<\/strong> e, tra questi, 404.514 quelli che hanno avuto pure il richiamo.<br \/>\n<strong>Le dosi complessivamente somministrate ai settantenni sono state 227.632<\/strong>. Tra gli over 80, sempre alle 17 di oggi, in 290.402 avevano ricevuto almeno la prima dose e, tra questi, in 219.035 pure li richiamo.<\/p>\n<\/div>\n<\/div>\n<h3>A Pistoia nuovo hub da 1000 dosi al giorno<\/h3>\n<p>La Toscana procede cos\u00ec spedita nella campagna di vaccinazione. Dopo l&#8217;apertura del nuovo hub vaccinale a<a href=\"https:\/\/www.intoscana.it\/it\/articolo\/a-empoli-aperto-un-nuovo-hub-vaccinale-giani-a-regime-mille-dosi-al-giorno\/\" target=\"_blank\" rel=\"noopener\"> Empoli<\/a>, \u00e8 stato <strong>riorganizzato l&#8217;hub la Cattedrale di Pistoia,<\/strong> presso il polo espositivo di via Pertini per potenziare le vaccinazioni contro il Covid-19 nell&#8217;area pistoiese.<\/p>\n<p>Dal 1\u00b0 maggio infatti possono essere somministrate 700 dosi e<strong> si potr\u00e0 arrivare fino a mille al giorno. <\/strong>La riorganizzazione infatti ha portato a utilizzare tutti i 2.500 metri quadrati di superficie e, una volta smontate le tende della Protezione civile, allestiti i nuovi box: otto dedicati alla somministrazione dei vaccini e ulteriori due adibiti a locali di servizio con i frigoriferi per conservare le dosi vaccinali e a spogliatoi per il personale.<\/p>\n<p><strong>Un&#8217;area separata \u00e8 invece interamente riservata ai medici di famiglia<\/strong> che usufruiscono della tenda della Protezione Civile con all&#8217;interno tre\/quattro postazioni per le vaccinazioni: i cittadini in questo caso accedono direttamente all&#8217;Hub con un percorso separato.<\/p>\n","protected":false},"excerpt":{"rendered":"<p>Il 5 maggio grazie all&#8217;arrivo di 10mila dosi di Johnson&amp;Johnson si potr\u00e0 prenotare anche questa fascia di et\u00e0<\/p>\n","protected":false},"author":525,"featured_media":168160,"comment_status":"open","ping_status":"open","sticky":false,"template":"","format":"standard","meta":{"_acf_changed":false,"footnotes":""},"categories":[18],"tags":[418,4700],"class_list":["post-175543","post","type-post","status-publish","format-standard","has-post-thumbnail","hentry","category-salute","tag-covid-19","tag-vaccini"],"acf":[],"yoast_head":"<!-- This site is optimized with the Yoast SEO Premium plugin v24.2 (Yoast SEO v25.6) - https:\/\/yoast.com\/wordpress\/plugins\/seo\/ -->\n<title>Vaccini: da mercoled\u00ec via alle prenotazioni per 65-69enni - intoscana<\/title>\n<meta name=\"robots\" content=\"index, follow, max-snippet:-1, max-image-preview:large, max-video-preview:-1\" \/>\n<link rel=\"canonical\" href=\"https:\/\/www.intoscana.it\/it\/vaccini-a-breve-si-aprono-le-prenotazioni-per-65-69enni\/\" \/>\n<meta property=\"og:locale\" content=\"it_IT\" \/>\n<meta property=\"og:type\" content=\"article\" \/>\n<meta property=\"og:title\" content=\"Vaccini: da mercoled\u00ec via alle prenotazioni per 65-69enni\" \/>\n<meta property=\"og:description\" content=\"Il 5 maggio grazie all&#039;arrivo di 10mila dosi di Johnson&amp;Johnson si potr\u00e0 prenotare anche questa fascia di et\u00e0\" \/>\n<meta property=\"og:url\" content=\"https:\/\/www.intoscana.it\/it\/vaccini-a-breve-si-aprono-le-prenotazioni-per-65-69enni\/\" \/>\n<meta property=\"og:site_name\" content=\"intoscana\" \/>\n<meta property=\"article:publisher\" content=\"https:\/\/www.facebook.com\/intoscana.it\" \/>\n<meta property=\"article:published_time\" content=\"2021-05-03T13:36:02+00:00\" \/>\n<meta property=\"article:modified_time\" content=\"2021-05-04T09:38:31+00:00\" \/>\n<meta property=\"og:image\" content=\"https:\/\/www.intoscana.it\/wp-content\/uploads\/Vaccini-in-Toscana.jpg\" \/>\n\t<meta property=\"og:image:width\" content=\"1890\" \/>\n\t<meta property=\"og:image:height\" content=\"1890\" \/>\n\t<meta property=\"og:image:type\" content=\"image\/jpeg\" \/>\n<meta name=\"author\" content=\"Redazione\" \/>\n<meta name=\"twitter:card\" content=\"summary_large_image\" \/>\n<meta name=\"twitter:creator\" content=\"@intoscana\" \/>\n<meta name=\"twitter:site\" content=\"@intoscana\" \/>\n<meta name=\"twitter:label1\" content=\"Written by\" \/>\n\t<meta name=\"twitter:data1\" content=\"Redazione\" \/>\n\t<meta name=\"twitter:label2\" content=\"Est. reading time\" \/>\n\t<meta name=\"twitter:data2\" content=\"2 minuti\" \/>\n<script type=\"application\/ld+json\" class=\"yoast-schema-graph\">{\"@context\":\"https:\/\/schema.org\",\"@graph\":[{\"@type\":\"WebPage\",\"@id\":\"https:\/\/www.intoscana.it\/it\/vaccini-a-breve-si-aprono-le-prenotazioni-per-65-69enni\/\",\"url\":\"https:\/\/www.intoscana.it\/it\/vaccini-a-breve-si-aprono-le-prenotazioni-per-65-69enni\/\",\"name\":\"Vaccini: da mercoled\u00ec via alle prenotazioni per 65-69enni - intoscana\",\"isPartOf\":{\"@id\":\"https:\/\/www.intoscana.it\/it\/#website\"},\"primaryImageOfPage\":{\"@id\":\"https:\/\/www.intoscana.it\/it\/vaccini-a-breve-si-aprono-le-prenotazioni-per-65-69enni\/#primaryimage\"},\"image\":{\"@id\":\"https:\/\/www.intoscana.it\/it\/vaccini-a-breve-si-aprono-le-prenotazioni-per-65-69enni\/#primaryimage\"},\"thumbnailUrl\":\"https:\/\/www.intoscana.it\/wp-content\/uploads\/Vaccini-in-Toscana.jpg\",\"datePublished\":\"2021-05-03T13:36:02+00:00\",\"dateModified\":\"2021-05-04T09:38:31+00:00\",\"author\":{\"@id\":\"https:\/\/www.intoscana.it\/it\/#\/schema\/person\/9223810753230f20bd670fdd322661f8\"},\"breadcrumb\":{\"@id\":\"https:\/\/www.intoscana.it\/it\/vaccini-a-breve-si-aprono-le-prenotazioni-per-65-69enni\/#breadcrumb\"},\"inLanguage\":\"it-IT\",\"potentialAction\":[{\"@type\":\"ReadAction\",\"target\":[\"https:\/\/www.intoscana.it\/it\/vaccini-a-breve-si-aprono-le-prenotazioni-per-65-69enni\/\"]}]},{\"@type\":\"ImageObject\",\"inLanguage\":\"it-IT\",\"@id\":\"https:\/\/www.intoscana.it\/it\/vaccini-a-breve-si-aprono-le-prenotazioni-per-65-69enni\/#primaryimage\",\"url\":\"https:\/\/www.intoscana.it\/wp-content\/uploads\/Vaccini-in-Toscana.jpg\",\"contentUrl\":\"https:\/\/www.intoscana.it\/wp-content\/uploads\/Vaccini-in-Toscana.jpg\",\"width\":1890,\"height\":1890,\"caption\":\"Vaccini in Toscana\"},{\"@type\":\"BreadcrumbList\",\"@id\":\"https:\/\/www.intoscana.it\/it\/vaccini-a-breve-si-aprono-le-prenotazioni-per-65-69enni\/#breadcrumb\",\"itemListElement\":[{\"@type\":\"ListItem\",\"position\":1,\"name\":\"Home\",\"item\":\"https:\/\/www.intoscana.it\/it\/\"},{\"@type\":\"ListItem\",\"position\":2,\"name\":\"Vaccini: da mercoled\u00ec via alle prenotazioni per 65-69enni\"}]},{\"@type\":\"WebSite\",\"@id\":\"https:\/\/www.intoscana.it\/it\/#website\",\"url\":\"https:\/\/www.intoscana.it\/it\/\",\"name\":\"intoscana\",\"description\":\"\",\"potentialAction\":[{\"@type\":\"SearchAction\",\"target\":{\"@type\":\"EntryPoint\",\"urlTemplate\":\"https:\/\/www.intoscana.it\/it\/?s={search_term_string}\"},\"query-input\":{\"@type\":\"PropertyValueSpecification\",\"valueRequired\":true,\"valueName\":\"search_term_string\"}}],\"inLanguage\":\"it-IT\"},{\"@type\":\"Person\",\"@id\":\"https:\/\/www.intoscana.it\/it\/#\/schema\/person\/9223810753230f20bd670fdd322661f8\",\"name\":\"Redazione\",\"url\":\"https:\/\/www.intoscana.it\/it\/author\/redazione\/\"}]}<\/script>\n<!-- \/ Yoast SEO Premium plugin. -->","yoast_head_json":{"title":"Vaccini: da mercoled\u00ec via alle prenotazioni per 65-69enni - intoscana","robots":{"index":"index","follow":"follow","max-snippet":"max-snippet:-1","max-image-preview":"max-image-preview:large","max-video-preview":"max-video-preview:-1"},"canonical":"https:\/\/www.intoscana.it\/it\/vaccini-a-breve-si-aprono-le-prenotazioni-per-65-69enni\/","og_locale":"it_IT","og_type":"article","og_title":"Vaccini: da mercoled\u00ec via alle prenotazioni per 65-69enni","og_description":"Il 5 maggio grazie all'arrivo di 10mila dosi di Johnson&amp;Johnson si potr\u00e0 prenotare anche questa fascia di et\u00e0","og_url":"https:\/\/www.intoscana.it\/it\/vaccini-a-breve-si-aprono-le-prenotazioni-per-65-69enni\/","og_site_name":"intoscana","article_publisher":"https:\/\/www.facebook.com\/intoscana.it","article_published_time":"2021-05-03T13:36:02+00:00","article_modified_time":"2021-05-04T09:38:31+00:00","og_image":[{"width":1890,"height":1890,"url":"https:\/\/www.intoscana.it\/wp-content\/uploads\/Vaccini-in-Toscana.jpg","type":"image\/jpeg"}],"author":"Redazione","twitter_card":"summary_large_image","twitter_creator":"@intoscana","twitter_site":"@intoscana","twitter_misc":{"Written by":"Redazione","Est. reading time":"2 minuti"},"schema":{"@context":"https:\/\/schema.org","@graph":[{"@type":"WebPage","@id":"https:\/\/www.intoscana.it\/it\/vaccini-a-breve-si-aprono-le-prenotazioni-per-65-69enni\/","url":"https:\/\/www.intoscana.it\/it\/vaccini-a-breve-si-aprono-le-prenotazioni-per-65-69enni\/","name":"Vaccini: da mercoled\u00ec via alle prenotazioni per 65-69enni - intoscana","isPartOf":{"@id":"https:\/\/www.intoscana.it\/it\/#website"},"primaryImageOfPage":{"@id":"https:\/\/www.intoscana.it\/it\/vaccini-a-breve-si-aprono-le-prenotazioni-per-65-69enni\/#primaryimage"},"image":{"@id":"https:\/\/www.intoscana.it\/it\/vaccini-a-breve-si-aprono-le-prenotazioni-per-65-69enni\/#primaryimage"},"thumbnailUrl":"https:\/\/www.intoscana.it\/wp-content\/uploads\/Vaccini-in-Toscana.jpg","datePublished":"2021-05-03T13:36:02+00:00","dateModified":"2021-05-04T09:38:31+00:00","author":{"@id":"https:\/\/www.intoscana.it\/it\/#\/schema\/person\/9223810753230f20bd670fdd322661f8"},"breadcrumb":{"@id":"https:\/\/www.intoscana.it\/it\/vaccini-a-breve-si-aprono-le-prenotazioni-per-65-69enni\/#breadcrumb"},"inLanguage":"it-IT","potentialAction":[{"@type":"ReadAction","target":["https:\/\/www.intoscana.it\/it\/vaccini-a-breve-si-aprono-le-prenotazioni-per-65-69enni\/"]}]},{"@type":"ImageObject","inLanguage":"it-IT","@id":"https:\/\/www.intoscana.it\/it\/vaccini-a-breve-si-aprono-le-prenotazioni-per-65-69enni\/#primaryimage","url":"https:\/\/www.intoscana.it\/wp-content\/uploads\/Vaccini-in-Toscana.jpg","contentUrl":"https:\/\/www.intoscana.it\/wp-content\/uploads\/Vaccini-in-Toscana.jpg","width":1890,"height":1890,"caption":"Vaccini in Toscana"},{"@type":"BreadcrumbList","@id":"https:\/\/www.intoscana.it\/it\/vaccini-a-breve-si-aprono-le-prenotazioni-per-65-69enni\/#breadcrumb","itemListElement":[{"@type":"ListItem","position":1,"name":"Home","item":"https:\/\/www.intoscana.it\/it\/"},{"@type":"ListItem","position":2,"name":"Vaccini: da mercoled\u00ec via alle prenotazioni per 65-69enni"}]},{"@type":"WebSite","@id":"https:\/\/www.intoscana.it\/it\/#website","url":"https:\/\/www.intoscana.it\/it\/","name":"intoscana","description":"","potentialAction":[{"@type":"SearchAction","target":{"@type":"EntryPoint","urlTemplate":"https:\/\/www.intoscana.it\/it\/?s={search_term_string}"},"query-input":{"@type":"PropertyValueSpecification","valueRequired":true,"valueName":"search_term_string"}}],"inLanguage":"it-IT"},{"@type":"Person","@id":"https:\/\/www.intoscana.it\/it\/#\/schema\/person\/9223810753230f20bd670fdd322661f8","name":"Redazione","url":"https:\/\/www.intoscana.it\/it\/author\/redazione\/"}]}},"_links":{"self":[{"href":"https:\/\/www.intoscana.it\/it\/wp-json\/wp\/v2\/posts\/175543","targetHints":{"allow":["GET"]}}],"collection":[{"href":"https:\/\/www.intoscana.it\/it\/wp-json\/wp\/v2\/posts"}],"about":[{"href":"https:\/\/www.intoscana.it\/it\/wp-json\/wp\/v2\/types\/post"}],"author":[{"embeddable":true,"href":"https:\/\/www.intoscana.it\/it\/wp-json\/wp\/v2\/users\/525"}],"replies":[{"embeddable":true,"href":"https:\/\/www.intoscana.it\/it\/wp-json\/wp\/v2\/comments?post=175543"}],"version-history":[{"count":0,"href":"https:\/\/www.intoscana.it\/it\/wp-json\/wp\/v2\/posts\/175543\/revisions"}],"wp:featuredmedia":[{"embeddable":true,"href":"https:\/\/www.intoscana.it\/it\/wp-json\/wp\/v2\/media\/168160"}],"wp:attachment":[{"href":"https:\/\/www.intoscana.it\/it\/wp-json\/wp\/v2\/media?parent=175543"}],"wp:term":[{"taxonomy":"category","embeddable":true,"href":"https:\/\/www.intoscana.it\/it\/wp-json\/wp\/v2\/categories?post=175543"},{"taxonomy":"post_tag","embeddable":true,"href":"https:\/\/www.intoscana.it\/it\/wp-json\/wp\/v2\/tags?post=175543"}],"curies":[{"name":"wp","href":"https:\/\/api.w.org\/{rel}","templated":true}]}}