{"id":176027,"date":"2021-05-06T18:06:53","date_gmt":"2021-05-06T16:06:53","guid":{"rendered":"https:\/\/www.intoscana.it\/it\/?p=176027"},"modified":"2021-05-06T18:33:24","modified_gmt":"2021-05-06T16:33:24","slug":"arno-in-sicurezza-al-via-i-lavori-della-cassa-di-espansione-pizziconi-a-figline","status":"publish","type":"post","link":"https:\/\/www.intoscana.it\/it\/arno-in-sicurezza-al-via-i-lavori-della-cassa-di-espansione-pizziconi-a-figline\/","title":{"rendered":"Arno in sicurezza: al via i lavori della cassa di espansione Pizziconi a Figline e Incisa Valdarno"},"content":{"rendered":"<p>Un progetto che nasce per mettere in sicurezza l\u2019Arno e difendere il territorio dalla alluvioni. <strong>Sono stati inaugurati oggi dal presidente della Regione Eugenio Giani, accompagnato dall&#8217;assessora all&#8217;Ambiente Monia Monni,\u00a0 i lavori del secondo lotto della cassa di espansione \u2018Pizziconi\u2019\u00a0 nel comune di Figline e Incisa Valdarno<\/strong>. Un intervento da quasi 23 milioni di euro.<\/p>\n<p>Grazie a paratoie elettromeccaniche, in caso di alluvioni, <strong>le acque di piena dell\u2019Arno verranno convogliate all\u2019interno della cassa di espansione (collaudata a dicembre 2020) sottopassando l&#8217;autostrada A1 e la linea dell\u2019Alta Velocit\u00e0<\/strong>. Secondo le previsioni il completamento della cassa avverr\u00e0 <strong>entro la met\u00e0 del 2022<\/strong>. Un volta completato anche il secondo lotto, la cassa Pizziconi potr\u00e0 invasare un volume di circa 3,1 milioni di metri cubi.<\/p>\n<p>L\u2019obiettivo \u00e8 ridurre le massime portate del fiume che attraversano Firenze, affinch\u00e9 possano essere contenute in alveo. I<strong>l sistema di casse avr\u00e0 una capacit\u00e0 di laminazione di \u00a0circa 25 milioni di metri cubi d\u2019acqua, in grado di contenere un evento estremo e raro come quello di piena dell\u2019Arno che ha un tempo di ritorno di 200 anni.<\/strong><\/p>\n<div class=\"focuson\"><a href=\"https:\/\/www.intoscana.it\/it\/articolo\/arno-il-presidente-giani-a-figline-e-incisa-i-lavori-alla-cassa-di-espansione-pizziconi-fondamentali-per-la-sicurezza-del-territorio\/\"><img decoding=\"async\" class=\"lazy\" src=\"https:\/\/www.intoscana.it\/wp-content\/uploads\/giani-monni-pizziconi-III-scaled.jpg\" style=\"\">\n                <div class=\"cat\">Il presidente Giani: \"Lavori fondamentali\"<\/div>\n                <h4><\/h4><\/a>\n              <\/div>\n<p>Il sistema di laminazione di Figline si compone di varie casse di espansione: oltre a Pizziconi, include anche Restone, Prulli e Leccio (in quest\u2019ultimo \u00e8 compresa anche la cassa di Burchio) per un totale di oltre 132 milioni di euro.<\/p>\n<h3><em>Lo stato \u00a0dei lavori delle altre casse del sistema di laminazione di Figline<\/em><\/h3>\n<p><strong>La Cassa di Restone\u00a0<\/strong>\u00e8 in corso di realizzazione e \u00a0si compone di due lotti. Il primo prevede l\u2019adeguamento delle sezioni e delle opere di contenimento idraulico a protezione dell&#8217;abitato di Figline, lungo il Torrente Cesto. I lavori dovrebbero concludersi entro la fine dell\u2019anno. Per il secondo lotto, la cassa vera e propria, \u00e8 stato approvato ad inizio anno il progetto definitivo ed \u00e8 in fase di verifica quello esecutivo.<\/p>\n<p><strong>Per la Cassa di Prulli <\/strong>\u00a0sono invece chiusi e collaudati i lavori del primo lotto, tutte opere propedeutiche al secondo lotto \u2013 in fase di affidamento lavori &#8211;\u00a0 con le quali \u00e8 stato stabilizzato il fondo del Torrente Gagliana per bloccarne l\u2019erosione e realizzata una briglia sul Torrente Chiesimone.<\/p>\n<p><strong>Il progetto preliminare delle Casse di Leccio e Burchio<\/strong>\u00a0 \u00e8 attualmente in fase di integrazione per essere sottoposto a verifica di assoggettabilit\u00e0 a VIA. L\u2019opera completata avr\u00e0 una capacit\u00e0 di laminazione di circa 8,2 milioni di metri cubi.<\/p>\n<p>Previsto anche l\u2019adeguamento statico, sismico, idraulico e stradale del\u00a0<strong>ponte sull&#8217;Arno in localit\u00e0 Pian dell&#8217;Isola<\/strong> (comuni di Figline e Incisa Valdarno e Rignano sull&#8217;Arno) che collega le aree delle casse di Leccio e Burchio. La gara dei lavori \u00e8 prevista entro giugno 2021 con completamento dei lavori entro il 2023.<\/p>\n","protected":false},"excerpt":{"rendered":"<p>L&#8217;intervento prevede un investimento di 23 milioni di euro e dovrebbe concludersi a met\u00e0 dell&#8217;anno prossimo. L&#8217;obiettivo \u00e8 contenere eventi estremi come le alluvioni<\/p>\n","protected":false},"author":525,"featured_media":176028,"comment_status":"open","ping_status":"open","sticky":false,"template":"","format":"standard","meta":{"_acf_changed":false,"footnotes":""},"categories":[19],"tags":[245,5926],"class_list":["post-176027","post","type-post","status-publish","format-standard","has-post-thumbnail","hentry","category-ambiente","tag-arno","tag-sicurezza-arno"],"acf":[],"yoast_head":"<!-- This site is optimized with the Yoast SEO Premium plugin v24.2 (Yoast SEO v25.6) - https:\/\/yoast.com\/wordpress\/plugins\/seo\/ -->\n<title>Arno in sicurezza: al via i lavori della cassa di espansione Pizziconi a Figline e Incisa Valdarno - intoscana<\/title>\n<meta name=\"description\" content=\"L&#039;intervento prevede un investimento di 23 milioni di euro e dovrebbe concludersi a met\u00e0 dell&#039;anno prossimo. L&#039;obiettivo \u00e8 contenere eventi estremi come le alluvioni\" \/>\n<meta name=\"robots\" content=\"index, follow, max-snippet:-1, max-image-preview:large, max-video-preview:-1\" \/>\n<link rel=\"canonical\" href=\"https:\/\/www.intoscana.it\/it\/arno-in-sicurezza-al-via-i-lavori-della-cassa-di-espansione-pizziconi-a-figline\/\" \/>\n<meta property=\"og:locale\" content=\"it_IT\" \/>\n<meta property=\"og:type\" content=\"article\" \/>\n<meta property=\"og:title\" content=\"Arno in sicurezza: al via i lavori della cassa di espansione Pizziconi a Figline e Incisa Valdarno\" \/>\n<meta property=\"og:description\" content=\"L&#039;intervento prevede un investimento di 23 milioni di euro e dovrebbe concludersi a met\u00e0 dell&#039;anno prossimo. L&#039;obiettivo \u00e8 contenere eventi estremi come le alluvioni\" \/>\n<meta property=\"og:url\" content=\"https:\/\/www.intoscana.it\/it\/arno-in-sicurezza-al-via-i-lavori-della-cassa-di-espansione-pizziconi-a-figline\/\" \/>\n<meta property=\"og:site_name\" content=\"intoscana\" \/>\n<meta property=\"article:publisher\" content=\"https:\/\/www.facebook.com\/intoscana.it\" \/>\n<meta property=\"article:published_time\" content=\"2021-05-06T16:06:53+00:00\" \/>\n<meta property=\"article:modified_time\" content=\"2021-05-06T16:33:24+00:00\" \/>\n<meta property=\"og:image\" content=\"https:\/\/www.intoscana.it\/wp-content\/uploads\/Cassa-espansione-Figline-Pizziconi-683x324-1.png\" \/>\n\t<meta property=\"og:image:width\" content=\"683\" \/>\n\t<meta property=\"og:image:height\" content=\"325\" \/>\n\t<meta property=\"og:image:type\" content=\"image\/png\" \/>\n<meta name=\"author\" content=\"Redazione\" \/>\n<meta name=\"twitter:card\" content=\"summary_large_image\" \/>\n<meta name=\"twitter:creator\" content=\"@intoscana\" \/>\n<meta name=\"twitter:site\" content=\"@intoscana\" \/>\n<meta name=\"twitter:label1\" content=\"Written by\" \/>\n\t<meta name=\"twitter:data1\" content=\"Redazione\" \/>\n\t<meta name=\"twitter:label2\" content=\"Est. reading time\" \/>\n\t<meta name=\"twitter:data2\" content=\"2 minuti\" \/>\n<script type=\"application\/ld+json\" class=\"yoast-schema-graph\">{\"@context\":\"https:\/\/schema.org\",\"@graph\":[{\"@type\":\"WebPage\",\"@id\":\"https:\/\/www.intoscana.it\/it\/arno-in-sicurezza-al-via-i-lavori-della-cassa-di-espansione-pizziconi-a-figline\/\",\"url\":\"https:\/\/www.intoscana.it\/it\/arno-in-sicurezza-al-via-i-lavori-della-cassa-di-espansione-pizziconi-a-figline\/\",\"name\":\"Arno in sicurezza: al via i lavori della cassa di espansione Pizziconi a Figline e Incisa Valdarno - intoscana\",\"isPartOf\":{\"@id\":\"https:\/\/www.intoscana.it\/it\/#website\"},\"primaryImageOfPage\":{\"@id\":\"https:\/\/www.intoscana.it\/it\/arno-in-sicurezza-al-via-i-lavori-della-cassa-di-espansione-pizziconi-a-figline\/#primaryimage\"},\"image\":{\"@id\":\"https:\/\/www.intoscana.it\/it\/arno-in-sicurezza-al-via-i-lavori-della-cassa-di-espansione-pizziconi-a-figline\/#primaryimage\"},\"thumbnailUrl\":\"https:\/\/www.intoscana.it\/wp-content\/uploads\/Cassa-espansione-Figline-Pizziconi-683x324-1.png\",\"datePublished\":\"2021-05-06T16:06:53+00:00\",\"dateModified\":\"2021-05-06T16:33:24+00:00\",\"author\":{\"@id\":\"https:\/\/www.intoscana.it\/it\/#\/schema\/person\/9223810753230f20bd670fdd322661f8\"},\"description\":\"L'intervento prevede un investimento di 23 milioni di euro e dovrebbe concludersi a met\u00e0 dell'anno prossimo. L'obiettivo \u00e8 contenere eventi estremi come le alluvioni\",\"breadcrumb\":{\"@id\":\"https:\/\/www.intoscana.it\/it\/arno-in-sicurezza-al-via-i-lavori-della-cassa-di-espansione-pizziconi-a-figline\/#breadcrumb\"},\"inLanguage\":\"it-IT\",\"potentialAction\":[{\"@type\":\"ReadAction\",\"target\":[\"https:\/\/www.intoscana.it\/it\/arno-in-sicurezza-al-via-i-lavori-della-cassa-di-espansione-pizziconi-a-figline\/\"]}]},{\"@type\":\"ImageObject\",\"inLanguage\":\"it-IT\",\"@id\":\"https:\/\/www.intoscana.it\/it\/arno-in-sicurezza-al-via-i-lavori-della-cassa-di-espansione-pizziconi-a-figline\/#primaryimage\",\"url\":\"https:\/\/www.intoscana.it\/wp-content\/uploads\/Cassa-espansione-Figline-Pizziconi-683x324-1.png\",\"contentUrl\":\"https:\/\/www.intoscana.it\/wp-content\/uploads\/Cassa-espansione-Figline-Pizziconi-683x324-1.png\",\"width\":683,\"height\":325},{\"@type\":\"BreadcrumbList\",\"@id\":\"https:\/\/www.intoscana.it\/it\/arno-in-sicurezza-al-via-i-lavori-della-cassa-di-espansione-pizziconi-a-figline\/#breadcrumb\",\"itemListElement\":[{\"@type\":\"ListItem\",\"position\":1,\"name\":\"Home\",\"item\":\"https:\/\/www.intoscana.it\/it\/\"},{\"@type\":\"ListItem\",\"position\":2,\"name\":\"Arno in sicurezza: al via i lavori della cassa di espansione Pizziconi a Figline e Incisa Valdarno\"}]},{\"@type\":\"WebSite\",\"@id\":\"https:\/\/www.intoscana.it\/it\/#website\",\"url\":\"https:\/\/www.intoscana.it\/it\/\",\"name\":\"intoscana\",\"description\":\"\",\"potentialAction\":[{\"@type\":\"SearchAction\",\"target\":{\"@type\":\"EntryPoint\",\"urlTemplate\":\"https:\/\/www.intoscana.it\/it\/?s={search_term_string}\"},\"query-input\":{\"@type\":\"PropertyValueSpecification\",\"valueRequired\":true,\"valueName\":\"search_term_string\"}}],\"inLanguage\":\"it-IT\"},{\"@type\":\"Person\",\"@id\":\"https:\/\/www.intoscana.it\/it\/#\/schema\/person\/9223810753230f20bd670fdd322661f8\",\"name\":\"Redazione\",\"url\":\"https:\/\/www.intoscana.it\/it\/author\/redazione\/\"}]}<\/script>\n<!-- \/ Yoast SEO Premium plugin. -->","yoast_head_json":{"title":"Arno in sicurezza: al via i lavori della cassa di espansione Pizziconi a Figline e Incisa Valdarno - intoscana","description":"L'intervento prevede un investimento di 23 milioni di euro e dovrebbe concludersi a met\u00e0 dell'anno prossimo. L'obiettivo \u00e8 contenere eventi estremi come le alluvioni","robots":{"index":"index","follow":"follow","max-snippet":"max-snippet:-1","max-image-preview":"max-image-preview:large","max-video-preview":"max-video-preview:-1"},"canonical":"https:\/\/www.intoscana.it\/it\/arno-in-sicurezza-al-via-i-lavori-della-cassa-di-espansione-pizziconi-a-figline\/","og_locale":"it_IT","og_type":"article","og_title":"Arno in sicurezza: al via i lavori della cassa di espansione Pizziconi a Figline e Incisa Valdarno","og_description":"L'intervento prevede un investimento di 23 milioni di euro e dovrebbe concludersi a met\u00e0 dell'anno prossimo. L'obiettivo \u00e8 contenere eventi estremi come le alluvioni","og_url":"https:\/\/www.intoscana.it\/it\/arno-in-sicurezza-al-via-i-lavori-della-cassa-di-espansione-pizziconi-a-figline\/","og_site_name":"intoscana","article_publisher":"https:\/\/www.facebook.com\/intoscana.it","article_published_time":"2021-05-06T16:06:53+00:00","article_modified_time":"2021-05-06T16:33:24+00:00","og_image":[{"width":683,"height":325,"url":"https:\/\/www.intoscana.it\/wp-content\/uploads\/Cassa-espansione-Figline-Pizziconi-683x324-1.png","type":"image\/png"}],"author":"Redazione","twitter_card":"summary_large_image","twitter_creator":"@intoscana","twitter_site":"@intoscana","twitter_misc":{"Written by":"Redazione","Est. reading time":"2 minuti"},"schema":{"@context":"https:\/\/schema.org","@graph":[{"@type":"WebPage","@id":"https:\/\/www.intoscana.it\/it\/arno-in-sicurezza-al-via-i-lavori-della-cassa-di-espansione-pizziconi-a-figline\/","url":"https:\/\/www.intoscana.it\/it\/arno-in-sicurezza-al-via-i-lavori-della-cassa-di-espansione-pizziconi-a-figline\/","name":"Arno in sicurezza: al via i lavori della cassa di espansione Pizziconi a Figline e Incisa Valdarno - intoscana","isPartOf":{"@id":"https:\/\/www.intoscana.it\/it\/#website"},"primaryImageOfPage":{"@id":"https:\/\/www.intoscana.it\/it\/arno-in-sicurezza-al-via-i-lavori-della-cassa-di-espansione-pizziconi-a-figline\/#primaryimage"},"image":{"@id":"https:\/\/www.intoscana.it\/it\/arno-in-sicurezza-al-via-i-lavori-della-cassa-di-espansione-pizziconi-a-figline\/#primaryimage"},"thumbnailUrl":"https:\/\/www.intoscana.it\/wp-content\/uploads\/Cassa-espansione-Figline-Pizziconi-683x324-1.png","datePublished":"2021-05-06T16:06:53+00:00","dateModified":"2021-05-06T16:33:24+00:00","author":{"@id":"https:\/\/www.intoscana.it\/it\/#\/schema\/person\/9223810753230f20bd670fdd322661f8"},"description":"L'intervento prevede un investimento di 23 milioni di euro e dovrebbe concludersi a met\u00e0 dell'anno prossimo. L'obiettivo \u00e8 contenere eventi estremi come le alluvioni","breadcrumb":{"@id":"https:\/\/www.intoscana.it\/it\/arno-in-sicurezza-al-via-i-lavori-della-cassa-di-espansione-pizziconi-a-figline\/#breadcrumb"},"inLanguage":"it-IT","potentialAction":[{"@type":"ReadAction","target":["https:\/\/www.intoscana.it\/it\/arno-in-sicurezza-al-via-i-lavori-della-cassa-di-espansione-pizziconi-a-figline\/"]}]},{"@type":"ImageObject","inLanguage":"it-IT","@id":"https:\/\/www.intoscana.it\/it\/arno-in-sicurezza-al-via-i-lavori-della-cassa-di-espansione-pizziconi-a-figline\/#primaryimage","url":"https:\/\/www.intoscana.it\/wp-content\/uploads\/Cassa-espansione-Figline-Pizziconi-683x324-1.png","contentUrl":"https:\/\/www.intoscana.it\/wp-content\/uploads\/Cassa-espansione-Figline-Pizziconi-683x324-1.png","width":683,"height":325},{"@type":"BreadcrumbList","@id":"https:\/\/www.intoscana.it\/it\/arno-in-sicurezza-al-via-i-lavori-della-cassa-di-espansione-pizziconi-a-figline\/#breadcrumb","itemListElement":[{"@type":"ListItem","position":1,"name":"Home","item":"https:\/\/www.intoscana.it\/it\/"},{"@type":"ListItem","position":2,"name":"Arno in sicurezza: al via i lavori della cassa di espansione Pizziconi a Figline e Incisa Valdarno"}]},{"@type":"WebSite","@id":"https:\/\/www.intoscana.it\/it\/#website","url":"https:\/\/www.intoscana.it\/it\/","name":"intoscana","description":"","potentialAction":[{"@type":"SearchAction","target":{"@type":"EntryPoint","urlTemplate":"https:\/\/www.intoscana.it\/it\/?s={search_term_string}"},"query-input":{"@type":"PropertyValueSpecification","valueRequired":true,"valueName":"search_term_string"}}],"inLanguage":"it-IT"},{"@type":"Person","@id":"https:\/\/www.intoscana.it\/it\/#\/schema\/person\/9223810753230f20bd670fdd322661f8","name":"Redazione","url":"https:\/\/www.intoscana.it\/it\/author\/redazione\/"}]}},"_links":{"self":[{"href":"https:\/\/www.intoscana.it\/it\/wp-json\/wp\/v2\/posts\/176027","targetHints":{"allow":["GET"]}}],"collection":[{"href":"https:\/\/www.intoscana.it\/it\/wp-json\/wp\/v2\/posts"}],"about":[{"href":"https:\/\/www.intoscana.it\/it\/wp-json\/wp\/v2\/types\/post"}],"author":[{"embeddable":true,"href":"https:\/\/www.intoscana.it\/it\/wp-json\/wp\/v2\/users\/525"}],"replies":[{"embeddable":true,"href":"https:\/\/www.intoscana.it\/it\/wp-json\/wp\/v2\/comments?post=176027"}],"version-history":[{"count":0,"href":"https:\/\/www.intoscana.it\/it\/wp-json\/wp\/v2\/posts\/176027\/revisions"}],"wp:featuredmedia":[{"embeddable":true,"href":"https:\/\/www.intoscana.it\/it\/wp-json\/wp\/v2\/media\/176028"}],"wp:attachment":[{"href":"https:\/\/www.intoscana.it\/it\/wp-json\/wp\/v2\/media?parent=176027"}],"wp:term":[{"taxonomy":"category","embeddable":true,"href":"https:\/\/www.intoscana.it\/it\/wp-json\/wp\/v2\/categories?post=176027"},{"taxonomy":"post_tag","embeddable":true,"href":"https:\/\/www.intoscana.it\/it\/wp-json\/wp\/v2\/tags?post=176027"}],"curies":[{"name":"wp","href":"https:\/\/api.w.org\/{rel}","templated":true}]}}