{"id":176376,"date":"2021-05-10T16:38:07","date_gmt":"2021-05-10T14:38:07","guid":{"rendered":"https:\/\/www.intoscana.it\/it\/?p=176376"},"modified":"2021-05-10T17:47:09","modified_gmt":"2021-05-10T15:47:09","slug":"toscana-lutto-luana-grido-silenzioso-folla-contro-morti-bianche","status":"publish","type":"post","link":"https:\/\/www.intoscana.it\/it\/toscana-lutto-luana-grido-silenzioso-folla-contro-morti-bianche\/","title":{"rendered":"Toscana in lutto per Luana, grido silenzioso della folla contro le morti bianche"},"content":{"rendered":"<p>Anche la titolare della ditta dove \u00e8 avvenuto l&#8217;incidente e i colleghi di lavoro hanno voluto essere presenti ai funerali di <strong>Luana D&#8217;Orazio<\/strong> che si sono svolti oggi nella parrocchia del Cristo Risorto di Agliana (Pistoia). La titolare dell&#8217;azienda tessile dove il 3 maggio c&#8217;\u00e8 stato l&#8217;incidente mortale sul lavoro, <strong>Luana Coppini<\/strong>, con il marito, ha raggiunto la chiesa ed ha preso posto all&#8217;interno in attesa delle esequie. La chiesa in cui ha officiato messa il vescovo <strong>Fausto Tardelli<\/strong> sono arrivate molte persone della zona, non soltanto conoscenti della ragazza, ma anche altre da Prato e Pistoia, pi\u00f9 giornalisti e autorit\u00e0. <mark>Questo, per tutta la Toscana, \u00e8 un giorno di lutto<\/mark>. L&#8217;ha indetto la Regione, in concomitanza con i funerali di Luana, 22enne e mamma di un bimbo di 5 anni, morta una settimana fa a causa di un infortunio sul lavoro a Montemurlo. <div class=\"focuson\"><a href=\"https:\/\/www.intoscana.it\/it\/articolo\/opinione\/basta-morti-sul-lavoro-dobbiamo-gridarlo-anche-domani-anche-per-luana\/\"><img decoding=\"async\" class=\"lazy\" src=\"https:\/\/www.intoscana.it\/wp-content\/uploads\/morti-sul-lavoro.jpg\" style=\"\">\n                <div class=\"cat\">Basta morti sul lavoro<\/div>\n                <h4>Dobbiamo gridarlo anche domani, anche per Luana<\/h4><\/a>\n              <\/div><\/p>\n<h3>Mai pi\u00f9 morti sul lavoro<\/h3>\n<p>Bandiere listate a lutto anche sul palazzo Banci Buonamici della Provincia di Prato. <em>&#8220;Un dovere di tutti fare in modo che quello che \u00e8 accaduto non ricapiti mai pi\u00f9&#8221;<\/em> commenta il presidente della Provincia, <strong>Francesco Puggelli<\/strong>. <em>&#8220;In Italia, dati Istat alla mano, muoiono tre persone al giorno per incidenti sul lavoro, un bilancio inaccettabile. <mark>Dobbiamo fare in modo che la tragedia di Luana non sia dimenticata perch\u00e9 garantire ai lavoratori di svolgere in totale sicurezza il proprio lavoro, qualsiasi esso sia, non pu\u00f2 essere un\u2019aspirazione, nel 2021 dovrebbe essere la normalit\u00e0<\/mark>. \u00c8 fondamentale rimettere al centro le politiche del lavoro e avviare, parallelamente, anche una profonda riflessione sui diritti dei lavoratori e delle lavoratrici, partendo dalla formazione gi\u00e0 in et\u00e0 scolastica&#8221;<\/em> aggiunge Puggelli. <em>&#8220;Occorre insegnare ai ragazzi la sicurezza sul lavoro che ed \u00e8 esattamente ci\u00f2 che gi\u00e0 stiamo facendo nei laboratori e nelle scuole tecniche e professionali della provincia di Prato. <mark>L\u2019intento nostro e della dirigenza scolastica \u00e8 fare in modo che gli studenti di oggi diventino lavoratori informati circa i propri diritti e sulle normative vigenti a tutela degli stessi<\/mark>. Come Provincia di Prato continueremo a lavorare su questo fronte, di nostra competenza, perch\u00e9 ritengo sia un contributo concreto per fermare la strage silenziosa delle morti bianche. Mi stringo al dolore della famiglia di Luana e di quelle di tutte le persone che hanno ingiustamente perso la vita svolgendo il diritto basilare di provvedere a se stessi e alla propria famiglia&#8221;.<\/em><\/p>\n<figure id=\"post-176387 media-176387\" class=\"align-center\"><img decoding=\"async\" class=\"aligncenter\" src=\"https:\/\/www.intoscana.it\/wp-content\/uploads\/bandiere-lutto-Provincia_2.jpeg\" alt=\"\" \/><\/figure>\n<div class=\"titleimg\" style=\"text-align: center;\">Bandiere a lutto alla Provincia di Prato<\/div>\n<h3>Contro le stragi silenziose<\/h3>\n<p>A intervenire \u00e8 anche il presidente della Regione Toscana. Per la scomparsa di Luana D&#8217;Orazio <em>&#8220;ho voluto il lutto regionale. Spero che tutti i toscani dedichino a lei il loro pensiero&#8221;,<\/em> ha detto <strong>Eugenio Giani<\/strong>. <em>&#8220;Spero che questo pensiero si accompagni al pensiero per tutti coloro che se ne sono andati per incidenti sul lavoro, <mark>con l&#8217;obiettivo delle istituzioni di fare di tutto, creare tutte le condizioni perch\u00e9 non avvenga pi\u00f9<\/mark>&#8220;.<\/em> Giani ha ribadito che la sicurezza sul lavoro <em>&#8220;\u00e8 fondamentale&#8221;<\/em> perch\u00e9 <em>&#8220;chi va al lavoro deve andarci con la tranquillit\u00e0 psicologica di sapere che ci sono tutte le garanzie perch\u00e9 lo possa esercitare con sicurezza&#8221;<\/em>. Sulla stessa linea anche il presidente del Consiglio regionale, <strong>Antonio Mazzeo<\/strong>, che su facebook scrive: <em>&#8220;Oggi la bandiera del Consiglio regionale della Toscana \u00e8 a mezz&#8217;asta. \u00c8 una giornata di lutto per ricordare Luana D&#8217;Orazio e tutte le vittime sul lavoro. <mark>Dobbiamo fermare questa strage silenziosa<\/mark>. Servono pi\u00f9 controlli, pi\u00f9 formazione, pi\u00f9 investimenti sulla sicurezza&#8221;.<\/em><\/p>\n<h3>Il ricordo della maestra<\/h3>\n<p><span class=\"citazione\">&#8220;Anche ai bambini delle elementari abbiamo detto che cosa \u00e8 successo&#8221;<\/span><\/p>\n<p><em>&#8220;Me la ricordo, era una scricciolina, minuta, esile. L&#8217;ho avuta come alunna fino al 2008. Dei bambini che sono stati con noi sappiamo sempre tutto, questa \u00e8 una piccola comunit\u00e0. <mark>Anche di Luana sapevo molto, e quando un bambino che \u00e8 stato nostro alunno muore, anche da adulto, \u00e8 un evento che ci coinvolge<\/mark>. Con noi passano molto tempo e condividamo tanti momenti, diventano come nostri figli&#8221;<\/em>. Cos\u00ec parla <strong>Barbara Davini<\/strong>, maestra delle scuole elementari di Luana D&#8217;Orzio. La scuola di Luana, la Don Milani, \u00e8 proprio davanti alla chiesa del Cristo Risorto, luogo dei funerali. L&#8217;asilo accanto \u00e8 frequentato dal figlio di Luana. <em>&#8220;Oggi stato detto ai bambini delle elementari che una ex alunna, come lo sono loro adesso, \u00e8 morta in un incidente sul lavoro&#8221;<\/em> ha aggiunto la maestra. Ai bambini della scuola \u00e8 stato fatto osservare un minuto di silenzio, poi \u00e8 stata fatta anticipare l&#8217;uscita. Le bandiere sull&#8217;ingresso sono state listate a lutto.<\/p>\n<h3>Il mondo dello spettacolo le \u00e8 accanto<\/h3>\n<p><em>&#8220;Luana, per grande senso di responsabilit\u00e0, di maturit\u00e0 e di forza, ha messo da qualche parte questo suo sogno di fare l&#8217;attrice, per occuparsi del suo bambino, per occuparsi di suo madre, ha pensato ad avere un lavoro sicuro&#8221;<\/em> ha detto l&#8217;attrice <strong>Monica Guerritore<\/strong>, accompagnata dal marito <strong>Roberto Zaccaria<\/strong>, prima di entrare nella chiesa del Cristo Risorto, luogo dei funerali. <em>&#8220;Questo d\u00e0 il senso di quanto i giovani siano forti, pi\u00f9 di quanto a volte pensiamo. Invece questa sicurezza, che lei pensava di avere, \u00e8 stata tradita da chi, per sciatteria, per incuria, non ha salvato la vita di una giovane&#8221;<\/em> ha aggiunto l&#8217;attrice. <em>&#8220;Quindi <mark>per questo sogno che lei aveva, in rappresentanza di tutte le mie colleghe attrici che mi hanno chiamato, oggi Luana avr\u00e0 accanto per un po&#8217; il mondo che aveva amato<\/mark>, il mondo dello spettacolo&#8221;.<\/em><\/p>\n","protected":false},"excerpt":{"rendered":"<p>Luana D&#8217;Orazio aveva 22 anni e un figlio di 5. \u00c8 morta sul lavoro. Bandiere listate a lutto, ricordi di ieri e di oggi, la commozione dei bambini e la presenza del mondo dello spettacolo. Perch\u00e9 non accada mai pi\u00f9<\/p>\n","protected":false},"author":525,"featured_media":176384,"comment_status":"open","ping_status":"open","sticky":false,"template":"","format":"standard","meta":{"_acf_changed":false,"footnotes":""},"categories":[494],"tags":[194,260,6003,259],"class_list":["post-176376","post","type-post","status-publish","format-standard","has-post-thumbnail","hentry","category-attualita","tag-aziende","tag-lavoro","tag-luana-dorazio","tag-prato"],"acf":[],"yoast_head":"<!-- This site is optimized with the Yoast SEO Premium plugin v24.2 (Yoast SEO v25.6) - https:\/\/yoast.com\/wordpress\/plugins\/seo\/ -->\n<title>Toscana in lutto per Luana, grido silenzioso della folla contro le morti bianche - intoscana<\/title>\n<meta name=\"description\" content=\"Luana D&#039;Orazio aveva 22 anni e un figlio di 5. \u00c8 morta sul lavoro. Bandiere listate a lutto, ricordi di ieri e di oggi, la commozione dei bambini e la presenza del mondo dello spettacolo. Perch\u00e9 non accada mai pi\u00f9\" \/>\n<meta name=\"robots\" content=\"index, follow, max-snippet:-1, max-image-preview:large, max-video-preview:-1\" \/>\n<link rel=\"canonical\" href=\"https:\/\/www.intoscana.it\/it\/toscana-lutto-luana-grido-silenzioso-folla-contro-morti-bianche\/\" \/>\n<meta property=\"og:locale\" content=\"it_IT\" \/>\n<meta property=\"og:type\" content=\"article\" \/>\n<meta property=\"og:title\" content=\"Toscana in lutto per Luana, grido silenzioso della folla contro le morti bianche\" \/>\n<meta property=\"og:description\" content=\"Luana D&#039;Orazio aveva 22 anni e un figlio di 5. \u00c8 morta sul lavoro. Bandiere listate a lutto, ricordi di ieri e di oggi, la commozione dei bambini e la presenza del mondo dello spettacolo. Perch\u00e9 non accada mai pi\u00f9\" \/>\n<meta property=\"og:url\" content=\"https:\/\/www.intoscana.it\/it\/toscana-lutto-luana-grido-silenzioso-folla-contro-morti-bianche\/\" \/>\n<meta property=\"og:site_name\" content=\"intoscana\" \/>\n<meta property=\"article:publisher\" content=\"https:\/\/www.facebook.com\/intoscana.it\" \/>\n<meta property=\"article:published_time\" content=\"2021-05-10T14:38:07+00:00\" \/>\n<meta property=\"article:modified_time\" content=\"2021-05-10T15:47:09+00:00\" \/>\n<meta property=\"og:image\" content=\"https:\/\/www.intoscana.it\/wp-content\/uploads\/Murale-di-Luana-DOrazio-Jorit.jpg\" \/>\n\t<meta property=\"og:image:width\" content=\"1080\" \/>\n\t<meta property=\"og:image:height\" content=\"1080\" \/>\n\t<meta property=\"og:image:type\" content=\"image\/jpeg\" \/>\n<meta name=\"author\" content=\"Redazione\" \/>\n<meta name=\"twitter:card\" content=\"summary_large_image\" \/>\n<meta name=\"twitter:creator\" content=\"@intoscana\" \/>\n<meta name=\"twitter:site\" content=\"@intoscana\" \/>\n<meta name=\"twitter:label1\" content=\"Written by\" \/>\n\t<meta name=\"twitter:data1\" content=\"Redazione\" \/>\n\t<meta name=\"twitter:label2\" content=\"Est. reading time\" \/>\n\t<meta name=\"twitter:data2\" content=\"4 minuti\" \/>\n<script type=\"application\/ld+json\" class=\"yoast-schema-graph\">{\"@context\":\"https:\/\/schema.org\",\"@graph\":[{\"@type\":\"WebPage\",\"@id\":\"https:\/\/www.intoscana.it\/it\/toscana-lutto-luana-grido-silenzioso-folla-contro-morti-bianche\/\",\"url\":\"https:\/\/www.intoscana.it\/it\/toscana-lutto-luana-grido-silenzioso-folla-contro-morti-bianche\/\",\"name\":\"Toscana in lutto per Luana, grido silenzioso della folla contro le morti bianche - intoscana\",\"isPartOf\":{\"@id\":\"https:\/\/www.intoscana.it\/it\/#website\"},\"primaryImageOfPage\":{\"@id\":\"https:\/\/www.intoscana.it\/it\/toscana-lutto-luana-grido-silenzioso-folla-contro-morti-bianche\/#primaryimage\"},\"image\":{\"@id\":\"https:\/\/www.intoscana.it\/it\/toscana-lutto-luana-grido-silenzioso-folla-contro-morti-bianche\/#primaryimage\"},\"thumbnailUrl\":\"https:\/\/www.intoscana.it\/wp-content\/uploads\/Murale-di-Luana-DOrazio-Jorit.jpg\",\"datePublished\":\"2021-05-10T14:38:07+00:00\",\"dateModified\":\"2021-05-10T15:47:09+00:00\",\"author\":{\"@id\":\"https:\/\/www.intoscana.it\/it\/#\/schema\/person\/9223810753230f20bd670fdd322661f8\"},\"description\":\"Luana D'Orazio aveva 22 anni e un figlio di 5. \u00c8 morta sul lavoro. Bandiere listate a lutto, ricordi di ieri e di oggi, la commozione dei bambini e la presenza del mondo dello spettacolo. Perch\u00e9 non accada mai pi\u00f9\",\"breadcrumb\":{\"@id\":\"https:\/\/www.intoscana.it\/it\/toscana-lutto-luana-grido-silenzioso-folla-contro-morti-bianche\/#breadcrumb\"},\"inLanguage\":\"it-IT\",\"potentialAction\":[{\"@type\":\"ReadAction\",\"target\":[\"https:\/\/www.intoscana.it\/it\/toscana-lutto-luana-grido-silenzioso-folla-contro-morti-bianche\/\"]}]},{\"@type\":\"ImageObject\",\"inLanguage\":\"it-IT\",\"@id\":\"https:\/\/www.intoscana.it\/it\/toscana-lutto-luana-grido-silenzioso-folla-contro-morti-bianche\/#primaryimage\",\"url\":\"https:\/\/www.intoscana.it\/wp-content\/uploads\/Murale-di-Luana-DOrazio-Jorit.jpg\",\"contentUrl\":\"https:\/\/www.intoscana.it\/wp-content\/uploads\/Murale-di-Luana-DOrazio-Jorit.jpg\",\"width\":1080,\"height\":1080,\"caption\":\"Murale dedicato a Luana D'Orazio\"},{\"@type\":\"BreadcrumbList\",\"@id\":\"https:\/\/www.intoscana.it\/it\/toscana-lutto-luana-grido-silenzioso-folla-contro-morti-bianche\/#breadcrumb\",\"itemListElement\":[{\"@type\":\"ListItem\",\"position\":1,\"name\":\"Home\",\"item\":\"https:\/\/www.intoscana.it\/it\/\"},{\"@type\":\"ListItem\",\"position\":2,\"name\":\"Toscana in lutto per Luana, grido silenzioso della folla contro le morti bianche\"}]},{\"@type\":\"WebSite\",\"@id\":\"https:\/\/www.intoscana.it\/it\/#website\",\"url\":\"https:\/\/www.intoscana.it\/it\/\",\"name\":\"intoscana\",\"description\":\"\",\"potentialAction\":[{\"@type\":\"SearchAction\",\"target\":{\"@type\":\"EntryPoint\",\"urlTemplate\":\"https:\/\/www.intoscana.it\/it\/?s={search_term_string}\"},\"query-input\":{\"@type\":\"PropertyValueSpecification\",\"valueRequired\":true,\"valueName\":\"search_term_string\"}}],\"inLanguage\":\"it-IT\"},{\"@type\":\"Person\",\"@id\":\"https:\/\/www.intoscana.it\/it\/#\/schema\/person\/9223810753230f20bd670fdd322661f8\",\"name\":\"Redazione\",\"url\":\"https:\/\/www.intoscana.it\/it\/author\/redazione\/\"}]}<\/script>\n<!-- \/ Yoast SEO Premium plugin. -->","yoast_head_json":{"title":"Toscana in lutto per Luana, grido silenzioso della folla contro le morti bianche - intoscana","description":"Luana D'Orazio aveva 22 anni e un figlio di 5. \u00c8 morta sul lavoro. Bandiere listate a lutto, ricordi di ieri e di oggi, la commozione dei bambini e la presenza del mondo dello spettacolo. Perch\u00e9 non accada mai pi\u00f9","robots":{"index":"index","follow":"follow","max-snippet":"max-snippet:-1","max-image-preview":"max-image-preview:large","max-video-preview":"max-video-preview:-1"},"canonical":"https:\/\/www.intoscana.it\/it\/toscana-lutto-luana-grido-silenzioso-folla-contro-morti-bianche\/","og_locale":"it_IT","og_type":"article","og_title":"Toscana in lutto per Luana, grido silenzioso della folla contro le morti bianche","og_description":"Luana D'Orazio aveva 22 anni e un figlio di 5. \u00c8 morta sul lavoro. Bandiere listate a lutto, ricordi di ieri e di oggi, la commozione dei bambini e la presenza del mondo dello spettacolo. Perch\u00e9 non accada mai pi\u00f9","og_url":"https:\/\/www.intoscana.it\/it\/toscana-lutto-luana-grido-silenzioso-folla-contro-morti-bianche\/","og_site_name":"intoscana","article_publisher":"https:\/\/www.facebook.com\/intoscana.it","article_published_time":"2021-05-10T14:38:07+00:00","article_modified_time":"2021-05-10T15:47:09+00:00","og_image":[{"width":1080,"height":1080,"url":"https:\/\/www.intoscana.it\/wp-content\/uploads\/Murale-di-Luana-DOrazio-Jorit.jpg","type":"image\/jpeg"}],"author":"Redazione","twitter_card":"summary_large_image","twitter_creator":"@intoscana","twitter_site":"@intoscana","twitter_misc":{"Written by":"Redazione","Est. reading time":"4 minuti"},"schema":{"@context":"https:\/\/schema.org","@graph":[{"@type":"WebPage","@id":"https:\/\/www.intoscana.it\/it\/toscana-lutto-luana-grido-silenzioso-folla-contro-morti-bianche\/","url":"https:\/\/www.intoscana.it\/it\/toscana-lutto-luana-grido-silenzioso-folla-contro-morti-bianche\/","name":"Toscana in lutto per Luana, grido silenzioso della folla contro le morti bianche - intoscana","isPartOf":{"@id":"https:\/\/www.intoscana.it\/it\/#website"},"primaryImageOfPage":{"@id":"https:\/\/www.intoscana.it\/it\/toscana-lutto-luana-grido-silenzioso-folla-contro-morti-bianche\/#primaryimage"},"image":{"@id":"https:\/\/www.intoscana.it\/it\/toscana-lutto-luana-grido-silenzioso-folla-contro-morti-bianche\/#primaryimage"},"thumbnailUrl":"https:\/\/www.intoscana.it\/wp-content\/uploads\/Murale-di-Luana-DOrazio-Jorit.jpg","datePublished":"2021-05-10T14:38:07+00:00","dateModified":"2021-05-10T15:47:09+00:00","author":{"@id":"https:\/\/www.intoscana.it\/it\/#\/schema\/person\/9223810753230f20bd670fdd322661f8"},"description":"Luana D'Orazio aveva 22 anni e un figlio di 5. \u00c8 morta sul lavoro. Bandiere listate a lutto, ricordi di ieri e di oggi, la commozione dei bambini e la presenza del mondo dello spettacolo. Perch\u00e9 non accada mai pi\u00f9","breadcrumb":{"@id":"https:\/\/www.intoscana.it\/it\/toscana-lutto-luana-grido-silenzioso-folla-contro-morti-bianche\/#breadcrumb"},"inLanguage":"it-IT","potentialAction":[{"@type":"ReadAction","target":["https:\/\/www.intoscana.it\/it\/toscana-lutto-luana-grido-silenzioso-folla-contro-morti-bianche\/"]}]},{"@type":"ImageObject","inLanguage":"it-IT","@id":"https:\/\/www.intoscana.it\/it\/toscana-lutto-luana-grido-silenzioso-folla-contro-morti-bianche\/#primaryimage","url":"https:\/\/www.intoscana.it\/wp-content\/uploads\/Murale-di-Luana-DOrazio-Jorit.jpg","contentUrl":"https:\/\/www.intoscana.it\/wp-content\/uploads\/Murale-di-Luana-DOrazio-Jorit.jpg","width":1080,"height":1080,"caption":"Murale dedicato a Luana D'Orazio"},{"@type":"BreadcrumbList","@id":"https:\/\/www.intoscana.it\/it\/toscana-lutto-luana-grido-silenzioso-folla-contro-morti-bianche\/#breadcrumb","itemListElement":[{"@type":"ListItem","position":1,"name":"Home","item":"https:\/\/www.intoscana.it\/it\/"},{"@type":"ListItem","position":2,"name":"Toscana in lutto per Luana, grido silenzioso della folla contro le morti bianche"}]},{"@type":"WebSite","@id":"https:\/\/www.intoscana.it\/it\/#website","url":"https:\/\/www.intoscana.it\/it\/","name":"intoscana","description":"","potentialAction":[{"@type":"SearchAction","target":{"@type":"EntryPoint","urlTemplate":"https:\/\/www.intoscana.it\/it\/?s={search_term_string}"},"query-input":{"@type":"PropertyValueSpecification","valueRequired":true,"valueName":"search_term_string"}}],"inLanguage":"it-IT"},{"@type":"Person","@id":"https:\/\/www.intoscana.it\/it\/#\/schema\/person\/9223810753230f20bd670fdd322661f8","name":"Redazione","url":"https:\/\/www.intoscana.it\/it\/author\/redazione\/"}]}},"_links":{"self":[{"href":"https:\/\/www.intoscana.it\/it\/wp-json\/wp\/v2\/posts\/176376","targetHints":{"allow":["GET"]}}],"collection":[{"href":"https:\/\/www.intoscana.it\/it\/wp-json\/wp\/v2\/posts"}],"about":[{"href":"https:\/\/www.intoscana.it\/it\/wp-json\/wp\/v2\/types\/post"}],"author":[{"embeddable":true,"href":"https:\/\/www.intoscana.it\/it\/wp-json\/wp\/v2\/users\/525"}],"replies":[{"embeddable":true,"href":"https:\/\/www.intoscana.it\/it\/wp-json\/wp\/v2\/comments?post=176376"}],"version-history":[{"count":0,"href":"https:\/\/www.intoscana.it\/it\/wp-json\/wp\/v2\/posts\/176376\/revisions"}],"wp:featuredmedia":[{"embeddable":true,"href":"https:\/\/www.intoscana.it\/it\/wp-json\/wp\/v2\/media\/176384"}],"wp:attachment":[{"href":"https:\/\/www.intoscana.it\/it\/wp-json\/wp\/v2\/media?parent=176376"}],"wp:term":[{"taxonomy":"category","embeddable":true,"href":"https:\/\/www.intoscana.it\/it\/wp-json\/wp\/v2\/categories?post=176376"},{"taxonomy":"post_tag","embeddable":true,"href":"https:\/\/www.intoscana.it\/it\/wp-json\/wp\/v2\/tags?post=176376"}],"curies":[{"name":"wp","href":"https:\/\/api.w.org\/{rel}","templated":true}]}}