{"id":177065,"date":"2021-05-15T13:01:03","date_gmt":"2021-05-15T11:01:03","guid":{"rendered":"https:\/\/www.intoscana.it\/it\/?p=177065"},"modified":"2021-05-17T11:14:03","modified_gmt":"2021-05-17T09:14:03","slug":"covid-19-in-toscana-491-nuovi-positivi-eta-media-37-anni-19-i-decessi","status":"publish","type":"post","link":"https:\/\/www.intoscana.it\/it\/covid-19-in-toscana-491-nuovi-positivi-eta-media-37-anni-19-i-decessi\/","title":{"rendered":"Covid-19: in Toscana 491 nuovi positivi, et\u00e0 media 37 anni; 19 i decessi"},"content":{"rendered":"<p><strong>In Toscana sono 236.263 i casi di positivit\u00e0 al Coronavirus<\/strong>, <strong>491 in pi\u00f9 rispetto a ieri<\/strong> (469 confermati con tampone molecolare e 22 da test rapido antigenico). I nuovi casi sono lo 0,2% in pi\u00f9 rispetto al totale del giorno precedente. I guariti crescono dello 0,4% e raggiungono quota 215.214 (91,1% dei casi totali).<\/p>\n<p><strong>Oggi sono stati eseguiti 12.374 tamponi molecolari e 11.687 tamponi antigenici rapidi,<\/strong> di questi il 2% \u00e8 risultato positivo. Sono invece 7.896 i soggetti testati oggi (con tampone antigenico e\/o molecolare, escludendo i tamponi di controllo), di cui il 6,2% \u00e8 risultato positivo. Gli attualmente positivi sono oggi 14.531, -3% rispetto a ieri. I ricoverati sono 1.064 (53 in meno rispetto a ieri), di cui 180 in terapia intensiva (2 in meno). Oggi si registrano 19 nuovi decessi: 12 uomini e 7 donne con un&#8217;et\u00e0 media di 76,7 anni.<\/p>\n<p><strong>L&#8217;et\u00e0 media dei 491 nuovi positivi odierni \u00e8 di 37 anni circa<\/strong> (28% ha meno di 20 anni, 25% tra 20 e 39 anni, 31% tra 40 e 59 anni, 13% tra 60 e 79 anni, 3% ha 80 anni o pi\u00f9).<\/p>\n<h3>I casi sul territorio<\/h3>\n<p>Di seguito i casi di positivit\u00e0 sul territorio con la variazione rispetto a ieri (469 confermati con tampone molecolare e 22 da test rapido antigenico). Sono 64.962 i casi complessivi ad oggi a Firenze (141 in pi\u00f9 rispetto a ieri), 21.704 a Prato (56 in pi\u00f9), 22.250 a Pistoia (46 in pi\u00f9), 13.063 a Massa (33 in pi\u00f9), 24.139 a Lucca (35 in pi\u00f9), 28.682 a Pisa (35 in pi\u00f9), 17.135 a Livorno (26 in pi\u00f9), 22.008 ad Arezzo (66 in pi\u00f9), 13.304 a Siena (28 in pi\u00f9), 8.461 a Grosseto (25 in pi\u00f9). Sono 555 i casi positivi notificati in Toscana, ma residenti in altre regioni.<\/p>\n<p><strong>Sono 249 i casi riscontrati oggi nell&#8217;Asl Centro<\/strong>, 123 nella Nord Ovest, 119 nella Sud est.<\/p>\n<p><strong>La Toscana si trova al 13\u00b0 posto in Italia come numerosit\u00e0 di casi<\/strong> (comprensivi di residenti e non residenti), con circa 6.441 casi per 100.000 abitanti (media italiana circa 6.998 x100.000, dato di ieri). Le province di notifica con il tasso pi\u00f9 alto sono Prato con 8.477 casi x100.000 abitanti, Pistoia con 7.651, Pisa con 6.888, la pi\u00f9 bassa Grosseto con 3.872.<\/p>\n<p>Complessivamente, <strong>13.467 persone sono in isolamento a casa,<\/strong> poich\u00e9 presentano sintomi lievi che non richiedono cure ospedaliere, o risultano prive di sintomi (390 in meno rispetto a ieri, meno 2,8%).<\/p>\n<p>Sono 28.025 (764 in meno rispetto a ieri, meno 2,7%) le persone, anch&#8217;esse isolate, in sorveglianza attiva perch\u00e9 hanno avuto contatti con persone contagiate (ASL Centro 12.932, Nord Ovest 8.005, Sud Est 7.088).<\/p>\n<p>Le <strong>persone ricoverate nei posti letto dedicati ai pazienti COVID oggi sono complessivamente 1.064<\/strong> (53 in meno rispetto a ieri, meno 4,7%), 180 in terapia intensiva (2 in meno rispetto a ieri, meno 1,1%).<\/p>\n<p><strong>Le persone complessivamente guarite sono 215.214<\/strong> (915 in pi\u00f9 rispetto a ieri, pi\u00f9 0,4%): 0 persone clinicamente guarite (stabili rispetto a ieri), divenute cio\u00e8 asintomatiche dopo aver presentato manifestazioni cliniche associate all&#8217;infezione e 215.214 (915 in pi\u00f9 rispetto a ieri, pi\u00f9 0,4%) dichiarate guarite a tutti gli effetti, le cosiddette guarigioni virali, con tampone negativo.<\/p>\n<h3>I morti<\/h3>\n<p>Purtroppo, oggi si registrano <strong>19 nuovi decessi: 12 uomini e 7 donne con un&#8217;et\u00e0 media di 76,7 anni.<\/strong>\u00a0Relativamente alla provincia di residenza, le persone decedute sono: 10 a Firenze, 2 a Prato, 1 a Lucca, 1 a Livorno, 5 a Arezzo.<\/p>\n<p><strong>Sono 6.518 i deceduti dall&#8217;inizio dell&#8217;epidemia<\/strong> cosi ripartiti: 2.117 a Firenze, 565 a Prato, 602 a Pistoia, 518 a Massa Carrara, 646 a Lucca, 682 a Pisa, 408 a Livorno, 429 ad Arezzo, 296 a Siena, 167 a Grosseto, 88 persone sono decedute sul suolo toscano ma erano residenti fuori regione.<\/p>\n<p>Il tasso grezzo di mortalit\u00e0 toscano (numero di deceduti\/popolazione residente) per Covid-19 \u00e8 di <strong>177,7 x100.000 residenti contro il 209,1 x100.000 della media italiana<\/strong> (12\u00b0 regione). Per quanto riguarda le province, il tasso di mortalit\u00e0 pi\u00f9 alto si riscontra a Massa Carrara (272,9 x100.000), Prato (220,7 x100.000) e Firenze (214,7 x100.000), il pi\u00f9 basso a Grosseto (76,4 x100.000).<\/p>\n","protected":false},"excerpt":{"rendered":"<p>Questi i dati &#8211; accertati alle ore 12 di sabato 15 maggio sulla base delle richieste della Protezione Civile Nazionale &#8211; relativi all&#8217;andamento dell&#8217;epidemia in regione<\/p>\n","protected":false},"author":525,"featured_media":176484,"comment_status":"open","ping_status":"open","sticky":false,"template":"","format":"standard","meta":{"_acf_changed":false,"footnotes":""},"categories":[494],"tags":[418],"class_list":["post-177065","post","type-post","status-publish","format-standard","has-post-thumbnail","hentry","category-attualita","tag-covid-19"],"acf":[],"yoast_head":"<!-- This site is optimized with the Yoast SEO Premium plugin v24.2 (Yoast SEO v25.6) - https:\/\/yoast.com\/wordpress\/plugins\/seo\/ -->\n<title>Covid-19: in Toscana 491 nuovi positivi, et\u00e0 media 37 anni; 19 i decessi - intoscana<\/title>\n<meta name=\"description\" content=\"Questi i dati - accertati alle ore 12 di sabato 15 maggio sulla base delle richieste della Protezione Civile Nazionale relativi all&#039;epidemia\" \/>\n<meta name=\"robots\" content=\"index, follow, max-snippet:-1, max-image-preview:large, max-video-preview:-1\" \/>\n<link rel=\"canonical\" href=\"https:\/\/www.intoscana.it\/it\/covid-19-in-toscana-491-nuovi-positivi-eta-media-37-anni-19-i-decessi\/\" \/>\n<meta property=\"og:locale\" content=\"it_IT\" \/>\n<meta property=\"og:type\" content=\"article\" \/>\n<meta property=\"og:title\" content=\"Covid-19: in Toscana 491 nuovi positivi, et\u00e0 media 37 anni; 19 i decessi\" \/>\n<meta property=\"og:description\" content=\"Questi i dati - accertati alle ore 12 di sabato 15 maggio sulla base delle richieste della Protezione Civile Nazionale relativi all&#039;epidemia\" \/>\n<meta property=\"og:url\" content=\"https:\/\/www.intoscana.it\/it\/covid-19-in-toscana-491-nuovi-positivi-eta-media-37-anni-19-i-decessi\/\" \/>\n<meta property=\"og:site_name\" content=\"intoscana\" \/>\n<meta property=\"article:publisher\" content=\"https:\/\/www.facebook.com\/intoscana.it\" \/>\n<meta property=\"article:published_time\" content=\"2021-05-15T11:01:03+00:00\" \/>\n<meta property=\"article:modified_time\" content=\"2021-05-17T09:14:03+00:00\" \/>\n<meta property=\"og:image\" content=\"https:\/\/www.intoscana.it\/wp-content\/uploads\/mascherina-3-500x333.jpg\" \/>\n\t<meta property=\"og:image:width\" content=\"500\" \/>\n\t<meta property=\"og:image:height\" content=\"333\" \/>\n\t<meta property=\"og:image:type\" content=\"image\/jpeg\" \/>\n<meta name=\"author\" content=\"Redazione\" \/>\n<meta name=\"twitter:card\" content=\"summary_large_image\" \/>\n<meta name=\"twitter:creator\" content=\"@intoscana\" \/>\n<meta name=\"twitter:site\" content=\"@intoscana\" \/>\n<meta name=\"twitter:label1\" content=\"Written by\" \/>\n\t<meta name=\"twitter:data1\" content=\"Redazione\" \/>\n\t<meta name=\"twitter:label2\" content=\"Est. reading time\" \/>\n\t<meta name=\"twitter:data2\" content=\"3 minuti\" \/>\n<script type=\"application\/ld+json\" class=\"yoast-schema-graph\">{\"@context\":\"https:\/\/schema.org\",\"@graph\":[{\"@type\":\"WebPage\",\"@id\":\"https:\/\/www.intoscana.it\/it\/covid-19-in-toscana-491-nuovi-positivi-eta-media-37-anni-19-i-decessi\/\",\"url\":\"https:\/\/www.intoscana.it\/it\/covid-19-in-toscana-491-nuovi-positivi-eta-media-37-anni-19-i-decessi\/\",\"name\":\"Covid-19: in Toscana 491 nuovi positivi, et\u00e0 media 37 anni; 19 i decessi - intoscana\",\"isPartOf\":{\"@id\":\"https:\/\/www.intoscana.it\/it\/#website\"},\"primaryImageOfPage\":{\"@id\":\"https:\/\/www.intoscana.it\/it\/covid-19-in-toscana-491-nuovi-positivi-eta-media-37-anni-19-i-decessi\/#primaryimage\"},\"image\":{\"@id\":\"https:\/\/www.intoscana.it\/it\/covid-19-in-toscana-491-nuovi-positivi-eta-media-37-anni-19-i-decessi\/#primaryimage\"},\"thumbnailUrl\":\"https:\/\/www.intoscana.it\/wp-content\/uploads\/mascherina-3.jpg\",\"datePublished\":\"2021-05-15T11:01:03+00:00\",\"dateModified\":\"2021-05-17T09:14:03+00:00\",\"author\":{\"@id\":\"https:\/\/www.intoscana.it\/it\/#\/schema\/person\/9223810753230f20bd670fdd322661f8\"},\"description\":\"Questi i dati - accertati alle ore 12 di sabato 15 maggio sulla base delle richieste della Protezione Civile Nazionale relativi all'epidemia\",\"breadcrumb\":{\"@id\":\"https:\/\/www.intoscana.it\/it\/covid-19-in-toscana-491-nuovi-positivi-eta-media-37-anni-19-i-decessi\/#breadcrumb\"},\"inLanguage\":\"it-IT\",\"potentialAction\":[{\"@type\":\"ReadAction\",\"target\":[\"https:\/\/www.intoscana.it\/it\/covid-19-in-toscana-491-nuovi-positivi-eta-media-37-anni-19-i-decessi\/\"]}]},{\"@type\":\"ImageObject\",\"inLanguage\":\"it-IT\",\"@id\":\"https:\/\/www.intoscana.it\/it\/covid-19-in-toscana-491-nuovi-positivi-eta-media-37-anni-19-i-decessi\/#primaryimage\",\"url\":\"https:\/\/www.intoscana.it\/wp-content\/uploads\/mascherina-3.jpg\",\"contentUrl\":\"https:\/\/www.intoscana.it\/wp-content\/uploads\/mascherina-3.jpg\",\"width\":7877,\"height\":5251},{\"@type\":\"BreadcrumbList\",\"@id\":\"https:\/\/www.intoscana.it\/it\/covid-19-in-toscana-491-nuovi-positivi-eta-media-37-anni-19-i-decessi\/#breadcrumb\",\"itemListElement\":[{\"@type\":\"ListItem\",\"position\":1,\"name\":\"Home\",\"item\":\"https:\/\/www.intoscana.it\/it\/\"},{\"@type\":\"ListItem\",\"position\":2,\"name\":\"Covid-19: in Toscana 491 nuovi positivi, et\u00e0 media 37 anni; 19 i decessi\"}]},{\"@type\":\"WebSite\",\"@id\":\"https:\/\/www.intoscana.it\/it\/#website\",\"url\":\"https:\/\/www.intoscana.it\/it\/\",\"name\":\"intoscana\",\"description\":\"\",\"potentialAction\":[{\"@type\":\"SearchAction\",\"target\":{\"@type\":\"EntryPoint\",\"urlTemplate\":\"https:\/\/www.intoscana.it\/it\/?s={search_term_string}\"},\"query-input\":{\"@type\":\"PropertyValueSpecification\",\"valueRequired\":true,\"valueName\":\"search_term_string\"}}],\"inLanguage\":\"it-IT\"},{\"@type\":\"Person\",\"@id\":\"https:\/\/www.intoscana.it\/it\/#\/schema\/person\/9223810753230f20bd670fdd322661f8\",\"name\":\"Redazione\",\"url\":\"https:\/\/www.intoscana.it\/it\/author\/redazione\/\"}]}<\/script>\n<!-- \/ Yoast SEO Premium plugin. -->","yoast_head_json":{"title":"Covid-19: in Toscana 491 nuovi positivi, et\u00e0 media 37 anni; 19 i decessi - intoscana","description":"Questi i dati - accertati alle ore 12 di sabato 15 maggio sulla base delle richieste della Protezione Civile Nazionale relativi all'epidemia","robots":{"index":"index","follow":"follow","max-snippet":"max-snippet:-1","max-image-preview":"max-image-preview:large","max-video-preview":"max-video-preview:-1"},"canonical":"https:\/\/www.intoscana.it\/it\/covid-19-in-toscana-491-nuovi-positivi-eta-media-37-anni-19-i-decessi\/","og_locale":"it_IT","og_type":"article","og_title":"Covid-19: in Toscana 491 nuovi positivi, et\u00e0 media 37 anni; 19 i decessi","og_description":"Questi i dati - accertati alle ore 12 di sabato 15 maggio sulla base delle richieste della Protezione Civile Nazionale relativi all'epidemia","og_url":"https:\/\/www.intoscana.it\/it\/covid-19-in-toscana-491-nuovi-positivi-eta-media-37-anni-19-i-decessi\/","og_site_name":"intoscana","article_publisher":"https:\/\/www.facebook.com\/intoscana.it","article_published_time":"2021-05-15T11:01:03+00:00","article_modified_time":"2021-05-17T09:14:03+00:00","og_image":[{"width":500,"height":333,"url":"https:\/\/www.intoscana.it\/wp-content\/uploads\/mascherina-3-500x333.jpg","type":"image\/jpeg"}],"author":"Redazione","twitter_card":"summary_large_image","twitter_creator":"@intoscana","twitter_site":"@intoscana","twitter_misc":{"Written by":"Redazione","Est. reading time":"3 minuti"},"schema":{"@context":"https:\/\/schema.org","@graph":[{"@type":"WebPage","@id":"https:\/\/www.intoscana.it\/it\/covid-19-in-toscana-491-nuovi-positivi-eta-media-37-anni-19-i-decessi\/","url":"https:\/\/www.intoscana.it\/it\/covid-19-in-toscana-491-nuovi-positivi-eta-media-37-anni-19-i-decessi\/","name":"Covid-19: in Toscana 491 nuovi positivi, et\u00e0 media 37 anni; 19 i decessi - intoscana","isPartOf":{"@id":"https:\/\/www.intoscana.it\/it\/#website"},"primaryImageOfPage":{"@id":"https:\/\/www.intoscana.it\/it\/covid-19-in-toscana-491-nuovi-positivi-eta-media-37-anni-19-i-decessi\/#primaryimage"},"image":{"@id":"https:\/\/www.intoscana.it\/it\/covid-19-in-toscana-491-nuovi-positivi-eta-media-37-anni-19-i-decessi\/#primaryimage"},"thumbnailUrl":"https:\/\/www.intoscana.it\/wp-content\/uploads\/mascherina-3.jpg","datePublished":"2021-05-15T11:01:03+00:00","dateModified":"2021-05-17T09:14:03+00:00","author":{"@id":"https:\/\/www.intoscana.it\/it\/#\/schema\/person\/9223810753230f20bd670fdd322661f8"},"description":"Questi i dati - accertati alle ore 12 di sabato 15 maggio sulla base delle richieste della Protezione Civile Nazionale relativi all'epidemia","breadcrumb":{"@id":"https:\/\/www.intoscana.it\/it\/covid-19-in-toscana-491-nuovi-positivi-eta-media-37-anni-19-i-decessi\/#breadcrumb"},"inLanguage":"it-IT","potentialAction":[{"@type":"ReadAction","target":["https:\/\/www.intoscana.it\/it\/covid-19-in-toscana-491-nuovi-positivi-eta-media-37-anni-19-i-decessi\/"]}]},{"@type":"ImageObject","inLanguage":"it-IT","@id":"https:\/\/www.intoscana.it\/it\/covid-19-in-toscana-491-nuovi-positivi-eta-media-37-anni-19-i-decessi\/#primaryimage","url":"https:\/\/www.intoscana.it\/wp-content\/uploads\/mascherina-3.jpg","contentUrl":"https:\/\/www.intoscana.it\/wp-content\/uploads\/mascherina-3.jpg","width":7877,"height":5251},{"@type":"BreadcrumbList","@id":"https:\/\/www.intoscana.it\/it\/covid-19-in-toscana-491-nuovi-positivi-eta-media-37-anni-19-i-decessi\/#breadcrumb","itemListElement":[{"@type":"ListItem","position":1,"name":"Home","item":"https:\/\/www.intoscana.it\/it\/"},{"@type":"ListItem","position":2,"name":"Covid-19: in Toscana 491 nuovi positivi, et\u00e0 media 37 anni; 19 i decessi"}]},{"@type":"WebSite","@id":"https:\/\/www.intoscana.it\/it\/#website","url":"https:\/\/www.intoscana.it\/it\/","name":"intoscana","description":"","potentialAction":[{"@type":"SearchAction","target":{"@type":"EntryPoint","urlTemplate":"https:\/\/www.intoscana.it\/it\/?s={search_term_string}"},"query-input":{"@type":"PropertyValueSpecification","valueRequired":true,"valueName":"search_term_string"}}],"inLanguage":"it-IT"},{"@type":"Person","@id":"https:\/\/www.intoscana.it\/it\/#\/schema\/person\/9223810753230f20bd670fdd322661f8","name":"Redazione","url":"https:\/\/www.intoscana.it\/it\/author\/redazione\/"}]}},"_links":{"self":[{"href":"https:\/\/www.intoscana.it\/it\/wp-json\/wp\/v2\/posts\/177065","targetHints":{"allow":["GET"]}}],"collection":[{"href":"https:\/\/www.intoscana.it\/it\/wp-json\/wp\/v2\/posts"}],"about":[{"href":"https:\/\/www.intoscana.it\/it\/wp-json\/wp\/v2\/types\/post"}],"author":[{"embeddable":true,"href":"https:\/\/www.intoscana.it\/it\/wp-json\/wp\/v2\/users\/525"}],"replies":[{"embeddable":true,"href":"https:\/\/www.intoscana.it\/it\/wp-json\/wp\/v2\/comments?post=177065"}],"version-history":[{"count":0,"href":"https:\/\/www.intoscana.it\/it\/wp-json\/wp\/v2\/posts\/177065\/revisions"}],"wp:featuredmedia":[{"embeddable":true,"href":"https:\/\/www.intoscana.it\/it\/wp-json\/wp\/v2\/media\/176484"}],"wp:attachment":[{"href":"https:\/\/www.intoscana.it\/it\/wp-json\/wp\/v2\/media?parent=177065"}],"wp:term":[{"taxonomy":"category","embeddable":true,"href":"https:\/\/www.intoscana.it\/it\/wp-json\/wp\/v2\/categories?post=177065"},{"taxonomy":"post_tag","embeddable":true,"href":"https:\/\/www.intoscana.it\/it\/wp-json\/wp\/v2\/tags?post=177065"}],"curies":[{"name":"wp","href":"https:\/\/api.w.org\/{rel}","templated":true}]}}