{"id":177159,"date":"2021-05-17T10:24:44","date_gmt":"2021-05-17T08:24:44","guid":{"rendered":"https:\/\/www.intoscana.it\/it\/?p=177159"},"modified":"2021-05-17T15:24:45","modified_gmt":"2021-05-17T13:24:45","slug":"vaccini-al-via-le-prenotazioni-per-i-40enni-in-arrivo-laccordo-con-le-farmacie","status":"publish","type":"post","link":"https:\/\/www.intoscana.it\/it\/vaccini-al-via-le-prenotazioni-per-i-40enni-in-arrivo-laccordo-con-le-farmacie\/","title":{"rendered":"Vaccini, al via le prenotazioni per i 40enni, in arrivo l&#8217;accordo con le farmacie"},"content":{"rendered":"<p><strong>Si apriranno oggi pomeriggio alle 17 sul <a href=\"https:\/\/prenotavaccino.sanita.toscana.it\" target=\"_blank\" rel=\"noopener\">portale dei vaccini<\/a> della Regione le agende per i 40enni:<\/strong> oggi prendono il via le prenotazioni per i nati nel 1972 e 1973, poi domani sar\u00e0 la volta dei nati nel 1974-75, il 19 maggio delle classi 1976-1977, il 20 maggio 1978-1979 e infine il 21 maggio i 1980-1981. Per ciascun nuovo biennio anagrafico le agende apriranno ogni pomeriggio, alle ore 17.<\/p>\n<p>Ma sar\u00e0 possibile avvicinare le date di vaccinazione per i quarantenni?\u00a0<em>&#8220;No, perch\u00e9 la coperta \u00e8 stretta&#8221; <\/em>ha dichiarato ieri il presidente della Toscana Eugenio Giani, a Pistoia per l&#8217;inaugurazione di un nuovo hub vaccinale a San Biagio, alla prima periferia della citt\u00e0, aperto nella struttura messa a disposizione dall&#8217;Mcl provinciale.<\/p>\n<p><em>&#8220;Noi oggi ci vantiamo &#8211; <\/em>ha aggiunto Giani <em>&#8211; di avere <strong>una Toscana, che \u00e8 fra le prime regioni per i particolarmente fragili, con 300 mila vaccinati. Ci teniamo ad avere questa alta percentuale <\/strong><strong>su over 80<\/strong>, particolarmente fragili e speriamo, nei prossimi giorni, sui 70-79enni. Agli altri diamo la possibilit\u00e0, ma \u00e8 una possibilit\u00e0 di prenotarsi in modo che abbiano psicologicamente la certezza che arriva anche per loro la vaccinazione&#8221;.\u00a0<\/em><\/p>\n<div class=\"titleimg\">\n<figure id=\"post-177169 media-177169\" class=\"align-none\"><img decoding=\"async\" src=\"https:\/\/www.intoscana.it\/wp-content\/uploads\/vaccini-calendario.jpeg\" alt=\"\" \/><\/figure>\n<div class=\"titleimg\"><\/div>\n<\/div>\n<h3>Sui vaccini in settimana accordi con farmacie e medici di base<\/h3>\n<p>Giani ha anche annunciato che questa sar\u00e0 &#8220;<strong><em>la settimana decisiva<\/em>&#8221; per gli accordi sulle vaccinazioni nelle farmacie <\/strong><strong>e dai medici di base.<\/strong><br \/>\n<em><br \/>\n&#8220;Con le farmacie &#8211; <\/em>ha aggiunto il governatore<em> &#8211; abbiamo l&#8217;appuntamento mercoled\u00ec, per vedere se chiudiamo l&#8217;accordo e <\/em><em>partire entro fine mese. Mentre per i medici di base si tratta <\/em><em>solo di perfezionare alcuni aspetti, per\u00f2 anche in questo caso <\/em><em>vorremmo arrivare all&#8217;accordo il prima possibile, perch\u00e9 i <\/em><em>medici di base significano qualit\u00e0 della vaccinazione. <strong>Oggi la <\/strong><\/em><em><strong>Toscana, che era stata criticata per gli over 80, \u00e8 con il <\/strong><\/em><em><strong>Veneto l&#8217;unica regione che ha superato il 98% delle persone over <\/strong><\/em><em><strong>80 vaccinate.<\/strong> Questo perch\u00e9 il medico di base, quando fa la <\/em><em>telefonata d\u00e0 fiducia e quindi anche l&#8217;anziano, che magari \u00e8 <\/em><em>refrattario alla vaccinazione, con i medici di base si vaccina&#8221;.<\/em><\/p>\n<h3>Giani: immunit\u00e0 di gregge in Toscana entro fine settembre<\/h3>\n<p>&#8220;<em>Noi in questo momento siamo a 30 mila vaccinazioni il giorno e l&#8217;obiettivo \u00e8 quello di arrivare a 35 mila e potenzialmente anche a delle punte di 40 mila<\/em>&#8221; ha precisato Giani. <em>&#8220;Quando noi vedremo il virus che potenzialmente si propone in condizioni geo-climatiche favorevoli, cio\u00e8 il mese di ottobre, noi dobbiamo avere l&#8217;immunit\u00e0 di gregge<\/em> &#8211; ha aggiunto &#8211; <em><strong>questo significa che <\/strong><\/em><em><strong>per il 30 di settembre su 3,6 milioni di toscani, almeno 2,7 <\/strong><\/em><em><strong>milioni devono essere immunizzati&#8221;. <\/strong><\/em><\/p>\n<p><em>&#8220;Per farlo &#8211; <\/em>ha concluso Giani &#8211; <em>raddoppiamo i vaccini, prima <\/em><em>e seconda dose, a parte J&amp;J.<strong> Noi dobbiamo arrivare a cinque <\/strong><\/em><strong><em>milioni di vaccinazioni. Oggi siamo a un milione e 650 mila <\/em><\/strong><strong><em>vaccinazioni fatte e quindi, per raggiungere quell&#8217;obbiettivo, <\/em><\/strong><em><strong>la media deve essere di 30mila al giorno<\/strong> e considerando che ci <\/em><em>sar\u00e0 agosto in cui la vaccinazione cala, noi ci proponiamo di <\/em><em>arrivare in mesi come questo a 35mila al giorno, possibilmente <\/em><em>anche qualcosa di pi\u00f9 al giorno&#8221;.\u00a0<\/em><\/p>\n<p>&nbsp;<\/p>\n","protected":false},"excerpt":{"rendered":"<p>Oggi si potranno prenotare i nati nel 1972 e 1973. La Toscana vuole partire con le vaccinazioni nelle farmacie entro la fine del mese<\/p>\n","protected":false},"author":525,"featured_media":176494,"comment_status":"open","ping_status":"open","sticky":false,"template":"","format":"standard","meta":{"_acf_changed":false,"footnotes":""},"categories":[494],"tags":[418,4700],"class_list":["post-177159","post","type-post","status-publish","format-standard","has-post-thumbnail","hentry","category-attualita","tag-covid-19","tag-vaccini"],"acf":[],"yoast_head":"<!-- This site is optimized with the Yoast SEO Premium plugin v24.2 (Yoast SEO v25.6) - https:\/\/yoast.com\/wordpress\/plugins\/seo\/ -->\n<title>Vaccini, al via le prenotazioni per i 40enni, in arrivo l&#039;accordo con le farmacie - intoscana<\/title>\n<meta name=\"description\" content=\"Oggi al via in Tosacana le prenotazioni dei vaccini per i 40enni, mentre si studia l&#039;accordo per le vaccinazioni in farmacia entro fine mese.\" \/>\n<meta name=\"robots\" content=\"index, follow, max-snippet:-1, max-image-preview:large, max-video-preview:-1\" \/>\n<link rel=\"canonical\" href=\"https:\/\/www.intoscana.it\/it\/vaccini-al-via-le-prenotazioni-per-i-40enni-in-arrivo-laccordo-con-le-farmacie\/\" \/>\n<meta property=\"og:locale\" content=\"it_IT\" \/>\n<meta property=\"og:type\" content=\"article\" \/>\n<meta property=\"og:title\" content=\"Vaccini, al via le prenotazioni per i 40enni, in arrivo l&#039;accordo con le farmacie\" \/>\n<meta property=\"og:description\" content=\"Oggi al via in Tosacana le prenotazioni dei vaccini per i 40enni, mentre si studia l&#039;accordo per le vaccinazioni in farmacia entro fine mese.\" \/>\n<meta property=\"og:url\" content=\"https:\/\/www.intoscana.it\/it\/vaccini-al-via-le-prenotazioni-per-i-40enni-in-arrivo-laccordo-con-le-farmacie\/\" \/>\n<meta property=\"og:site_name\" content=\"intoscana\" \/>\n<meta property=\"article:publisher\" content=\"https:\/\/www.facebook.com\/intoscana.it\" \/>\n<meta property=\"article:published_time\" content=\"2021-05-17T08:24:44+00:00\" \/>\n<meta property=\"article:modified_time\" content=\"2021-05-17T13:24:45+00:00\" \/>\n<meta property=\"og:image\" content=\"https:\/\/www.intoscana.it\/wp-content\/uploads\/vaccini-2-scaled.jpg\" \/>\n\t<meta property=\"og:image:width\" content=\"2048\" \/>\n\t<meta property=\"og:image:height\" content=\"1365\" \/>\n\t<meta property=\"og:image:type\" content=\"image\/jpeg\" \/>\n<meta name=\"author\" content=\"Redazione\" \/>\n<meta name=\"twitter:card\" content=\"summary_large_image\" \/>\n<meta name=\"twitter:creator\" content=\"@intoscana\" \/>\n<meta name=\"twitter:site\" content=\"@intoscana\" \/>\n<meta name=\"twitter:label1\" content=\"Written by\" \/>\n\t<meta name=\"twitter:data1\" content=\"Redazione\" \/>\n\t<meta name=\"twitter:label2\" content=\"Est. reading time\" \/>\n\t<meta name=\"twitter:data2\" content=\"2 minuti\" \/>\n<script type=\"application\/ld+json\" class=\"yoast-schema-graph\">{\"@context\":\"https:\/\/schema.org\",\"@graph\":[{\"@type\":\"WebPage\",\"@id\":\"https:\/\/www.intoscana.it\/it\/vaccini-al-via-le-prenotazioni-per-i-40enni-in-arrivo-laccordo-con-le-farmacie\/\",\"url\":\"https:\/\/www.intoscana.it\/it\/vaccini-al-via-le-prenotazioni-per-i-40enni-in-arrivo-laccordo-con-le-farmacie\/\",\"name\":\"Vaccini, al via le prenotazioni per i 40enni, in arrivo l'accordo con le farmacie - intoscana\",\"isPartOf\":{\"@id\":\"https:\/\/www.intoscana.it\/it\/#website\"},\"primaryImageOfPage\":{\"@id\":\"https:\/\/www.intoscana.it\/it\/vaccini-al-via-le-prenotazioni-per-i-40enni-in-arrivo-laccordo-con-le-farmacie\/#primaryimage\"},\"image\":{\"@id\":\"https:\/\/www.intoscana.it\/it\/vaccini-al-via-le-prenotazioni-per-i-40enni-in-arrivo-laccordo-con-le-farmacie\/#primaryimage\"},\"thumbnailUrl\":\"https:\/\/www.intoscana.it\/wp-content\/uploads\/vaccini-2-scaled.jpg\",\"datePublished\":\"2021-05-17T08:24:44+00:00\",\"dateModified\":\"2021-05-17T13:24:45+00:00\",\"author\":{\"@id\":\"https:\/\/www.intoscana.it\/it\/#\/schema\/person\/9223810753230f20bd670fdd322661f8\"},\"description\":\"Oggi al via in Tosacana le prenotazioni dei vaccini per i 40enni, mentre si studia l'accordo per le vaccinazioni in farmacia entro fine mese.\",\"breadcrumb\":{\"@id\":\"https:\/\/www.intoscana.it\/it\/vaccini-al-via-le-prenotazioni-per-i-40enni-in-arrivo-laccordo-con-le-farmacie\/#breadcrumb\"},\"inLanguage\":\"it-IT\",\"potentialAction\":[{\"@type\":\"ReadAction\",\"target\":[\"https:\/\/www.intoscana.it\/it\/vaccini-al-via-le-prenotazioni-per-i-40enni-in-arrivo-laccordo-con-le-farmacie\/\"]}]},{\"@type\":\"ImageObject\",\"inLanguage\":\"it-IT\",\"@id\":\"https:\/\/www.intoscana.it\/it\/vaccini-al-via-le-prenotazioni-per-i-40enni-in-arrivo-laccordo-con-le-farmacie\/#primaryimage\",\"url\":\"https:\/\/www.intoscana.it\/wp-content\/uploads\/vaccini-2-scaled.jpg\",\"contentUrl\":\"https:\/\/www.intoscana.it\/wp-content\/uploads\/vaccini-2-scaled.jpg\",\"width\":2048,\"height\":1365,\"caption\":\"Vaccini\"},{\"@type\":\"BreadcrumbList\",\"@id\":\"https:\/\/www.intoscana.it\/it\/vaccini-al-via-le-prenotazioni-per-i-40enni-in-arrivo-laccordo-con-le-farmacie\/#breadcrumb\",\"itemListElement\":[{\"@type\":\"ListItem\",\"position\":1,\"name\":\"Home\",\"item\":\"https:\/\/www.intoscana.it\/it\/\"},{\"@type\":\"ListItem\",\"position\":2,\"name\":\"Vaccini, al via le prenotazioni per i 40enni, in arrivo l&#8217;accordo con le farmacie\"}]},{\"@type\":\"WebSite\",\"@id\":\"https:\/\/www.intoscana.it\/it\/#website\",\"url\":\"https:\/\/www.intoscana.it\/it\/\",\"name\":\"intoscana\",\"description\":\"\",\"potentialAction\":[{\"@type\":\"SearchAction\",\"target\":{\"@type\":\"EntryPoint\",\"urlTemplate\":\"https:\/\/www.intoscana.it\/it\/?s={search_term_string}\"},\"query-input\":{\"@type\":\"PropertyValueSpecification\",\"valueRequired\":true,\"valueName\":\"search_term_string\"}}],\"inLanguage\":\"it-IT\"},{\"@type\":\"Person\",\"@id\":\"https:\/\/www.intoscana.it\/it\/#\/schema\/person\/9223810753230f20bd670fdd322661f8\",\"name\":\"Redazione\",\"url\":\"https:\/\/www.intoscana.it\/it\/author\/redazione\/\"}]}<\/script>\n<!-- \/ Yoast SEO Premium plugin. -->","yoast_head_json":{"title":"Vaccini, al via le prenotazioni per i 40enni, in arrivo l'accordo con le farmacie - intoscana","description":"Oggi al via in Tosacana le prenotazioni dei vaccini per i 40enni, mentre si studia l'accordo per le vaccinazioni in farmacia entro fine mese.","robots":{"index":"index","follow":"follow","max-snippet":"max-snippet:-1","max-image-preview":"max-image-preview:large","max-video-preview":"max-video-preview:-1"},"canonical":"https:\/\/www.intoscana.it\/it\/vaccini-al-via-le-prenotazioni-per-i-40enni-in-arrivo-laccordo-con-le-farmacie\/","og_locale":"it_IT","og_type":"article","og_title":"Vaccini, al via le prenotazioni per i 40enni, in arrivo l'accordo con le farmacie","og_description":"Oggi al via in Tosacana le prenotazioni dei vaccini per i 40enni, mentre si studia l'accordo per le vaccinazioni in farmacia entro fine mese.","og_url":"https:\/\/www.intoscana.it\/it\/vaccini-al-via-le-prenotazioni-per-i-40enni-in-arrivo-laccordo-con-le-farmacie\/","og_site_name":"intoscana","article_publisher":"https:\/\/www.facebook.com\/intoscana.it","article_published_time":"2021-05-17T08:24:44+00:00","article_modified_time":"2021-05-17T13:24:45+00:00","og_image":[{"width":2048,"height":1365,"url":"https:\/\/www.intoscana.it\/wp-content\/uploads\/vaccini-2-scaled.jpg","type":"image\/jpeg"}],"author":"Redazione","twitter_card":"summary_large_image","twitter_creator":"@intoscana","twitter_site":"@intoscana","twitter_misc":{"Written by":"Redazione","Est. reading time":"2 minuti"},"schema":{"@context":"https:\/\/schema.org","@graph":[{"@type":"WebPage","@id":"https:\/\/www.intoscana.it\/it\/vaccini-al-via-le-prenotazioni-per-i-40enni-in-arrivo-laccordo-con-le-farmacie\/","url":"https:\/\/www.intoscana.it\/it\/vaccini-al-via-le-prenotazioni-per-i-40enni-in-arrivo-laccordo-con-le-farmacie\/","name":"Vaccini, al via le prenotazioni per i 40enni, in arrivo l'accordo con le farmacie - intoscana","isPartOf":{"@id":"https:\/\/www.intoscana.it\/it\/#website"},"primaryImageOfPage":{"@id":"https:\/\/www.intoscana.it\/it\/vaccini-al-via-le-prenotazioni-per-i-40enni-in-arrivo-laccordo-con-le-farmacie\/#primaryimage"},"image":{"@id":"https:\/\/www.intoscana.it\/it\/vaccini-al-via-le-prenotazioni-per-i-40enni-in-arrivo-laccordo-con-le-farmacie\/#primaryimage"},"thumbnailUrl":"https:\/\/www.intoscana.it\/wp-content\/uploads\/vaccini-2-scaled.jpg","datePublished":"2021-05-17T08:24:44+00:00","dateModified":"2021-05-17T13:24:45+00:00","author":{"@id":"https:\/\/www.intoscana.it\/it\/#\/schema\/person\/9223810753230f20bd670fdd322661f8"},"description":"Oggi al via in Tosacana le prenotazioni dei vaccini per i 40enni, mentre si studia l'accordo per le vaccinazioni in farmacia entro fine mese.","breadcrumb":{"@id":"https:\/\/www.intoscana.it\/it\/vaccini-al-via-le-prenotazioni-per-i-40enni-in-arrivo-laccordo-con-le-farmacie\/#breadcrumb"},"inLanguage":"it-IT","potentialAction":[{"@type":"ReadAction","target":["https:\/\/www.intoscana.it\/it\/vaccini-al-via-le-prenotazioni-per-i-40enni-in-arrivo-laccordo-con-le-farmacie\/"]}]},{"@type":"ImageObject","inLanguage":"it-IT","@id":"https:\/\/www.intoscana.it\/it\/vaccini-al-via-le-prenotazioni-per-i-40enni-in-arrivo-laccordo-con-le-farmacie\/#primaryimage","url":"https:\/\/www.intoscana.it\/wp-content\/uploads\/vaccini-2-scaled.jpg","contentUrl":"https:\/\/www.intoscana.it\/wp-content\/uploads\/vaccini-2-scaled.jpg","width":2048,"height":1365,"caption":"Vaccini"},{"@type":"BreadcrumbList","@id":"https:\/\/www.intoscana.it\/it\/vaccini-al-via-le-prenotazioni-per-i-40enni-in-arrivo-laccordo-con-le-farmacie\/#breadcrumb","itemListElement":[{"@type":"ListItem","position":1,"name":"Home","item":"https:\/\/www.intoscana.it\/it\/"},{"@type":"ListItem","position":2,"name":"Vaccini, al via le prenotazioni per i 40enni, in arrivo l&#8217;accordo con le farmacie"}]},{"@type":"WebSite","@id":"https:\/\/www.intoscana.it\/it\/#website","url":"https:\/\/www.intoscana.it\/it\/","name":"intoscana","description":"","potentialAction":[{"@type":"SearchAction","target":{"@type":"EntryPoint","urlTemplate":"https:\/\/www.intoscana.it\/it\/?s={search_term_string}"},"query-input":{"@type":"PropertyValueSpecification","valueRequired":true,"valueName":"search_term_string"}}],"inLanguage":"it-IT"},{"@type":"Person","@id":"https:\/\/www.intoscana.it\/it\/#\/schema\/person\/9223810753230f20bd670fdd322661f8","name":"Redazione","url":"https:\/\/www.intoscana.it\/it\/author\/redazione\/"}]}},"_links":{"self":[{"href":"https:\/\/www.intoscana.it\/it\/wp-json\/wp\/v2\/posts\/177159","targetHints":{"allow":["GET"]}}],"collection":[{"href":"https:\/\/www.intoscana.it\/it\/wp-json\/wp\/v2\/posts"}],"about":[{"href":"https:\/\/www.intoscana.it\/it\/wp-json\/wp\/v2\/types\/post"}],"author":[{"embeddable":true,"href":"https:\/\/www.intoscana.it\/it\/wp-json\/wp\/v2\/users\/525"}],"replies":[{"embeddable":true,"href":"https:\/\/www.intoscana.it\/it\/wp-json\/wp\/v2\/comments?post=177159"}],"version-history":[{"count":0,"href":"https:\/\/www.intoscana.it\/it\/wp-json\/wp\/v2\/posts\/177159\/revisions"}],"wp:featuredmedia":[{"embeddable":true,"href":"https:\/\/www.intoscana.it\/it\/wp-json\/wp\/v2\/media\/176494"}],"wp:attachment":[{"href":"https:\/\/www.intoscana.it\/it\/wp-json\/wp\/v2\/media?parent=177159"}],"wp:term":[{"taxonomy":"category","embeddable":true,"href":"https:\/\/www.intoscana.it\/it\/wp-json\/wp\/v2\/categories?post=177159"},{"taxonomy":"post_tag","embeddable":true,"href":"https:\/\/www.intoscana.it\/it\/wp-json\/wp\/v2\/tags?post=177159"}],"curies":[{"name":"wp","href":"https:\/\/api.w.org\/{rel}","templated":true}]}}