{"id":177324,"date":"2021-05-18T11:34:51","date_gmt":"2021-05-18T09:34:51","guid":{"rendered":"https:\/\/www.intoscana.it\/it\/?p=177324"},"modified":"2022-11-14T23:46:17","modified_gmt":"2022-11-14T22:46:17","slug":"toscana-contro-omofobia-citta-spuntano-panchine-arcobaleno","status":"publish","type":"post","link":"https:\/\/www.intoscana.it\/it\/toscana-contro-omofobia-citta-spuntano-panchine-arcobaleno\/","title":{"rendered":"Toscana contro l&#8217;omofobia, e nelle citt\u00e0 spuntano tante panchine arcobaleno"},"content":{"rendered":"<p><em>\u201cRibadiamo l\u2019impegno della Toscana per i diritti, contro le discriminazioni, le violenze e i discorsi di odio. Per costruire una societ\u00e0 aperta e libera dai pregiudizi&#8221;.<\/em> \u00c8 questo, in sintesi, il messaggio dell\u2019assessora alle pari opportunit\u00e0 della Regione Toscana, <strong>Alessandra Nardini<\/strong>, in occasione della <a href=\"https:\/\/it.wikipedia.org\/wiki\/Giornata_internazionale_contro_l%27omofobia,_la_bifobia_e_la_transfobia\" target=\"_blank\" rel=\"noopener\">giornata mondiale contro omofobia, lesbofobia, transfobia e bifobia<\/a> (IDAHOTB, International Day against homophobia, transphobia and biphobia) che si celebrata il 17 maggio. <em>&#8220;<mark>Le tantissime iniziative in tutta la regione, il lavoro di molte amministrazione comunali e provinciali che sempre pi\u00f9, oltre 70, hanno aderito alla rete nazionale Re.a.dy.<\/mark><\/em> &#8211; ha aggiunto Nardini &#8211; <em>e che in molte hanno sottoscritto l&#8217;appello che abbiamo promosso per l\u2019approvazione del Ddl Zan, la recente decisione della giunta regionale di continuare a sostenere sui territori attivit\u00e0 di sensibilizzazione e promozione di una cultura di uguaglianza testimoniano ancora una volta che la battaglia contro le discriminazioni fa parte del codice genetico della nostra Regione&#8221;.<\/em> L\u2019assessora era a Cascina all\u2019inaugurazione di una panchina &#8220;arcobaleno&#8221; installata dall&#8217;amministrazione comunale in corso Matteotti. Poi ha partecipato ad una analoga inaugurazione a Scandicci, insieme ad amministratrici e amministratori comunali e al consigliere regionale <strong>Fausto Merlotti<\/strong>.<\/p>\n<h3>Mobilitati in difesa dei diritti<\/h3>\n<p>Il messaggio di Nardini arriva in una giornata in cui <strong>i colori della bandiera &#8220;rainbow&#8221; si diffondono in tanti luoghi della Toscana<\/strong>. Numerose sono infatti le amministrazioni locali che assieme alla Regione Toscana si sono mobilitate per celebrare una data storica per i diritti Lgbtqia+, scelta per ricordare il giorno in cui nel 1990 l\u2019Organizzazione mondiale della sanit\u00e0 cancell\u00f2 l\u2019omosessualit\u00e0 dalla lista delle malattie mentali. <mark>Una mobilitazione che \u00e8 il segno della crescita continua delle adesioni delle amministrazioni locali toscane alla rete Re.a.dy, la rete italiana &#8211; di cui la Toscana \u00e8 fondatrice &#8211; delle Regioni, Province Autonome ed enti locali impegnati per la prevenzione e il contrasto delle discriminazioni per orientamento sessuale e identit\u00e0 di genere<\/mark> e che quest\u2019anno ha lanciato una campagna contro l\u2019hate speech con un duplice claim: \u201cIo non uso parole d\u2019odio e tu?\u201d e \u201cQui non c\u2019\u00e8 posto per le parole d\u2019odio\u201d. <strong>Sono oltre 70 gli enti locali che fanno parte di Re.a.dy.<\/strong> Ci sono comuni capoluogo come Firenze, Livorno, Lucca, Pistoia e Prato, ci sono la Citt\u00e0 Metropolitana di Firenze e cinque province (Arezzo, Pisa, Pistoia, Prato, Siena), assieme a tantissimi altri Comuni da nord a sud della Toscana.<\/p>\n<p><iframe loading=\"lazy\" title=\"YouTube video player\" src=\"https:\/\/www.youtube.com\/embed\/DOl9kJzw688\" width=\"800\" height=\"447\" frameborder=\"0\" allowfullscreen=\"allowfullscreen\"><span style=\"display: inline-block; width: 0px; overflow: hidden; line-height: 0;\" data-mce-type=\"bookmark\" class=\"mce_SELRES_start\">\ufeff<\/span><\/iframe><\/p>\n<h3>Contro le discriminazioni<\/h3>\n<p><span class=\"citazione\">&#8220;Nel 2004 la Toscana \u00e8 stata la prima Regione a dotarsi di una legge contro le discriminazioni basate su orientamento sessuale e identit\u00e0 di genere&#8221;<\/span><\/p>\n<p>La Regione Toscana, sul proprio sito web e sui canali social, ha pubblicato un video che raccoglie le immagini dagli enti locali toscani aderenti alla <a href=\"http:\/\/www.reteready.org\/\" target=\"_blank\" rel=\"noopener\">rete Re.a.dy<\/a> e alla campagna pensata dalla rete per l\u2019edizione 2021 della giornata. Risale, poi, ad alcuni giorni fa <mark>l\u2019approvazione da parte della giunta di una accordo da 100 mila euro con gli enti locali toscani della rete per consolidare il network di Re.a.dy sul territorio, sostenendo attraverso contributi economici la realizzazione di attivit\u00e0 di sensibilizzazione e informazione<\/mark> e a rafforzare la rete delle pubbliche amministrazioni impegnate nella promozione dei diritti. L\u2019atto prevede anche un contributo straordinario al Comune di Volterra che nel prossimo autunno ospiter\u00e0 l&#8217;incontro annuale di Re.a.dy. <em>\u201cLa Toscana<\/em> &#8211; conclude Nardini &#8211; <em>nel 2004 \u00e8 stata la prima Regione a dotarsi di una legge contro le discriminazioni basate su orientamento sessuale e identit\u00e0 di genere. Anche per questo oggi torna a far sentire la propria voce perch\u00e9 il nostro Paese introduca nel proprio ordinamento norme e misure previste dal ddl Zan\u201d.<\/em><\/p>\n<h3>Le citt\u00e0 colorate<\/h3>\n<p>E cos\u00ec, ieri, la bandiera arcobaleno \u00e8 stata stesa sulla facciata di <strong>Palazzo Strozzi Sacrati<\/strong>, sede della presidenza della Regione, a Firenze. Il presidente della Regione <strong>Eugenio Giani<\/strong> e l&#8217;assessora alle pari opportinit\u00e0 <strong>Alessandra Nardini<\/strong>, al termine della giunta, hanno srotolato lo stendardo dal balcone al piano nobile, sulla sulla facciata del palazzo in piazza Duomo, per ricordare l&#8217;impegno della Toscana per i diritti e contro ogni forma di discriminazione. Luci arcobaleno anche all&#8217;<strong>ex Cavallerizza di Lucca<\/strong>, che ha come tante altre citt\u00e0 toscane ha inaugurato anche una panchina con gli stessi colori in piazza Napoleone. \u00c8 accaduto a Lucca come a <strong>Firenze<\/strong> (una panchina arcobaleno \u00e8 stata installata nel cortile della Uisp di via Francesco Bocchi), <strong>Reggello<\/strong> (piazza Aldo Moro) ed <strong>Empoli<\/strong> (Pozzale, in Via Valdorme Nuova).<\/p>\n","protected":false},"excerpt":{"rendered":"<p>Da Lucca a Reggello, da Empoli a Scandicci, fino a Firenze. Sono tante le citt\u00e0 toscane che si sono tinte coi colori dell&#8217;arcobaleno in occasione della giornata mondiale contro l&#8217;omofobia<\/p>\n","protected":false},"author":525,"featured_media":177332,"comment_status":"open","ping_status":"open","sticky":false,"template":"","format":"standard","meta":{"_acf_changed":false,"footnotes":""},"categories":[494],"tags":[4533,5449,4695,205],"class_list":["post-177324","post","type-post","status-publish","format-standard","has-post-thumbnail","hentry","category-attualita","tag-diritti","tag-discriminazione","tag-gbtq","tag-rete"],"acf":[],"yoast_head":"<!-- This site is optimized with the Yoast SEO Premium plugin v24.2 (Yoast SEO v25.6) - https:\/\/yoast.com\/wordpress\/plugins\/seo\/ -->\n<title>Toscana contro l&#039;omofobia, e nelle citt\u00e0 spuntano tante panchine arcobaleno - intoscana<\/title>\n<meta name=\"description\" content=\"Da Lucca a Reggello, da Empoli a Scandicci, fino a Firenze. Sono tante le citt\u00e0 toscane che si sono tinte coi colori dell&#039;arcobaleno in occasione della giornata mondiale contro l&#039;omofobia\" \/>\n<meta name=\"robots\" content=\"index, follow, max-snippet:-1, max-image-preview:large, max-video-preview:-1\" \/>\n<link rel=\"canonical\" href=\"https:\/\/www.intoscana.it\/it\/toscana-contro-omofobia-citta-spuntano-panchine-arcobaleno\/\" \/>\n<meta property=\"og:locale\" content=\"it_IT\" \/>\n<meta property=\"og:type\" content=\"article\" \/>\n<meta property=\"og:title\" content=\"Toscana contro l&#039;omofobia, e nelle citt\u00e0 spuntano tante panchine arcobaleno\" \/>\n<meta property=\"og:description\" content=\"Da Lucca a Reggello, da Empoli a Scandicci, fino a Firenze. Sono tante le citt\u00e0 toscane che si sono tinte coi colori dell&#039;arcobaleno in occasione della giornata mondiale contro l&#039;omofobia\" \/>\n<meta property=\"og:url\" content=\"https:\/\/www.intoscana.it\/it\/toscana-contro-omofobia-citta-spuntano-panchine-arcobaleno\/\" \/>\n<meta property=\"og:site_name\" content=\"intoscana\" \/>\n<meta property=\"article:publisher\" content=\"https:\/\/www.facebook.com\/intoscana.it\" \/>\n<meta property=\"article:published_time\" content=\"2021-05-18T09:34:51+00:00\" \/>\n<meta property=\"article:modified_time\" content=\"2022-11-14T22:46:17+00:00\" \/>\n<meta property=\"og:image\" content=\"https:\/\/www.intoscana.it\/wp-content\/uploads\/Panchina-arcobaleno-a-Scandicci.jpg\" \/>\n\t<meta property=\"og:image:width\" content=\"1000\" \/>\n\t<meta property=\"og:image:height\" content=\"563\" \/>\n\t<meta property=\"og:image:type\" content=\"image\/jpeg\" \/>\n<meta name=\"author\" content=\"Redazione\" \/>\n<meta name=\"twitter:card\" content=\"summary_large_image\" \/>\n<meta name=\"twitter:creator\" content=\"@intoscana\" \/>\n<meta name=\"twitter:site\" content=\"@intoscana\" \/>\n<meta name=\"twitter:label1\" content=\"Written by\" \/>\n\t<meta name=\"twitter:data1\" content=\"Redazione\" \/>\n\t<meta name=\"twitter:label2\" content=\"Est. reading time\" \/>\n\t<meta name=\"twitter:data2\" content=\"4 minuti\" \/>\n<script type=\"application\/ld+json\" class=\"yoast-schema-graph\">{\"@context\":\"https:\/\/schema.org\",\"@graph\":[{\"@type\":\"WebPage\",\"@id\":\"https:\/\/www.intoscana.it\/it\/toscana-contro-omofobia-citta-spuntano-panchine-arcobaleno\/\",\"url\":\"https:\/\/www.intoscana.it\/it\/toscana-contro-omofobia-citta-spuntano-panchine-arcobaleno\/\",\"name\":\"Toscana contro l'omofobia, e nelle citt\u00e0 spuntano tante panchine arcobaleno - intoscana\",\"isPartOf\":{\"@id\":\"https:\/\/www.intoscana.it\/it\/#website\"},\"primaryImageOfPage\":{\"@id\":\"https:\/\/www.intoscana.it\/it\/toscana-contro-omofobia-citta-spuntano-panchine-arcobaleno\/#primaryimage\"},\"image\":{\"@id\":\"https:\/\/www.intoscana.it\/it\/toscana-contro-omofobia-citta-spuntano-panchine-arcobaleno\/#primaryimage\"},\"thumbnailUrl\":\"https:\/\/www.intoscana.it\/wp-content\/uploads\/Panchina-arcobaleno-a-Scandicci.jpg\",\"datePublished\":\"2021-05-18T09:34:51+00:00\",\"dateModified\":\"2022-11-14T22:46:17+00:00\",\"author\":{\"@id\":\"https:\/\/www.intoscana.it\/it\/#\/schema\/person\/9223810753230f20bd670fdd322661f8\"},\"description\":\"Da Lucca a Reggello, da Empoli a Scandicci, fino a Firenze. Sono tante le citt\u00e0 toscane che si sono tinte coi colori dell'arcobaleno in occasione della giornata mondiale contro l'omofobia\",\"breadcrumb\":{\"@id\":\"https:\/\/www.intoscana.it\/it\/toscana-contro-omofobia-citta-spuntano-panchine-arcobaleno\/#breadcrumb\"},\"inLanguage\":\"it-IT\",\"potentialAction\":[{\"@type\":\"ReadAction\",\"target\":[\"https:\/\/www.intoscana.it\/it\/toscana-contro-omofobia-citta-spuntano-panchine-arcobaleno\/\"]}]},{\"@type\":\"ImageObject\",\"inLanguage\":\"it-IT\",\"@id\":\"https:\/\/www.intoscana.it\/it\/toscana-contro-omofobia-citta-spuntano-panchine-arcobaleno\/#primaryimage\",\"url\":\"https:\/\/www.intoscana.it\/wp-content\/uploads\/Panchina-arcobaleno-a-Scandicci.jpg\",\"contentUrl\":\"https:\/\/www.intoscana.it\/wp-content\/uploads\/Panchina-arcobaleno-a-Scandicci.jpg\",\"width\":1000,\"height\":563},{\"@type\":\"BreadcrumbList\",\"@id\":\"https:\/\/www.intoscana.it\/it\/toscana-contro-omofobia-citta-spuntano-panchine-arcobaleno\/#breadcrumb\",\"itemListElement\":[{\"@type\":\"ListItem\",\"position\":1,\"name\":\"Home\",\"item\":\"https:\/\/www.intoscana.it\/it\/\"},{\"@type\":\"ListItem\",\"position\":2,\"name\":\"Toscana contro l&#8217;omofobia, e nelle citt\u00e0 spuntano tante panchine arcobaleno\"}]},{\"@type\":\"WebSite\",\"@id\":\"https:\/\/www.intoscana.it\/it\/#website\",\"url\":\"https:\/\/www.intoscana.it\/it\/\",\"name\":\"intoscana\",\"description\":\"\",\"potentialAction\":[{\"@type\":\"SearchAction\",\"target\":{\"@type\":\"EntryPoint\",\"urlTemplate\":\"https:\/\/www.intoscana.it\/it\/?s={search_term_string}\"},\"query-input\":{\"@type\":\"PropertyValueSpecification\",\"valueRequired\":true,\"valueName\":\"search_term_string\"}}],\"inLanguage\":\"it-IT\"},{\"@type\":\"Person\",\"@id\":\"https:\/\/www.intoscana.it\/it\/#\/schema\/person\/9223810753230f20bd670fdd322661f8\",\"name\":\"Redazione\",\"url\":\"https:\/\/www.intoscana.it\/it\/author\/redazione\/\"}]}<\/script>\n<!-- \/ Yoast SEO Premium plugin. -->","yoast_head_json":{"title":"Toscana contro l'omofobia, e nelle citt\u00e0 spuntano tante panchine arcobaleno - intoscana","description":"Da Lucca a Reggello, da Empoli a Scandicci, fino a Firenze. Sono tante le citt\u00e0 toscane che si sono tinte coi colori dell'arcobaleno in occasione della giornata mondiale contro l'omofobia","robots":{"index":"index","follow":"follow","max-snippet":"max-snippet:-1","max-image-preview":"max-image-preview:large","max-video-preview":"max-video-preview:-1"},"canonical":"https:\/\/www.intoscana.it\/it\/toscana-contro-omofobia-citta-spuntano-panchine-arcobaleno\/","og_locale":"it_IT","og_type":"article","og_title":"Toscana contro l'omofobia, e nelle citt\u00e0 spuntano tante panchine arcobaleno","og_description":"Da Lucca a Reggello, da Empoli a Scandicci, fino a Firenze. Sono tante le citt\u00e0 toscane che si sono tinte coi colori dell'arcobaleno in occasione della giornata mondiale contro l'omofobia","og_url":"https:\/\/www.intoscana.it\/it\/toscana-contro-omofobia-citta-spuntano-panchine-arcobaleno\/","og_site_name":"intoscana","article_publisher":"https:\/\/www.facebook.com\/intoscana.it","article_published_time":"2021-05-18T09:34:51+00:00","article_modified_time":"2022-11-14T22:46:17+00:00","og_image":[{"width":1000,"height":563,"url":"https:\/\/www.intoscana.it\/wp-content\/uploads\/Panchina-arcobaleno-a-Scandicci.jpg","type":"image\/jpeg"}],"author":"Redazione","twitter_card":"summary_large_image","twitter_creator":"@intoscana","twitter_site":"@intoscana","twitter_misc":{"Written by":"Redazione","Est. reading time":"4 minuti"},"schema":{"@context":"https:\/\/schema.org","@graph":[{"@type":"WebPage","@id":"https:\/\/www.intoscana.it\/it\/toscana-contro-omofobia-citta-spuntano-panchine-arcobaleno\/","url":"https:\/\/www.intoscana.it\/it\/toscana-contro-omofobia-citta-spuntano-panchine-arcobaleno\/","name":"Toscana contro l'omofobia, e nelle citt\u00e0 spuntano tante panchine arcobaleno - intoscana","isPartOf":{"@id":"https:\/\/www.intoscana.it\/it\/#website"},"primaryImageOfPage":{"@id":"https:\/\/www.intoscana.it\/it\/toscana-contro-omofobia-citta-spuntano-panchine-arcobaleno\/#primaryimage"},"image":{"@id":"https:\/\/www.intoscana.it\/it\/toscana-contro-omofobia-citta-spuntano-panchine-arcobaleno\/#primaryimage"},"thumbnailUrl":"https:\/\/www.intoscana.it\/wp-content\/uploads\/Panchina-arcobaleno-a-Scandicci.jpg","datePublished":"2021-05-18T09:34:51+00:00","dateModified":"2022-11-14T22:46:17+00:00","author":{"@id":"https:\/\/www.intoscana.it\/it\/#\/schema\/person\/9223810753230f20bd670fdd322661f8"},"description":"Da Lucca a Reggello, da Empoli a Scandicci, fino a Firenze. Sono tante le citt\u00e0 toscane che si sono tinte coi colori dell'arcobaleno in occasione della giornata mondiale contro l'omofobia","breadcrumb":{"@id":"https:\/\/www.intoscana.it\/it\/toscana-contro-omofobia-citta-spuntano-panchine-arcobaleno\/#breadcrumb"},"inLanguage":"it-IT","potentialAction":[{"@type":"ReadAction","target":["https:\/\/www.intoscana.it\/it\/toscana-contro-omofobia-citta-spuntano-panchine-arcobaleno\/"]}]},{"@type":"ImageObject","inLanguage":"it-IT","@id":"https:\/\/www.intoscana.it\/it\/toscana-contro-omofobia-citta-spuntano-panchine-arcobaleno\/#primaryimage","url":"https:\/\/www.intoscana.it\/wp-content\/uploads\/Panchina-arcobaleno-a-Scandicci.jpg","contentUrl":"https:\/\/www.intoscana.it\/wp-content\/uploads\/Panchina-arcobaleno-a-Scandicci.jpg","width":1000,"height":563},{"@type":"BreadcrumbList","@id":"https:\/\/www.intoscana.it\/it\/toscana-contro-omofobia-citta-spuntano-panchine-arcobaleno\/#breadcrumb","itemListElement":[{"@type":"ListItem","position":1,"name":"Home","item":"https:\/\/www.intoscana.it\/it\/"},{"@type":"ListItem","position":2,"name":"Toscana contro l&#8217;omofobia, e nelle citt\u00e0 spuntano tante panchine arcobaleno"}]},{"@type":"WebSite","@id":"https:\/\/www.intoscana.it\/it\/#website","url":"https:\/\/www.intoscana.it\/it\/","name":"intoscana","description":"","potentialAction":[{"@type":"SearchAction","target":{"@type":"EntryPoint","urlTemplate":"https:\/\/www.intoscana.it\/it\/?s={search_term_string}"},"query-input":{"@type":"PropertyValueSpecification","valueRequired":true,"valueName":"search_term_string"}}],"inLanguage":"it-IT"},{"@type":"Person","@id":"https:\/\/www.intoscana.it\/it\/#\/schema\/person\/9223810753230f20bd670fdd322661f8","name":"Redazione","url":"https:\/\/www.intoscana.it\/it\/author\/redazione\/"}]}},"_links":{"self":[{"href":"https:\/\/www.intoscana.it\/it\/wp-json\/wp\/v2\/posts\/177324","targetHints":{"allow":["GET"]}}],"collection":[{"href":"https:\/\/www.intoscana.it\/it\/wp-json\/wp\/v2\/posts"}],"about":[{"href":"https:\/\/www.intoscana.it\/it\/wp-json\/wp\/v2\/types\/post"}],"author":[{"embeddable":true,"href":"https:\/\/www.intoscana.it\/it\/wp-json\/wp\/v2\/users\/525"}],"replies":[{"embeddable":true,"href":"https:\/\/www.intoscana.it\/it\/wp-json\/wp\/v2\/comments?post=177324"}],"version-history":[{"count":0,"href":"https:\/\/www.intoscana.it\/it\/wp-json\/wp\/v2\/posts\/177324\/revisions"}],"wp:featuredmedia":[{"embeddable":true,"href":"https:\/\/www.intoscana.it\/it\/wp-json\/wp\/v2\/media\/177332"}],"wp:attachment":[{"href":"https:\/\/www.intoscana.it\/it\/wp-json\/wp\/v2\/media?parent=177324"}],"wp:term":[{"taxonomy":"category","embeddable":true,"href":"https:\/\/www.intoscana.it\/it\/wp-json\/wp\/v2\/categories?post=177324"},{"taxonomy":"post_tag","embeddable":true,"href":"https:\/\/www.intoscana.it\/it\/wp-json\/wp\/v2\/tags?post=177324"}],"curies":[{"name":"wp","href":"https:\/\/api.w.org\/{rel}","templated":true}]}}