{"id":178184,"date":"2021-05-25T17:17:44","date_gmt":"2021-05-25T15:17:44","guid":{"rendered":"https:\/\/www.intoscana.it\/it\/?p=178184"},"modified":"2021-05-26T13:56:26","modified_gmt":"2021-05-26T11:56:26","slug":"vaccini-la-regione-sigla-laccordo-con-medici-e-farmacie-per-accelerare-sulle-somministrazioni","status":"publish","type":"post","link":"https:\/\/www.intoscana.it\/it\/vaccini-la-regione-sigla-laccordo-con-medici-e-farmacie-per-accelerare-sulle-somministrazioni\/","title":{"rendered":"Vaccini, la Regione sigla l&#8217;accordo con medici e farmacie per accelerare sulle somministrazioni"},"content":{"rendered":"<p class=\"p1\"><strong><span class=\"s1\">Approvati tre accordi con medici di medicina generale, farmacie e odontoiatri della Toscana<\/span><\/strong><span class=\"s1\"><strong> per la campagna vaccinale anti-Covid. La ratifica \u00e8 arrivata dalla Giunta regionale<\/strong> ed entreranno subito in vigore. Medici di medicina generale, quindi, in campo dalla prossima settimana, cos\u00ec come la collaborazioni degli odontoiatri negli hub. <strong>Per le farmacie &#8211; ha aderito al momento circa il 60% delle 1200 totali\u00a0 &#8211; si dovr\u00e0 aspettare il\u00a0 15 giugno.<\/strong><\/span><\/p>\n<p class=\"p1\"><span class=\"s1\">I medici di famiglia utilizzeranno nelle prime settimane il monodose Johnson&amp;Johnson: la priorit\u00e0 sar\u00e0 data agli over60, <em>&#8220;con la possibilit\u00e0 poi di estendere la somministrazione sulla base delle forniture e dell&#8217;evoluzione del piano delineato da Figliuolo&#8221;<\/em>, ha precisato <strong>l&#8217;assessore alla Sanit\u00e0 Simone Bezzini<\/strong> che ha presentato il triplice accordo insieme al presidente <strong>Eugenio Giani<\/strong>. <\/span>I cittadini potranno rivolgersi direttamente al medico oppure sar\u00e0 il medico stesso a chiamarli. Nella seconda fase, di cui il tavolo tecnico che l\u2019accordo prevede di costituire definir\u00e0 i tempi, sar\u00e0 la volta del vaccino <strong>Pfizer e di tutti gli under 60<\/strong> (o di chiunque sia sfuggito alla vaccinazione delle categorie fino ad oggi in agenda). In questo caso ci si dovr\u00e0 per\u00f2 prenotare attraverso <a href=\"https:\/\/prenotavaccino.sanita.toscana.it\/#\/home\">il portale unico regionale<\/a> , da cui si potr\u00e0 scegliere il proprio medico. \u00a0Le vaccinazioni si svolgeranno in studio, a domicilio oppure in strutture messe a disposizione dalle Asl.<\/p>\n<p class=\"p1\"><span class=\"s1\"><strong>La vera novit\u00e0 per\u00f2\u00a0 \u00e8 il coinvolgimento\u00a0 delle farmacie pubbliche e private che garantiranno una maggiore capillarit\u00e0, soprattutto per gli over 60.<\/strong> Verr\u00e0 utilizzato<\/span>\u00a0Johnson &amp; Johnson e Astrazeneca, in base alle disponibilit\u00e0. Si partir\u00e0 in modo graduale. La lista delle farmacie che si renderanno disponibili sar\u00e0 dunque via via aggiornata. Per il cittadino usufruire del servizio sar\u00e0 comunque semplice: <strong>ci si prenota direttamente in farmacia, senza passare dal portale regionale.<\/strong> E in farmacia &#8211; anche in quelle che non effettueranno vaccinazioni &#8211;\u00a0 ci si potr\u00e0 prenotare in ogni caso per gli hub, se pi\u00f9 comodo. Un modo per venire incontro a chi non dispone di un computer a casa o di un accesso ad internet o\u00a0 ha difficolt\u00e0 a farlo.<\/p>\n<h3><em>Obiettivo: immunit\u00e0 di gregge a settembre<\/em><\/h3>\n<p class=\"p1\"><span class=\"s1\"><em><strong>&#8220;Sar\u00e0 il salto di qualit\u00e0&#8221;<\/strong><\/em> nella campagna vaccinale, annuncia il presidente Eugenio Giani. <em>&#8220;Nel mese di giugno verranno quasi raddoppiate le dosi di vaccino alle regioni. E quindi ecco che la nostra capacit\u00e0\u00a0 vaccinale viene ad essere implementata proprio dall&#8217;aiuto che medici di base, farmacisti e odontoiatri&#8221;.<\/em><\/span><\/p>\n<p class=\"p1\"><span class=\"s1\">Tra pochi giorni dovrebbe quindi partire la fase successiva, quella di massa, con l&#8217;incognita dosi in consegna ancora da chiarire. <em>&#8220;Nella seconda parte della campagna vaccinale <\/em>&#8211; ha aggiunto Giani &#8211;<em>, non ce la facciamo da soli con gli hub pubblici ad arrivare all&#8217;obiettivo dell&#8217;immunit\u00e0 al\u00a0 30 settembre. Fondamentale \u00e8 una sinergia. Ringrazio di cuore la disponibilit\u00e0 delle categorie&#8221;.<\/em><\/span><\/p>\n<p>L\u2019accordo con i medici di medicina generale vede la sottoscrizione di Fimmg e Snami. L\u2019intesa sulle farmacie raccoglie la firma di Federfarma Toscana e Confservizi Cispel Toscana e quella per gli odontaiatri dell\u2019Ordine dei Medici Chirurghi e degli Odontoiatri della Regione Toscana e dell\u2019Associazione Nazionale Dentisti Italiani.<\/p>\n<h3><em>I prossimi passi della campagna vaccinale: capacit\u00e0 a 50mila dosi al giorno e prenotazioni last minute<\/em><\/h3>\n<p><strong>Ieri intanto sono state somministrate pi\u00f9 di 33mila dosi &#8220;e con maggiori forniture l&#8217;organizzazione \u00e8 gi\u00e0 pronta per superare le 50mila&#8221;,<\/strong>\u00a0dice Giani. Ad oggi le somministrati superano 1 milione e 921mila dosi.<\/p>\n<p class=\"p1\"><span class=\"s1\">E<\/span><span class=\"s1\">ntro la fine di questa settimana, per tutti\u00a0 gli over40, sar\u00e0 attivata anche\u00a0<strong> la modalit\u00e0 &#8220;last minute&#8221; di prenotazione\u00a0 sul portale regionale, che dar\u00e0 agli utenti la possibilit\u00e0 di prenotare la somministrazione entro le 24 ore successive. <\/strong><\/span><span class=\"s1\">\u00a0Ogni giorno, nel tardo pomeriggio,\u00a0 sul portale regionale sar\u00e0 aperta una finestra con le dosi disponibili per il giorno successivo. La disponibilit\u00e0 di dosi \u00e8 legata a eventuali disdette. Si potr\u00e0 scegliere\u00a0 l&#8217;hub e prenotare la somministrazione per il giorno dopo. L&#8217;eventuale appuntamento gi\u00e0 preso verr\u00e0 cancellato automaticamente.<\/span><\/p>\n","protected":false},"excerpt":{"rendered":"<p>Coinvolti anche gli odontoiatri negli hub. Entro il fine settimana via alle prenotazioni last minute. Il presidente Giani: &#8220;Sar\u00e0 il salto di qualit\u00e0 nella campagna vaccinale&#8221;.<\/p>\n","protected":false},"author":525,"featured_media":168160,"comment_status":"open","ping_status":"open","sticky":false,"template":"","format":"standard","meta":{"_acf_changed":false,"footnotes":""},"categories":[494],"tags":[418,4700],"class_list":["post-178184","post","type-post","status-publish","format-standard","has-post-thumbnail","hentry","category-attualita","tag-covid-19","tag-vaccini"],"acf":[],"yoast_head":"<!-- This site is optimized with the Yoast SEO Premium plugin v24.2 (Yoast SEO v25.6) - https:\/\/yoast.com\/wordpress\/plugins\/seo\/ -->\n<title>Vaccini, la Regione sigla l&#039;accordo con medici e farmacie per accelerare sulle somministrazioni - intoscana<\/title>\n<meta name=\"description\" content=\"Coinvolti anche gli odontoiatri negli hub. Entro il fine settimana via alle prenotazioni last minute. Il presidente Giani: &quot;Sar\u00e0 il salto di qualit\u00e0 nella campagna vaccinale&quot;.\" \/>\n<meta name=\"robots\" content=\"index, follow, max-snippet:-1, max-image-preview:large, max-video-preview:-1\" \/>\n<link rel=\"canonical\" href=\"https:\/\/www.intoscana.it\/it\/vaccini-la-regione-sigla-laccordo-con-medici-e-farmacie-per-accelerare-sulle-somministrazioni\/\" \/>\n<meta property=\"og:locale\" content=\"it_IT\" \/>\n<meta property=\"og:type\" content=\"article\" \/>\n<meta property=\"og:title\" content=\"Vaccini, la Regione sigla l&#039;accordo con medici e farmacie per accelerare sulle somministrazioni\" \/>\n<meta property=\"og:description\" content=\"Coinvolti anche gli odontoiatri negli hub. Entro il fine settimana via alle prenotazioni last minute. Il presidente Giani: &quot;Sar\u00e0 il salto di qualit\u00e0 nella campagna vaccinale&quot;.\" \/>\n<meta property=\"og:url\" content=\"https:\/\/www.intoscana.it\/it\/vaccini-la-regione-sigla-laccordo-con-medici-e-farmacie-per-accelerare-sulle-somministrazioni\/\" \/>\n<meta property=\"og:site_name\" content=\"intoscana\" \/>\n<meta property=\"article:publisher\" content=\"https:\/\/www.facebook.com\/intoscana.it\" \/>\n<meta property=\"article:published_time\" content=\"2021-05-25T15:17:44+00:00\" \/>\n<meta property=\"article:modified_time\" content=\"2021-05-26T11:56:26+00:00\" \/>\n<meta property=\"og:image\" content=\"https:\/\/www.intoscana.it\/wp-content\/uploads\/Vaccini-in-Toscana.jpg\" \/>\n\t<meta property=\"og:image:width\" content=\"1890\" \/>\n\t<meta property=\"og:image:height\" content=\"1890\" \/>\n\t<meta property=\"og:image:type\" content=\"image\/jpeg\" \/>\n<meta name=\"author\" content=\"Redazione\" \/>\n<meta name=\"twitter:card\" content=\"summary_large_image\" \/>\n<meta name=\"twitter:creator\" content=\"@intoscana\" \/>\n<meta name=\"twitter:site\" content=\"@intoscana\" \/>\n<meta name=\"twitter:label1\" content=\"Written by\" \/>\n\t<meta name=\"twitter:data1\" content=\"Redazione\" \/>\n\t<meta name=\"twitter:label2\" content=\"Est. reading time\" \/>\n\t<meta name=\"twitter:data2\" content=\"3 minuti\" \/>\n<script type=\"application\/ld+json\" class=\"yoast-schema-graph\">{\"@context\":\"https:\/\/schema.org\",\"@graph\":[{\"@type\":\"WebPage\",\"@id\":\"https:\/\/www.intoscana.it\/it\/vaccini-la-regione-sigla-laccordo-con-medici-e-farmacie-per-accelerare-sulle-somministrazioni\/\",\"url\":\"https:\/\/www.intoscana.it\/it\/vaccini-la-regione-sigla-laccordo-con-medici-e-farmacie-per-accelerare-sulle-somministrazioni\/\",\"name\":\"Vaccini, la Regione sigla l'accordo con medici e farmacie per accelerare sulle somministrazioni - intoscana\",\"isPartOf\":{\"@id\":\"https:\/\/www.intoscana.it\/it\/#website\"},\"primaryImageOfPage\":{\"@id\":\"https:\/\/www.intoscana.it\/it\/vaccini-la-regione-sigla-laccordo-con-medici-e-farmacie-per-accelerare-sulle-somministrazioni\/#primaryimage\"},\"image\":{\"@id\":\"https:\/\/www.intoscana.it\/it\/vaccini-la-regione-sigla-laccordo-con-medici-e-farmacie-per-accelerare-sulle-somministrazioni\/#primaryimage\"},\"thumbnailUrl\":\"https:\/\/www.intoscana.it\/wp-content\/uploads\/Vaccini-in-Toscana.jpg\",\"datePublished\":\"2021-05-25T15:17:44+00:00\",\"dateModified\":\"2021-05-26T11:56:26+00:00\",\"author\":{\"@id\":\"https:\/\/www.intoscana.it\/it\/#\/schema\/person\/9223810753230f20bd670fdd322661f8\"},\"description\":\"Coinvolti anche gli odontoiatri negli hub. Entro il fine settimana via alle prenotazioni last minute. Il presidente Giani: \\\"Sar\u00e0 il salto di qualit\u00e0 nella campagna vaccinale\\\".\",\"breadcrumb\":{\"@id\":\"https:\/\/www.intoscana.it\/it\/vaccini-la-regione-sigla-laccordo-con-medici-e-farmacie-per-accelerare-sulle-somministrazioni\/#breadcrumb\"},\"inLanguage\":\"it-IT\",\"potentialAction\":[{\"@type\":\"ReadAction\",\"target\":[\"https:\/\/www.intoscana.it\/it\/vaccini-la-regione-sigla-laccordo-con-medici-e-farmacie-per-accelerare-sulle-somministrazioni\/\"]}]},{\"@type\":\"ImageObject\",\"inLanguage\":\"it-IT\",\"@id\":\"https:\/\/www.intoscana.it\/it\/vaccini-la-regione-sigla-laccordo-con-medici-e-farmacie-per-accelerare-sulle-somministrazioni\/#primaryimage\",\"url\":\"https:\/\/www.intoscana.it\/wp-content\/uploads\/Vaccini-in-Toscana.jpg\",\"contentUrl\":\"https:\/\/www.intoscana.it\/wp-content\/uploads\/Vaccini-in-Toscana.jpg\",\"width\":1890,\"height\":1890,\"caption\":\"Vaccini in Toscana\"},{\"@type\":\"BreadcrumbList\",\"@id\":\"https:\/\/www.intoscana.it\/it\/vaccini-la-regione-sigla-laccordo-con-medici-e-farmacie-per-accelerare-sulle-somministrazioni\/#breadcrumb\",\"itemListElement\":[{\"@type\":\"ListItem\",\"position\":1,\"name\":\"Home\",\"item\":\"https:\/\/www.intoscana.it\/it\/\"},{\"@type\":\"ListItem\",\"position\":2,\"name\":\"Vaccini, la Regione sigla l&#8217;accordo con medici e farmacie per accelerare sulle somministrazioni\"}]},{\"@type\":\"WebSite\",\"@id\":\"https:\/\/www.intoscana.it\/it\/#website\",\"url\":\"https:\/\/www.intoscana.it\/it\/\",\"name\":\"intoscana\",\"description\":\"\",\"potentialAction\":[{\"@type\":\"SearchAction\",\"target\":{\"@type\":\"EntryPoint\",\"urlTemplate\":\"https:\/\/www.intoscana.it\/it\/?s={search_term_string}\"},\"query-input\":{\"@type\":\"PropertyValueSpecification\",\"valueRequired\":true,\"valueName\":\"search_term_string\"}}],\"inLanguage\":\"it-IT\"},{\"@type\":\"Person\",\"@id\":\"https:\/\/www.intoscana.it\/it\/#\/schema\/person\/9223810753230f20bd670fdd322661f8\",\"name\":\"Redazione\",\"url\":\"https:\/\/www.intoscana.it\/it\/author\/redazione\/\"}]}<\/script>\n<!-- \/ Yoast SEO Premium plugin. -->","yoast_head_json":{"title":"Vaccini, la Regione sigla l'accordo con medici e farmacie per accelerare sulle somministrazioni - intoscana","description":"Coinvolti anche gli odontoiatri negli hub. Entro il fine settimana via alle prenotazioni last minute. Il presidente Giani: \"Sar\u00e0 il salto di qualit\u00e0 nella campagna vaccinale\".","robots":{"index":"index","follow":"follow","max-snippet":"max-snippet:-1","max-image-preview":"max-image-preview:large","max-video-preview":"max-video-preview:-1"},"canonical":"https:\/\/www.intoscana.it\/it\/vaccini-la-regione-sigla-laccordo-con-medici-e-farmacie-per-accelerare-sulle-somministrazioni\/","og_locale":"it_IT","og_type":"article","og_title":"Vaccini, la Regione sigla l'accordo con medici e farmacie per accelerare sulle somministrazioni","og_description":"Coinvolti anche gli odontoiatri negli hub. Entro il fine settimana via alle prenotazioni last minute. Il presidente Giani: \"Sar\u00e0 il salto di qualit\u00e0 nella campagna vaccinale\".","og_url":"https:\/\/www.intoscana.it\/it\/vaccini-la-regione-sigla-laccordo-con-medici-e-farmacie-per-accelerare-sulle-somministrazioni\/","og_site_name":"intoscana","article_publisher":"https:\/\/www.facebook.com\/intoscana.it","article_published_time":"2021-05-25T15:17:44+00:00","article_modified_time":"2021-05-26T11:56:26+00:00","og_image":[{"width":1890,"height":1890,"url":"https:\/\/www.intoscana.it\/wp-content\/uploads\/Vaccini-in-Toscana.jpg","type":"image\/jpeg"}],"author":"Redazione","twitter_card":"summary_large_image","twitter_creator":"@intoscana","twitter_site":"@intoscana","twitter_misc":{"Written by":"Redazione","Est. reading time":"3 minuti"},"schema":{"@context":"https:\/\/schema.org","@graph":[{"@type":"WebPage","@id":"https:\/\/www.intoscana.it\/it\/vaccini-la-regione-sigla-laccordo-con-medici-e-farmacie-per-accelerare-sulle-somministrazioni\/","url":"https:\/\/www.intoscana.it\/it\/vaccini-la-regione-sigla-laccordo-con-medici-e-farmacie-per-accelerare-sulle-somministrazioni\/","name":"Vaccini, la Regione sigla l'accordo con medici e farmacie per accelerare sulle somministrazioni - intoscana","isPartOf":{"@id":"https:\/\/www.intoscana.it\/it\/#website"},"primaryImageOfPage":{"@id":"https:\/\/www.intoscana.it\/it\/vaccini-la-regione-sigla-laccordo-con-medici-e-farmacie-per-accelerare-sulle-somministrazioni\/#primaryimage"},"image":{"@id":"https:\/\/www.intoscana.it\/it\/vaccini-la-regione-sigla-laccordo-con-medici-e-farmacie-per-accelerare-sulle-somministrazioni\/#primaryimage"},"thumbnailUrl":"https:\/\/www.intoscana.it\/wp-content\/uploads\/Vaccini-in-Toscana.jpg","datePublished":"2021-05-25T15:17:44+00:00","dateModified":"2021-05-26T11:56:26+00:00","author":{"@id":"https:\/\/www.intoscana.it\/it\/#\/schema\/person\/9223810753230f20bd670fdd322661f8"},"description":"Coinvolti anche gli odontoiatri negli hub. Entro il fine settimana via alle prenotazioni last minute. Il presidente Giani: \"Sar\u00e0 il salto di qualit\u00e0 nella campagna vaccinale\".","breadcrumb":{"@id":"https:\/\/www.intoscana.it\/it\/vaccini-la-regione-sigla-laccordo-con-medici-e-farmacie-per-accelerare-sulle-somministrazioni\/#breadcrumb"},"inLanguage":"it-IT","potentialAction":[{"@type":"ReadAction","target":["https:\/\/www.intoscana.it\/it\/vaccini-la-regione-sigla-laccordo-con-medici-e-farmacie-per-accelerare-sulle-somministrazioni\/"]}]},{"@type":"ImageObject","inLanguage":"it-IT","@id":"https:\/\/www.intoscana.it\/it\/vaccini-la-regione-sigla-laccordo-con-medici-e-farmacie-per-accelerare-sulle-somministrazioni\/#primaryimage","url":"https:\/\/www.intoscana.it\/wp-content\/uploads\/Vaccini-in-Toscana.jpg","contentUrl":"https:\/\/www.intoscana.it\/wp-content\/uploads\/Vaccini-in-Toscana.jpg","width":1890,"height":1890,"caption":"Vaccini in Toscana"},{"@type":"BreadcrumbList","@id":"https:\/\/www.intoscana.it\/it\/vaccini-la-regione-sigla-laccordo-con-medici-e-farmacie-per-accelerare-sulle-somministrazioni\/#breadcrumb","itemListElement":[{"@type":"ListItem","position":1,"name":"Home","item":"https:\/\/www.intoscana.it\/it\/"},{"@type":"ListItem","position":2,"name":"Vaccini, la Regione sigla l&#8217;accordo con medici e farmacie per accelerare sulle somministrazioni"}]},{"@type":"WebSite","@id":"https:\/\/www.intoscana.it\/it\/#website","url":"https:\/\/www.intoscana.it\/it\/","name":"intoscana","description":"","potentialAction":[{"@type":"SearchAction","target":{"@type":"EntryPoint","urlTemplate":"https:\/\/www.intoscana.it\/it\/?s={search_term_string}"},"query-input":{"@type":"PropertyValueSpecification","valueRequired":true,"valueName":"search_term_string"}}],"inLanguage":"it-IT"},{"@type":"Person","@id":"https:\/\/www.intoscana.it\/it\/#\/schema\/person\/9223810753230f20bd670fdd322661f8","name":"Redazione","url":"https:\/\/www.intoscana.it\/it\/author\/redazione\/"}]}},"_links":{"self":[{"href":"https:\/\/www.intoscana.it\/it\/wp-json\/wp\/v2\/posts\/178184","targetHints":{"allow":["GET"]}}],"collection":[{"href":"https:\/\/www.intoscana.it\/it\/wp-json\/wp\/v2\/posts"}],"about":[{"href":"https:\/\/www.intoscana.it\/it\/wp-json\/wp\/v2\/types\/post"}],"author":[{"embeddable":true,"href":"https:\/\/www.intoscana.it\/it\/wp-json\/wp\/v2\/users\/525"}],"replies":[{"embeddable":true,"href":"https:\/\/www.intoscana.it\/it\/wp-json\/wp\/v2\/comments?post=178184"}],"version-history":[{"count":0,"href":"https:\/\/www.intoscana.it\/it\/wp-json\/wp\/v2\/posts\/178184\/revisions"}],"wp:featuredmedia":[{"embeddable":true,"href":"https:\/\/www.intoscana.it\/it\/wp-json\/wp\/v2\/media\/168160"}],"wp:attachment":[{"href":"https:\/\/www.intoscana.it\/it\/wp-json\/wp\/v2\/media?parent=178184"}],"wp:term":[{"taxonomy":"category","embeddable":true,"href":"https:\/\/www.intoscana.it\/it\/wp-json\/wp\/v2\/categories?post=178184"},{"taxonomy":"post_tag","embeddable":true,"href":"https:\/\/www.intoscana.it\/it\/wp-json\/wp\/v2\/tags?post=178184"}],"curies":[{"name":"wp","href":"https:\/\/api.w.org\/{rel}","templated":true}]}}