{"id":178455,"date":"2021-05-27T14:25:17","date_gmt":"2021-05-27T12:25:17","guid":{"rendered":"https:\/\/www.intoscana.it\/it\/?p=178455"},"modified":"2021-05-27T15:01:01","modified_gmt":"2021-05-27T13:01:01","slug":"e-morta-carla-fracci-laddio-della-toscana-alla-leggenda-della-danza","status":"publish","type":"post","link":"https:\/\/www.intoscana.it\/it\/e-morta-carla-fracci-laddio-della-toscana-alla-leggenda-della-danza\/","title":{"rendered":"\u00c8 morta Carla Fracci: l&#8217;addio della Toscana alla leggenda della danza"},"content":{"rendered":"<p><strong>Si \u00e8 spenta oggi nella sua casa Milano all&#8217;et\u00e0 di 84 anni (ne avrebbe compiuto 85 ad agosto) Carla Fracci.<\/strong> La leggenda della danza era molto legata alla Toscana, aveva anche ricoperto la carica di <strong>assessore alla cultura della Provincia di Firenze<\/strong> dal 2009 al 2014 e nel 2008 aveva ricevuto le Chiavi della citt\u00e0 di Firenze,\u00a0il prestigioso riconoscimento attribuito dal Comune.<\/p>\n<h3>Il cordoglio di Nardella e Giani<\/h3>\n<p><em>&#8220;Apprendo con dolore della morte <\/em><em>di Carla Fracci, la nostra stella nell&#8217;arte incantatrice della <\/em><em>danza. Mi stringo ai suoi cari e ricordo in lei anche<\/em><br \/>\n<em>l&#8217;amministratrice, assessora alla cultura nella Provincia di <\/em><em>Firenze che<strong> svilupp\u00f2 legami con la Russia, prese le parti dei <\/strong><\/em><strong><em>bambini Saharawi, l&#8217;impegno per la salvaguardia del Maggio <\/em><\/strong><em><strong>Musicale Fiorentino.<\/strong> Sono solo tre espressioni di un impegno <\/em><em>portato avanti con discrezione e autorevolezza&#8221; <\/em>ha ricordato oggi il sindaco di Firenze e della Citt\u00e0 metropolitana fiorentina Dario Nardella.<\/p>\n<p><em>&#8220;Ho stretto un bel legame di amicizia con Carla Fracci e nel <\/em><em>corso degli anni ho avuto modo di collaborare spesso con lei &#8211; <\/em>aggiunge Nardella &#8211; <em>coltivando insieme la passione per la buona amministrazione, per la musica, per la cultura che fa crescere <\/em><em>il senso di un&#8217;appartenenza comune fondata su ci\u00f2 che dura&#8221;.<\/em><\/p>\n<p><em><strong> &#8220;Ci lascia la regina della danza.<\/strong> Legata da sempre alla Toscana, anche da assessore provinciale di Firenze, hai contribuito a creare cultura ed eleganza, grazie Carla Fracci&#8221;<\/em> ha commentato il presidente della Regione Toscana Eugenio Giani.<\/p>\n<h3>L&#8217;addio del sovrintendente del Maggio Fiorentino<\/h3>\n<p><em> &#8220;Carla Fracci ha creato parte <\/em><em>della storia del ballo del Teatro alla Scala di Milano. Tutti i <\/em><em>primi ballerini di oggi hanno guardato alla Fracci, hanno sempre <\/em><em>avuto la sua arte in mente, oggi noi perdiamo una persona molto, <\/em><em>molto importante&#8221; <\/em>ha dichiarato il sovrintendente del teatro del Maggio<br \/>\nmusicale fiorentino, <strong>Alexander Pereira,<\/strong> ricordando la ballerina.<\/p>\n<p><strong><em>&#8220;Ha sempre lottato per difendere il corpo di ballo<\/em> &#8211; ha aggiunto Pereira &#8211;<em> era una persona che si \u00e8 sempre spesa per <\/em><\/strong><em><strong>cercare di salvare le compagnie di ballo, anche quando c&#8217;era la <\/strong><\/em><strong><em>moda di chiuderle<\/em>&#8220;<\/strong>.<br \/>\nPereira, ex sovrintendete alla Scala di Milano, ricorda che Carla Fracci era &#8220;<em>sempre molto fine, aveva <\/em><em>la fragilezza della prima ballerina, ma allo stesso tempo <\/em><em>mostrava la chiarezza di sapere esattamente quello che voleva <\/em><em>artisticamente. Lei veniva alla Scala non solo per le prime del <\/em><em>corpo di ballo, ma era anche un&#8217;appassionata della lirica&#8221;.<\/em><\/p>\n","protected":false},"excerpt":{"rendered":"<p>Si \u00e8 spenta oggi a Milano a 84 anni l&#8217;\u00e9toile della Scala: aveva ricoperto la carica di assessore alla cultura della Provincia di Firenze per cinque anni<\/p>\n","protected":false},"author":525,"featured_media":178458,"comment_status":"open","ping_status":"open","sticky":false,"template":"","format":"standard","meta":{"_acf_changed":false,"footnotes":""},"categories":[494],"tags":[5564,202],"class_list":["post-178455","post","type-post","status-publish","format-standard","has-post-thumbnail","hentry","category-attualita","tag-danza","tag-firenze"],"acf":[],"yoast_head":"<!-- This site is optimized with the Yoast SEO Premium plugin v24.2 (Yoast SEO v25.6) - https:\/\/yoast.com\/wordpress\/plugins\/seo\/ -->\n<title>\u00c8 morta Carla Fracci: l&#039;addio della Toscana alla leggenda della danza - intoscana<\/title>\n<meta name=\"description\" content=\"La Toscana saluta Carla Fracci, la grande ballerina simbolo della danza nel mondo si \u00e8 spenta oggi all&#039;et\u00e0 di 84 anni a Milano.\" \/>\n<meta name=\"robots\" content=\"index, follow, max-snippet:-1, max-image-preview:large, max-video-preview:-1\" \/>\n<link rel=\"canonical\" href=\"https:\/\/www.intoscana.it\/it\/e-morta-carla-fracci-laddio-della-toscana-alla-leggenda-della-danza\/\" \/>\n<meta property=\"og:locale\" content=\"it_IT\" \/>\n<meta property=\"og:type\" content=\"article\" \/>\n<meta property=\"og:title\" content=\"\u00c8 morta Carla Fracci: l&#039;addio della Toscana alla leggenda della danza\" \/>\n<meta property=\"og:description\" content=\"La Toscana saluta Carla Fracci, la grande ballerina simbolo della danza nel mondo si \u00e8 spenta oggi all&#039;et\u00e0 di 84 anni a Milano.\" \/>\n<meta property=\"og:url\" content=\"https:\/\/www.intoscana.it\/it\/e-morta-carla-fracci-laddio-della-toscana-alla-leggenda-della-danza\/\" \/>\n<meta property=\"og:site_name\" content=\"intoscana\" \/>\n<meta property=\"article:publisher\" content=\"https:\/\/www.facebook.com\/intoscana.it\" \/>\n<meta property=\"article:published_time\" content=\"2021-05-27T12:25:17+00:00\" \/>\n<meta property=\"article:modified_time\" content=\"2021-05-27T13:01:01+00:00\" \/>\n<meta property=\"og:image\" content=\"https:\/\/www.intoscana.it\/wp-content\/uploads\/FONDTOSCANA1_202105271340178_e9a881b88b6ca02b96ee29114bc8eee7-scaled.jpg\" \/>\n\t<meta property=\"og:image:width\" content=\"2048\" \/>\n\t<meta property=\"og:image:height\" content=\"1365\" \/>\n\t<meta property=\"og:image:type\" content=\"image\/jpeg\" \/>\n<meta name=\"author\" content=\"Redazione\" \/>\n<meta name=\"twitter:card\" content=\"summary_large_image\" \/>\n<meta name=\"twitter:creator\" content=\"@intoscana\" \/>\n<meta name=\"twitter:site\" content=\"@intoscana\" \/>\n<meta name=\"twitter:label1\" content=\"Written by\" \/>\n\t<meta name=\"twitter:data1\" content=\"Redazione\" \/>\n\t<meta name=\"twitter:label2\" content=\"Est. reading time\" \/>\n\t<meta name=\"twitter:data2\" content=\"2 minuti\" \/>\n<script type=\"application\/ld+json\" class=\"yoast-schema-graph\">{\"@context\":\"https:\/\/schema.org\",\"@graph\":[{\"@type\":\"WebPage\",\"@id\":\"https:\/\/www.intoscana.it\/it\/e-morta-carla-fracci-laddio-della-toscana-alla-leggenda-della-danza\/\",\"url\":\"https:\/\/www.intoscana.it\/it\/e-morta-carla-fracci-laddio-della-toscana-alla-leggenda-della-danza\/\",\"name\":\"\u00c8 morta Carla Fracci: l'addio della Toscana alla leggenda della danza - intoscana\",\"isPartOf\":{\"@id\":\"https:\/\/www.intoscana.it\/it\/#website\"},\"primaryImageOfPage\":{\"@id\":\"https:\/\/www.intoscana.it\/it\/e-morta-carla-fracci-laddio-della-toscana-alla-leggenda-della-danza\/#primaryimage\"},\"image\":{\"@id\":\"https:\/\/www.intoscana.it\/it\/e-morta-carla-fracci-laddio-della-toscana-alla-leggenda-della-danza\/#primaryimage\"},\"thumbnailUrl\":\"https:\/\/www.intoscana.it\/wp-content\/uploads\/FONDTOSCANA1_202105271340178_e9a881b88b6ca02b96ee29114bc8eee7-scaled.jpg\",\"datePublished\":\"2021-05-27T12:25:17+00:00\",\"dateModified\":\"2021-05-27T13:01:01+00:00\",\"author\":{\"@id\":\"https:\/\/www.intoscana.it\/it\/#\/schema\/person\/9223810753230f20bd670fdd322661f8\"},\"description\":\"La Toscana saluta Carla Fracci, la grande ballerina simbolo della danza nel mondo si \u00e8 spenta oggi all'et\u00e0 di 84 anni a Milano.\",\"breadcrumb\":{\"@id\":\"https:\/\/www.intoscana.it\/it\/e-morta-carla-fracci-laddio-della-toscana-alla-leggenda-della-danza\/#breadcrumb\"},\"inLanguage\":\"it-IT\",\"potentialAction\":[{\"@type\":\"ReadAction\",\"target\":[\"https:\/\/www.intoscana.it\/it\/e-morta-carla-fracci-laddio-della-toscana-alla-leggenda-della-danza\/\"]}]},{\"@type\":\"ImageObject\",\"inLanguage\":\"it-IT\",\"@id\":\"https:\/\/www.intoscana.it\/it\/e-morta-carla-fracci-laddio-della-toscana-alla-leggenda-della-danza\/#primaryimage\",\"url\":\"https:\/\/www.intoscana.it\/wp-content\/uploads\/FONDTOSCANA1_202105271340178_e9a881b88b6ca02b96ee29114bc8eee7-scaled.jpg\",\"contentUrl\":\"https:\/\/www.intoscana.it\/wp-content\/uploads\/FONDTOSCANA1_202105271340178_e9a881b88b6ca02b96ee29114bc8eee7-scaled.jpg\",\"width\":2048,\"height\":1365,\"caption\":\"Carla Fracci\"},{\"@type\":\"BreadcrumbList\",\"@id\":\"https:\/\/www.intoscana.it\/it\/e-morta-carla-fracci-laddio-della-toscana-alla-leggenda-della-danza\/#breadcrumb\",\"itemListElement\":[{\"@type\":\"ListItem\",\"position\":1,\"name\":\"Home\",\"item\":\"https:\/\/www.intoscana.it\/it\/\"},{\"@type\":\"ListItem\",\"position\":2,\"name\":\"\u00c8 morta Carla Fracci: l&#8217;addio della Toscana alla leggenda della danza\"}]},{\"@type\":\"WebSite\",\"@id\":\"https:\/\/www.intoscana.it\/it\/#website\",\"url\":\"https:\/\/www.intoscana.it\/it\/\",\"name\":\"intoscana\",\"description\":\"\",\"potentialAction\":[{\"@type\":\"SearchAction\",\"target\":{\"@type\":\"EntryPoint\",\"urlTemplate\":\"https:\/\/www.intoscana.it\/it\/?s={search_term_string}\"},\"query-input\":{\"@type\":\"PropertyValueSpecification\",\"valueRequired\":true,\"valueName\":\"search_term_string\"}}],\"inLanguage\":\"it-IT\"},{\"@type\":\"Person\",\"@id\":\"https:\/\/www.intoscana.it\/it\/#\/schema\/person\/9223810753230f20bd670fdd322661f8\",\"name\":\"Redazione\",\"url\":\"https:\/\/www.intoscana.it\/it\/author\/redazione\/\"}]}<\/script>\n<!-- \/ Yoast SEO Premium plugin. -->","yoast_head_json":{"title":"\u00c8 morta Carla Fracci: l'addio della Toscana alla leggenda della danza - intoscana","description":"La Toscana saluta Carla Fracci, la grande ballerina simbolo della danza nel mondo si \u00e8 spenta oggi all'et\u00e0 di 84 anni a Milano.","robots":{"index":"index","follow":"follow","max-snippet":"max-snippet:-1","max-image-preview":"max-image-preview:large","max-video-preview":"max-video-preview:-1"},"canonical":"https:\/\/www.intoscana.it\/it\/e-morta-carla-fracci-laddio-della-toscana-alla-leggenda-della-danza\/","og_locale":"it_IT","og_type":"article","og_title":"\u00c8 morta Carla Fracci: l'addio della Toscana alla leggenda della danza","og_description":"La Toscana saluta Carla Fracci, la grande ballerina simbolo della danza nel mondo si \u00e8 spenta oggi all'et\u00e0 di 84 anni a Milano.","og_url":"https:\/\/www.intoscana.it\/it\/e-morta-carla-fracci-laddio-della-toscana-alla-leggenda-della-danza\/","og_site_name":"intoscana","article_publisher":"https:\/\/www.facebook.com\/intoscana.it","article_published_time":"2021-05-27T12:25:17+00:00","article_modified_time":"2021-05-27T13:01:01+00:00","og_image":[{"width":2048,"height":1365,"url":"https:\/\/www.intoscana.it\/wp-content\/uploads\/FONDTOSCANA1_202105271340178_e9a881b88b6ca02b96ee29114bc8eee7-scaled.jpg","type":"image\/jpeg"}],"author":"Redazione","twitter_card":"summary_large_image","twitter_creator":"@intoscana","twitter_site":"@intoscana","twitter_misc":{"Written by":"Redazione","Est. reading time":"2 minuti"},"schema":{"@context":"https:\/\/schema.org","@graph":[{"@type":"WebPage","@id":"https:\/\/www.intoscana.it\/it\/e-morta-carla-fracci-laddio-della-toscana-alla-leggenda-della-danza\/","url":"https:\/\/www.intoscana.it\/it\/e-morta-carla-fracci-laddio-della-toscana-alla-leggenda-della-danza\/","name":"\u00c8 morta Carla Fracci: l'addio della Toscana alla leggenda della danza - intoscana","isPartOf":{"@id":"https:\/\/www.intoscana.it\/it\/#website"},"primaryImageOfPage":{"@id":"https:\/\/www.intoscana.it\/it\/e-morta-carla-fracci-laddio-della-toscana-alla-leggenda-della-danza\/#primaryimage"},"image":{"@id":"https:\/\/www.intoscana.it\/it\/e-morta-carla-fracci-laddio-della-toscana-alla-leggenda-della-danza\/#primaryimage"},"thumbnailUrl":"https:\/\/www.intoscana.it\/wp-content\/uploads\/FONDTOSCANA1_202105271340178_e9a881b88b6ca02b96ee29114bc8eee7-scaled.jpg","datePublished":"2021-05-27T12:25:17+00:00","dateModified":"2021-05-27T13:01:01+00:00","author":{"@id":"https:\/\/www.intoscana.it\/it\/#\/schema\/person\/9223810753230f20bd670fdd322661f8"},"description":"La Toscana saluta Carla Fracci, la grande ballerina simbolo della danza nel mondo si \u00e8 spenta oggi all'et\u00e0 di 84 anni a Milano.","breadcrumb":{"@id":"https:\/\/www.intoscana.it\/it\/e-morta-carla-fracci-laddio-della-toscana-alla-leggenda-della-danza\/#breadcrumb"},"inLanguage":"it-IT","potentialAction":[{"@type":"ReadAction","target":["https:\/\/www.intoscana.it\/it\/e-morta-carla-fracci-laddio-della-toscana-alla-leggenda-della-danza\/"]}]},{"@type":"ImageObject","inLanguage":"it-IT","@id":"https:\/\/www.intoscana.it\/it\/e-morta-carla-fracci-laddio-della-toscana-alla-leggenda-della-danza\/#primaryimage","url":"https:\/\/www.intoscana.it\/wp-content\/uploads\/FONDTOSCANA1_202105271340178_e9a881b88b6ca02b96ee29114bc8eee7-scaled.jpg","contentUrl":"https:\/\/www.intoscana.it\/wp-content\/uploads\/FONDTOSCANA1_202105271340178_e9a881b88b6ca02b96ee29114bc8eee7-scaled.jpg","width":2048,"height":1365,"caption":"Carla Fracci"},{"@type":"BreadcrumbList","@id":"https:\/\/www.intoscana.it\/it\/e-morta-carla-fracci-laddio-della-toscana-alla-leggenda-della-danza\/#breadcrumb","itemListElement":[{"@type":"ListItem","position":1,"name":"Home","item":"https:\/\/www.intoscana.it\/it\/"},{"@type":"ListItem","position":2,"name":"\u00c8 morta Carla Fracci: l&#8217;addio della Toscana alla leggenda della danza"}]},{"@type":"WebSite","@id":"https:\/\/www.intoscana.it\/it\/#website","url":"https:\/\/www.intoscana.it\/it\/","name":"intoscana","description":"","potentialAction":[{"@type":"SearchAction","target":{"@type":"EntryPoint","urlTemplate":"https:\/\/www.intoscana.it\/it\/?s={search_term_string}"},"query-input":{"@type":"PropertyValueSpecification","valueRequired":true,"valueName":"search_term_string"}}],"inLanguage":"it-IT"},{"@type":"Person","@id":"https:\/\/www.intoscana.it\/it\/#\/schema\/person\/9223810753230f20bd670fdd322661f8","name":"Redazione","url":"https:\/\/www.intoscana.it\/it\/author\/redazione\/"}]}},"_links":{"self":[{"href":"https:\/\/www.intoscana.it\/it\/wp-json\/wp\/v2\/posts\/178455","targetHints":{"allow":["GET"]}}],"collection":[{"href":"https:\/\/www.intoscana.it\/it\/wp-json\/wp\/v2\/posts"}],"about":[{"href":"https:\/\/www.intoscana.it\/it\/wp-json\/wp\/v2\/types\/post"}],"author":[{"embeddable":true,"href":"https:\/\/www.intoscana.it\/it\/wp-json\/wp\/v2\/users\/525"}],"replies":[{"embeddable":true,"href":"https:\/\/www.intoscana.it\/it\/wp-json\/wp\/v2\/comments?post=178455"}],"version-history":[{"count":0,"href":"https:\/\/www.intoscana.it\/it\/wp-json\/wp\/v2\/posts\/178455\/revisions"}],"wp:featuredmedia":[{"embeddable":true,"href":"https:\/\/www.intoscana.it\/it\/wp-json\/wp\/v2\/media\/178458"}],"wp:attachment":[{"href":"https:\/\/www.intoscana.it\/it\/wp-json\/wp\/v2\/media?parent=178455"}],"wp:term":[{"taxonomy":"category","embeddable":true,"href":"https:\/\/www.intoscana.it\/it\/wp-json\/wp\/v2\/categories?post=178455"},{"taxonomy":"post_tag","embeddable":true,"href":"https:\/\/www.intoscana.it\/it\/wp-json\/wp\/v2\/tags?post=178455"}],"curies":[{"name":"wp","href":"https:\/\/api.w.org\/{rel}","templated":true}]}}