{"id":178520,"date":"2021-05-27T17:25:04","date_gmt":"2021-05-27T15:25:04","guid":{"rendered":"https:\/\/www.intoscana.it\/it\/?p=178520"},"modified":"2021-05-28T07:42:13","modified_gmt":"2021-05-28T05:42:13","slug":"la-marcia-virtuale-dei-ragazzi-contro-il-cyberbullismo-torna-liniziativa-di-oxfam-e-regione-toscana","status":"publish","type":"post","link":"https:\/\/www.intoscana.it\/it\/la-marcia-virtuale-dei-ragazzi-contro-il-cyberbullismo-torna-liniziativa-di-oxfam-e-regione-toscana\/","title":{"rendered":"La Marcia virtuale contro il cyberbullismo: torna l&#8217;iniziativa di Oxfam e Regione Toscana"},"content":{"rendered":"<p><strong>Firenze \u00e8 pronta ad accogliere per la terza volta la Marcia dei Diritti Umani, organizzata da Oxfam insieme a Regione Toscana,\u00a0 Fondazione Sistema Toscana e al Comune di Firenze con il Quartiere 5<\/strong>.\u00a0 Lo far\u00e0 nelle modalit\u00e0 e con le regole a cui la pandemia ci ha abituato, ma non per questo sar\u00e0 meno sentita e partecipata. Ancora presto per le folle del 2019, con oltre 2mila persone per le strade di Firenze, sar\u00e0 <strong>in <a href=\"https:\/\/www.youtube.com\/watch?v=F0QQbe6n9eM\">diretta streaming<\/a> a partire dalle 9.45\u00a0 dal parco San Donato<\/strong>.<\/p>\n<p><strong>Il cyberbullismo, le minacce del web e le aggressioni attraverso i social saranno al centro dell&#8217;evento<\/strong> &#8211;\u00a0 che rientra nel pi\u00f9 ampio progetto\u00a0 \u201cWalk the Global Walk\u201d &#8211; e che coinvolger\u00e0 <strong>700 studenti e 50 docenti<\/strong> collegati via web.<\/p>\n<p style=\"text-align: center;\"><iframe loading=\"lazy\" title=\"YouTube video player\" src=\"https:\/\/www.youtube.com\/embed\/lX5clxZr2Oo\" width=\"400\" height=\"200\" frameborder=\"0\" allowfullscreen=\"allowfullscreen\"><span data-mce-type=\"bookmark\" style=\"display: inline-block; width: 0px; overflow: hidden; line-height: 0;\" class=\"mce_SELRES_start\">\ufeff<\/span><\/iframe><\/p>\n<h3><em>Le testimonianze dei ragazzi e l&#8217;allegria di &#8220;Cecco e Cipo&#8221;<\/em><\/h3>\n<p><a href=\"https:\/\/www.oxfamitalia.org\/wp-content\/uploads\/2021\/05\/Programma_Marcia-per-lo-sviluppo-sostenibile-2021-.pdf\">Ricco il programma<\/a>. Dopo i saluti dell\u2019assessora regionale all\u2019istruzione, con delega alla promozione dei diritti umani <strong>Alessandra Nardini,\u00a0<\/strong>della responsabile campagne di Oxfam Italia,\u00a0<strong>Elisa Bacciotti, <\/strong>e dell\u2019assessore alle Politiche giovanili del Comune di Firenze, <strong>Cosimo Guccione, <\/strong>sono previsti gli interventi dell\u2019avvocato <strong>Paolo Russo<\/strong>, dell\u2019associazione <strong>\u201cContraJ\u00f9s\u201d<\/strong>, della psicologa <strong>Tiziana Barchiesi <\/strong>e di <strong>Francesco Inguscio<\/strong> della start-up legaltech <strong>\u201cChi Odia Paga\u201d<\/strong>, impegnata nel sostegno alle vittime di bullismo. Ci saranno<strong> le testimonianze dei ragazzi<\/strong> e poi l&#8217;esibizione dei cantautori empolesi <strong>\u201cCecco e Cipo\u201d<\/strong>.<\/p>\n<p>Il collettivo di <strong>writer 400 drops\u00a0<\/strong>realizzer\u00e0 in diretta un murale, che rimarr\u00e0 a testimoniare l\u2019impegno dei ragazzi durante l\u2019ultimo difficilissimo anno scolastico.<\/p>\n<h3><em><strong>Un percorso lungo un anno<\/strong><\/em><\/h3>\n<p>Una marcia nata nei mesi di didattica a distanza, con tutte le difficolt\u00e0 che questi mesi hanno portato, e che avr\u00e0 venerd\u00ec 28 maggio il suo momento conclusivo. Protagonisti gli studenti e i docenti di <strong>10 scuole<\/strong> di <strong>Arezzo, Firenze, Livorno, Massa Pisa, Prato e Siena<\/strong> che hanno lavorato da gennaio ad oggi a progetti e iniziative ispirate\u00a0 ai temi posti dall\u2019Obiettivo di Sviluppo Sostenibile numero 16 delle Nazioni Unite, ossia \u201cPace, Giustizia e Istituzioni Solide\u201d. In particolare, nel corso della mattinata, gli studenti dell\u2019IIS Barsanti di Massa, dell\u2019ITGC \u201cFermi\u201d di Pontedera e della scuola media \u201cBartolena\u201d di Livorno racconteranno la propria esperienza.<\/p>\n<p><em>\u201cNella situazione che stiamo vivendo<\/em>\u00a0\u2013\u00a0<strong>dichiara l&#8217;assessora regionale, Alessandra Nardini <\/strong>\u00a0&#8211; <em>confrontarsi con le giovani generazioni sul cyberbullismo e sui discorsi di odio in rete ci \u00e8 sembrata la maniera pi\u00f9 adeguata e efficace per declinare le questioni della pace, della giustizia e della lotta alle discriminazioni in questa fase cos\u00ec particolare e complessa&#8221;<\/em><\/p>\n<figure id=\"post-178522 media-178522\" class=\"align-none\"><img decoding=\"async\" src=\"https:\/\/www.intoscana.it\/wp-content\/uploads\/oxfam317-scaled.jpg\" alt=\"\" \/><\/figure>\n<div class=\"titleimg\" style=\"text-align: center;\"><em>La marcia del 2019<\/em><\/div>\n<p><em>\u201cSar\u00e0 un momento in cui i ragazzi di tutta la Toscana potranno rincontrarsi e \u201cmarciare insieme\u201d, anche se solo in modo virtuale, per manifestare la loro volont\u00e0 di costruire un mondo di pace, a partire dal loro quotidiano <\/em>\u2013 aggiunge\u00a0<strong>Elisa Bacciotti<\/strong>\u00a0responsabile campagne di Oxfam Italia\u00a0\u2013<em>\u00a0Per questo la Marcia \u00e8 dedicata\u00a0alla lotta al bullismo e al cyberbullismo: un comportamento violento di cui sono vittime tanti ragazzi e ragazze, ancor di pi\u00f9 oggi dopo l\u2019anno e mezzo di isolamento fisico dai loro coetanei, in quel \u201cdistanziamento sociale\u201d che rischia di renderli ancora pi\u00f9 vulnerabili a dinamiche di odio in rete&#8221;.<\/em><\/p>\n<p>&nbsp;<\/p>\n<p>&nbsp;<\/p>\n<p>&nbsp;<\/p>\n","protected":false},"excerpt":{"rendered":"<p>700 studenti e 50 docenti collegati in streaming\u00a0 da tutta la Toscana a partire dalle 9.45 di venerd\u00ec 28 maggio con il Parco di San Donato di Firenze. Al centro della Marcia dei diritti umani 2021:\u00a0 le testimonianze dei giovani, l&#8217;allegria di Cecco e Cipo e l&#8217;arte dei writers<\/p>\n","protected":false},"author":525,"featured_media":178523,"comment_status":"open","ping_status":"open","sticky":false,"template":"","format":"standard","meta":{"_acf_changed":false,"footnotes":""},"categories":[494],"tags":[5141,5215,4681],"class_list":["post-178520","post","type-post","status-publish","format-standard","has-post-thumbnail","hentry","category-attualita","tag-bullismo","tag-diritti-umani","tag-oxfam"],"acf":[],"yoast_head":"<!-- This site is optimized with the Yoast SEO Premium plugin v24.2 (Yoast SEO v25.6) - https:\/\/yoast.com\/wordpress\/plugins\/seo\/ -->\n<title>La Marcia virtuale contro il cyberbullismo: torna l&#039;iniziativa di Oxfam e Regione Toscana - intoscana<\/title>\n<meta name=\"description\" content=\"700 studenti e 50 docenti collegati in streaming\u00a0 da tutta la Toscana a partire dalle 9.45 di venerd\u00ec 28 maggio con il Parco di San Donato di Firenze. Al centro della Marcia dei diritti umani 2021:\u00a0 le testimonianze dei giovani, l&#039;allegria di Cecco e Cipo e l&#039;arte dei writers\" \/>\n<meta name=\"robots\" content=\"index, follow, max-snippet:-1, max-image-preview:large, max-video-preview:-1\" \/>\n<link rel=\"canonical\" href=\"https:\/\/www.intoscana.it\/it\/la-marcia-virtuale-dei-ragazzi-contro-il-cyberbullismo-torna-liniziativa-di-oxfam-e-regione-toscana\/\" \/>\n<meta property=\"og:locale\" content=\"it_IT\" \/>\n<meta property=\"og:type\" content=\"article\" \/>\n<meta property=\"og:title\" content=\"La Marcia virtuale contro il cyberbullismo: torna l&#039;iniziativa di Oxfam e Regione Toscana\" \/>\n<meta property=\"og:description\" content=\"700 studenti e 50 docenti collegati in streaming\u00a0 da tutta la Toscana a partire dalle 9.45 di venerd\u00ec 28 maggio con il Parco di San Donato di Firenze. Al centro della Marcia dei diritti umani 2021:\u00a0 le testimonianze dei giovani, l&#039;allegria di Cecco e Cipo e l&#039;arte dei writers\" \/>\n<meta property=\"og:url\" content=\"https:\/\/www.intoscana.it\/it\/la-marcia-virtuale-dei-ragazzi-contro-il-cyberbullismo-torna-liniziativa-di-oxfam-e-regione-toscana\/\" \/>\n<meta property=\"og:site_name\" content=\"intoscana\" \/>\n<meta property=\"article:publisher\" content=\"https:\/\/www.facebook.com\/intoscana.it\" \/>\n<meta property=\"article:published_time\" content=\"2021-05-27T15:25:04+00:00\" \/>\n<meta property=\"article:modified_time\" content=\"2021-05-28T05:42:13+00:00\" \/>\n<meta property=\"og:image\" content=\"https:\/\/www.intoscana.it\/wp-content\/uploads\/oxfam238-scaled.jpg\" \/>\n\t<meta property=\"og:image:width\" content=\"2048\" \/>\n\t<meta property=\"og:image:height\" content=\"1365\" \/>\n\t<meta property=\"og:image:type\" content=\"image\/jpeg\" \/>\n<meta name=\"author\" content=\"Redazione\" \/>\n<meta name=\"twitter:card\" content=\"summary_large_image\" \/>\n<meta name=\"twitter:creator\" content=\"@intoscana\" \/>\n<meta name=\"twitter:site\" content=\"@intoscana\" \/>\n<meta name=\"twitter:label1\" content=\"Written by\" \/>\n\t<meta name=\"twitter:data1\" content=\"Redazione\" \/>\n\t<meta name=\"twitter:label2\" content=\"Est. reading time\" \/>\n\t<meta name=\"twitter:data2\" content=\"3 minuti\" \/>\n<script type=\"application\/ld+json\" class=\"yoast-schema-graph\">{\"@context\":\"https:\/\/schema.org\",\"@graph\":[{\"@type\":\"WebPage\",\"@id\":\"https:\/\/www.intoscana.it\/it\/la-marcia-virtuale-dei-ragazzi-contro-il-cyberbullismo-torna-liniziativa-di-oxfam-e-regione-toscana\/\",\"url\":\"https:\/\/www.intoscana.it\/it\/la-marcia-virtuale-dei-ragazzi-contro-il-cyberbullismo-torna-liniziativa-di-oxfam-e-regione-toscana\/\",\"name\":\"La Marcia virtuale contro il cyberbullismo: torna l'iniziativa di Oxfam e Regione Toscana - intoscana\",\"isPartOf\":{\"@id\":\"https:\/\/www.intoscana.it\/it\/#website\"},\"primaryImageOfPage\":{\"@id\":\"https:\/\/www.intoscana.it\/it\/la-marcia-virtuale-dei-ragazzi-contro-il-cyberbullismo-torna-liniziativa-di-oxfam-e-regione-toscana\/#primaryimage\"},\"image\":{\"@id\":\"https:\/\/www.intoscana.it\/it\/la-marcia-virtuale-dei-ragazzi-contro-il-cyberbullismo-torna-liniziativa-di-oxfam-e-regione-toscana\/#primaryimage\"},\"thumbnailUrl\":\"https:\/\/www.intoscana.it\/wp-content\/uploads\/oxfam238-scaled.jpg\",\"datePublished\":\"2021-05-27T15:25:04+00:00\",\"dateModified\":\"2021-05-28T05:42:13+00:00\",\"author\":{\"@id\":\"https:\/\/www.intoscana.it\/it\/#\/schema\/person\/9223810753230f20bd670fdd322661f8\"},\"description\":\"700 studenti e 50 docenti collegati in streaming\u00a0 da tutta la Toscana a partire dalle 9.45 di venerd\u00ec 28 maggio con il Parco di San Donato di Firenze. Al centro della Marcia dei diritti umani 2021:\u00a0 le testimonianze dei giovani, l'allegria di Cecco e Cipo e l'arte dei writers\",\"breadcrumb\":{\"@id\":\"https:\/\/www.intoscana.it\/it\/la-marcia-virtuale-dei-ragazzi-contro-il-cyberbullismo-torna-liniziativa-di-oxfam-e-regione-toscana\/#breadcrumb\"},\"inLanguage\":\"it-IT\",\"potentialAction\":[{\"@type\":\"ReadAction\",\"target\":[\"https:\/\/www.intoscana.it\/it\/la-marcia-virtuale-dei-ragazzi-contro-il-cyberbullismo-torna-liniziativa-di-oxfam-e-regione-toscana\/\"]}]},{\"@type\":\"ImageObject\",\"inLanguage\":\"it-IT\",\"@id\":\"https:\/\/www.intoscana.it\/it\/la-marcia-virtuale-dei-ragazzi-contro-il-cyberbullismo-torna-liniziativa-di-oxfam-e-regione-toscana\/#primaryimage\",\"url\":\"https:\/\/www.intoscana.it\/wp-content\/uploads\/oxfam238-scaled.jpg\",\"contentUrl\":\"https:\/\/www.intoscana.it\/wp-content\/uploads\/oxfam238-scaled.jpg\",\"width\":2048,\"height\":1365},{\"@type\":\"BreadcrumbList\",\"@id\":\"https:\/\/www.intoscana.it\/it\/la-marcia-virtuale-dei-ragazzi-contro-il-cyberbullismo-torna-liniziativa-di-oxfam-e-regione-toscana\/#breadcrumb\",\"itemListElement\":[{\"@type\":\"ListItem\",\"position\":1,\"name\":\"Home\",\"item\":\"https:\/\/www.intoscana.it\/it\/\"},{\"@type\":\"ListItem\",\"position\":2,\"name\":\"La Marcia virtuale contro il cyberbullismo: torna l&#8217;iniziativa di Oxfam e Regione Toscana\"}]},{\"@type\":\"WebSite\",\"@id\":\"https:\/\/www.intoscana.it\/it\/#website\",\"url\":\"https:\/\/www.intoscana.it\/it\/\",\"name\":\"intoscana\",\"description\":\"\",\"potentialAction\":[{\"@type\":\"SearchAction\",\"target\":{\"@type\":\"EntryPoint\",\"urlTemplate\":\"https:\/\/www.intoscana.it\/it\/?s={search_term_string}\"},\"query-input\":{\"@type\":\"PropertyValueSpecification\",\"valueRequired\":true,\"valueName\":\"search_term_string\"}}],\"inLanguage\":\"it-IT\"},{\"@type\":\"Person\",\"@id\":\"https:\/\/www.intoscana.it\/it\/#\/schema\/person\/9223810753230f20bd670fdd322661f8\",\"name\":\"Redazione\",\"url\":\"https:\/\/www.intoscana.it\/it\/author\/redazione\/\"}]}<\/script>\n<!-- \/ Yoast SEO Premium plugin. -->","yoast_head_json":{"title":"La Marcia virtuale contro il cyberbullismo: torna l'iniziativa di Oxfam e Regione Toscana - intoscana","description":"700 studenti e 50 docenti collegati in streaming\u00a0 da tutta la Toscana a partire dalle 9.45 di venerd\u00ec 28 maggio con il Parco di San Donato di Firenze. Al centro della Marcia dei diritti umani 2021:\u00a0 le testimonianze dei giovani, l'allegria di Cecco e Cipo e l'arte dei writers","robots":{"index":"index","follow":"follow","max-snippet":"max-snippet:-1","max-image-preview":"max-image-preview:large","max-video-preview":"max-video-preview:-1"},"canonical":"https:\/\/www.intoscana.it\/it\/la-marcia-virtuale-dei-ragazzi-contro-il-cyberbullismo-torna-liniziativa-di-oxfam-e-regione-toscana\/","og_locale":"it_IT","og_type":"article","og_title":"La Marcia virtuale contro il cyberbullismo: torna l'iniziativa di Oxfam e Regione Toscana","og_description":"700 studenti e 50 docenti collegati in streaming\u00a0 da tutta la Toscana a partire dalle 9.45 di venerd\u00ec 28 maggio con il Parco di San Donato di Firenze. Al centro della Marcia dei diritti umani 2021:\u00a0 le testimonianze dei giovani, l'allegria di Cecco e Cipo e l'arte dei writers","og_url":"https:\/\/www.intoscana.it\/it\/la-marcia-virtuale-dei-ragazzi-contro-il-cyberbullismo-torna-liniziativa-di-oxfam-e-regione-toscana\/","og_site_name":"intoscana","article_publisher":"https:\/\/www.facebook.com\/intoscana.it","article_published_time":"2021-05-27T15:25:04+00:00","article_modified_time":"2021-05-28T05:42:13+00:00","og_image":[{"width":2048,"height":1365,"url":"https:\/\/www.intoscana.it\/wp-content\/uploads\/oxfam238-scaled.jpg","type":"image\/jpeg"}],"author":"Redazione","twitter_card":"summary_large_image","twitter_creator":"@intoscana","twitter_site":"@intoscana","twitter_misc":{"Written by":"Redazione","Est. reading time":"3 minuti"},"schema":{"@context":"https:\/\/schema.org","@graph":[{"@type":"WebPage","@id":"https:\/\/www.intoscana.it\/it\/la-marcia-virtuale-dei-ragazzi-contro-il-cyberbullismo-torna-liniziativa-di-oxfam-e-regione-toscana\/","url":"https:\/\/www.intoscana.it\/it\/la-marcia-virtuale-dei-ragazzi-contro-il-cyberbullismo-torna-liniziativa-di-oxfam-e-regione-toscana\/","name":"La Marcia virtuale contro il cyberbullismo: torna l'iniziativa di Oxfam e Regione Toscana - intoscana","isPartOf":{"@id":"https:\/\/www.intoscana.it\/it\/#website"},"primaryImageOfPage":{"@id":"https:\/\/www.intoscana.it\/it\/la-marcia-virtuale-dei-ragazzi-contro-il-cyberbullismo-torna-liniziativa-di-oxfam-e-regione-toscana\/#primaryimage"},"image":{"@id":"https:\/\/www.intoscana.it\/it\/la-marcia-virtuale-dei-ragazzi-contro-il-cyberbullismo-torna-liniziativa-di-oxfam-e-regione-toscana\/#primaryimage"},"thumbnailUrl":"https:\/\/www.intoscana.it\/wp-content\/uploads\/oxfam238-scaled.jpg","datePublished":"2021-05-27T15:25:04+00:00","dateModified":"2021-05-28T05:42:13+00:00","author":{"@id":"https:\/\/www.intoscana.it\/it\/#\/schema\/person\/9223810753230f20bd670fdd322661f8"},"description":"700 studenti e 50 docenti collegati in streaming\u00a0 da tutta la Toscana a partire dalle 9.45 di venerd\u00ec 28 maggio con il Parco di San Donato di Firenze. Al centro della Marcia dei diritti umani 2021:\u00a0 le testimonianze dei giovani, l'allegria di Cecco e Cipo e l'arte dei writers","breadcrumb":{"@id":"https:\/\/www.intoscana.it\/it\/la-marcia-virtuale-dei-ragazzi-contro-il-cyberbullismo-torna-liniziativa-di-oxfam-e-regione-toscana\/#breadcrumb"},"inLanguage":"it-IT","potentialAction":[{"@type":"ReadAction","target":["https:\/\/www.intoscana.it\/it\/la-marcia-virtuale-dei-ragazzi-contro-il-cyberbullismo-torna-liniziativa-di-oxfam-e-regione-toscana\/"]}]},{"@type":"ImageObject","inLanguage":"it-IT","@id":"https:\/\/www.intoscana.it\/it\/la-marcia-virtuale-dei-ragazzi-contro-il-cyberbullismo-torna-liniziativa-di-oxfam-e-regione-toscana\/#primaryimage","url":"https:\/\/www.intoscana.it\/wp-content\/uploads\/oxfam238-scaled.jpg","contentUrl":"https:\/\/www.intoscana.it\/wp-content\/uploads\/oxfam238-scaled.jpg","width":2048,"height":1365},{"@type":"BreadcrumbList","@id":"https:\/\/www.intoscana.it\/it\/la-marcia-virtuale-dei-ragazzi-contro-il-cyberbullismo-torna-liniziativa-di-oxfam-e-regione-toscana\/#breadcrumb","itemListElement":[{"@type":"ListItem","position":1,"name":"Home","item":"https:\/\/www.intoscana.it\/it\/"},{"@type":"ListItem","position":2,"name":"La Marcia virtuale contro il cyberbullismo: torna l&#8217;iniziativa di Oxfam e Regione Toscana"}]},{"@type":"WebSite","@id":"https:\/\/www.intoscana.it\/it\/#website","url":"https:\/\/www.intoscana.it\/it\/","name":"intoscana","description":"","potentialAction":[{"@type":"SearchAction","target":{"@type":"EntryPoint","urlTemplate":"https:\/\/www.intoscana.it\/it\/?s={search_term_string}"},"query-input":{"@type":"PropertyValueSpecification","valueRequired":true,"valueName":"search_term_string"}}],"inLanguage":"it-IT"},{"@type":"Person","@id":"https:\/\/www.intoscana.it\/it\/#\/schema\/person\/9223810753230f20bd670fdd322661f8","name":"Redazione","url":"https:\/\/www.intoscana.it\/it\/author\/redazione\/"}]}},"_links":{"self":[{"href":"https:\/\/www.intoscana.it\/it\/wp-json\/wp\/v2\/posts\/178520","targetHints":{"allow":["GET"]}}],"collection":[{"href":"https:\/\/www.intoscana.it\/it\/wp-json\/wp\/v2\/posts"}],"about":[{"href":"https:\/\/www.intoscana.it\/it\/wp-json\/wp\/v2\/types\/post"}],"author":[{"embeddable":true,"href":"https:\/\/www.intoscana.it\/it\/wp-json\/wp\/v2\/users\/525"}],"replies":[{"embeddable":true,"href":"https:\/\/www.intoscana.it\/it\/wp-json\/wp\/v2\/comments?post=178520"}],"version-history":[{"count":0,"href":"https:\/\/www.intoscana.it\/it\/wp-json\/wp\/v2\/posts\/178520\/revisions"}],"wp:featuredmedia":[{"embeddable":true,"href":"https:\/\/www.intoscana.it\/it\/wp-json\/wp\/v2\/media\/178523"}],"wp:attachment":[{"href":"https:\/\/www.intoscana.it\/it\/wp-json\/wp\/v2\/media?parent=178520"}],"wp:term":[{"taxonomy":"category","embeddable":true,"href":"https:\/\/www.intoscana.it\/it\/wp-json\/wp\/v2\/categories?post=178520"},{"taxonomy":"post_tag","embeddable":true,"href":"https:\/\/www.intoscana.it\/it\/wp-json\/wp\/v2\/tags?post=178520"}],"curies":[{"name":"wp","href":"https:\/\/api.w.org\/{rel}","templated":true}]}}