{"id":179150,"date":"2021-06-04T10:36:57","date_gmt":"2021-06-04T08:36:57","guid":{"rendered":"https:\/\/www.intoscana.it\/it\/?p=179150"},"modified":"2021-06-08T09:47:07","modified_gmt":"2021-06-08T07:47:07","slug":"pa-social-day-santa-fiora","status":"publish","type":"post","link":"https:\/\/www.intoscana.it\/it\/pa-social-day-santa-fiora\/","title":{"rendered":"Piccoli comuni, servizi digitali e smart working: Santa Fiora e intoscana protagonisti del PA Social Day"},"content":{"rendered":"<p><strong>Marted\u00ec 8 giugno<\/strong> torna l\u2019appuntamento annuale con il <strong>PA Social Day<\/strong>, l\u2019evento ideato e organizzato da PA Social, prima associazione nazionale dedicata alla comunicazione e informazione digitale. L\u2019iniziativa, arrivata alla sua quarta edizione, sar\u00e0 una <strong>grande maratona social<\/strong> su Facebook, Youtube, Linkedin e Twitch <strong>dalle 9 alle 19 con collegamenti da ben 18 citt\u00e0 italiane<\/strong>.<\/p>\n<div class=\"focuson\"><a href=\"https:\/\/www.intoscana.it\/it\/articolo\/santa-fiora-smart-working\/\"><img decoding=\"async\" class=\"lazy\" src=\"https:\/\/www.intoscana.it\/wp-content\/uploads\/santa_fiora_001.jpg\" style=\"\">\n                <div class=\"cat\">Opportunit\u00e0 per i nomadi digitali<\/div>\n                <h4>Santa Fiora lancia lo smart working village<\/h4><\/a>\n              <\/div>\n<h3>Il panel da Santa Fiora<\/h3>\n<p>La diretta toscana sul tema \u201c<em>Piccoli comuni e servizi digitali, dalla banda larga allo smart working<\/em>\u201d inizier\u00e0 alle 11:10 da <strong>Santa Fiora (GR)<\/strong>, perla del Monte Amiata e Bandiera Arancione, comune dove \u00e8 nato il primo smart working village d\u2019Italia. L\u2019amministrazione comunale ha infatti creato un bando ad hoc, con agevolazioni per l\u2019affitto e la banda ultralarga, per attrarre i nomadi digitali e i tantissimi professionisti che hanno scelto lo smart working come presente e futuro della propria organizzazione lavorativa. Di come \u00e8 nata questa iniziativa parler\u00e0 il <strong>sindaco di Santa Fiora, Federico Balocchi<\/strong> a cui seguir\u00e0 l\u2019intervento di <strong>Leonardo Marras, assessore al turismo della Regione Toscana<\/strong>, la quale ha inserito proprio lo smart working tra le proposte della campagna di promozione turistica \u201c<strong>Toscana, Rinascimento senza fine<\/strong>\u201d. <strong>Davide De Crescenzo<\/strong> presenter\u00e0 intoscana.it, portale dedicato allo storytelling della regione. Il panel sar\u00e0 moderato da Chiara Bianchini, giornalista e coordinatrice per la Toscana di PA Social.<\/p>\n<p><iframe loading=\"lazy\" title=\"YouTube video player\" src=\"https:\/\/www.youtube.com\/embed\/D3EF9dCHMfk\" width=\"560\" height=\"315\" frameborder=\"0\" allowfullscreen=\"allowfullscreen\"><\/iframe><\/p>\n<p>&nbsp;<\/p>\n<h3>Temi e citt\u00e0 coinvolte<\/h3>\n<p>Oltre a Santa Fiora, le citt\u00e0 coinvolte, per un totale di <strong>18 \u201cstudi\u201d<\/strong> lungo tutto lo stivale, in questo evento dedicato all\u2019utilizzo di web, social network, chat, intelligenza artificiale per la comunicazione e informazione pubblica sono: Ancona, Bari, Bologna, Cagliari, Campobasso, Imperia, Messina, Milano, Napoli, Castiglione del Lago (Perugia), Pescara, Reggio Calabria, Roma, Rovereto (Trento), Torino, Trieste, Venezia. Durante la giornata <strong>si alterneranno tanti ospiti <\/strong>tra comunicatori, giornalisti, social media manager, amministratori pubblici, professionisti, manager, enti pubblici, utilities, imprese. <strong>Tantissimi i temi che saranno approfonditi<\/strong>: la comunicazione dei servizi digitali, cultura, turismo, smart working, policy digitali, sociale, uso consapevole dei social, privacy, partecipazione, etica dell\u2019informazione, sanit\u00e0, lotta alla disinformazione, prevenzione, gestione emergenze, big data, transizione digitale, phygital e molto altro.<\/p>\n<figure id=\"post-179151 media-179151\" class=\"align-center\"><img decoding=\"async\" src=\"https:\/\/www.intoscana.it\/wp-content\/uploads\/pasocial-nazionale.jpeg\" alt=\"\" \/><\/figure>\n<div class=\"titleimg\"><\/div>\n<p>L\u2019iniziativa \u00e8 realizzata grazie alle partnership con L\u2019Eco della Stampa, Alpenite, InfoCamere, WeWeb Digital Events, Open Comunicazione, E-Lex e ai media partner Agenzia Dire, IPress Live, IgersItalia, cittadiniditwitter.it, datamagazine.it, ilgiornaledellaprotezionecivile.it, Velocit\u00e0 Media, Innovazione 2020, Digital Media. L\u2019evento toscano ha il patrocinio del <strong>Comune di Santa Fiora<\/strong> e le media partnership locali di <strong>intoscana.it e Il Giunco<\/strong>.<\/p>\n<p><a href=\"https:\/\/www.pasocial.info\/pa-social-day-2021\/\" target=\"_blank\" rel=\"noopener\">Qui \u00e8 possibile consultare il programma dell\u2019intera giornata.<\/a><\/p>\n","protected":false},"excerpt":{"rendered":"<p>Tutto pronto per la quarta edizione dell\u2019evento firmato PA Social, che anche per il 2021 coinvolger\u00e0 18 citt\u00e0 con una lunga diretta dedicata a social, chat, intelligenza artificiale. Per la Toscana la live sar\u00e0 da Santa Fiora (GR)<\/p>\n","protected":false},"author":507,"featured_media":156420,"comment_status":"open","ping_status":"open","sticky":false,"template":"","format":"standard","meta":{"_acf_changed":false,"footnotes":""},"categories":[475],"tags":[5008,4765,4547],"class_list":["post-179150","post","type-post","status-publish","format-standard","has-post-thumbnail","hentry","category-innovazione","tag-leonardo-marras","tag-santa-fiora","tag-smart-working"],"acf":[],"yoast_head":"<!-- This site is optimized with the Yoast SEO Premium plugin v24.2 (Yoast SEO v25.6) - https:\/\/yoast.com\/wordpress\/plugins\/seo\/ -->\n<title>Piccoli comuni, servizi digitali e smart working: Santa Fiora e intoscana protagonisti del PA Social Day - intoscana<\/title>\n<meta name=\"description\" content=\"L&#039;evento dedicato alla comunicazione digitale torna l&#039;8 giugno. In Toscana si parler\u00e0 di piccoli comuni e smart working da Santa Fiora\" \/>\n<meta name=\"robots\" content=\"index, follow, max-snippet:-1, max-image-preview:large, max-video-preview:-1\" \/>\n<link rel=\"canonical\" href=\"https:\/\/www.intoscana.it\/it\/pa-social-day-santa-fiora\/\" \/>\n<meta property=\"og:locale\" content=\"it_IT\" \/>\n<meta property=\"og:type\" content=\"article\" \/>\n<meta property=\"og:title\" content=\"Piccoli comuni, servizi digitali e smart working: Santa Fiora e intoscana protagonisti del PA Social Day\" \/>\n<meta property=\"og:description\" content=\"L&#039;evento dedicato alla comunicazione digitale torna l&#039;8 giugno. In Toscana si parler\u00e0 di piccoli comuni e smart working da Santa Fiora\" \/>\n<meta property=\"og:url\" content=\"https:\/\/www.intoscana.it\/it\/pa-social-day-santa-fiora\/\" \/>\n<meta property=\"og:site_name\" content=\"intoscana\" \/>\n<meta property=\"article:publisher\" content=\"https:\/\/www.facebook.com\/intoscana.it\" \/>\n<meta property=\"article:published_time\" content=\"2021-06-04T08:36:57+00:00\" \/>\n<meta property=\"article:modified_time\" content=\"2021-06-08T07:47:07+00:00\" \/>\n<meta property=\"og:image\" content=\"https:\/\/www.intoscana.it\/wp-content\/uploads\/santa-fiora-2.jpg\" \/>\n\t<meta property=\"og:image:width\" content=\"2000\" \/>\n\t<meta property=\"og:image:height\" content=\"1500\" \/>\n\t<meta property=\"og:image:type\" content=\"image\/jpeg\" \/>\n<meta name=\"author\" content=\"Chiara Bianchini\" \/>\n<meta name=\"twitter:card\" content=\"summary_large_image\" \/>\n<meta name=\"twitter:creator\" content=\"@intoscana\" \/>\n<meta name=\"twitter:site\" content=\"@intoscana\" \/>\n<meta name=\"twitter:label1\" content=\"Written by\" \/>\n\t<meta name=\"twitter:data1\" content=\"Chiara Bianchini\" \/>\n\t<meta name=\"twitter:label2\" content=\"Est. reading time\" \/>\n\t<meta name=\"twitter:data2\" content=\"2 minuti\" \/>\n<script type=\"application\/ld+json\" class=\"yoast-schema-graph\">{\"@context\":\"https:\/\/schema.org\",\"@graph\":[{\"@type\":\"WebPage\",\"@id\":\"https:\/\/www.intoscana.it\/it\/pa-social-day-santa-fiora\/\",\"url\":\"https:\/\/www.intoscana.it\/it\/pa-social-day-santa-fiora\/\",\"name\":\"Piccoli comuni, servizi digitali e smart working: Santa Fiora e intoscana protagonisti del PA Social Day - intoscana\",\"isPartOf\":{\"@id\":\"https:\/\/www.intoscana.it\/it\/#website\"},\"primaryImageOfPage\":{\"@id\":\"https:\/\/www.intoscana.it\/it\/pa-social-day-santa-fiora\/#primaryimage\"},\"image\":{\"@id\":\"https:\/\/www.intoscana.it\/it\/pa-social-day-santa-fiora\/#primaryimage\"},\"thumbnailUrl\":\"https:\/\/www.intoscana.it\/wp-content\/uploads\/santa-fiora-2.jpg\",\"datePublished\":\"2021-06-04T08:36:57+00:00\",\"dateModified\":\"2021-06-08T07:47:07+00:00\",\"author\":{\"@id\":\"https:\/\/www.intoscana.it\/it\/#\/schema\/person\/010af92117f50561886339ad5b873a41\"},\"description\":\"L'evento dedicato alla comunicazione digitale torna l'8 giugno. In Toscana si parler\u00e0 di piccoli comuni e smart working da Santa Fiora\",\"breadcrumb\":{\"@id\":\"https:\/\/www.intoscana.it\/it\/pa-social-day-santa-fiora\/#breadcrumb\"},\"inLanguage\":\"it-IT\",\"potentialAction\":[{\"@type\":\"ReadAction\",\"target\":[\"https:\/\/www.intoscana.it\/it\/pa-social-day-santa-fiora\/\"]}]},{\"@type\":\"ImageObject\",\"inLanguage\":\"it-IT\",\"@id\":\"https:\/\/www.intoscana.it\/it\/pa-social-day-santa-fiora\/#primaryimage\",\"url\":\"https:\/\/www.intoscana.it\/wp-content\/uploads\/santa-fiora-2.jpg\",\"contentUrl\":\"https:\/\/www.intoscana.it\/wp-content\/uploads\/santa-fiora-2.jpg\",\"width\":2000,\"height\":1500,\"caption\":\"Santa Fiora\"},{\"@type\":\"BreadcrumbList\",\"@id\":\"https:\/\/www.intoscana.it\/it\/pa-social-day-santa-fiora\/#breadcrumb\",\"itemListElement\":[{\"@type\":\"ListItem\",\"position\":1,\"name\":\"Home\",\"item\":\"https:\/\/www.intoscana.it\/it\/\"},{\"@type\":\"ListItem\",\"position\":2,\"name\":\"Piccoli comuni, servizi digitali e smart working: Santa Fiora e intoscana protagonisti del PA Social Day\"}]},{\"@type\":\"WebSite\",\"@id\":\"https:\/\/www.intoscana.it\/it\/#website\",\"url\":\"https:\/\/www.intoscana.it\/it\/\",\"name\":\"intoscana\",\"description\":\"\",\"potentialAction\":[{\"@type\":\"SearchAction\",\"target\":{\"@type\":\"EntryPoint\",\"urlTemplate\":\"https:\/\/www.intoscana.it\/it\/?s={search_term_string}\"},\"query-input\":{\"@type\":\"PropertyValueSpecification\",\"valueRequired\":true,\"valueName\":\"search_term_string\"}}],\"inLanguage\":\"it-IT\"},{\"@type\":\"Person\",\"@id\":\"https:\/\/www.intoscana.it\/it\/#\/schema\/person\/010af92117f50561886339ad5b873a41\",\"name\":\"Chiara Bianchini\",\"sameAs\":[\"c.bianchini@fst.it\"],\"url\":\"https:\/\/www.intoscana.it\/it\/author\/chiara-bianchini\/\"}]}<\/script>\n<!-- \/ Yoast SEO Premium plugin. -->","yoast_head_json":{"title":"Piccoli comuni, servizi digitali e smart working: Santa Fiora e intoscana protagonisti del PA Social Day - intoscana","description":"L'evento dedicato alla comunicazione digitale torna l'8 giugno. In Toscana si parler\u00e0 di piccoli comuni e smart working da Santa Fiora","robots":{"index":"index","follow":"follow","max-snippet":"max-snippet:-1","max-image-preview":"max-image-preview:large","max-video-preview":"max-video-preview:-1"},"canonical":"https:\/\/www.intoscana.it\/it\/pa-social-day-santa-fiora\/","og_locale":"it_IT","og_type":"article","og_title":"Piccoli comuni, servizi digitali e smart working: Santa Fiora e intoscana protagonisti del PA Social Day","og_description":"L'evento dedicato alla comunicazione digitale torna l'8 giugno. In Toscana si parler\u00e0 di piccoli comuni e smart working da Santa Fiora","og_url":"https:\/\/www.intoscana.it\/it\/pa-social-day-santa-fiora\/","og_site_name":"intoscana","article_publisher":"https:\/\/www.facebook.com\/intoscana.it","article_published_time":"2021-06-04T08:36:57+00:00","article_modified_time":"2021-06-08T07:47:07+00:00","og_image":[{"width":2000,"height":1500,"url":"https:\/\/www.intoscana.it\/wp-content\/uploads\/santa-fiora-2.jpg","type":"image\/jpeg"}],"author":"Chiara Bianchini","twitter_card":"summary_large_image","twitter_creator":"@intoscana","twitter_site":"@intoscana","twitter_misc":{"Written by":"Chiara Bianchini","Est. reading time":"2 minuti"},"schema":{"@context":"https:\/\/schema.org","@graph":[{"@type":"WebPage","@id":"https:\/\/www.intoscana.it\/it\/pa-social-day-santa-fiora\/","url":"https:\/\/www.intoscana.it\/it\/pa-social-day-santa-fiora\/","name":"Piccoli comuni, servizi digitali e smart working: Santa Fiora e intoscana protagonisti del PA Social Day - intoscana","isPartOf":{"@id":"https:\/\/www.intoscana.it\/it\/#website"},"primaryImageOfPage":{"@id":"https:\/\/www.intoscana.it\/it\/pa-social-day-santa-fiora\/#primaryimage"},"image":{"@id":"https:\/\/www.intoscana.it\/it\/pa-social-day-santa-fiora\/#primaryimage"},"thumbnailUrl":"https:\/\/www.intoscana.it\/wp-content\/uploads\/santa-fiora-2.jpg","datePublished":"2021-06-04T08:36:57+00:00","dateModified":"2021-06-08T07:47:07+00:00","author":{"@id":"https:\/\/www.intoscana.it\/it\/#\/schema\/person\/010af92117f50561886339ad5b873a41"},"description":"L'evento dedicato alla comunicazione digitale torna l'8 giugno. In Toscana si parler\u00e0 di piccoli comuni e smart working da Santa Fiora","breadcrumb":{"@id":"https:\/\/www.intoscana.it\/it\/pa-social-day-santa-fiora\/#breadcrumb"},"inLanguage":"it-IT","potentialAction":[{"@type":"ReadAction","target":["https:\/\/www.intoscana.it\/it\/pa-social-day-santa-fiora\/"]}]},{"@type":"ImageObject","inLanguage":"it-IT","@id":"https:\/\/www.intoscana.it\/it\/pa-social-day-santa-fiora\/#primaryimage","url":"https:\/\/www.intoscana.it\/wp-content\/uploads\/santa-fiora-2.jpg","contentUrl":"https:\/\/www.intoscana.it\/wp-content\/uploads\/santa-fiora-2.jpg","width":2000,"height":1500,"caption":"Santa Fiora"},{"@type":"BreadcrumbList","@id":"https:\/\/www.intoscana.it\/it\/pa-social-day-santa-fiora\/#breadcrumb","itemListElement":[{"@type":"ListItem","position":1,"name":"Home","item":"https:\/\/www.intoscana.it\/it\/"},{"@type":"ListItem","position":2,"name":"Piccoli comuni, servizi digitali e smart working: Santa Fiora e intoscana protagonisti del PA Social Day"}]},{"@type":"WebSite","@id":"https:\/\/www.intoscana.it\/it\/#website","url":"https:\/\/www.intoscana.it\/it\/","name":"intoscana","description":"","potentialAction":[{"@type":"SearchAction","target":{"@type":"EntryPoint","urlTemplate":"https:\/\/www.intoscana.it\/it\/?s={search_term_string}"},"query-input":{"@type":"PropertyValueSpecification","valueRequired":true,"valueName":"search_term_string"}}],"inLanguage":"it-IT"},{"@type":"Person","@id":"https:\/\/www.intoscana.it\/it\/#\/schema\/person\/010af92117f50561886339ad5b873a41","name":"Chiara Bianchini","sameAs":["c.bianchini@fst.it"],"url":"https:\/\/www.intoscana.it\/it\/author\/chiara-bianchini\/"}]}},"_links":{"self":[{"href":"https:\/\/www.intoscana.it\/it\/wp-json\/wp\/v2\/posts\/179150","targetHints":{"allow":["GET"]}}],"collection":[{"href":"https:\/\/www.intoscana.it\/it\/wp-json\/wp\/v2\/posts"}],"about":[{"href":"https:\/\/www.intoscana.it\/it\/wp-json\/wp\/v2\/types\/post"}],"author":[{"embeddable":true,"href":"https:\/\/www.intoscana.it\/it\/wp-json\/wp\/v2\/users\/507"}],"replies":[{"embeddable":true,"href":"https:\/\/www.intoscana.it\/it\/wp-json\/wp\/v2\/comments?post=179150"}],"version-history":[{"count":0,"href":"https:\/\/www.intoscana.it\/it\/wp-json\/wp\/v2\/posts\/179150\/revisions"}],"wp:featuredmedia":[{"embeddable":true,"href":"https:\/\/www.intoscana.it\/it\/wp-json\/wp\/v2\/media\/156420"}],"wp:attachment":[{"href":"https:\/\/www.intoscana.it\/it\/wp-json\/wp\/v2\/media?parent=179150"}],"wp:term":[{"taxonomy":"category","embeddable":true,"href":"https:\/\/www.intoscana.it\/it\/wp-json\/wp\/v2\/categories?post=179150"},{"taxonomy":"post_tag","embeddable":true,"href":"https:\/\/www.intoscana.it\/it\/wp-json\/wp\/v2\/tags?post=179150"}],"curies":[{"name":"wp","href":"https:\/\/api.w.org\/{rel}","templated":true}]}}