{"id":179198,"date":"2021-06-04T13:16:27","date_gmt":"2021-06-04T11:16:27","guid":{"rendered":"https:\/\/www.intoscana.it\/it\/?p=179198"},"modified":"2021-06-05T13:19:35","modified_gmt":"2021-06-05T11:19:35","slug":"covid-19-in-toscana-133-casi-in-piu-rispetto-a-ieri-eta-media-40-anni-i-decessi-sono-cinque","status":"publish","type":"post","link":"https:\/\/www.intoscana.it\/it\/covid-19-in-toscana-133-casi-in-piu-rispetto-a-ieri-eta-media-40-anni-i-decessi-sono-cinque\/","title":{"rendered":"Covid-19: in Toscana 133 casi in pi\u00f9 rispetto a ieri, et\u00e0 media 40 anni, 5 i decessi"},"content":{"rendered":"<p><strong>In Toscana sono 242.062 i casi di positivit\u00e0 al Coronavirus,<\/strong> 133 in pi\u00f9 rispetto a ieri (128 confermati con tampone molecolare e 5 da test rapido antigenico). I nuovi casi sono lo 0,1% in pi\u00f9 rispetto al totale del giorno precedente. I guariti crescono dello 0,2% e raggiungono quota 228.895 (94,6% dei casi totali).<\/p>\n<p><strong>Oggi sono stati eseguiti 7.460 tamponi molecolari e 10.061 tamponi antigenici rapidi,<\/strong> di questi lo 0,8% \u00e8 risultato positivo. Sono invece 6.051 i soggetti testati oggi (con tampone antigenico e\/o molecolare, escludendo i tamponi di controllo), di cui il 2,2% \u00e8 risultato positivo. Gli attualmente positivi sono oggi 6.426, -5,4% rispetto a ieri.<strong> I ricoverati sono 445 (24 in meno rispetto a ieri),<\/strong> di cui 101 in terapia intensiva (2 in pi\u00f9). Si registrano 5 nuovi decessi: 3 uomini e 2 donne, con un&#8217;et\u00e0 media di 83,4 anni.<\/p>\n<p><strong>L&#8217;et\u00e0 media dei 133 nuovi positivi odierni \u00e8 di 40 anni circa<\/strong> (18% ha meno di 20 anni, 34% tra 20 e 39 anni, 23% tra 40 e 59 anni, 23% tra 60 e 79 anni, 2% ha 80 anni o pi\u00f9).<\/p>\n<h3>I casi di positivit\u00e0 sul territorio<\/h3>\n<p>Di seguito i casi di positivit\u00e0 sul territorio con la variazione rispetto a ieri (128 confermati con tampone molecolare e 5 da test rapido antigenico). Sono <strong>66.817 i casi complessivi ad oggi a Firenze<\/strong> (53 in pi\u00f9 rispetto a ieri), 22.353 a Prato (11 in pi\u00f9), 22.845 a Pistoia (12 in pi\u00f9), 13.271 a Massa Carrara (4 in pi\u00f9), 24.513 a Lucca (9 in pi\u00f9), 29.045 a Pisa (10 in pi\u00f9), 17.368 a Livorno (7 in pi\u00f9), 22.719 ad Arezzo (16 in pi\u00f9), 13.716 a Siena (5 in pi\u00f9), 8.860 a Grosseto (6 in pi\u00f9). Sono 555 i casi positivi notificati in Toscana, ma residenti in altre regioni.<\/p>\n<p>Sono 81 i casi riscontrati oggi nell&#8217;Asl Centro, 25 nella Nord Ovest, 27 nella Sud est.<\/p>\n<p>La Toscana si trova al <strong>12\u00b0 posto in Italia come numerosit\u00e0 di casi<\/strong> (comprensivi di residenti e non residenti), con circa 6.599 casi per 100.000 abitanti (media italiana circa 7.130 per 100.000, dato di ieri). Le province di notifica con il tasso pi\u00f9 alto sono Prato con 8.730 casi per 100.000 abitanti, Pistoia con 7.855, Massa Carrara con 6.991, la pi\u00f9 bassa Grosseto con 4.054.<\/p>\n<p>Complessivamente, <strong>5.981 persone sono in isolamento a casa,<\/strong> poich\u00e9 presentano sintomi lievi che non richiedono cure ospedaliere, o risultano prive di sintomi (344 in meno rispetto a ieri, meno 5,4%).<\/p>\n<p>Sono 16.493 (3.421 in meno rispetto a ieri, meno 17,2%) le persone, anch&#8217;esse isolate, in sorveglianza attiva perch\u00e9 hanno avuto contatti con persone contagiate (Asl Centro 8.438, Nord Ovest 5.226, Sud Est 2.829).<\/p>\n<p>Le persone ricoverate nei <strong>posti letto dedicati ai pazienti Covid oggi sono complessivamente 445<\/strong> (24 in meno rispetto a ieri, meno 5,1%), 101 in terapia intensiva (2 in pi\u00f9 rispetto a ieri, pi\u00f9 2%).<\/p>\n<p><strong>Le persone complessivamente guarite sono 228.895<\/strong>, a tutti gli effetti, le cosiddette guarigioni virali, con tampone negativo.<\/p>\n<h3>I morti<\/h3>\n<p>Dei cinque decessi registrati oggi, 1 \u00e8 a Firenze, 1 a Prato, 1 a Pistoia, 1 a Siena, 1 a Grosseto.<\/p>\n<p><strong>Sono 6.741 i deceduti dall&#8217;inizio dell&#8217;epidemia<\/strong> cosi ripartiti: 2.176 a Firenze, 585 a Prato, 619 a Pistoia, 522 a Massa Carrara, 659 a Lucca, 696 a Pisa, 413 a Livorno, 484 ad Arezzo, 323 a Siena, 173 a Grosseto, 91 persone sono decedute sul suolo toscano ma erano residenti fuori regione.<\/p>\n<p>Il tasso grezzo di mortalit\u00e0 toscano (numero di deceduti\/popolazione residente) per Covid-19 \u00e8 di 183,8 per 100 mila residenti contro il 213,2 per 100 mila della media italiana (12\u00b0 regione). Per quanto riguarda le province, il tasso di mortalit\u00e0 pi\u00f9 alto si riscontra a Massa Carrara (275,0 per 100 mila), Prato (228,5) e Firenze (220,7), il pi\u00f9 basso a Grosseto (79,2).<\/p>\n","protected":false},"excerpt":{"rendered":"<p>Le persone ricoverate nei posti letto dedicati ai pazienti Covid oggi sono complessivamente 445 (24 in meno rispetto a ieri, meno 5,1%), 101 in terapia intensiva (2 in pi\u00f9 rispetto a ieri, pi\u00f9 2%)<\/p>\n","protected":false},"author":525,"featured_media":158900,"comment_status":"open","ping_status":"open","sticky":false,"template":"","format":"standard","meta":{"_acf_changed":false,"footnotes":""},"categories":[494],"tags":[4868,418],"class_list":["post-179198","post","type-post","status-publish","format-standard","has-post-thumbnail","hentry","category-attualita","tag-bollettino-covid-toscana","tag-covid-19"],"acf":[],"yoast_head":"<!-- This site is optimized with the Yoast SEO Premium plugin v24.2 (Yoast SEO v25.6) - https:\/\/yoast.com\/wordpress\/plugins\/seo\/ -->\n<title>Covid-19: in Toscana 133 casi in pi\u00f9 rispetto a ieri, et\u00e0 media 40 anni, 5 i decessi - intoscana<\/title>\n<meta name=\"description\" content=\"Le persone ricoverate nei posti letto dedicati ai pazienti Covid oggi sono complessivamente 445 (24 in meno rispetto a ieri)\" \/>\n<meta name=\"robots\" content=\"index, follow, max-snippet:-1, max-image-preview:large, max-video-preview:-1\" \/>\n<link rel=\"canonical\" href=\"https:\/\/www.intoscana.it\/it\/covid-19-in-toscana-133-casi-in-piu-rispetto-a-ieri-eta-media-40-anni-i-decessi-sono-cinque\/\" \/>\n<meta property=\"og:locale\" content=\"it_IT\" \/>\n<meta property=\"og:type\" content=\"article\" \/>\n<meta property=\"og:title\" content=\"Covid-19: in Toscana 133 casi in pi\u00f9 rispetto a ieri, et\u00e0 media 40 anni, 5 i decessi\" \/>\n<meta property=\"og:description\" content=\"Le persone ricoverate nei posti letto dedicati ai pazienti Covid oggi sono complessivamente 445 (24 in meno rispetto a ieri)\" \/>\n<meta property=\"og:url\" content=\"https:\/\/www.intoscana.it\/it\/covid-19-in-toscana-133-casi-in-piu-rispetto-a-ieri-eta-media-40-anni-i-decessi-sono-cinque\/\" \/>\n<meta property=\"og:site_name\" content=\"intoscana\" \/>\n<meta property=\"article:publisher\" content=\"https:\/\/www.facebook.com\/intoscana.it\" \/>\n<meta property=\"article:published_time\" content=\"2021-06-04T11:16:27+00:00\" \/>\n<meta property=\"article:modified_time\" content=\"2021-06-05T11:19:35+00:00\" \/>\n<meta property=\"og:image\" content=\"https:\/\/www.intoscana.it\/wp-content\/uploads\/bambino-mascherina-covid-scaled.jpg\" \/>\n\t<meta property=\"og:image:width\" content=\"2048\" \/>\n\t<meta property=\"og:image:height\" content=\"1277\" \/>\n\t<meta property=\"og:image:type\" content=\"image\/jpeg\" \/>\n<meta name=\"author\" content=\"Redazione\" \/>\n<meta name=\"twitter:card\" content=\"summary_large_image\" \/>\n<meta name=\"twitter:creator\" content=\"@intoscana\" \/>\n<meta name=\"twitter:site\" content=\"@intoscana\" \/>\n<meta name=\"twitter:label1\" content=\"Written by\" \/>\n\t<meta name=\"twitter:data1\" content=\"Redazione\" \/>\n\t<meta name=\"twitter:label2\" content=\"Est. reading time\" \/>\n\t<meta name=\"twitter:data2\" content=\"3 minuti\" \/>\n<script type=\"application\/ld+json\" class=\"yoast-schema-graph\">{\"@context\":\"https:\/\/schema.org\",\"@graph\":[{\"@type\":\"WebPage\",\"@id\":\"https:\/\/www.intoscana.it\/it\/covid-19-in-toscana-133-casi-in-piu-rispetto-a-ieri-eta-media-40-anni-i-decessi-sono-cinque\/\",\"url\":\"https:\/\/www.intoscana.it\/it\/covid-19-in-toscana-133-casi-in-piu-rispetto-a-ieri-eta-media-40-anni-i-decessi-sono-cinque\/\",\"name\":\"Covid-19: in Toscana 133 casi in pi\u00f9 rispetto a ieri, et\u00e0 media 40 anni, 5 i decessi - intoscana\",\"isPartOf\":{\"@id\":\"https:\/\/www.intoscana.it\/it\/#website\"},\"primaryImageOfPage\":{\"@id\":\"https:\/\/www.intoscana.it\/it\/covid-19-in-toscana-133-casi-in-piu-rispetto-a-ieri-eta-media-40-anni-i-decessi-sono-cinque\/#primaryimage\"},\"image\":{\"@id\":\"https:\/\/www.intoscana.it\/it\/covid-19-in-toscana-133-casi-in-piu-rispetto-a-ieri-eta-media-40-anni-i-decessi-sono-cinque\/#primaryimage\"},\"thumbnailUrl\":\"https:\/\/www.intoscana.it\/wp-content\/uploads\/bambino-mascherina-covid-scaled.jpg\",\"datePublished\":\"2021-06-04T11:16:27+00:00\",\"dateModified\":\"2021-06-05T11:19:35+00:00\",\"author\":{\"@id\":\"https:\/\/www.intoscana.it\/it\/#\/schema\/person\/9223810753230f20bd670fdd322661f8\"},\"description\":\"Le persone ricoverate nei posti letto dedicati ai pazienti Covid oggi sono complessivamente 445 (24 in meno rispetto a ieri)\",\"breadcrumb\":{\"@id\":\"https:\/\/www.intoscana.it\/it\/covid-19-in-toscana-133-casi-in-piu-rispetto-a-ieri-eta-media-40-anni-i-decessi-sono-cinque\/#breadcrumb\"},\"inLanguage\":\"it-IT\",\"potentialAction\":[{\"@type\":\"ReadAction\",\"target\":[\"https:\/\/www.intoscana.it\/it\/covid-19-in-toscana-133-casi-in-piu-rispetto-a-ieri-eta-media-40-anni-i-decessi-sono-cinque\/\"]}]},{\"@type\":\"ImageObject\",\"inLanguage\":\"it-IT\",\"@id\":\"https:\/\/www.intoscana.it\/it\/covid-19-in-toscana-133-casi-in-piu-rispetto-a-ieri-eta-media-40-anni-i-decessi-sono-cinque\/#primaryimage\",\"url\":\"https:\/\/www.intoscana.it\/wp-content\/uploads\/bambino-mascherina-covid-scaled.jpg\",\"contentUrl\":\"https:\/\/www.intoscana.it\/wp-content\/uploads\/bambino-mascherina-covid-scaled.jpg\",\"width\":2048,\"height\":1277},{\"@type\":\"BreadcrumbList\",\"@id\":\"https:\/\/www.intoscana.it\/it\/covid-19-in-toscana-133-casi-in-piu-rispetto-a-ieri-eta-media-40-anni-i-decessi-sono-cinque\/#breadcrumb\",\"itemListElement\":[{\"@type\":\"ListItem\",\"position\":1,\"name\":\"Home\",\"item\":\"https:\/\/www.intoscana.it\/it\/\"},{\"@type\":\"ListItem\",\"position\":2,\"name\":\"Covid-19: in Toscana 133 casi in pi\u00f9 rispetto a ieri, et\u00e0 media 40 anni, 5 i decessi\"}]},{\"@type\":\"WebSite\",\"@id\":\"https:\/\/www.intoscana.it\/it\/#website\",\"url\":\"https:\/\/www.intoscana.it\/it\/\",\"name\":\"intoscana\",\"description\":\"\",\"potentialAction\":[{\"@type\":\"SearchAction\",\"target\":{\"@type\":\"EntryPoint\",\"urlTemplate\":\"https:\/\/www.intoscana.it\/it\/?s={search_term_string}\"},\"query-input\":{\"@type\":\"PropertyValueSpecification\",\"valueRequired\":true,\"valueName\":\"search_term_string\"}}],\"inLanguage\":\"it-IT\"},{\"@type\":\"Person\",\"@id\":\"https:\/\/www.intoscana.it\/it\/#\/schema\/person\/9223810753230f20bd670fdd322661f8\",\"name\":\"Redazione\",\"url\":\"https:\/\/www.intoscana.it\/it\/author\/redazione\/\"}]}<\/script>\n<!-- \/ Yoast SEO Premium plugin. -->","yoast_head_json":{"title":"Covid-19: in Toscana 133 casi in pi\u00f9 rispetto a ieri, et\u00e0 media 40 anni, 5 i decessi - intoscana","description":"Le persone ricoverate nei posti letto dedicati ai pazienti Covid oggi sono complessivamente 445 (24 in meno rispetto a ieri)","robots":{"index":"index","follow":"follow","max-snippet":"max-snippet:-1","max-image-preview":"max-image-preview:large","max-video-preview":"max-video-preview:-1"},"canonical":"https:\/\/www.intoscana.it\/it\/covid-19-in-toscana-133-casi-in-piu-rispetto-a-ieri-eta-media-40-anni-i-decessi-sono-cinque\/","og_locale":"it_IT","og_type":"article","og_title":"Covid-19: in Toscana 133 casi in pi\u00f9 rispetto a ieri, et\u00e0 media 40 anni, 5 i decessi","og_description":"Le persone ricoverate nei posti letto dedicati ai pazienti Covid oggi sono complessivamente 445 (24 in meno rispetto a ieri)","og_url":"https:\/\/www.intoscana.it\/it\/covid-19-in-toscana-133-casi-in-piu-rispetto-a-ieri-eta-media-40-anni-i-decessi-sono-cinque\/","og_site_name":"intoscana","article_publisher":"https:\/\/www.facebook.com\/intoscana.it","article_published_time":"2021-06-04T11:16:27+00:00","article_modified_time":"2021-06-05T11:19:35+00:00","og_image":[{"width":2048,"height":1277,"url":"https:\/\/www.intoscana.it\/wp-content\/uploads\/bambino-mascherina-covid-scaled.jpg","type":"image\/jpeg"}],"author":"Redazione","twitter_card":"summary_large_image","twitter_creator":"@intoscana","twitter_site":"@intoscana","twitter_misc":{"Written by":"Redazione","Est. reading time":"3 minuti"},"schema":{"@context":"https:\/\/schema.org","@graph":[{"@type":"WebPage","@id":"https:\/\/www.intoscana.it\/it\/covid-19-in-toscana-133-casi-in-piu-rispetto-a-ieri-eta-media-40-anni-i-decessi-sono-cinque\/","url":"https:\/\/www.intoscana.it\/it\/covid-19-in-toscana-133-casi-in-piu-rispetto-a-ieri-eta-media-40-anni-i-decessi-sono-cinque\/","name":"Covid-19: in Toscana 133 casi in pi\u00f9 rispetto a ieri, et\u00e0 media 40 anni, 5 i decessi - intoscana","isPartOf":{"@id":"https:\/\/www.intoscana.it\/it\/#website"},"primaryImageOfPage":{"@id":"https:\/\/www.intoscana.it\/it\/covid-19-in-toscana-133-casi-in-piu-rispetto-a-ieri-eta-media-40-anni-i-decessi-sono-cinque\/#primaryimage"},"image":{"@id":"https:\/\/www.intoscana.it\/it\/covid-19-in-toscana-133-casi-in-piu-rispetto-a-ieri-eta-media-40-anni-i-decessi-sono-cinque\/#primaryimage"},"thumbnailUrl":"https:\/\/www.intoscana.it\/wp-content\/uploads\/bambino-mascherina-covid-scaled.jpg","datePublished":"2021-06-04T11:16:27+00:00","dateModified":"2021-06-05T11:19:35+00:00","author":{"@id":"https:\/\/www.intoscana.it\/it\/#\/schema\/person\/9223810753230f20bd670fdd322661f8"},"description":"Le persone ricoverate nei posti letto dedicati ai pazienti Covid oggi sono complessivamente 445 (24 in meno rispetto a ieri)","breadcrumb":{"@id":"https:\/\/www.intoscana.it\/it\/covid-19-in-toscana-133-casi-in-piu-rispetto-a-ieri-eta-media-40-anni-i-decessi-sono-cinque\/#breadcrumb"},"inLanguage":"it-IT","potentialAction":[{"@type":"ReadAction","target":["https:\/\/www.intoscana.it\/it\/covid-19-in-toscana-133-casi-in-piu-rispetto-a-ieri-eta-media-40-anni-i-decessi-sono-cinque\/"]}]},{"@type":"ImageObject","inLanguage":"it-IT","@id":"https:\/\/www.intoscana.it\/it\/covid-19-in-toscana-133-casi-in-piu-rispetto-a-ieri-eta-media-40-anni-i-decessi-sono-cinque\/#primaryimage","url":"https:\/\/www.intoscana.it\/wp-content\/uploads\/bambino-mascherina-covid-scaled.jpg","contentUrl":"https:\/\/www.intoscana.it\/wp-content\/uploads\/bambino-mascherina-covid-scaled.jpg","width":2048,"height":1277},{"@type":"BreadcrumbList","@id":"https:\/\/www.intoscana.it\/it\/covid-19-in-toscana-133-casi-in-piu-rispetto-a-ieri-eta-media-40-anni-i-decessi-sono-cinque\/#breadcrumb","itemListElement":[{"@type":"ListItem","position":1,"name":"Home","item":"https:\/\/www.intoscana.it\/it\/"},{"@type":"ListItem","position":2,"name":"Covid-19: in Toscana 133 casi in pi\u00f9 rispetto a ieri, et\u00e0 media 40 anni, 5 i decessi"}]},{"@type":"WebSite","@id":"https:\/\/www.intoscana.it\/it\/#website","url":"https:\/\/www.intoscana.it\/it\/","name":"intoscana","description":"","potentialAction":[{"@type":"SearchAction","target":{"@type":"EntryPoint","urlTemplate":"https:\/\/www.intoscana.it\/it\/?s={search_term_string}"},"query-input":{"@type":"PropertyValueSpecification","valueRequired":true,"valueName":"search_term_string"}}],"inLanguage":"it-IT"},{"@type":"Person","@id":"https:\/\/www.intoscana.it\/it\/#\/schema\/person\/9223810753230f20bd670fdd322661f8","name":"Redazione","url":"https:\/\/www.intoscana.it\/it\/author\/redazione\/"}]}},"_links":{"self":[{"href":"https:\/\/www.intoscana.it\/it\/wp-json\/wp\/v2\/posts\/179198","targetHints":{"allow":["GET"]}}],"collection":[{"href":"https:\/\/www.intoscana.it\/it\/wp-json\/wp\/v2\/posts"}],"about":[{"href":"https:\/\/www.intoscana.it\/it\/wp-json\/wp\/v2\/types\/post"}],"author":[{"embeddable":true,"href":"https:\/\/www.intoscana.it\/it\/wp-json\/wp\/v2\/users\/525"}],"replies":[{"embeddable":true,"href":"https:\/\/www.intoscana.it\/it\/wp-json\/wp\/v2\/comments?post=179198"}],"version-history":[{"count":0,"href":"https:\/\/www.intoscana.it\/it\/wp-json\/wp\/v2\/posts\/179198\/revisions"}],"wp:featuredmedia":[{"embeddable":true,"href":"https:\/\/www.intoscana.it\/it\/wp-json\/wp\/v2\/media\/158900"}],"wp:attachment":[{"href":"https:\/\/www.intoscana.it\/it\/wp-json\/wp\/v2\/media?parent=179198"}],"wp:term":[{"taxonomy":"category","embeddable":true,"href":"https:\/\/www.intoscana.it\/it\/wp-json\/wp\/v2\/categories?post=179198"},{"taxonomy":"post_tag","embeddable":true,"href":"https:\/\/www.intoscana.it\/it\/wp-json\/wp\/v2\/tags?post=179198"}],"curies":[{"name":"wp","href":"https:\/\/api.w.org\/{rel}","templated":true}]}}