{"id":180031,"date":"2021-06-11T11:01:05","date_gmt":"2021-06-11T09:01:05","guid":{"rendered":"https:\/\/www.intoscana.it\/it\/?p=180031"},"modified":"2021-06-11T11:01:05","modified_gmt":"2021-06-11T09:01:05","slug":"covid-prato-2-mila-vaccini-al-giorno","status":"publish","type":"post","link":"https:\/\/www.intoscana.it\/it\/covid-prato-2-mila-vaccini-al-giorno\/","title":{"rendered":"Covid, il &#8220;caso Prato&#8221;: da maglia nera a 2mila vaccini al giorno"},"content":{"rendered":"<p>Per settimane \u00e8<strong> stata la provincia con il pi\u00f9 alto numero di casi giornalieri<\/strong>. La seconda ondata della pandemia ha colpito la citt\u00e0 tessile pesantemente, con un bilancio che si aggravava settimana dopo settimana. Popolazione giovane, alta densit\u00e0 demografica, basse percentuali di immunizzati durante la prima ondata, <strong>hanno fatto di Prato e provincia la realt\u00e0 pi\u00f9 complessa dal punto di vista sanitario dell\u2019intera regione<\/strong>.<\/p>\n<p>Oggi per\u00f2 il trend \u00e8 finalmente in diminuzione e proprio <mark>a Prato si registra una delle migliori performance italiane con quasi il 100% (97% per l&#8217;esattezza) degli ottantenni che hanno ricevuto la prima dose, cui si aggiungono l&#8217;86,9% degli over 70 e il 74,43% degli over 60 <\/mark><\/p>\n<p><span class=\"citazione\"> Oggi a Prato quasi la totalit\u00e0 degli over 80 hanno ricevuto la prima dose . Numeri sopra la media<\/span><\/p>\n<p>\u201cLa campagna vaccinale procede a ritmo spedito <strong>con pi\u00f9 di 2000 inoculazioni al giorno nei due hub pratesi del Pegaso e del Pellegrinaio Nuovo,<\/strong> senza dimenticare la possibilit\u00e0 del last minute a fine giornata\u201d. A riferire i dati sull\u2019andamento delle vaccinazioni nel pratese \u00e8 stato <strong>il direttore del dipartimento della prevenzione Usl Toscana Centro Renzo Berti<\/strong> durante una seduta straordinaria del consiglio comunale dedicata proprio alla situazione sanitaria locale e nazionale cui ha preso parte anche il presidente della Regione Toscana, Eugenio Giani che ha ribadito che <strong>l\u2019obiettivo della Regione \u00e8 arrivare entro il 30 settembre ad avere una copertura del 70%, almeno per la prima dose, raggiungendo cos\u00ec la soglia indicata per la cosiddetta &#8220;immunit\u00e0 di gregge&#8221;<\/strong>.<\/p>\n<h3>I dati regionali<\/h3>\n<p><mark>Sono 1.420.000 i toscani che hanno gi\u00e0 ricevuto la prima dose di vaccino Covid 19, praticamente il 50% della popolazione regionale (3.668.300 cittadini) <\/mark> se si detraggono i bambini sotto i 12 anni, coloro a cui non pu\u00f2 essere somministrato per patologia e la quota fisiologica di coloro che non vogliono essere vaccinati. Si sale 2,4 milioni di dosi fatte per coloro che hanno gi\u00e0 fatto anche la seconda.<\/p>\n<h3>L\u2019importanza degli hub vaccinali<\/h3>\n<p><strong>La vera svolta a Prato \u00e8 stata possibile grazie all\u2019apertura dei due hub vaccinali:<\/strong>\u00a0\u201cQuando ad ottobre scorso \u2013 ha detto Giani &#8211; venne registrato il dato drammatico dei 16mila contagi alla settimana, decidemmo di investire nel Creaf e costruire il <a href=\"https:\/\/www.intoscana.it\/it\/articolo\/centro-covid-pegaso-prato-190-posti-letto\/\">Pegaso<\/a>, uno spazio per la sanit\u00e0 che rimarr\u00e0 anche per il futuro per le cure intermedie, che durante quella fase acuta \u00e8 arrivata ad accogliere 100 ricoverati\u201d.<\/p>\n<p><mark>Il Pegaso \u00e8 uno degli 84 hub pubblici di tutta la Toscana dove vengono somministrate 30mila dosi al giorno, che in un mese diventano 900mila <\/mark>.\u00a0\u201cStiamo costruendo un muro contro il Covid &#8211; ha aggiunto Giani &#8211; Intendiamo far s\u00ec che anche la fascia 12-16 sia vaccinata per l&#8217;inizio della scuola, questa settimana completeremo le prenotazioni\u201d<\/p>\n","protected":false},"excerpt":{"rendered":"<p>Ogni giorno vengono inoculate pi\u00f9 2000 dosi nei due hub di Prato del Pegaso e del Pellegrinaio Nuovo e il presidente Giani vede sempre pi\u00f9 vicino l&#8217;obiettivo dell&#8217;immunit\u00e0 di gregge entro il 30 settembre<\/p>\n","protected":false},"author":503,"featured_media":180036,"comment_status":"open","ping_status":"open","sticky":false,"template":"","format":"standard","meta":{"_acf_changed":false,"footnotes":""},"categories":[18],"tags":[],"class_list":["post-180031","post","type-post","status-publish","format-standard","has-post-thumbnail","hentry","category-salute"],"acf":[],"yoast_head":"<!-- This site is optimized with the Yoast SEO Premium plugin v24.2 (Yoast SEO v25.6) - https:\/\/yoast.com\/wordpress\/plugins\/seo\/ -->\n<title>Covid, il &quot;caso Prato&quot;: da maglia nera a 2mila vaccini al giorno - intoscana<\/title>\n<meta name=\"description\" content=\"A Prato quasi la totalit\u00e0 degli over 80 hanno ricevuto la prima dose. Giani: &quot;Immunit\u00e0 di gregge entro fine settembre&quot;\" \/>\n<meta name=\"robots\" content=\"index, follow, max-snippet:-1, max-image-preview:large, max-video-preview:-1\" \/>\n<link rel=\"canonical\" href=\"https:\/\/www.intoscana.it\/it\/covid-prato-2-mila-vaccini-al-giorno\/\" \/>\n<meta property=\"og:locale\" content=\"it_IT\" \/>\n<meta property=\"og:type\" content=\"article\" \/>\n<meta property=\"og:title\" content=\"Covid, il &quot;caso Prato&quot;: da maglia nera a 2mila vaccini al giorno\" \/>\n<meta property=\"og:description\" content=\"A Prato quasi la totalit\u00e0 degli over 80 hanno ricevuto la prima dose. Giani: &quot;Immunit\u00e0 di gregge entro fine settembre&quot;\" \/>\n<meta property=\"og:url\" content=\"https:\/\/www.intoscana.it\/it\/covid-prato-2-mila-vaccini-al-giorno\/\" \/>\n<meta property=\"og:site_name\" content=\"intoscana\" \/>\n<meta property=\"article:publisher\" content=\"https:\/\/www.facebook.com\/intoscana.it\" \/>\n<meta property=\"article:published_time\" content=\"2021-06-11T09:01:05+00:00\" \/>\n<meta property=\"og:image\" content=\"https:\/\/www.intoscana.it\/wp-content\/uploads\/Pellegrinaio-Nuovo-vaccini-Prato-scaled.jpg\" \/>\n\t<meta property=\"og:image:width\" content=\"2048\" \/>\n\t<meta property=\"og:image:height\" content=\"1536\" \/>\n\t<meta property=\"og:image:type\" content=\"image\/jpeg\" \/>\n<meta name=\"author\" content=\"Giulia Rafanelli\" \/>\n<meta name=\"twitter:card\" content=\"summary_large_image\" \/>\n<meta name=\"twitter:creator\" content=\"@intoscana\" \/>\n<meta name=\"twitter:site\" content=\"@intoscana\" \/>\n<meta name=\"twitter:label1\" content=\"Written by\" \/>\n\t<meta name=\"twitter:data1\" content=\"Giulia Rafanelli\" \/>\n\t<meta name=\"twitter:label2\" content=\"Est. reading time\" \/>\n\t<meta name=\"twitter:data2\" content=\"2 minuti\" \/>\n<script type=\"application\/ld+json\" class=\"yoast-schema-graph\">{\"@context\":\"https:\/\/schema.org\",\"@graph\":[{\"@type\":\"WebPage\",\"@id\":\"https:\/\/www.intoscana.it\/it\/covid-prato-2-mila-vaccini-al-giorno\/\",\"url\":\"https:\/\/www.intoscana.it\/it\/covid-prato-2-mila-vaccini-al-giorno\/\",\"name\":\"Covid, il \\\"caso Prato\\\": da maglia nera a 2mila vaccini al giorno - intoscana\",\"isPartOf\":{\"@id\":\"https:\/\/www.intoscana.it\/it\/#website\"},\"primaryImageOfPage\":{\"@id\":\"https:\/\/www.intoscana.it\/it\/covid-prato-2-mila-vaccini-al-giorno\/#primaryimage\"},\"image\":{\"@id\":\"https:\/\/www.intoscana.it\/it\/covid-prato-2-mila-vaccini-al-giorno\/#primaryimage\"},\"thumbnailUrl\":\"https:\/\/www.intoscana.it\/wp-content\/uploads\/Pellegrinaio-Nuovo-vaccini-Prato-scaled.jpg\",\"datePublished\":\"2021-06-11T09:01:05+00:00\",\"author\":{\"@id\":\"https:\/\/www.intoscana.it\/it\/#\/schema\/person\/333569b367b301e30262defcea56c939\"},\"description\":\"A Prato quasi la totalit\u00e0 degli over 80 hanno ricevuto la prima dose. Giani: \\\"Immunit\u00e0 di gregge entro fine settembre\\\"\",\"breadcrumb\":{\"@id\":\"https:\/\/www.intoscana.it\/it\/covid-prato-2-mila-vaccini-al-giorno\/#breadcrumb\"},\"inLanguage\":\"it-IT\",\"potentialAction\":[{\"@type\":\"ReadAction\",\"target\":[\"https:\/\/www.intoscana.it\/it\/covid-prato-2-mila-vaccini-al-giorno\/\"]}]},{\"@type\":\"ImageObject\",\"inLanguage\":\"it-IT\",\"@id\":\"https:\/\/www.intoscana.it\/it\/covid-prato-2-mila-vaccini-al-giorno\/#primaryimage\",\"url\":\"https:\/\/www.intoscana.it\/wp-content\/uploads\/Pellegrinaio-Nuovo-vaccini-Prato-scaled.jpg\",\"contentUrl\":\"https:\/\/www.intoscana.it\/wp-content\/uploads\/Pellegrinaio-Nuovo-vaccini-Prato-scaled.jpg\",\"width\":2048,\"height\":1536},{\"@type\":\"BreadcrumbList\",\"@id\":\"https:\/\/www.intoscana.it\/it\/covid-prato-2-mila-vaccini-al-giorno\/#breadcrumb\",\"itemListElement\":[{\"@type\":\"ListItem\",\"position\":1,\"name\":\"Home\",\"item\":\"https:\/\/www.intoscana.it\/it\/\"},{\"@type\":\"ListItem\",\"position\":2,\"name\":\"Covid, il &#8220;caso Prato&#8221;: da maglia nera a 2mila vaccini al giorno\"}]},{\"@type\":\"WebSite\",\"@id\":\"https:\/\/www.intoscana.it\/it\/#website\",\"url\":\"https:\/\/www.intoscana.it\/it\/\",\"name\":\"intoscana\",\"description\":\"\",\"potentialAction\":[{\"@type\":\"SearchAction\",\"target\":{\"@type\":\"EntryPoint\",\"urlTemplate\":\"https:\/\/www.intoscana.it\/it\/?s={search_term_string}\"},\"query-input\":{\"@type\":\"PropertyValueSpecification\",\"valueRequired\":true,\"valueName\":\"search_term_string\"}}],\"inLanguage\":\"it-IT\"},{\"@type\":\"Person\",\"@id\":\"https:\/\/www.intoscana.it\/it\/#\/schema\/person\/333569b367b301e30262defcea56c939\",\"name\":\"Giulia Rafanelli\",\"url\":\"https:\/\/www.intoscana.it\/it\/author\/giulia-rafanelli\/\"}]}<\/script>\n<!-- \/ Yoast SEO Premium plugin. -->","yoast_head_json":{"title":"Covid, il \"caso Prato\": da maglia nera a 2mila vaccini al giorno - intoscana","description":"A Prato quasi la totalit\u00e0 degli over 80 hanno ricevuto la prima dose. Giani: \"Immunit\u00e0 di gregge entro fine settembre\"","robots":{"index":"index","follow":"follow","max-snippet":"max-snippet:-1","max-image-preview":"max-image-preview:large","max-video-preview":"max-video-preview:-1"},"canonical":"https:\/\/www.intoscana.it\/it\/covid-prato-2-mila-vaccini-al-giorno\/","og_locale":"it_IT","og_type":"article","og_title":"Covid, il \"caso Prato\": da maglia nera a 2mila vaccini al giorno","og_description":"A Prato quasi la totalit\u00e0 degli over 80 hanno ricevuto la prima dose. Giani: \"Immunit\u00e0 di gregge entro fine settembre\"","og_url":"https:\/\/www.intoscana.it\/it\/covid-prato-2-mila-vaccini-al-giorno\/","og_site_name":"intoscana","article_publisher":"https:\/\/www.facebook.com\/intoscana.it","article_published_time":"2021-06-11T09:01:05+00:00","og_image":[{"width":2048,"height":1536,"url":"https:\/\/www.intoscana.it\/wp-content\/uploads\/Pellegrinaio-Nuovo-vaccini-Prato-scaled.jpg","type":"image\/jpeg"}],"author":"Giulia Rafanelli","twitter_card":"summary_large_image","twitter_creator":"@intoscana","twitter_site":"@intoscana","twitter_misc":{"Written by":"Giulia Rafanelli","Est. reading time":"2 minuti"},"schema":{"@context":"https:\/\/schema.org","@graph":[{"@type":"WebPage","@id":"https:\/\/www.intoscana.it\/it\/covid-prato-2-mila-vaccini-al-giorno\/","url":"https:\/\/www.intoscana.it\/it\/covid-prato-2-mila-vaccini-al-giorno\/","name":"Covid, il \"caso Prato\": da maglia nera a 2mila vaccini al giorno - intoscana","isPartOf":{"@id":"https:\/\/www.intoscana.it\/it\/#website"},"primaryImageOfPage":{"@id":"https:\/\/www.intoscana.it\/it\/covid-prato-2-mila-vaccini-al-giorno\/#primaryimage"},"image":{"@id":"https:\/\/www.intoscana.it\/it\/covid-prato-2-mila-vaccini-al-giorno\/#primaryimage"},"thumbnailUrl":"https:\/\/www.intoscana.it\/wp-content\/uploads\/Pellegrinaio-Nuovo-vaccini-Prato-scaled.jpg","datePublished":"2021-06-11T09:01:05+00:00","author":{"@id":"https:\/\/www.intoscana.it\/it\/#\/schema\/person\/333569b367b301e30262defcea56c939"},"description":"A Prato quasi la totalit\u00e0 degli over 80 hanno ricevuto la prima dose. Giani: \"Immunit\u00e0 di gregge entro fine settembre\"","breadcrumb":{"@id":"https:\/\/www.intoscana.it\/it\/covid-prato-2-mila-vaccini-al-giorno\/#breadcrumb"},"inLanguage":"it-IT","potentialAction":[{"@type":"ReadAction","target":["https:\/\/www.intoscana.it\/it\/covid-prato-2-mila-vaccini-al-giorno\/"]}]},{"@type":"ImageObject","inLanguage":"it-IT","@id":"https:\/\/www.intoscana.it\/it\/covid-prato-2-mila-vaccini-al-giorno\/#primaryimage","url":"https:\/\/www.intoscana.it\/wp-content\/uploads\/Pellegrinaio-Nuovo-vaccini-Prato-scaled.jpg","contentUrl":"https:\/\/www.intoscana.it\/wp-content\/uploads\/Pellegrinaio-Nuovo-vaccini-Prato-scaled.jpg","width":2048,"height":1536},{"@type":"BreadcrumbList","@id":"https:\/\/www.intoscana.it\/it\/covid-prato-2-mila-vaccini-al-giorno\/#breadcrumb","itemListElement":[{"@type":"ListItem","position":1,"name":"Home","item":"https:\/\/www.intoscana.it\/it\/"},{"@type":"ListItem","position":2,"name":"Covid, il &#8220;caso Prato&#8221;: da maglia nera a 2mila vaccini al giorno"}]},{"@type":"WebSite","@id":"https:\/\/www.intoscana.it\/it\/#website","url":"https:\/\/www.intoscana.it\/it\/","name":"intoscana","description":"","potentialAction":[{"@type":"SearchAction","target":{"@type":"EntryPoint","urlTemplate":"https:\/\/www.intoscana.it\/it\/?s={search_term_string}"},"query-input":{"@type":"PropertyValueSpecification","valueRequired":true,"valueName":"search_term_string"}}],"inLanguage":"it-IT"},{"@type":"Person","@id":"https:\/\/www.intoscana.it\/it\/#\/schema\/person\/333569b367b301e30262defcea56c939","name":"Giulia Rafanelli","url":"https:\/\/www.intoscana.it\/it\/author\/giulia-rafanelli\/"}]}},"_links":{"self":[{"href":"https:\/\/www.intoscana.it\/it\/wp-json\/wp\/v2\/posts\/180031","targetHints":{"allow":["GET"]}}],"collection":[{"href":"https:\/\/www.intoscana.it\/it\/wp-json\/wp\/v2\/posts"}],"about":[{"href":"https:\/\/www.intoscana.it\/it\/wp-json\/wp\/v2\/types\/post"}],"author":[{"embeddable":true,"href":"https:\/\/www.intoscana.it\/it\/wp-json\/wp\/v2\/users\/503"}],"replies":[{"embeddable":true,"href":"https:\/\/www.intoscana.it\/it\/wp-json\/wp\/v2\/comments?post=180031"}],"version-history":[{"count":0,"href":"https:\/\/www.intoscana.it\/it\/wp-json\/wp\/v2\/posts\/180031\/revisions"}],"wp:featuredmedia":[{"embeddable":true,"href":"https:\/\/www.intoscana.it\/it\/wp-json\/wp\/v2\/media\/180036"}],"wp:attachment":[{"href":"https:\/\/www.intoscana.it\/it\/wp-json\/wp\/v2\/media?parent=180031"}],"wp:term":[{"taxonomy":"category","embeddable":true,"href":"https:\/\/www.intoscana.it\/it\/wp-json\/wp\/v2\/categories?post=180031"},{"taxonomy":"post_tag","embeddable":true,"href":"https:\/\/www.intoscana.it\/it\/wp-json\/wp\/v2\/tags?post=180031"}],"curies":[{"name":"wp","href":"https:\/\/api.w.org\/{rel}","templated":true}]}}