{"id":180618,"date":"2021-07-14T07:10:43","date_gmt":"2021-07-14T05:10:43","guid":{"rendered":"https:\/\/www.intoscana.it\/it\/?p=180618"},"modified":"2021-10-04T15:48:17","modified_gmt":"2021-10-04T13:48:17","slug":"leonardo-manetti-il-poeta-delle-vigne-il-chianti-un-paesaggio-nato-dal-sudore","status":"publish","type":"post","link":"https:\/\/www.intoscana.it\/it\/leonardo-manetti-il-poeta-delle-vigne-il-chianti-un-paesaggio-nato-dal-sudore\/","title":{"rendered":"Leonardo Manetti, il poeta delle vigne. Il Chianti? Un paesaggio nato dal sudore"},"content":{"rendered":"<p>I filari di vite spogli d&#8217;inverno, nodi arrugginiti dal tempo, vibrano d&#8217;energia a primavera, esplodono di sentimento d&#8217;estate. Quante immagini davanti agli occhi, quanti scenari. Scatti d&#8217;autore, quadri impressionisti, stralci di vita vissuta. Quanta poesia. La stessa che ritrova tra le sue vigne nel Chianti Classico <strong>Leonardo Manetti<\/strong>, una storia fatta di vino e versi, di parole impresse sulla carta o in digitale, ora che scrivere a mano \u00e8 diventato quasi un lusso di pochi.<\/p>\n<p><em>&#8220;Dove\u00a0c&#8217;\u00e8 poesia, ci sono l&#8217;uomo e la natura<\/em> &#8211; racconta &#8211; <em>una simbiosi che trova un fertile terreno nella mia anima&#8221;.\u00a0<\/em><\/p>\n<p>Iniziamo a parlare.<\/p>\n<p class=\"p1\"><strong>Intorno al vino \u00e8 possibile costruire una narrazione sensoriale e anche una storia. Come si sono incontrati nella tua vita questi due mondi, il vino e la poesia?<\/strong><\/p>\n<p class=\"p3\">La semplicit\u00e0 dei valori del mondo contadino mi ha incoraggiato a scrivere. Nei miei versi c&#8217;\u00e8 tanto della mia terra e le mie poesie sono lo specchio fedele delle emozioni che i luoghi, i paesaggi e i prodotti che coltivo mi trasmettono. Ho cominciato a scrivere nel periodo dell&#8217;adolescenza, quando ho\u00a0 sentito il bisogno di<span class=\"Apple-converted-space\">\u00a0 <\/span>affidare le mie voci silenziose a un foglio bianco.<\/p>\n<p class=\"p1\"><strong>Oggi molti giovani si sono riscoperti innamorati dell&#8217;agricoltura, mossi da un richiamo, un desiderio, un obiettivo nuovo. Per te invece tutto parte da radici familiari, dove inizia la tua storia?<\/strong><\/p>\n<p class=\"p5\">Con la fine della mezzadria negli anni &#8217;60, mentre molti abbandonavano le campagne per andare a lavorare in citt\u00e0, mio nonno Nello con la moglie Annita e la loro famiglia si mise in proprio. Insieme diventarono coltivatori diretti. Cos\u00ec nel 1963 apr\u00ec l\u2019Azienda Agricola Sagrona che ha chiuso nel 2016. Il mio sogno fin da piccolo era semplice, fare vino e fare poesia. Ho sempre lavorato nell&#8217;azienda di famiglia, non vedevo l&#8217;ora di tornare a casa dopo la scuola per partecipare alla vendemmia e attendevo l&#8217;arrivo dell&#8217;estate per poter andare a lavorare in vigna. Cos\u00ec nel 2007 mi sono laureato in Viticoltura ed Enologia a Firenze e nel 2009 ho aperto la mia azienda agricola.<\/p>\n<figure id=\"post-180623 media-180623\" class=\"align-none\"><img decoding=\"async\" src=\"https:\/\/www.intoscana.it\/wp-content\/uploads\/vigna-manetti-greve-in-chianti-uva--e1626007265894.jpg\" alt=\"\" \/><\/figure>\n<p class=\"p1\"><strong>Il tuo vino lo produci a Greve in Chianti, uno dei templi toscani della viticoltura. Se dovessi dedicare un verso alla tua terra, al tuo vino, quali parole sceglieresti?<\/strong><\/p>\n<p class=\"p1\">Sicuramente il primo verso delle poesia &#8220;Vino&#8221; alla quale sono molto affezionato: \u201cUn paesaggio nato dal sudore\u201d.<\/p>\n<p class=\"p1\"><strong>Oggi chi viaggia cerca un&#8217;esperienza diretta anche con il mondo del vino. La poesia pu\u00f2 essere un tramite per unire territorio, produzioni, storie agricole, etichette?<\/strong><\/p>\n<p><span class=\"citazione\"> Con la poesia si pu\u00f2 cogliere la bellezza e fotografare con le parole \u00a0<\/span><\/p>\n<p class=\"p5\">Sicuramente si. Una citazione dice: \u201cPer fare un grande vino sono necessari: un folle per coltivare le viti, un saggio per sovrintendere, un poeta lucido per creare il vino, un innamorato per berlo&#8221;.<\/p>\n<p class=\"p5\">Con la poesia pu\u00f2 cogliere la bellezza e fotografare con le parole. Il segreto della poesia \u00e8 avere lo stupore e l&#8217;innocenza di quando siamo bambini, cercando di risvegliare quel fondo fanciullesco che tutti gli uomini dovrebbero mantenere.<\/p>\n<figure id=\"post-180624 media-180624\" class=\"align-none\"><img decoding=\"async\" src=\"https:\/\/www.intoscana.it\/wp-content\/uploads\/vignamanetti_chianti-e1626007287295.jpg\" alt=\"\" \/><\/figure>\n<p class=\"p1\"><strong>Cosa offrire agli enoturisti oggi?<\/strong><\/p>\n<p class=\"p3\">Una cosa essenziale alla quale si \u00e8 data poca importanza qui da noi \u00e8 la rete sentieristica. Ognuno ha il suo modo di vivere la vacanza e le proprie passioni\u00a0 ma il trekking rappresenta sicuramente un modo interessante e lento per scoprire le bellezze naturali e il mondo intorno al vino. Un&#8217;altra cosa interessante pu\u00f2 essere poi il legame &#8220;Arte e Vino&#8221;. Il vino trova spazio nell&#8217;arte, ma anche molto altro. Il vino, la vigna, l&#8217;arte, la storia e il paesaggio si fondono in un tutt&#8217;uno.<\/p>\n<p class=\"p1\"><strong>Cosa ti hanno insegnato il vino, la terra, l&#8217;agricoltura?<\/strong><\/p>\n<p><span class=\"citazione\"> La vita contadina ti fa innamorare della vita stessa <\/span><\/p>\n<p class=\"p6\">L&#8217;importanza di ogni singolo dettaglio, una vita pi\u00f9 semplice e meno frenetica.<span class=\"Apple-converted-space\">\u00a0 <\/span>La vera felicit\u00e0 si trova nelle piccole cose quotidiane, semplici e importanti, basta gustarsi gli istanti e soffermarsi a guardare, ad andare pi\u00f9 piano. La vita contadina ti fa innamorare della vita stessa, delle cose sincere e spontanee: un sorriso, un abbraccio, uno sguardo, le foglie di un albero che cadono, le matite che colorano il paesaggio. Ho riscoperto l&#8217;arcobaleno, i fiori nei prati, l&#8217;odore di un profumo.<\/p>\n<p class=\"p1\"><strong>La vendemmia \u00e8 il momento in cui si raccolgono i primi frutti del lavoro di una stagione. Come vivi quei giorni, quel fermento?<\/strong><\/p>\n<p class=\"p5\">Dicono tutto i famosi versi di San Martino del Carducci:<\/p>\n<p class=\"p5\"><em>\u201c&#8230;ma per le vie del borgo<\/em><\/p>\n<p class=\"p5\"><em>dal ribollir de&#8217; tini<\/em><\/p>\n<p class=\"p5\"><em>va l&#8217;aspro odor de i vini<\/em><\/p>\n<p class=\"p5\"><em>l&#8217;anime a rallegrar.\u201d<\/em><\/p>\n<p class=\"p5\">Quando fai il vino a settembre la vinificazione, cio\u00e8 il mosto che diventa vino grazie agli zuccheri e ai lieviti, non \u00e8 poesia? La vendemmia \u00e8 il momento pi\u00f9 bello di tutto l&#8217;anno, \u00e8 la conclusione del ciclo produttivo dell&#8217;uva ma anche l&#8217;inizio di un nuovo prodotto: il vino. Vivo i giorni della vendemmia con molta felicit\u00e0 ma anche apprensione, perch\u00e9 in quei giorni si decide molto del lavoro di tutto l&#8217;anno.<\/p>\n<p class=\"p1\"><strong>Vigna o cantina?<\/strong><\/p>\n<p class=\"p3\">Sono due momenti molto belli, per\u00f2 se devo scegliere dico vigna. Il vino si fa nel vigneto e in cantina bisogna solo essere bravi a non rovinarlo.<\/p>\n<p class=\"p1\"><strong>Il Chianti \u00e8 il sogno di molti. Terra armoniosa, vino eccellente, paesaggi iconici. Per te il Chianti cosa rappresenta?<\/strong><\/p>\n<p class=\"p3\">Una terra dove si pu\u00f2 parlare ancora di una buona qualit\u00e0 della vita in un paesaggio ambientale a misura d&#8217;uomo e architettonicamente prezioso. Il Chianti \u00e8 la mia terra e tutti dovrebbero amare alla follia la loro terra d&#8217;origine.<\/p>\n<p class=\"p1\"><strong>Chiudiamo con un pezzo musicale. Per raccontare Leonardo, poeta vignaiolo, che canzone sceglieresti?<\/strong><\/p>\n<p class=\"p3\">Mi permetti di scegliere una poesia? La poesia \u00e8 musica e la musica \u00e8 poesia. Non \u00e8 sempre vero ma in generale \u00e8 cosi. Scelgo la poesia &#8220;Ode al vino di Pablo Neruda&#8221;. Un inno che celebra il nettare di Bacco. Poesia e Vino, ovvero due elementi che mi rappresentano al meglio.<\/p>\n","protected":false},"excerpt":{"rendered":"<p>La Toscana, la tradizione del vino e l&#8217;amore per le arti. Il vignaiolo si racconta: &#8220;Il mio sogno fin da piccolo era semplice: fare vino e fare poesia. La vita contadina ti fa innamorare della vita, delle cose sincere e spontanee&#8221;<\/p>\n","protected":false},"author":513,"featured_media":143282,"comment_status":"open","ping_status":"open","sticky":false,"template":"","format":"standard","meta":{"_acf_changed":false,"footnotes":""},"categories":[8],"tags":[1521,366,4729,224],"class_list":["post-180618","post","type-post","status-publish","format-standard","has-post-thumbnail","hentry","category-enogastronomia","tag-agricoltura-in-toscana","tag-chianti","tag-storie-di-moderni-contadini","tag-vino"],"acf":[],"yoast_head":"<!-- This site is optimized with the Yoast SEO Premium plugin v24.2 (Yoast SEO v25.6) - https:\/\/yoast.com\/wordpress\/plugins\/seo\/ -->\n<title>Leonardo Manetti, il poeta delle vigne. Il Chianti? Un paesaggio nato dal sudore - intoscana<\/title>\n<meta name=\"robots\" content=\"index, follow, max-snippet:-1, max-image-preview:large, max-video-preview:-1\" \/>\n<link rel=\"canonical\" href=\"https:\/\/www.intoscana.it\/it\/leonardo-manetti-il-poeta-delle-vigne-il-chianti-un-paesaggio-nato-dal-sudore\/\" \/>\n<meta property=\"og:locale\" content=\"it_IT\" \/>\n<meta property=\"og:type\" content=\"article\" \/>\n<meta property=\"og:title\" content=\"Leonardo Manetti, il poeta delle vigne. Il Chianti? Un paesaggio nato dal sudore\" \/>\n<meta property=\"og:description\" content=\"La Toscana, la tradizione del vino e l&#039;amore per le arti. Il vignaiolo si racconta: &quot;Il mio sogno fin da piccolo era semplice: fare vino e fare poesia. La vita contadina ti fa innamorare della vita, delle cose sincere e spontanee&quot;\" \/>\n<meta property=\"og:url\" content=\"https:\/\/www.intoscana.it\/it\/leonardo-manetti-il-poeta-delle-vigne-il-chianti-un-paesaggio-nato-dal-sudore\/\" \/>\n<meta property=\"og:site_name\" content=\"intoscana\" \/>\n<meta property=\"article:publisher\" content=\"https:\/\/www.facebook.com\/intoscana.it\" \/>\n<meta property=\"article:published_time\" content=\"2021-07-14T05:10:43+00:00\" \/>\n<meta property=\"article:modified_time\" content=\"2021-10-04T13:48:17+00:00\" \/>\n<meta property=\"og:image\" content=\"https:\/\/www.intoscana.it\/wp-content\/uploads\/1a76b9d7359f89bfe67b4e6924d6b12f-7.jpg\" \/>\n\t<meta property=\"og:image:width\" content=\"580\" \/>\n\t<meta property=\"og:image:height\" content=\"432\" \/>\n\t<meta property=\"og:image:type\" content=\"image\/jpeg\" \/>\n<meta name=\"author\" content=\"Simona Bellocci\" \/>\n<meta name=\"twitter:card\" content=\"summary_large_image\" \/>\n<meta name=\"twitter:creator\" content=\"@intoscana\" \/>\n<meta name=\"twitter:site\" content=\"@intoscana\" \/>\n<meta name=\"twitter:label1\" content=\"Written by\" \/>\n\t<meta name=\"twitter:data1\" content=\"Simona Bellocci\" \/>\n\t<meta name=\"twitter:label2\" content=\"Est. reading time\" \/>\n\t<meta name=\"twitter:data2\" content=\"5 minuti\" \/>\n<script type=\"application\/ld+json\" class=\"yoast-schema-graph\">{\"@context\":\"https:\/\/schema.org\",\"@graph\":[{\"@type\":\"WebPage\",\"@id\":\"https:\/\/www.intoscana.it\/it\/leonardo-manetti-il-poeta-delle-vigne-il-chianti-un-paesaggio-nato-dal-sudore\/\",\"url\":\"https:\/\/www.intoscana.it\/it\/leonardo-manetti-il-poeta-delle-vigne-il-chianti-un-paesaggio-nato-dal-sudore\/\",\"name\":\"Leonardo Manetti, il poeta delle vigne. Il Chianti? Un paesaggio nato dal sudore - intoscana\",\"isPartOf\":{\"@id\":\"https:\/\/www.intoscana.it\/it\/#website\"},\"primaryImageOfPage\":{\"@id\":\"https:\/\/www.intoscana.it\/it\/leonardo-manetti-il-poeta-delle-vigne-il-chianti-un-paesaggio-nato-dal-sudore\/#primaryimage\"},\"image\":{\"@id\":\"https:\/\/www.intoscana.it\/it\/leonardo-manetti-il-poeta-delle-vigne-il-chianti-un-paesaggio-nato-dal-sudore\/#primaryimage\"},\"thumbnailUrl\":\"https:\/\/www.intoscana.it\/wp-content\/uploads\/1a76b9d7359f89bfe67b4e6924d6b12f-7.jpg\",\"datePublished\":\"2021-07-14T05:10:43+00:00\",\"dateModified\":\"2021-10-04T13:48:17+00:00\",\"author\":{\"@id\":\"https:\/\/www.intoscana.it\/it\/#\/schema\/person\/43a95334a6f068317e0b7acba24f9e87\"},\"breadcrumb\":{\"@id\":\"https:\/\/www.intoscana.it\/it\/leonardo-manetti-il-poeta-delle-vigne-il-chianti-un-paesaggio-nato-dal-sudore\/#breadcrumb\"},\"inLanguage\":\"it-IT\",\"potentialAction\":[{\"@type\":\"ReadAction\",\"target\":[\"https:\/\/www.intoscana.it\/it\/leonardo-manetti-il-poeta-delle-vigne-il-chianti-un-paesaggio-nato-dal-sudore\/\"]}]},{\"@type\":\"ImageObject\",\"inLanguage\":\"it-IT\",\"@id\":\"https:\/\/www.intoscana.it\/it\/leonardo-manetti-il-poeta-delle-vigne-il-chianti-un-paesaggio-nato-dal-sudore\/#primaryimage\",\"url\":\"https:\/\/www.intoscana.it\/wp-content\/uploads\/1a76b9d7359f89bfe67b4e6924d6b12f-7.jpg\",\"contentUrl\":\"https:\/\/www.intoscana.it\/wp-content\/uploads\/1a76b9d7359f89bfe67b4e6924d6b12f-7.jpg\",\"width\":580,\"height\":432,\"caption\":\"Mercato del vino in crisi, l'allarme di Coldiretti.\"},{\"@type\":\"BreadcrumbList\",\"@id\":\"https:\/\/www.intoscana.it\/it\/leonardo-manetti-il-poeta-delle-vigne-il-chianti-un-paesaggio-nato-dal-sudore\/#breadcrumb\",\"itemListElement\":[{\"@type\":\"ListItem\",\"position\":1,\"name\":\"Home\",\"item\":\"https:\/\/www.intoscana.it\/it\/\"},{\"@type\":\"ListItem\",\"position\":2,\"name\":\"Leonardo Manetti, il poeta delle vigne. Il Chianti? Un paesaggio nato dal sudore\"}]},{\"@type\":\"WebSite\",\"@id\":\"https:\/\/www.intoscana.it\/it\/#website\",\"url\":\"https:\/\/www.intoscana.it\/it\/\",\"name\":\"intoscana\",\"description\":\"\",\"potentialAction\":[{\"@type\":\"SearchAction\",\"target\":{\"@type\":\"EntryPoint\",\"urlTemplate\":\"https:\/\/www.intoscana.it\/it\/?s={search_term_string}\"},\"query-input\":{\"@type\":\"PropertyValueSpecification\",\"valueRequired\":true,\"valueName\":\"search_term_string\"}}],\"inLanguage\":\"it-IT\"},{\"@type\":\"Person\",\"@id\":\"https:\/\/www.intoscana.it\/it\/#\/schema\/person\/43a95334a6f068317e0b7acba24f9e87\",\"name\":\"Simona Bellocci\",\"url\":\"https:\/\/www.intoscana.it\/it\/author\/simona-bellocci\/\"}]}<\/script>\n<!-- \/ Yoast SEO Premium plugin. -->","yoast_head_json":{"title":"Leonardo Manetti, il poeta delle vigne. Il Chianti? Un paesaggio nato dal sudore - intoscana","robots":{"index":"index","follow":"follow","max-snippet":"max-snippet:-1","max-image-preview":"max-image-preview:large","max-video-preview":"max-video-preview:-1"},"canonical":"https:\/\/www.intoscana.it\/it\/leonardo-manetti-il-poeta-delle-vigne-il-chianti-un-paesaggio-nato-dal-sudore\/","og_locale":"it_IT","og_type":"article","og_title":"Leonardo Manetti, il poeta delle vigne. Il Chianti? Un paesaggio nato dal sudore","og_description":"La Toscana, la tradizione del vino e l'amore per le arti. Il vignaiolo si racconta: \"Il mio sogno fin da piccolo era semplice: fare vino e fare poesia. La vita contadina ti fa innamorare della vita, delle cose sincere e spontanee\"","og_url":"https:\/\/www.intoscana.it\/it\/leonardo-manetti-il-poeta-delle-vigne-il-chianti-un-paesaggio-nato-dal-sudore\/","og_site_name":"intoscana","article_publisher":"https:\/\/www.facebook.com\/intoscana.it","article_published_time":"2021-07-14T05:10:43+00:00","article_modified_time":"2021-10-04T13:48:17+00:00","og_image":[{"width":580,"height":432,"url":"https:\/\/www.intoscana.it\/wp-content\/uploads\/1a76b9d7359f89bfe67b4e6924d6b12f-7.jpg","type":"image\/jpeg"}],"author":"Simona Bellocci","twitter_card":"summary_large_image","twitter_creator":"@intoscana","twitter_site":"@intoscana","twitter_misc":{"Written by":"Simona Bellocci","Est. reading time":"5 minuti"},"schema":{"@context":"https:\/\/schema.org","@graph":[{"@type":"WebPage","@id":"https:\/\/www.intoscana.it\/it\/leonardo-manetti-il-poeta-delle-vigne-il-chianti-un-paesaggio-nato-dal-sudore\/","url":"https:\/\/www.intoscana.it\/it\/leonardo-manetti-il-poeta-delle-vigne-il-chianti-un-paesaggio-nato-dal-sudore\/","name":"Leonardo Manetti, il poeta delle vigne. Il Chianti? Un paesaggio nato dal sudore - intoscana","isPartOf":{"@id":"https:\/\/www.intoscana.it\/it\/#website"},"primaryImageOfPage":{"@id":"https:\/\/www.intoscana.it\/it\/leonardo-manetti-il-poeta-delle-vigne-il-chianti-un-paesaggio-nato-dal-sudore\/#primaryimage"},"image":{"@id":"https:\/\/www.intoscana.it\/it\/leonardo-manetti-il-poeta-delle-vigne-il-chianti-un-paesaggio-nato-dal-sudore\/#primaryimage"},"thumbnailUrl":"https:\/\/www.intoscana.it\/wp-content\/uploads\/1a76b9d7359f89bfe67b4e6924d6b12f-7.jpg","datePublished":"2021-07-14T05:10:43+00:00","dateModified":"2021-10-04T13:48:17+00:00","author":{"@id":"https:\/\/www.intoscana.it\/it\/#\/schema\/person\/43a95334a6f068317e0b7acba24f9e87"},"breadcrumb":{"@id":"https:\/\/www.intoscana.it\/it\/leonardo-manetti-il-poeta-delle-vigne-il-chianti-un-paesaggio-nato-dal-sudore\/#breadcrumb"},"inLanguage":"it-IT","potentialAction":[{"@type":"ReadAction","target":["https:\/\/www.intoscana.it\/it\/leonardo-manetti-il-poeta-delle-vigne-il-chianti-un-paesaggio-nato-dal-sudore\/"]}]},{"@type":"ImageObject","inLanguage":"it-IT","@id":"https:\/\/www.intoscana.it\/it\/leonardo-manetti-il-poeta-delle-vigne-il-chianti-un-paesaggio-nato-dal-sudore\/#primaryimage","url":"https:\/\/www.intoscana.it\/wp-content\/uploads\/1a76b9d7359f89bfe67b4e6924d6b12f-7.jpg","contentUrl":"https:\/\/www.intoscana.it\/wp-content\/uploads\/1a76b9d7359f89bfe67b4e6924d6b12f-7.jpg","width":580,"height":432,"caption":"Mercato del vino in crisi, l'allarme di Coldiretti."},{"@type":"BreadcrumbList","@id":"https:\/\/www.intoscana.it\/it\/leonardo-manetti-il-poeta-delle-vigne-il-chianti-un-paesaggio-nato-dal-sudore\/#breadcrumb","itemListElement":[{"@type":"ListItem","position":1,"name":"Home","item":"https:\/\/www.intoscana.it\/it\/"},{"@type":"ListItem","position":2,"name":"Leonardo Manetti, il poeta delle vigne. Il Chianti? Un paesaggio nato dal sudore"}]},{"@type":"WebSite","@id":"https:\/\/www.intoscana.it\/it\/#website","url":"https:\/\/www.intoscana.it\/it\/","name":"intoscana","description":"","potentialAction":[{"@type":"SearchAction","target":{"@type":"EntryPoint","urlTemplate":"https:\/\/www.intoscana.it\/it\/?s={search_term_string}"},"query-input":{"@type":"PropertyValueSpecification","valueRequired":true,"valueName":"search_term_string"}}],"inLanguage":"it-IT"},{"@type":"Person","@id":"https:\/\/www.intoscana.it\/it\/#\/schema\/person\/43a95334a6f068317e0b7acba24f9e87","name":"Simona Bellocci","url":"https:\/\/www.intoscana.it\/it\/author\/simona-bellocci\/"}]}},"_links":{"self":[{"href":"https:\/\/www.intoscana.it\/it\/wp-json\/wp\/v2\/posts\/180618","targetHints":{"allow":["GET"]}}],"collection":[{"href":"https:\/\/www.intoscana.it\/it\/wp-json\/wp\/v2\/posts"}],"about":[{"href":"https:\/\/www.intoscana.it\/it\/wp-json\/wp\/v2\/types\/post"}],"author":[{"embeddable":true,"href":"https:\/\/www.intoscana.it\/it\/wp-json\/wp\/v2\/users\/513"}],"replies":[{"embeddable":true,"href":"https:\/\/www.intoscana.it\/it\/wp-json\/wp\/v2\/comments?post=180618"}],"version-history":[{"count":0,"href":"https:\/\/www.intoscana.it\/it\/wp-json\/wp\/v2\/posts\/180618\/revisions"}],"wp:featuredmedia":[{"embeddable":true,"href":"https:\/\/www.intoscana.it\/it\/wp-json\/wp\/v2\/media\/143282"}],"wp:attachment":[{"href":"https:\/\/www.intoscana.it\/it\/wp-json\/wp\/v2\/media?parent=180618"}],"wp:term":[{"taxonomy":"category","embeddable":true,"href":"https:\/\/www.intoscana.it\/it\/wp-json\/wp\/v2\/categories?post=180618"},{"taxonomy":"post_tag","embeddable":true,"href":"https:\/\/www.intoscana.it\/it\/wp-json\/wp\/v2\/tags?post=180618"}],"curies":[{"name":"wp","href":"https:\/\/api.w.org\/{rel}","templated":true}]}}