{"id":180646,"date":"2021-06-16T10:06:53","date_gmt":"2021-06-16T08:06:53","guid":{"rendered":"https:\/\/www.intoscana.it\/it\/?p=180646"},"modified":"2021-06-16T10:06:53","modified_gmt":"2021-06-16T08:06:53","slug":"a-firenze-la-prima-farmacia-al-mondo-ad-ospitare-una-fabbrica-dellaria","status":"publish","type":"post","link":"https:\/\/www.intoscana.it\/it\/a-firenze-la-prima-farmacia-al-mondo-ad-ospitare-una-fabbrica-dellaria\/","title":{"rendered":"A Firenze la prima farmacia al mondo ad ospitare una &#8220;Fabbrica dell\u2019Aria&#8221;"},"content":{"rendered":"<p>Per la prima volta <strong>una Fabbrica dell\u2019Aria\u2122 sbarca in una farmacia<\/strong>. Il progetto fortemente voluto da <strong>Apoteca Natura<\/strong>\u00a0\u00e8 stato realizzato a Firenze in occasione della ristrutturazione della <strong>Farmacia Comunale Europa,<\/strong>\u00a0grazie alla collaborazione di <a href=\"https:\/\/www.intoscana.it\/it\/articolo\/prato-urban-jungle\/\" target=\"_blank\" rel=\"noopener\"><strong>Pnat, societ\u00e0 ex spin-off dell\u2019Universit\u00e0 di Firenze<\/strong><\/a> e all\u2019ideatore<strong> il professor Stefano Mancuso.<\/strong><\/p>\n<p><em>\u201cLa qualit\u00e0 dell\u2019aria dei luoghi chiusi \u00e8 uno dei problemi pi\u00f9 rilevanti e meno noti\u201d<\/em>, <strong>afferma Stefano Mancuso, ordinario di Arboricoltura generale e coltivazioni arboree all\u2019Universit\u00e0 di Firenze e direttore del Laboratorio Internazionale di Neurobiologia Vegetale (LINV)<\/strong>. <em>\u201cPassiamo l\u201980% del nostro tempo al chiuso, in condizioni di inquinamento che sono di gran lunga peggiori di quelle esterne. La Fabbrica dell\u2019aria \u00e8 un dispositivo basato sulle piante, in grado di depurare pressoch\u00e9 completamente l\u2019aria indoor, rimuovendo polveri sottili, composti organici volatili e ogni altro tipo di inquinante volatile. Le piante sono una risorsa straordinaria per migliorare i luoghi in cui viviamo o in cui trascorriamo il nostro tempo. Soprattutto sono essenziali in ogni luogo che sia in relazione con la salute delle persone. Per questo teniamo molto alla collaborazione con AFAM. Installare la Fabbrica dell\u2019Aria all\u2019interno della Farmacia significa portare un modello di tecnologia innovativa, sostenibile e dall\u2019efficienza misurabile, proprio dove \u00e8 pi\u00f9 utile\u201d.<\/em><\/p>\n<h3>Che cos&#8217;\u00e8 la Fabbrica dell&#8217;Aria?<\/h3>\n<p>L\u2019<strong>inquinamento dell\u2019aria<\/strong> \u00e8 il pi\u00f9 grave problema di salute ambientale in Europa, con un tasso di mortalit\u00e0 pi\u00f9 di 10 volte superiore a quello degli incidenti stradali (European Environmental Agency). E si parla troppo poco della qualit\u00e0 dell\u2019aria in ambienti chiusi, ovvero del fenomeno dell\u2019<strong>inquinamento indoor.<\/strong><\/p>\n<p><strong>La Fabbrica dell\u2019Aria\u2122<\/strong>\u00a0mira proprio ad <strong>abbattere la presenza di contaminanti attraverso un dispositivo innovativo<\/strong> brevettato da Pnat e basato sulla <strong>capacit\u00e0 delle piante di catturare gli inquinanti atmosferici<\/strong>. Grazie al<strong> filtro botanico,<\/strong> l\u2019aria convogliata all\u2019interno della <strong>Fabbrica dell\u2019Aria\u2122<\/strong> verr\u00e0 completamente depurata. <strong>Un sistema di sensori installati sulla teca monitorer\u00e0 la qualit\u00e0 dell\u2019aria in tempo reale,<\/strong> e i dati prodotti saranno restituiti su un monitor consultabile dagli utenti. Sono 11 le piante impiegate, tra le quali il ficus, la palma areca, il banano, la monstera e l\u2019asplenio.<\/p>\n<p><strong>Le piante<\/strong> sono infatti naturalmente in grado di<strong> trattenere e degradare le molecole inquinanti<\/strong> sia inorganiche (biossido di carbonio, composti dell\u2019azoto, polveri sottili\u2026) che organiche (i VOCs, composti organici volatili). <strong>La Fabbrica dell\u2019Aria\u2122 grazie all&#8217;aiuto delle piante<\/strong> consente di rimuovere tutti gli inquinanti aerei presenti all\u2019interno degli edifici in maniera sostenibile e altamente efficiente.<\/p>\n<figure id=\"post-180648 media-180648\" class=\"align-center\"><\/figure>\n<figure id=\"post-180647 media-180647\" class=\"align-center\"><img decoding=\"async\" src=\"https:\/\/www.intoscana.it\/wp-content\/uploads\/1..jpeg\" alt=\"\" \/><\/figure>\n<div class=\"titleimg\"><\/div>\n<p><em>\u201cFirenze \u00e8 orgogliosa di essere la prima citt\u00e0 al mondo a ospitare in una farmacia un progetto cos\u00ec bello e innovativo per la salute dei nostri cittadini<\/em> &#8211; <strong>ha detto il Sindaco di Firenze, Dario Nardella<\/strong> -, <em>che contribuir\u00e0 a ridurre l\u2019inquinamento dell\u2019aria e a monitorarne la qualit\u00e0 attraverso una soluzione tutta naturale. La Fabbrica dell\u2019Aria \u00e8 in perfetta sintonia con le nostre azioni per rendere Firenze sempre pi\u00f9 green e sostenibile: penso, ad esempio, alla rete tramviaria, allo scudo verde, agli interventi di forestazione urbana e alle \u2018pareti verdi\u2019 su case popolari e scuole, progettate insieme al professor Mancuso e realizzate con il contributo della Fondazione CR Firenze. Si tratta di progetti molto diversi tra loro, che hanno per\u00f2 un denominatore comune: ridurre l\u2019inquinamento e migliorare la qualit\u00e0 della vita dei fiorentini, facendo di Firenze una delle citt\u00e0 pi\u00f9 ecologiche e meno inquinate d\u2019Italia. Accogliamo con grande piacere progetti come questo di Apoteca Natura, che dimostra di avere a cuore, come noi, la salute della citt\u00e0 e dei suoi cittadini. La collaborazione con Apoteca Natura e A.Fa.m continua a dare risultati importanti. La loro attenzione per i bisogni di salute dei fiorentini e per le persone pi\u00f9 fragili \u00e8 sempre massima e il nostro obiettivo \u00e8 rafforzare il rapporto che ci unisce per affrontare insieme nuove sfide legate al benessere della nostra comunit\u00e0\u201d.<\/em><\/p>\n<figure id=\"post-180648 media-180648\" class=\"align-center\"><img decoding=\"async\" src=\"https:\/\/www.intoscana.it\/wp-content\/uploads\/2-2.jpeg\" alt=\"\" \/><\/figure>\n<div class=\"titleimg\"><\/div>\n<p>&nbsp;<\/p>\n","protected":false},"excerpt":{"rendered":"<p>Nella rinnovata Farmacia Comunale Europa realizzato il progetto di Pnat e Stefano Mancuso: il sistema di biofiltrazione botanica ridurr\u00e0 gli inquinanti atmosferici del 97%<\/p>\n","protected":false},"author":525,"featured_media":180649,"comment_status":"open","ping_status":"open","sticky":false,"template":"","format":"standard","meta":{"_acf_changed":false,"footnotes":""},"categories":[19],"tags":[177],"class_list":["post-180646","post","type-post","status-publish","format-standard","has-post-thumbnail","hentry","category-ambiente","tag-ambiente"],"acf":[],"yoast_head":"<!-- This site is optimized with the Yoast SEO Premium plugin v24.2 (Yoast SEO v25.6) - https:\/\/yoast.com\/wordpress\/plugins\/seo\/ -->\n<title>A Firenze la prima farmacia al mondo ad ospitare una &quot;Fabbrica dell\u2019Aria&quot; - intoscana<\/title>\n<meta name=\"description\" content=\"Nella rinnovata Farmacia Comunale Europa realizzato il progetto di Pnat e Stefano Mancuso: il sistema di biofiltrazione botanica\" \/>\n<meta name=\"robots\" content=\"index, follow, max-snippet:-1, max-image-preview:large, max-video-preview:-1\" \/>\n<link rel=\"canonical\" href=\"https:\/\/www.intoscana.it\/it\/a-firenze-la-prima-farmacia-al-mondo-ad-ospitare-una-fabbrica-dellaria\/\" \/>\n<meta property=\"og:locale\" content=\"it_IT\" \/>\n<meta property=\"og:type\" content=\"article\" \/>\n<meta property=\"og:title\" content=\"A Firenze la prima farmacia al mondo ad ospitare una &quot;Fabbrica dell\u2019Aria&quot;\" \/>\n<meta property=\"og:description\" content=\"Nella rinnovata Farmacia Comunale Europa realizzato il progetto di Pnat e Stefano Mancuso: il sistema di biofiltrazione botanica\" \/>\n<meta property=\"og:url\" content=\"https:\/\/www.intoscana.it\/it\/a-firenze-la-prima-farmacia-al-mondo-ad-ospitare-una-fabbrica-dellaria\/\" \/>\n<meta property=\"og:site_name\" content=\"intoscana\" \/>\n<meta property=\"article:publisher\" content=\"https:\/\/www.facebook.com\/intoscana.it\" \/>\n<meta property=\"article:published_time\" content=\"2021-06-16T08:06:53+00:00\" \/>\n<meta property=\"og:image\" content=\"https:\/\/www.intoscana.it\/wp-content\/uploads\/3-2.jpeg\" \/>\n\t<meta property=\"og:image:width\" content=\"1603\" \/>\n\t<meta property=\"og:image:height\" content=\"1072\" \/>\n\t<meta property=\"og:image:type\" content=\"image\/jpeg\" \/>\n<meta name=\"author\" content=\"Redazione\" \/>\n<meta name=\"twitter:card\" content=\"summary_large_image\" \/>\n<meta name=\"twitter:creator\" content=\"@intoscana\" \/>\n<meta name=\"twitter:site\" content=\"@intoscana\" \/>\n<meta name=\"twitter:label1\" content=\"Written by\" \/>\n\t<meta name=\"twitter:data1\" content=\"Redazione\" \/>\n\t<meta name=\"twitter:label2\" content=\"Est. reading time\" \/>\n\t<meta name=\"twitter:data2\" content=\"3 minuti\" \/>\n<script type=\"application\/ld+json\" class=\"yoast-schema-graph\">{\"@context\":\"https:\/\/schema.org\",\"@graph\":[{\"@type\":\"WebPage\",\"@id\":\"https:\/\/www.intoscana.it\/it\/a-firenze-la-prima-farmacia-al-mondo-ad-ospitare-una-fabbrica-dellaria\/\",\"url\":\"https:\/\/www.intoscana.it\/it\/a-firenze-la-prima-farmacia-al-mondo-ad-ospitare-una-fabbrica-dellaria\/\",\"name\":\"A Firenze la prima farmacia al mondo ad ospitare una \\\"Fabbrica dell\u2019Aria\\\" - intoscana\",\"isPartOf\":{\"@id\":\"https:\/\/www.intoscana.it\/it\/#website\"},\"primaryImageOfPage\":{\"@id\":\"https:\/\/www.intoscana.it\/it\/a-firenze-la-prima-farmacia-al-mondo-ad-ospitare-una-fabbrica-dellaria\/#primaryimage\"},\"image\":{\"@id\":\"https:\/\/www.intoscana.it\/it\/a-firenze-la-prima-farmacia-al-mondo-ad-ospitare-una-fabbrica-dellaria\/#primaryimage\"},\"thumbnailUrl\":\"https:\/\/www.intoscana.it\/wp-content\/uploads\/3-2.jpeg\",\"datePublished\":\"2021-06-16T08:06:53+00:00\",\"author\":{\"@id\":\"https:\/\/www.intoscana.it\/it\/#\/schema\/person\/9223810753230f20bd670fdd322661f8\"},\"description\":\"Nella rinnovata Farmacia Comunale Europa realizzato il progetto di Pnat e Stefano Mancuso: il sistema di biofiltrazione botanica\",\"breadcrumb\":{\"@id\":\"https:\/\/www.intoscana.it\/it\/a-firenze-la-prima-farmacia-al-mondo-ad-ospitare-una-fabbrica-dellaria\/#breadcrumb\"},\"inLanguage\":\"it-IT\",\"potentialAction\":[{\"@type\":\"ReadAction\",\"target\":[\"https:\/\/www.intoscana.it\/it\/a-firenze-la-prima-farmacia-al-mondo-ad-ospitare-una-fabbrica-dellaria\/\"]}]},{\"@type\":\"ImageObject\",\"inLanguage\":\"it-IT\",\"@id\":\"https:\/\/www.intoscana.it\/it\/a-firenze-la-prima-farmacia-al-mondo-ad-ospitare-una-fabbrica-dellaria\/#primaryimage\",\"url\":\"https:\/\/www.intoscana.it\/wp-content\/uploads\/3-2.jpeg\",\"contentUrl\":\"https:\/\/www.intoscana.it\/wp-content\/uploads\/3-2.jpeg\",\"width\":1603,\"height\":1072},{\"@type\":\"BreadcrumbList\",\"@id\":\"https:\/\/www.intoscana.it\/it\/a-firenze-la-prima-farmacia-al-mondo-ad-ospitare-una-fabbrica-dellaria\/#breadcrumb\",\"itemListElement\":[{\"@type\":\"ListItem\",\"position\":1,\"name\":\"Home\",\"item\":\"https:\/\/www.intoscana.it\/it\/\"},{\"@type\":\"ListItem\",\"position\":2,\"name\":\"A Firenze la prima farmacia al mondo ad ospitare una &#8220;Fabbrica dell\u2019Aria&#8221;\"}]},{\"@type\":\"WebSite\",\"@id\":\"https:\/\/www.intoscana.it\/it\/#website\",\"url\":\"https:\/\/www.intoscana.it\/it\/\",\"name\":\"intoscana\",\"description\":\"\",\"potentialAction\":[{\"@type\":\"SearchAction\",\"target\":{\"@type\":\"EntryPoint\",\"urlTemplate\":\"https:\/\/www.intoscana.it\/it\/?s={search_term_string}\"},\"query-input\":{\"@type\":\"PropertyValueSpecification\",\"valueRequired\":true,\"valueName\":\"search_term_string\"}}],\"inLanguage\":\"it-IT\"},{\"@type\":\"Person\",\"@id\":\"https:\/\/www.intoscana.it\/it\/#\/schema\/person\/9223810753230f20bd670fdd322661f8\",\"name\":\"Redazione\",\"url\":\"https:\/\/www.intoscana.it\/it\/author\/redazione\/\"}]}<\/script>\n<!-- \/ Yoast SEO Premium plugin. -->","yoast_head_json":{"title":"A Firenze la prima farmacia al mondo ad ospitare una \"Fabbrica dell\u2019Aria\" - intoscana","description":"Nella rinnovata Farmacia Comunale Europa realizzato il progetto di Pnat e Stefano Mancuso: il sistema di biofiltrazione botanica","robots":{"index":"index","follow":"follow","max-snippet":"max-snippet:-1","max-image-preview":"max-image-preview:large","max-video-preview":"max-video-preview:-1"},"canonical":"https:\/\/www.intoscana.it\/it\/a-firenze-la-prima-farmacia-al-mondo-ad-ospitare-una-fabbrica-dellaria\/","og_locale":"it_IT","og_type":"article","og_title":"A Firenze la prima farmacia al mondo ad ospitare una \"Fabbrica dell\u2019Aria\"","og_description":"Nella rinnovata Farmacia Comunale Europa realizzato il progetto di Pnat e Stefano Mancuso: il sistema di biofiltrazione botanica","og_url":"https:\/\/www.intoscana.it\/it\/a-firenze-la-prima-farmacia-al-mondo-ad-ospitare-una-fabbrica-dellaria\/","og_site_name":"intoscana","article_publisher":"https:\/\/www.facebook.com\/intoscana.it","article_published_time":"2021-06-16T08:06:53+00:00","og_image":[{"width":1603,"height":1072,"url":"https:\/\/www.intoscana.it\/wp-content\/uploads\/3-2.jpeg","type":"image\/jpeg"}],"author":"Redazione","twitter_card":"summary_large_image","twitter_creator":"@intoscana","twitter_site":"@intoscana","twitter_misc":{"Written by":"Redazione","Est. reading time":"3 minuti"},"schema":{"@context":"https:\/\/schema.org","@graph":[{"@type":"WebPage","@id":"https:\/\/www.intoscana.it\/it\/a-firenze-la-prima-farmacia-al-mondo-ad-ospitare-una-fabbrica-dellaria\/","url":"https:\/\/www.intoscana.it\/it\/a-firenze-la-prima-farmacia-al-mondo-ad-ospitare-una-fabbrica-dellaria\/","name":"A Firenze la prima farmacia al mondo ad ospitare una \"Fabbrica dell\u2019Aria\" - intoscana","isPartOf":{"@id":"https:\/\/www.intoscana.it\/it\/#website"},"primaryImageOfPage":{"@id":"https:\/\/www.intoscana.it\/it\/a-firenze-la-prima-farmacia-al-mondo-ad-ospitare-una-fabbrica-dellaria\/#primaryimage"},"image":{"@id":"https:\/\/www.intoscana.it\/it\/a-firenze-la-prima-farmacia-al-mondo-ad-ospitare-una-fabbrica-dellaria\/#primaryimage"},"thumbnailUrl":"https:\/\/www.intoscana.it\/wp-content\/uploads\/3-2.jpeg","datePublished":"2021-06-16T08:06:53+00:00","author":{"@id":"https:\/\/www.intoscana.it\/it\/#\/schema\/person\/9223810753230f20bd670fdd322661f8"},"description":"Nella rinnovata Farmacia Comunale Europa realizzato il progetto di Pnat e Stefano Mancuso: il sistema di biofiltrazione botanica","breadcrumb":{"@id":"https:\/\/www.intoscana.it\/it\/a-firenze-la-prima-farmacia-al-mondo-ad-ospitare-una-fabbrica-dellaria\/#breadcrumb"},"inLanguage":"it-IT","potentialAction":[{"@type":"ReadAction","target":["https:\/\/www.intoscana.it\/it\/a-firenze-la-prima-farmacia-al-mondo-ad-ospitare-una-fabbrica-dellaria\/"]}]},{"@type":"ImageObject","inLanguage":"it-IT","@id":"https:\/\/www.intoscana.it\/it\/a-firenze-la-prima-farmacia-al-mondo-ad-ospitare-una-fabbrica-dellaria\/#primaryimage","url":"https:\/\/www.intoscana.it\/wp-content\/uploads\/3-2.jpeg","contentUrl":"https:\/\/www.intoscana.it\/wp-content\/uploads\/3-2.jpeg","width":1603,"height":1072},{"@type":"BreadcrumbList","@id":"https:\/\/www.intoscana.it\/it\/a-firenze-la-prima-farmacia-al-mondo-ad-ospitare-una-fabbrica-dellaria\/#breadcrumb","itemListElement":[{"@type":"ListItem","position":1,"name":"Home","item":"https:\/\/www.intoscana.it\/it\/"},{"@type":"ListItem","position":2,"name":"A Firenze la prima farmacia al mondo ad ospitare una &#8220;Fabbrica dell\u2019Aria&#8221;"}]},{"@type":"WebSite","@id":"https:\/\/www.intoscana.it\/it\/#website","url":"https:\/\/www.intoscana.it\/it\/","name":"intoscana","description":"","potentialAction":[{"@type":"SearchAction","target":{"@type":"EntryPoint","urlTemplate":"https:\/\/www.intoscana.it\/it\/?s={search_term_string}"},"query-input":{"@type":"PropertyValueSpecification","valueRequired":true,"valueName":"search_term_string"}}],"inLanguage":"it-IT"},{"@type":"Person","@id":"https:\/\/www.intoscana.it\/it\/#\/schema\/person\/9223810753230f20bd670fdd322661f8","name":"Redazione","url":"https:\/\/www.intoscana.it\/it\/author\/redazione\/"}]}},"_links":{"self":[{"href":"https:\/\/www.intoscana.it\/it\/wp-json\/wp\/v2\/posts\/180646","targetHints":{"allow":["GET"]}}],"collection":[{"href":"https:\/\/www.intoscana.it\/it\/wp-json\/wp\/v2\/posts"}],"about":[{"href":"https:\/\/www.intoscana.it\/it\/wp-json\/wp\/v2\/types\/post"}],"author":[{"embeddable":true,"href":"https:\/\/www.intoscana.it\/it\/wp-json\/wp\/v2\/users\/525"}],"replies":[{"embeddable":true,"href":"https:\/\/www.intoscana.it\/it\/wp-json\/wp\/v2\/comments?post=180646"}],"version-history":[{"count":0,"href":"https:\/\/www.intoscana.it\/it\/wp-json\/wp\/v2\/posts\/180646\/revisions"}],"wp:featuredmedia":[{"embeddable":true,"href":"https:\/\/www.intoscana.it\/it\/wp-json\/wp\/v2\/media\/180649"}],"wp:attachment":[{"href":"https:\/\/www.intoscana.it\/it\/wp-json\/wp\/v2\/media?parent=180646"}],"wp:term":[{"taxonomy":"category","embeddable":true,"href":"https:\/\/www.intoscana.it\/it\/wp-json\/wp\/v2\/categories?post=180646"},{"taxonomy":"post_tag","embeddable":true,"href":"https:\/\/www.intoscana.it\/it\/wp-json\/wp\/v2\/tags?post=180646"}],"curies":[{"name":"wp","href":"https:\/\/api.w.org\/{rel}","templated":true}]}}