{"id":180858,"date":"2021-06-17T11:40:11","date_gmt":"2021-06-17T09:40:11","guid":{"rendered":"https:\/\/www.intoscana.it\/it\/?p=180858"},"modified":"2021-06-17T11:59:10","modified_gmt":"2021-06-17T09:59:10","slug":"non-ce-pace-casa-viola-gattuso-lascia-la-fiorentina-ufficiale","status":"publish","type":"post","link":"https:\/\/www.intoscana.it\/it\/non-ce-pace-casa-viola-gattuso-lascia-la-fiorentina-ufficiale\/","title":{"rendered":"Non c&#8217;\u00e8 (mai) pace in casa viola: Gattuso lascia la Fiorentina. \u00c8 ufficiale"},"content":{"rendered":"<p>La notizia era nell&#8217;aria. Proprio mentre l&#8217;Italia di <strong>Mancini<\/strong> strapazzava la Svizzera e l&#8217;attenzione era tutta concentrata sul sogno azzurro, ecco che cominciava a filtrare la notizia che non ti aspetti. Qualcuno li chiama &#8220;rumors&#8221;, qualcun altro &#8220;anticipazioni&#8221;. In molti, per\u00f2, quasi stentavano a crederci. Sembra proprio che in casa viola non ci sia mai pace. Mai. <mark>Eppure questa mattina, mentre il paese si risvegliava con le immagini della triangolazione magica tra <strong>Locatelli<\/strong> e <strong>Berardi<\/strong>, ecco che arriva l&#8217;ufficialit\u00e0 della notizia. Incredibile ma vero: <strong>Gattuso non \u00e8 pi\u00f9 l&#8217;allenatore della Fiorentina<\/strong><\/mark>.<\/p>\n<h3>La nota ufficiale<\/h3>\n<p>Ad annunciarlo \u00e8 proprio la societ\u00e0, che si affida a una <a href=\"https:\/\/www.acffiorentina.com\/it\/news\/tutte\/prima-squadra-maschile\/2021-06-17\/nota-acf-fiorentina\" target=\"_blank\" rel=\"noopener\">laconica nota stampa<\/a> pubblicata in apertura del proprio sito. Il titolo? <em>&#8220;Nota Acf Fiorentina&#8221;<\/em>. Stop, nulla di pi\u00f9. Se non la foto della maglia con lo stemma gigliato in bella vista. (Come a dire: meglio non mettere alcun riferimento iconografico del soggetto in questione). A seguire si legge che <em>&#8220;Acf Fiorentina e mister Rino Gattuso, di comune accordo, <mark>hanno deciso di non dare seguito ai preventivi accordi e pertanto di non iniziare insieme la prossima stagione sportiva<\/mark>. La societ\u00e0<\/em> &#8211; prosegue la nota &#8211; <em>si \u00e8 messa immediatamente al lavoro per individuare una scelta tecnica che guidi la squadra viola verso i risultati che la Fiorentina e la citt\u00e0 di Firenze meritano&#8221;.<\/em><\/p>\n<h3>Le reazioni<\/h3>\n<p>Apriti cielo. Sotto il <a href=\"https:\/\/www.facebook.com\/ACFFiorentina\/posts\/4386331391398023\" target=\"_blank\" rel=\"noopener\">post di facebook<\/a> che annuncia l&#8217;addio (anche se il matrimonio, di fatto, pare non essersi mai consumato) i tifosi si sono abbandonati a commenti a tratti impietosi. Pi\u00f9 di <strong>duemila in poco meno di un&#8217;ora<\/strong>. E non manca anche un certo sarcasmo tipico toscano. <em>&#8220;Se ne va l&#8217;allenatore meno sconfitto della storia viola, rimarr\u00e0 negli annali&#8221;<\/em> scherza Massimo. <em>&#8220;Ora, mi raccomando: conferenza stampa contro i paninari dietro la Fiesole perch\u00e9, visto che non fanno il panino con la nduja, hanno fatto andar via Gattuso&#8221;<\/em> ironizza Niccol\u00f2. Battute o critiche che siano, una cosa \u00e8 certa: <strong>la delusione \u00e8 tanta e diffusa<\/strong>.<\/p>\n<h3>I motivi dello &#8220;strappo&#8221;<\/h3>\n<p>Ma quale sarebbe stata la goccia che ha fatto traboccare un vaso ancora tutto da riempire? <mark>La decisione pare sia giunta alla fine di tre giorni di serrato confronto tra Gattuso e la societ\u00e0 sulle scelte di mercato<\/mark>. L&#8217;ormai ex mister pare non abbia ricevuto sufficienti garanzie sui rinforzi. Anche se in un&#8217;agenzia stampa diffusa ieri sera, subito dopo la fine della gara europea, si legge che <em>&#8220;i vertici della Fiorentina avrebbero ribadito a Gattuso e al suo procuratore <strong>Jorge Mendes<\/strong> che la linea della societ\u00e0, pur in un&#8217;ottica di crescita, rimane quella di non sottostare ai condizionamenti dei procuratori e di non voler sostenere costi d&#8217;ingaggio eccessivi e superiori al valore tecnico dei calciatori che eventualmente potrebbe interessare inserire nella rosa&#8221;<\/em>. In sostanza stiamo parlando di giocatori come <strong>Sergio Oliveira<\/strong> del Porto, accostato alla Fiorentina e ritenuto troppo &#8220;caro&#8221;. Ricordiamo che la sua procura, come nel caso di Gattuso, \u00e8 affidata allo stesso Mendes.<\/p>\n<h3>Il successore<\/h3>\n<p><mark>Qualsiasi tentativo di chiarimento ci sia stato, ormai sappiamo che non \u00e8 andato a buon fine<\/mark>. Le strade di Gattuso e della Fiorentina, quindi, si dividono. E ora per i viola non resta che aprire un nuovo casting. Eccetto la Sampdoria, al momento tutte le panchina della serie A sono ben definite. Gi\u00e0 si fanno i primi nomi: <strong>Rudi Garcia<\/strong> e <strong>Claudio Ranieri<\/strong> su tutti. Poi ci sarebbe anche <strong>Andrea Pirlo<\/strong>, che dopo la prima stagione in A (e due trofei vinti) ha ricevuto il benservito dalla Juventus. Di fronte a quest&#8217;ultima ipotesi, non osiamo immaginare le eventuali reazioni dei tifosi. E cos\u00ec, mentre il sogno azzurro continua, a Firenze in molti vedono infrangersi per l&#8217;ennesima volta il &#8220;sogno viola&#8221;.<\/p>\n","protected":false},"excerpt":{"rendered":"<p>Incredibile ma vero: Rino Gattuso non \u00e8 pi\u00f9 l&#8217;allenatore della Fiorentina. Dopo i rumors della notte azzurra, l&#8217;ufficialit\u00e0 della separazione arriva direttamente dal sito della societ\u00e0. La reazione dei tifosi<\/p>\n","protected":false},"author":521,"featured_media":180859,"comment_status":"open","ping_status":"open","sticky":false,"template":"","format":"standard","meta":{"_acf_changed":false,"footnotes":""},"categories":[494],"tags":[290,199,5827,159],"class_list":["post-180858","post","type-post","status-publish","format-standard","has-post-thumbnail","hentry","category-attualita","tag-calcio","tag-fiorentina","tag-nazionale-calcio","tag-sport"],"acf":[],"yoast_head":"<!-- This site is optimized with the Yoast SEO Premium plugin v24.2 (Yoast SEO v25.6) - https:\/\/yoast.com\/wordpress\/plugins\/seo\/ -->\n<title>Non c&#039;\u00e8 (mai) pace in casa viola: Gattuso lascia la Fiorentina. \u00c8 ufficiale - intoscana<\/title>\n<meta name=\"description\" content=\"Incredibile ma vero: Rino Gattuso non \u00e8 pi\u00f9 l&#039;allenatore della Fiorentina. Dopo i rumors della notte azzurra, l&#039;ufficialit\u00e0 della separazione arriva direttamente dal sito della societ\u00e0. La reazione dei tifosi\" \/>\n<meta name=\"robots\" content=\"index, follow, max-snippet:-1, max-image-preview:large, max-video-preview:-1\" \/>\n<link rel=\"canonical\" href=\"https:\/\/www.intoscana.it\/it\/non-ce-pace-casa-viola-gattuso-lascia-la-fiorentina-ufficiale\/\" \/>\n<meta property=\"og:locale\" content=\"it_IT\" \/>\n<meta property=\"og:type\" content=\"article\" \/>\n<meta property=\"og:title\" content=\"Non c&#039;\u00e8 (mai) pace in casa viola: Gattuso lascia la Fiorentina. \u00c8 ufficiale\" \/>\n<meta property=\"og:description\" content=\"Incredibile ma vero: Rino Gattuso non \u00e8 pi\u00f9 l&#039;allenatore della Fiorentina. Dopo i rumors della notte azzurra, l&#039;ufficialit\u00e0 della separazione arriva direttamente dal sito della societ\u00e0. La reazione dei tifosi\" \/>\n<meta property=\"og:url\" content=\"https:\/\/www.intoscana.it\/it\/non-ce-pace-casa-viola-gattuso-lascia-la-fiorentina-ufficiale\/\" \/>\n<meta property=\"og:site_name\" content=\"intoscana\" \/>\n<meta property=\"article:publisher\" content=\"https:\/\/www.facebook.com\/intoscana.it\" \/>\n<meta property=\"article:published_time\" content=\"2021-06-17T09:40:11+00:00\" \/>\n<meta property=\"article:modified_time\" content=\"2021-06-17T09:59:10+00:00\" \/>\n<meta property=\"og:image\" content=\"https:\/\/www.intoscana.it\/wp-content\/uploads\/Rino-Gattuso.jpeg\" \/>\n\t<meta property=\"og:image:width\" content=\"960\" \/>\n\t<meta property=\"og:image:height\" content=\"640\" \/>\n\t<meta property=\"og:image:type\" content=\"image\/jpeg\" \/>\n<meta name=\"author\" content=\"Gianluca Testa\" \/>\n<meta name=\"twitter:card\" content=\"summary_large_image\" \/>\n<meta name=\"twitter:creator\" content=\"@intoscana\" \/>\n<meta name=\"twitter:site\" content=\"@intoscana\" \/>\n<meta name=\"twitter:label1\" content=\"Written by\" \/>\n\t<meta name=\"twitter:data1\" content=\"Gianluca Testa\" \/>\n\t<meta name=\"twitter:label2\" content=\"Est. reading time\" \/>\n\t<meta name=\"twitter:data2\" content=\"3 minuti\" \/>\n<script type=\"application\/ld+json\" class=\"yoast-schema-graph\">{\"@context\":\"https:\/\/schema.org\",\"@graph\":[{\"@type\":\"WebPage\",\"@id\":\"https:\/\/www.intoscana.it\/it\/non-ce-pace-casa-viola-gattuso-lascia-la-fiorentina-ufficiale\/\",\"url\":\"https:\/\/www.intoscana.it\/it\/non-ce-pace-casa-viola-gattuso-lascia-la-fiorentina-ufficiale\/\",\"name\":\"Non c'\u00e8 (mai) pace in casa viola: Gattuso lascia la Fiorentina. \u00c8 ufficiale - intoscana\",\"isPartOf\":{\"@id\":\"https:\/\/www.intoscana.it\/it\/#website\"},\"primaryImageOfPage\":{\"@id\":\"https:\/\/www.intoscana.it\/it\/non-ce-pace-casa-viola-gattuso-lascia-la-fiorentina-ufficiale\/#primaryimage\"},\"image\":{\"@id\":\"https:\/\/www.intoscana.it\/it\/non-ce-pace-casa-viola-gattuso-lascia-la-fiorentina-ufficiale\/#primaryimage\"},\"thumbnailUrl\":\"https:\/\/www.intoscana.it\/wp-content\/uploads\/Rino-Gattuso.jpeg\",\"datePublished\":\"2021-06-17T09:40:11+00:00\",\"dateModified\":\"2021-06-17T09:59:10+00:00\",\"author\":{\"@id\":\"https:\/\/www.intoscana.it\/it\/#\/schema\/person\/f437e015c68b2824ef01d2ed8cdb2923\"},\"description\":\"Incredibile ma vero: Rino Gattuso non \u00e8 pi\u00f9 l'allenatore della Fiorentina. Dopo i rumors della notte azzurra, l'ufficialit\u00e0 della separazione arriva direttamente dal sito della societ\u00e0. La reazione dei tifosi\",\"breadcrumb\":{\"@id\":\"https:\/\/www.intoscana.it\/it\/non-ce-pace-casa-viola-gattuso-lascia-la-fiorentina-ufficiale\/#breadcrumb\"},\"inLanguage\":\"it-IT\",\"potentialAction\":[{\"@type\":\"ReadAction\",\"target\":[\"https:\/\/www.intoscana.it\/it\/non-ce-pace-casa-viola-gattuso-lascia-la-fiorentina-ufficiale\/\"]}]},{\"@type\":\"ImageObject\",\"inLanguage\":\"it-IT\",\"@id\":\"https:\/\/www.intoscana.it\/it\/non-ce-pace-casa-viola-gattuso-lascia-la-fiorentina-ufficiale\/#primaryimage\",\"url\":\"https:\/\/www.intoscana.it\/wp-content\/uploads\/Rino-Gattuso.jpeg\",\"contentUrl\":\"https:\/\/www.intoscana.it\/wp-content\/uploads\/Rino-Gattuso.jpeg\",\"width\":960,\"height\":640},{\"@type\":\"BreadcrumbList\",\"@id\":\"https:\/\/www.intoscana.it\/it\/non-ce-pace-casa-viola-gattuso-lascia-la-fiorentina-ufficiale\/#breadcrumb\",\"itemListElement\":[{\"@type\":\"ListItem\",\"position\":1,\"name\":\"Home\",\"item\":\"https:\/\/www.intoscana.it\/it\/\"},{\"@type\":\"ListItem\",\"position\":2,\"name\":\"Non c&#8217;\u00e8 (mai) pace in casa viola: Gattuso lascia la Fiorentina. \u00c8 ufficiale\"}]},{\"@type\":\"WebSite\",\"@id\":\"https:\/\/www.intoscana.it\/it\/#website\",\"url\":\"https:\/\/www.intoscana.it\/it\/\",\"name\":\"intoscana\",\"description\":\"\",\"potentialAction\":[{\"@type\":\"SearchAction\",\"target\":{\"@type\":\"EntryPoint\",\"urlTemplate\":\"https:\/\/www.intoscana.it\/it\/?s={search_term_string}\"},\"query-input\":{\"@type\":\"PropertyValueSpecification\",\"valueRequired\":true,\"valueName\":\"search_term_string\"}}],\"inLanguage\":\"it-IT\"},{\"@type\":\"Person\",\"@id\":\"https:\/\/www.intoscana.it\/it\/#\/schema\/person\/f437e015c68b2824ef01d2ed8cdb2923\",\"name\":\"Gianluca Testa\",\"url\":\"https:\/\/www.intoscana.it\/it\/author\/gianluca-testa\/\"}]}<\/script>\n<!-- \/ Yoast SEO Premium plugin. -->","yoast_head_json":{"title":"Non c'\u00e8 (mai) pace in casa viola: Gattuso lascia la Fiorentina. \u00c8 ufficiale - intoscana","description":"Incredibile ma vero: Rino Gattuso non \u00e8 pi\u00f9 l'allenatore della Fiorentina. Dopo i rumors della notte azzurra, l'ufficialit\u00e0 della separazione arriva direttamente dal sito della societ\u00e0. La reazione dei tifosi","robots":{"index":"index","follow":"follow","max-snippet":"max-snippet:-1","max-image-preview":"max-image-preview:large","max-video-preview":"max-video-preview:-1"},"canonical":"https:\/\/www.intoscana.it\/it\/non-ce-pace-casa-viola-gattuso-lascia-la-fiorentina-ufficiale\/","og_locale":"it_IT","og_type":"article","og_title":"Non c'\u00e8 (mai) pace in casa viola: Gattuso lascia la Fiorentina. \u00c8 ufficiale","og_description":"Incredibile ma vero: Rino Gattuso non \u00e8 pi\u00f9 l'allenatore della Fiorentina. Dopo i rumors della notte azzurra, l'ufficialit\u00e0 della separazione arriva direttamente dal sito della societ\u00e0. La reazione dei tifosi","og_url":"https:\/\/www.intoscana.it\/it\/non-ce-pace-casa-viola-gattuso-lascia-la-fiorentina-ufficiale\/","og_site_name":"intoscana","article_publisher":"https:\/\/www.facebook.com\/intoscana.it","article_published_time":"2021-06-17T09:40:11+00:00","article_modified_time":"2021-06-17T09:59:10+00:00","og_image":[{"width":960,"height":640,"url":"https:\/\/www.intoscana.it\/wp-content\/uploads\/Rino-Gattuso.jpeg","type":"image\/jpeg"}],"author":"Gianluca Testa","twitter_card":"summary_large_image","twitter_creator":"@intoscana","twitter_site":"@intoscana","twitter_misc":{"Written by":"Gianluca Testa","Est. reading time":"3 minuti"},"schema":{"@context":"https:\/\/schema.org","@graph":[{"@type":"WebPage","@id":"https:\/\/www.intoscana.it\/it\/non-ce-pace-casa-viola-gattuso-lascia-la-fiorentina-ufficiale\/","url":"https:\/\/www.intoscana.it\/it\/non-ce-pace-casa-viola-gattuso-lascia-la-fiorentina-ufficiale\/","name":"Non c'\u00e8 (mai) pace in casa viola: Gattuso lascia la Fiorentina. \u00c8 ufficiale - intoscana","isPartOf":{"@id":"https:\/\/www.intoscana.it\/it\/#website"},"primaryImageOfPage":{"@id":"https:\/\/www.intoscana.it\/it\/non-ce-pace-casa-viola-gattuso-lascia-la-fiorentina-ufficiale\/#primaryimage"},"image":{"@id":"https:\/\/www.intoscana.it\/it\/non-ce-pace-casa-viola-gattuso-lascia-la-fiorentina-ufficiale\/#primaryimage"},"thumbnailUrl":"https:\/\/www.intoscana.it\/wp-content\/uploads\/Rino-Gattuso.jpeg","datePublished":"2021-06-17T09:40:11+00:00","dateModified":"2021-06-17T09:59:10+00:00","author":{"@id":"https:\/\/www.intoscana.it\/it\/#\/schema\/person\/f437e015c68b2824ef01d2ed8cdb2923"},"description":"Incredibile ma vero: Rino Gattuso non \u00e8 pi\u00f9 l'allenatore della Fiorentina. Dopo i rumors della notte azzurra, l'ufficialit\u00e0 della separazione arriva direttamente dal sito della societ\u00e0. La reazione dei tifosi","breadcrumb":{"@id":"https:\/\/www.intoscana.it\/it\/non-ce-pace-casa-viola-gattuso-lascia-la-fiorentina-ufficiale\/#breadcrumb"},"inLanguage":"it-IT","potentialAction":[{"@type":"ReadAction","target":["https:\/\/www.intoscana.it\/it\/non-ce-pace-casa-viola-gattuso-lascia-la-fiorentina-ufficiale\/"]}]},{"@type":"ImageObject","inLanguage":"it-IT","@id":"https:\/\/www.intoscana.it\/it\/non-ce-pace-casa-viola-gattuso-lascia-la-fiorentina-ufficiale\/#primaryimage","url":"https:\/\/www.intoscana.it\/wp-content\/uploads\/Rino-Gattuso.jpeg","contentUrl":"https:\/\/www.intoscana.it\/wp-content\/uploads\/Rino-Gattuso.jpeg","width":960,"height":640},{"@type":"BreadcrumbList","@id":"https:\/\/www.intoscana.it\/it\/non-ce-pace-casa-viola-gattuso-lascia-la-fiorentina-ufficiale\/#breadcrumb","itemListElement":[{"@type":"ListItem","position":1,"name":"Home","item":"https:\/\/www.intoscana.it\/it\/"},{"@type":"ListItem","position":2,"name":"Non c&#8217;\u00e8 (mai) pace in casa viola: Gattuso lascia la Fiorentina. \u00c8 ufficiale"}]},{"@type":"WebSite","@id":"https:\/\/www.intoscana.it\/it\/#website","url":"https:\/\/www.intoscana.it\/it\/","name":"intoscana","description":"","potentialAction":[{"@type":"SearchAction","target":{"@type":"EntryPoint","urlTemplate":"https:\/\/www.intoscana.it\/it\/?s={search_term_string}"},"query-input":{"@type":"PropertyValueSpecification","valueRequired":true,"valueName":"search_term_string"}}],"inLanguage":"it-IT"},{"@type":"Person","@id":"https:\/\/www.intoscana.it\/it\/#\/schema\/person\/f437e015c68b2824ef01d2ed8cdb2923","name":"Gianluca Testa","url":"https:\/\/www.intoscana.it\/it\/author\/gianluca-testa\/"}]}},"_links":{"self":[{"href":"https:\/\/www.intoscana.it\/it\/wp-json\/wp\/v2\/posts\/180858","targetHints":{"allow":["GET"]}}],"collection":[{"href":"https:\/\/www.intoscana.it\/it\/wp-json\/wp\/v2\/posts"}],"about":[{"href":"https:\/\/www.intoscana.it\/it\/wp-json\/wp\/v2\/types\/post"}],"author":[{"embeddable":true,"href":"https:\/\/www.intoscana.it\/it\/wp-json\/wp\/v2\/users\/521"}],"replies":[{"embeddable":true,"href":"https:\/\/www.intoscana.it\/it\/wp-json\/wp\/v2\/comments?post=180858"}],"version-history":[{"count":0,"href":"https:\/\/www.intoscana.it\/it\/wp-json\/wp\/v2\/posts\/180858\/revisions"}],"wp:featuredmedia":[{"embeddable":true,"href":"https:\/\/www.intoscana.it\/it\/wp-json\/wp\/v2\/media\/180859"}],"wp:attachment":[{"href":"https:\/\/www.intoscana.it\/it\/wp-json\/wp\/v2\/media?parent=180858"}],"wp:term":[{"taxonomy":"category","embeddable":true,"href":"https:\/\/www.intoscana.it\/it\/wp-json\/wp\/v2\/categories?post=180858"},{"taxonomy":"post_tag","embeddable":true,"href":"https:\/\/www.intoscana.it\/it\/wp-json\/wp\/v2\/tags?post=180858"}],"curies":[{"name":"wp","href":"https:\/\/api.w.org\/{rel}","templated":true}]}}