{"id":180953,"date":"2021-06-18T11:30:49","date_gmt":"2021-06-18T09:30:49","guid":{"rendered":"https:\/\/www.intoscana.it\/it\/?p=180953"},"modified":"2021-06-18T11:42:12","modified_gmt":"2021-06-18T09:42:12","slug":"un-commissario-e-267milioni-per-il-raddoppio-e-lelettrificazione-della-siena-empoli","status":"publish","type":"post","link":"https:\/\/www.intoscana.it\/it\/un-commissario-e-267milioni-per-il-raddoppio-e-lelettrificazione-della-siena-empoli\/","title":{"rendered":"Un commissario e 267milioni per il raddoppio e l&#8217;elettrificazione della Siena-Empoli"},"content":{"rendered":"<p>C\u2019\u00e8 anche il <strong>raddoppio della Granaiolo-Empoli<\/strong> e <strong>l\u2019elettrificazione della linea ferroviaria Siena-Empoli<\/strong> tra le 44 grandi opere che saranno sbloccate e accelerate grazie all\u2019arrivo di un <strong>commissario straordinario<\/strong>. Il Ministero delle Infrastrutture ha infatti presentato una nuova lista che va ad aggiungersi a quelle gi\u00e0 prevista dal Decreto Sblocca Cantieri.<\/p>\n<h3>Il commissario<\/h3>\n<p>Il commissario individuato \u00e8 l\u2019ing. <strong>Vincenzo Macello, dirigente RFI<\/strong>, che avr\u00e0 il compito di seguire l\u2019iter dell\u2019opera che prevede un investimento <strong>di 267 milioni di euro<\/strong> gi\u00e0 coperti e finanziati con la legge di bilancio negli anni precedenti per 182 milioni e con il Fondo per lo sviluppo e la coesione (FSC) per 85 milioni di euro.<\/p>\n<h3>Il progetto<\/h3>\n<p>L\u2019opera, attesa da tempo, permetter\u00e0 di <strong>migliorare i collegamenti<\/strong> tra il capoluogo di regione ed il territorio della Val d&#8217;Elsa fino a Siena e porter\u00e0 ad un miglioramento della regolarit\u00e0 e della puntualit\u00e0 dei servizi, a vantaggio delle centinaia di lavoratori, studenti e turisti che quotidianamente si spostano lungo la tratta. L\u2019intervento prevede la realizzazione del raddoppio Empoli-Granaiolo ed interesser\u00e0 circa <strong>10 chilometri<\/strong> dei 63 chilometri della linea ferroviaria Empoli-Siena, 28 dei quali gi\u00e0 a doppio binario tra Granaiolo e Poggibonsi. In questo tratto sar\u00e0 posizionato un nuovo binario indipendente che andr\u00e0 ad affiancarsi a quello gi\u00e0 esistente. Una volta completa, i treni potranno aumentare la loro velocit\u00e0 di percorrenza e questo porter\u00e0 un risparmio di tempo.<\/p>\n<p>Oltre a questo, i lavori prevedono la <strong>soppressione di tutti e 13 i passaggi a livello<\/strong> presenti tra le due localit\u00e0, con realizzazione di viabilit\u00e0 stradali alternative e di sottopassi lungo la vecchia sr 429, in modo tale da garantire maggiore sicurezza anche per gli automobilisti. Sar\u00e0 migliorata con un nuovo sottopasso e marciapiedi la fermata di Ponte a Elsa.<\/p>\n<p>In ultimo sar\u00e0 <strong>completamente elettrificata la linea tra Empoli e Siena<\/strong>, questo permetter\u00e0 di sostituire i treni diesel che ancora circolano lungo questa tratta ferroviaria, con i nuovi treni ibridi previsti dal contratto di servizio tra la Regione Toscana e Trenitalia.<\/p>\n<h3>I benefici<\/h3>\n<p>Se l\u2019opera porter\u00e0 vantaggi in termini di sicurezza, puntualit\u00e0 e regolarit\u00e0 del servizio, il commissariamento far\u00e0 s\u00ec che questi due interventi non dovranno seguire l\u2019iter tradizionale dei grandi appalti, con tutti passaggi burocratici presenti e l\u2019imprevedibilit\u00e0 dei ricorsi, ma avranno una <strong>procedura semplificata e veloce<\/strong>.<\/p>\n<p>\u201c<em>Con questo secondo elenco presentato al Parlamento manteniamo l\u2019impegno di velocizzare la realizzazione di opere attese da anni e di creare un sistema di verifica sullo stato di attuazione tramite la pubblicazione sul sito del Ministero dei relativi cronoprogrammi e degli stati di avanzamento\u201d, <\/em>ha affermato il <strong>ministro delle Infrastrutture e della Mobilit\u00e0 Sostenibili, Enrico Giovannini<\/strong>. <em>\u201c<mark>I Commissari, figure di alta professionalit\u00e0 tecnica e amministrativa e gi\u00e0 attive in strutture pubbliche, potranno attivare procedure accelerate e semplificate, anche in deroga al codice degli appalti, ma nel rispetto delle regole a tutela dell\u2019ambiente e del paesaggio<\/em>\u201d.<\/mark><\/p>\n","protected":false},"excerpt":{"rendered":"<p>I due interventi sono stati inseriti dal Ministero delle Infrastrutture tra le 44 opere che saranno accelerate e avranno una procedura semplificata grazie al commissariamento<\/p>\n","protected":false},"author":507,"featured_media":143696,"comment_status":"open","ping_status":"open","sticky":false,"template":"","format":"standard","meta":{"_acf_changed":false,"footnotes":""},"categories":[494],"tags":[4904,1577,183],"class_list":["post-180953","post","type-post","status-publish","format-standard","has-post-thumbnail","hentry","category-attualita","tag-empoli","tag-muoversi-in-toscana","tag-treni"],"acf":[],"yoast_head":"<!-- This site is optimized with the Yoast SEO Premium plugin v24.2 (Yoast SEO v25.6) - https:\/\/yoast.com\/wordpress\/plugins\/seo\/ -->\n<title>Un commissario e 267milioni per il raddoppio e l&#039;elettrificazione della Siena-Empoli - intoscana<\/title>\n<meta name=\"description\" content=\"I due interventi sono stati inseriti dal Ministero delle Infrastrutture tra le 44 opere che saranno accelerate grazie al commissariamento\" \/>\n<meta name=\"robots\" content=\"index, follow, max-snippet:-1, max-image-preview:large, max-video-preview:-1\" \/>\n<link rel=\"canonical\" href=\"https:\/\/www.intoscana.it\/it\/un-commissario-e-267milioni-per-il-raddoppio-e-lelettrificazione-della-siena-empoli\/\" \/>\n<meta property=\"og:locale\" content=\"it_IT\" \/>\n<meta property=\"og:type\" content=\"article\" \/>\n<meta property=\"og:title\" content=\"Un commissario e 267milioni per il raddoppio e l&#039;elettrificazione della Siena-Empoli\" \/>\n<meta property=\"og:description\" content=\"I due interventi sono stati inseriti dal Ministero delle Infrastrutture tra le 44 opere che saranno accelerate grazie al commissariamento\" \/>\n<meta property=\"og:url\" content=\"https:\/\/www.intoscana.it\/it\/un-commissario-e-267milioni-per-il-raddoppio-e-lelettrificazione-della-siena-empoli\/\" \/>\n<meta property=\"og:site_name\" content=\"intoscana\" \/>\n<meta property=\"article:publisher\" content=\"https:\/\/www.facebook.com\/intoscana.it\" \/>\n<meta property=\"article:published_time\" content=\"2021-06-18T09:30:49+00:00\" \/>\n<meta property=\"article:modified_time\" content=\"2021-06-18T09:42:12+00:00\" \/>\n<meta property=\"og:image\" content=\"https:\/\/www.intoscana.it\/wp-content\/uploads\/treno_jazz-1.jpg\" \/>\n\t<meta property=\"og:image:width\" content=\"1887\" \/>\n\t<meta property=\"og:image:height\" content=\"1260\" \/>\n\t<meta property=\"og:image:type\" content=\"image\/jpeg\" \/>\n<meta name=\"author\" content=\"Chiara Bianchini\" \/>\n<meta name=\"twitter:card\" content=\"summary_large_image\" \/>\n<meta name=\"twitter:creator\" content=\"@intoscana\" \/>\n<meta name=\"twitter:site\" content=\"@intoscana\" \/>\n<meta name=\"twitter:label1\" content=\"Written by\" \/>\n\t<meta name=\"twitter:data1\" content=\"Chiara Bianchini\" \/>\n\t<meta name=\"twitter:label2\" content=\"Est. reading time\" \/>\n\t<meta name=\"twitter:data2\" content=\"2 minuti\" \/>\n<script type=\"application\/ld+json\" class=\"yoast-schema-graph\">{\"@context\":\"https:\/\/schema.org\",\"@graph\":[{\"@type\":\"WebPage\",\"@id\":\"https:\/\/www.intoscana.it\/it\/un-commissario-e-267milioni-per-il-raddoppio-e-lelettrificazione-della-siena-empoli\/\",\"url\":\"https:\/\/www.intoscana.it\/it\/un-commissario-e-267milioni-per-il-raddoppio-e-lelettrificazione-della-siena-empoli\/\",\"name\":\"Un commissario e 267milioni per il raddoppio e l'elettrificazione della Siena-Empoli - intoscana\",\"isPartOf\":{\"@id\":\"https:\/\/www.intoscana.it\/it\/#website\"},\"primaryImageOfPage\":{\"@id\":\"https:\/\/www.intoscana.it\/it\/un-commissario-e-267milioni-per-il-raddoppio-e-lelettrificazione-della-siena-empoli\/#primaryimage\"},\"image\":{\"@id\":\"https:\/\/www.intoscana.it\/it\/un-commissario-e-267milioni-per-il-raddoppio-e-lelettrificazione-della-siena-empoli\/#primaryimage\"},\"thumbnailUrl\":\"https:\/\/www.intoscana.it\/wp-content\/uploads\/treno_jazz-1.jpg\",\"datePublished\":\"2021-06-18T09:30:49+00:00\",\"dateModified\":\"2021-06-18T09:42:12+00:00\",\"author\":{\"@id\":\"https:\/\/www.intoscana.it\/it\/#\/schema\/person\/010af92117f50561886339ad5b873a41\"},\"description\":\"I due interventi sono stati inseriti dal Ministero delle Infrastrutture tra le 44 opere che saranno accelerate grazie al commissariamento\",\"breadcrumb\":{\"@id\":\"https:\/\/www.intoscana.it\/it\/un-commissario-e-267milioni-per-il-raddoppio-e-lelettrificazione-della-siena-empoli\/#breadcrumb\"},\"inLanguage\":\"it-IT\",\"potentialAction\":[{\"@type\":\"ReadAction\",\"target\":[\"https:\/\/www.intoscana.it\/it\/un-commissario-e-267milioni-per-il-raddoppio-e-lelettrificazione-della-siena-empoli\/\"]}]},{\"@type\":\"ImageObject\",\"inLanguage\":\"it-IT\",\"@id\":\"https:\/\/www.intoscana.it\/it\/un-commissario-e-267milioni-per-il-raddoppio-e-lelettrificazione-della-siena-empoli\/#primaryimage\",\"url\":\"https:\/\/www.intoscana.it\/wp-content\/uploads\/treno_jazz-1.jpg\",\"contentUrl\":\"https:\/\/www.intoscana.it\/wp-content\/uploads\/treno_jazz-1.jpg\",\"width\":1887,\"height\":1260},{\"@type\":\"BreadcrumbList\",\"@id\":\"https:\/\/www.intoscana.it\/it\/un-commissario-e-267milioni-per-il-raddoppio-e-lelettrificazione-della-siena-empoli\/#breadcrumb\",\"itemListElement\":[{\"@type\":\"ListItem\",\"position\":1,\"name\":\"Home\",\"item\":\"https:\/\/www.intoscana.it\/it\/\"},{\"@type\":\"ListItem\",\"position\":2,\"name\":\"Un commissario e 267milioni per il raddoppio e l&#8217;elettrificazione della Siena-Empoli\"}]},{\"@type\":\"WebSite\",\"@id\":\"https:\/\/www.intoscana.it\/it\/#website\",\"url\":\"https:\/\/www.intoscana.it\/it\/\",\"name\":\"intoscana\",\"description\":\"\",\"potentialAction\":[{\"@type\":\"SearchAction\",\"target\":{\"@type\":\"EntryPoint\",\"urlTemplate\":\"https:\/\/www.intoscana.it\/it\/?s={search_term_string}\"},\"query-input\":{\"@type\":\"PropertyValueSpecification\",\"valueRequired\":true,\"valueName\":\"search_term_string\"}}],\"inLanguage\":\"it-IT\"},{\"@type\":\"Person\",\"@id\":\"https:\/\/www.intoscana.it\/it\/#\/schema\/person\/010af92117f50561886339ad5b873a41\",\"name\":\"Chiara Bianchini\",\"sameAs\":[\"c.bianchini@fst.it\"],\"url\":\"https:\/\/www.intoscana.it\/it\/author\/chiara-bianchini\/\"}]}<\/script>\n<!-- \/ Yoast SEO Premium plugin. -->","yoast_head_json":{"title":"Un commissario e 267milioni per il raddoppio e l'elettrificazione della Siena-Empoli - intoscana","description":"I due interventi sono stati inseriti dal Ministero delle Infrastrutture tra le 44 opere che saranno accelerate grazie al commissariamento","robots":{"index":"index","follow":"follow","max-snippet":"max-snippet:-1","max-image-preview":"max-image-preview:large","max-video-preview":"max-video-preview:-1"},"canonical":"https:\/\/www.intoscana.it\/it\/un-commissario-e-267milioni-per-il-raddoppio-e-lelettrificazione-della-siena-empoli\/","og_locale":"it_IT","og_type":"article","og_title":"Un commissario e 267milioni per il raddoppio e l'elettrificazione della Siena-Empoli","og_description":"I due interventi sono stati inseriti dal Ministero delle Infrastrutture tra le 44 opere che saranno accelerate grazie al commissariamento","og_url":"https:\/\/www.intoscana.it\/it\/un-commissario-e-267milioni-per-il-raddoppio-e-lelettrificazione-della-siena-empoli\/","og_site_name":"intoscana","article_publisher":"https:\/\/www.facebook.com\/intoscana.it","article_published_time":"2021-06-18T09:30:49+00:00","article_modified_time":"2021-06-18T09:42:12+00:00","og_image":[{"width":1887,"height":1260,"url":"https:\/\/www.intoscana.it\/wp-content\/uploads\/treno_jazz-1.jpg","type":"image\/jpeg"}],"author":"Chiara Bianchini","twitter_card":"summary_large_image","twitter_creator":"@intoscana","twitter_site":"@intoscana","twitter_misc":{"Written by":"Chiara Bianchini","Est. reading time":"2 minuti"},"schema":{"@context":"https:\/\/schema.org","@graph":[{"@type":"WebPage","@id":"https:\/\/www.intoscana.it\/it\/un-commissario-e-267milioni-per-il-raddoppio-e-lelettrificazione-della-siena-empoli\/","url":"https:\/\/www.intoscana.it\/it\/un-commissario-e-267milioni-per-il-raddoppio-e-lelettrificazione-della-siena-empoli\/","name":"Un commissario e 267milioni per il raddoppio e l'elettrificazione della Siena-Empoli - intoscana","isPartOf":{"@id":"https:\/\/www.intoscana.it\/it\/#website"},"primaryImageOfPage":{"@id":"https:\/\/www.intoscana.it\/it\/un-commissario-e-267milioni-per-il-raddoppio-e-lelettrificazione-della-siena-empoli\/#primaryimage"},"image":{"@id":"https:\/\/www.intoscana.it\/it\/un-commissario-e-267milioni-per-il-raddoppio-e-lelettrificazione-della-siena-empoli\/#primaryimage"},"thumbnailUrl":"https:\/\/www.intoscana.it\/wp-content\/uploads\/treno_jazz-1.jpg","datePublished":"2021-06-18T09:30:49+00:00","dateModified":"2021-06-18T09:42:12+00:00","author":{"@id":"https:\/\/www.intoscana.it\/it\/#\/schema\/person\/010af92117f50561886339ad5b873a41"},"description":"I due interventi sono stati inseriti dal Ministero delle Infrastrutture tra le 44 opere che saranno accelerate grazie al commissariamento","breadcrumb":{"@id":"https:\/\/www.intoscana.it\/it\/un-commissario-e-267milioni-per-il-raddoppio-e-lelettrificazione-della-siena-empoli\/#breadcrumb"},"inLanguage":"it-IT","potentialAction":[{"@type":"ReadAction","target":["https:\/\/www.intoscana.it\/it\/un-commissario-e-267milioni-per-il-raddoppio-e-lelettrificazione-della-siena-empoli\/"]}]},{"@type":"ImageObject","inLanguage":"it-IT","@id":"https:\/\/www.intoscana.it\/it\/un-commissario-e-267milioni-per-il-raddoppio-e-lelettrificazione-della-siena-empoli\/#primaryimage","url":"https:\/\/www.intoscana.it\/wp-content\/uploads\/treno_jazz-1.jpg","contentUrl":"https:\/\/www.intoscana.it\/wp-content\/uploads\/treno_jazz-1.jpg","width":1887,"height":1260},{"@type":"BreadcrumbList","@id":"https:\/\/www.intoscana.it\/it\/un-commissario-e-267milioni-per-il-raddoppio-e-lelettrificazione-della-siena-empoli\/#breadcrumb","itemListElement":[{"@type":"ListItem","position":1,"name":"Home","item":"https:\/\/www.intoscana.it\/it\/"},{"@type":"ListItem","position":2,"name":"Un commissario e 267milioni per il raddoppio e l&#8217;elettrificazione della Siena-Empoli"}]},{"@type":"WebSite","@id":"https:\/\/www.intoscana.it\/it\/#website","url":"https:\/\/www.intoscana.it\/it\/","name":"intoscana","description":"","potentialAction":[{"@type":"SearchAction","target":{"@type":"EntryPoint","urlTemplate":"https:\/\/www.intoscana.it\/it\/?s={search_term_string}"},"query-input":{"@type":"PropertyValueSpecification","valueRequired":true,"valueName":"search_term_string"}}],"inLanguage":"it-IT"},{"@type":"Person","@id":"https:\/\/www.intoscana.it\/it\/#\/schema\/person\/010af92117f50561886339ad5b873a41","name":"Chiara Bianchini","sameAs":["c.bianchini@fst.it"],"url":"https:\/\/www.intoscana.it\/it\/author\/chiara-bianchini\/"}]}},"_links":{"self":[{"href":"https:\/\/www.intoscana.it\/it\/wp-json\/wp\/v2\/posts\/180953","targetHints":{"allow":["GET"]}}],"collection":[{"href":"https:\/\/www.intoscana.it\/it\/wp-json\/wp\/v2\/posts"}],"about":[{"href":"https:\/\/www.intoscana.it\/it\/wp-json\/wp\/v2\/types\/post"}],"author":[{"embeddable":true,"href":"https:\/\/www.intoscana.it\/it\/wp-json\/wp\/v2\/users\/507"}],"replies":[{"embeddable":true,"href":"https:\/\/www.intoscana.it\/it\/wp-json\/wp\/v2\/comments?post=180953"}],"version-history":[{"count":0,"href":"https:\/\/www.intoscana.it\/it\/wp-json\/wp\/v2\/posts\/180953\/revisions"}],"wp:featuredmedia":[{"embeddable":true,"href":"https:\/\/www.intoscana.it\/it\/wp-json\/wp\/v2\/media\/143696"}],"wp:attachment":[{"href":"https:\/\/www.intoscana.it\/it\/wp-json\/wp\/v2\/media?parent=180953"}],"wp:term":[{"taxonomy":"category","embeddable":true,"href":"https:\/\/www.intoscana.it\/it\/wp-json\/wp\/v2\/categories?post=180953"},{"taxonomy":"post_tag","embeddable":true,"href":"https:\/\/www.intoscana.it\/it\/wp-json\/wp\/v2\/tags?post=180953"}],"curies":[{"name":"wp","href":"https:\/\/api.w.org\/{rel}","templated":true}]}}