{"id":181259,"date":"2021-06-21T17:02:38","date_gmt":"2021-06-21T15:02:38","guid":{"rendered":"https:\/\/www.intoscana.it\/it\/?p=181259"},"modified":"2021-06-22T13:19:32","modified_gmt":"2021-06-22T11:19:32","slug":"in-toscana-25-milioni-di-vaccinati-e-il-mandela-festeggia-le-210-mila-dosi","status":"publish","type":"post","link":"https:\/\/www.intoscana.it\/it\/in-toscana-25-milioni-di-vaccinati-e-il-mandela-festeggia-le-210-mila-dosi\/","title":{"rendered":"In Toscana 2,5 milioni di vaccinati. E il Mandela festeggia le 210 mila dosi"},"content":{"rendered":"<p>La Toscana prosegue a ritmo serrato con la campagna di vaccinazione. Sono <strong>attese 135 mila dosi<\/strong> nella prima settimana di luglio. <em>&#8220;Meno di giugno, ma comunque un numero ragionevole per farci affrontare le prenotazioni che avevamo fatto&#8221;<\/em> assicura il presidente della Toscana, <strong>Eugenio Giani<\/strong>. <em>&#8220;Certo, se si fosse mantenuto il livello di giugno avremmo fatto una bella incetta di vaccinazione in un mese in cui la gente non \u00e8 ancora andata in ferie&#8221;<\/em> ha proseguito. <em>&#8220;Stiamo sollecitando il commissariato nazionale affinch\u00e9 continui a darci le dosi di giugno, poi se arriva anche un numero minore faremo con quello che ci verr\u00e0 consegnato. <mark>In questo momento mi sento tranquillo di poter dire che a settembre arriveremo a garantire un&#8217;immunit\u00e0 di gregge ragionevole<\/mark>. L&#8217;importante \u00e8 non abbassare la guardia e continuare con questo ritmo&#8221;.<\/em><\/p>\n<h3>210 mila dosi da festeggiare<\/h3>\n<p>E un segnale forte, in tal senso, \u00e8 arrivato. <mark>Sono infatti oltre 210 mila le somministrazioni di vaccino effettuate dall\u2019inizio della pandemia al Mandela Forum di Firenze, gestito dalla Asl centro<\/mark>. Un traguardo importante che oggi \u00e8 stato festeggiato con la <strong>musica dal vivo di due giovani ensemble di classica<\/strong>. E cos\u00ec in questo 21 giugno, solstizio d&#8217;estate, il Mandela Forum per un giorno ha ritrovato la sua vocazione originaria. Qua hanno suonato due ensemble della Scuola di musica di Fiesole: il duo di arpe <em>\u201cLe due Selene\u201d<\/em>, formato dalle sorelle <strong>Nora e Aran Spignoli Soria<\/strong>, con musiche di Albeniz, Paradisi, Krumoholtz, e il quintetto di fiati dell\u2019Orchestra giovanile italiana, con <em>\u201cLa Chemin\u00e9e du Roi Ren\u00e9\u201d<\/em> di Milhaud.<\/p>\n<p><iframe loading=\"lazy\" style=\"border: none; overflow: hidden;\" src=\"https:\/\/www.facebook.com\/plugins\/video.php?height=476&amp;href=https%3A%2F%2Fwww.facebook.com%2Fnelsonmandelaforum%2Fvideos%2F533267861031737%2F&amp;show_text=false&amp;width=267&amp;t=0\" width=\"267\" height=\"476\" frameborder=\"0\" scrolling=\"no\" allowfullscreen=\"allowfullscreen\"><\/iframe><\/p>\n<h3>Una campagna capillare<\/h3>\n<p><span class=\"citazione\">&#8220;Il vaccino \u00e8 l\u2019unico strumento che abbiamo per avere la meglio sul Covid&#8221;<\/span><\/p>\n<p><em>\u201cQuesto risultato \u00e8 frutto dell\u2019impegno straordinario di centinaia di operatori sanitari e volontari, che continuano a dare il massimo per la riuscita della campagna di vaccinazione, nella consapevolezza che il vaccino \u00e8 l\u2019unico strumento che abbiamo per avere la meglio sul Covid&#8221;<\/em> ha commentato il presidente Giani. <em>&#8220;Se in Toscana <mark>siamo arrivati a vaccinare, tra prima e seconda dose oltre due milioni e mezzo di cittadini, lo dobbiamo alla nostra rete sempre pi\u00f9 estesa di vaccinatori, al sistema di quasi 120 hub pubblici, sparsi nelle tre aree vaste<\/mark>, messi in piedi e gestiti con grande impegno dalle nostre Asl. Sono molto orgoglioso di quello che siamo riusciti a costruire tutti insieme e che continuiamo a perfezionare per la salvaguardia della salute, individuale e pubblica&#8221;.<\/em><\/p>\n<h3>Prenotazioni aperte solo per over 60<\/h3>\n<p>Intanto la Regione ha dovuto <em>&#8220;irrigidire il portale&#8221;<\/em> per le prenotazioni dei vaccini anti Covid. Questo <em>&#8220;perch\u00e9 non sapendo quali sono i numeri effettivi di ci\u00f2 che ci verr\u00e0 mandato a luglio, ci siamo dovuti fermare per non consentire ulteriori prenotazioni, che poi magari dobbiamo disdire&#8221;<\/em> ha fatto sapere il governatore. &#8220;<em>Ma a chi si \u00e8 prenotato faremo di tutto per garantire l&#8217;impegno della prenotazione&#8221;<\/em>. <mark>Il portale regionale dei vaccini al momento permette di prenotare solo agli over 60<\/mark>.<\/p>\n","protected":false},"excerpt":{"rendered":"<p>Vaccinazioni da record per il Mandela Forum di Firenze, che raggiunge le 210 mila somministrazioni e festeggia con un concerto. Forniture in calo a luglio (attese 135 mila dosi). Portale aperto solo a over 60<\/p>\n","protected":false},"author":525,"featured_media":181262,"comment_status":"open","ping_status":"open","sticky":false,"template":"","format":"standard","meta":{"_acf_changed":false,"footnotes":""},"categories":[18],"tags":[5452,418,4700],"class_list":["post-181259","post","type-post","status-publish","format-standard","has-post-thumbnail","hentry","category-salute","tag-campagna-vaccinale","tag-covid-19","tag-vaccini"],"acf":[],"yoast_head":"<!-- This site is optimized with the Yoast SEO Premium plugin v24.2 (Yoast SEO v25.6) - https:\/\/yoast.com\/wordpress\/plugins\/seo\/ -->\n<title>In Toscana 2,5 milioni di vaccinati. E il Mandela festeggia le 210 mila dosi - intoscana<\/title>\n<meta name=\"description\" content=\"Vaccinazioni da record per il Mandela Forum di Firenze, che raggiunge le 210 mila somministrazioni e festeggia con un concerto. Forniture in calo a luglio (attese 135 mila dosi). Portale aperto solo a over 60\" \/>\n<meta name=\"robots\" content=\"index, follow, max-snippet:-1, max-image-preview:large, max-video-preview:-1\" \/>\n<link rel=\"canonical\" href=\"https:\/\/www.intoscana.it\/it\/in-toscana-25-milioni-di-vaccinati-e-il-mandela-festeggia-le-210-mila-dosi\/\" \/>\n<meta property=\"og:locale\" content=\"it_IT\" \/>\n<meta property=\"og:type\" content=\"article\" \/>\n<meta property=\"og:title\" content=\"In Toscana 2,5 milioni di vaccinati. E il Mandela festeggia le 210 mila dosi\" \/>\n<meta property=\"og:description\" content=\"Vaccinazioni da record per il Mandela Forum di Firenze, che raggiunge le 210 mila somministrazioni e festeggia con un concerto. Forniture in calo a luglio (attese 135 mila dosi). Portale aperto solo a over 60\" \/>\n<meta property=\"og:url\" content=\"https:\/\/www.intoscana.it\/it\/in-toscana-25-milioni-di-vaccinati-e-il-mandela-festeggia-le-210-mila-dosi\/\" \/>\n<meta property=\"og:site_name\" content=\"intoscana\" \/>\n<meta property=\"article:publisher\" content=\"https:\/\/www.facebook.com\/intoscana.it\" \/>\n<meta property=\"article:published_time\" content=\"2021-06-21T15:02:38+00:00\" \/>\n<meta property=\"article:modified_time\" content=\"2021-06-22T11:19:32+00:00\" \/>\n<meta property=\"og:image\" content=\"https:\/\/www.intoscana.it\/wp-content\/uploads\/WhatsApp-Image-2021-06-21-at-16.56.04.jpeg\" \/>\n\t<meta property=\"og:image:width\" content=\"2048\" \/>\n\t<meta property=\"og:image:height\" content=\"1536\" \/>\n\t<meta property=\"og:image:type\" content=\"image\/jpeg\" \/>\n<meta name=\"author\" content=\"Redazione\" \/>\n<meta name=\"twitter:card\" content=\"summary_large_image\" \/>\n<meta name=\"twitter:creator\" content=\"@intoscana\" \/>\n<meta name=\"twitter:site\" content=\"@intoscana\" \/>\n<meta name=\"twitter:label1\" content=\"Written by\" \/>\n\t<meta name=\"twitter:data1\" content=\"Redazione\" \/>\n\t<meta name=\"twitter:label2\" content=\"Est. reading time\" \/>\n\t<meta name=\"twitter:data2\" content=\"2 minuti\" \/>\n<script type=\"application\/ld+json\" class=\"yoast-schema-graph\">{\"@context\":\"https:\/\/schema.org\",\"@graph\":[{\"@type\":\"WebPage\",\"@id\":\"https:\/\/www.intoscana.it\/it\/in-toscana-25-milioni-di-vaccinati-e-il-mandela-festeggia-le-210-mila-dosi\/\",\"url\":\"https:\/\/www.intoscana.it\/it\/in-toscana-25-milioni-di-vaccinati-e-il-mandela-festeggia-le-210-mila-dosi\/\",\"name\":\"In Toscana 2,5 milioni di vaccinati. E il Mandela festeggia le 210 mila dosi - intoscana\",\"isPartOf\":{\"@id\":\"https:\/\/www.intoscana.it\/it\/#website\"},\"primaryImageOfPage\":{\"@id\":\"https:\/\/www.intoscana.it\/it\/in-toscana-25-milioni-di-vaccinati-e-il-mandela-festeggia-le-210-mila-dosi\/#primaryimage\"},\"image\":{\"@id\":\"https:\/\/www.intoscana.it\/it\/in-toscana-25-milioni-di-vaccinati-e-il-mandela-festeggia-le-210-mila-dosi\/#primaryimage\"},\"thumbnailUrl\":\"https:\/\/www.intoscana.it\/wp-content\/uploads\/WhatsApp-Image-2021-06-21-at-16.56.04.jpeg\",\"datePublished\":\"2021-06-21T15:02:38+00:00\",\"dateModified\":\"2021-06-22T11:19:32+00:00\",\"author\":{\"@id\":\"https:\/\/www.intoscana.it\/it\/#\/schema\/person\/9223810753230f20bd670fdd322661f8\"},\"description\":\"Vaccinazioni da record per il Mandela Forum di Firenze, che raggiunge le 210 mila somministrazioni e festeggia con un concerto. Forniture in calo a luglio (attese 135 mila dosi). Portale aperto solo a over 60\",\"breadcrumb\":{\"@id\":\"https:\/\/www.intoscana.it\/it\/in-toscana-25-milioni-di-vaccinati-e-il-mandela-festeggia-le-210-mila-dosi\/#breadcrumb\"},\"inLanguage\":\"it-IT\",\"potentialAction\":[{\"@type\":\"ReadAction\",\"target\":[\"https:\/\/www.intoscana.it\/it\/in-toscana-25-milioni-di-vaccinati-e-il-mandela-festeggia-le-210-mila-dosi\/\"]}]},{\"@type\":\"ImageObject\",\"inLanguage\":\"it-IT\",\"@id\":\"https:\/\/www.intoscana.it\/it\/in-toscana-25-milioni-di-vaccinati-e-il-mandela-festeggia-le-210-mila-dosi\/#primaryimage\",\"url\":\"https:\/\/www.intoscana.it\/wp-content\/uploads\/WhatsApp-Image-2021-06-21-at-16.56.04.jpeg\",\"contentUrl\":\"https:\/\/www.intoscana.it\/wp-content\/uploads\/WhatsApp-Image-2021-06-21-at-16.56.04.jpeg\",\"width\":2048,\"height\":1536},{\"@type\":\"BreadcrumbList\",\"@id\":\"https:\/\/www.intoscana.it\/it\/in-toscana-25-milioni-di-vaccinati-e-il-mandela-festeggia-le-210-mila-dosi\/#breadcrumb\",\"itemListElement\":[{\"@type\":\"ListItem\",\"position\":1,\"name\":\"Home\",\"item\":\"https:\/\/www.intoscana.it\/it\/\"},{\"@type\":\"ListItem\",\"position\":2,\"name\":\"In Toscana 2,5 milioni di vaccinati. E il Mandela festeggia le 210 mila dosi\"}]},{\"@type\":\"WebSite\",\"@id\":\"https:\/\/www.intoscana.it\/it\/#website\",\"url\":\"https:\/\/www.intoscana.it\/it\/\",\"name\":\"intoscana\",\"description\":\"\",\"potentialAction\":[{\"@type\":\"SearchAction\",\"target\":{\"@type\":\"EntryPoint\",\"urlTemplate\":\"https:\/\/www.intoscana.it\/it\/?s={search_term_string}\"},\"query-input\":{\"@type\":\"PropertyValueSpecification\",\"valueRequired\":true,\"valueName\":\"search_term_string\"}}],\"inLanguage\":\"it-IT\"},{\"@type\":\"Person\",\"@id\":\"https:\/\/www.intoscana.it\/it\/#\/schema\/person\/9223810753230f20bd670fdd322661f8\",\"name\":\"Redazione\",\"url\":\"https:\/\/www.intoscana.it\/it\/author\/redazione\/\"}]}<\/script>\n<!-- \/ Yoast SEO Premium plugin. -->","yoast_head_json":{"title":"In Toscana 2,5 milioni di vaccinati. E il Mandela festeggia le 210 mila dosi - intoscana","description":"Vaccinazioni da record per il Mandela Forum di Firenze, che raggiunge le 210 mila somministrazioni e festeggia con un concerto. Forniture in calo a luglio (attese 135 mila dosi). Portale aperto solo a over 60","robots":{"index":"index","follow":"follow","max-snippet":"max-snippet:-1","max-image-preview":"max-image-preview:large","max-video-preview":"max-video-preview:-1"},"canonical":"https:\/\/www.intoscana.it\/it\/in-toscana-25-milioni-di-vaccinati-e-il-mandela-festeggia-le-210-mila-dosi\/","og_locale":"it_IT","og_type":"article","og_title":"In Toscana 2,5 milioni di vaccinati. E il Mandela festeggia le 210 mila dosi","og_description":"Vaccinazioni da record per il Mandela Forum di Firenze, che raggiunge le 210 mila somministrazioni e festeggia con un concerto. Forniture in calo a luglio (attese 135 mila dosi). Portale aperto solo a over 60","og_url":"https:\/\/www.intoscana.it\/it\/in-toscana-25-milioni-di-vaccinati-e-il-mandela-festeggia-le-210-mila-dosi\/","og_site_name":"intoscana","article_publisher":"https:\/\/www.facebook.com\/intoscana.it","article_published_time":"2021-06-21T15:02:38+00:00","article_modified_time":"2021-06-22T11:19:32+00:00","og_image":[{"width":2048,"height":1536,"url":"https:\/\/www.intoscana.it\/wp-content\/uploads\/WhatsApp-Image-2021-06-21-at-16.56.04.jpeg","type":"image\/jpeg"}],"author":"Redazione","twitter_card":"summary_large_image","twitter_creator":"@intoscana","twitter_site":"@intoscana","twitter_misc":{"Written by":"Redazione","Est. reading time":"2 minuti"},"schema":{"@context":"https:\/\/schema.org","@graph":[{"@type":"WebPage","@id":"https:\/\/www.intoscana.it\/it\/in-toscana-25-milioni-di-vaccinati-e-il-mandela-festeggia-le-210-mila-dosi\/","url":"https:\/\/www.intoscana.it\/it\/in-toscana-25-milioni-di-vaccinati-e-il-mandela-festeggia-le-210-mila-dosi\/","name":"In Toscana 2,5 milioni di vaccinati. E il Mandela festeggia le 210 mila dosi - intoscana","isPartOf":{"@id":"https:\/\/www.intoscana.it\/it\/#website"},"primaryImageOfPage":{"@id":"https:\/\/www.intoscana.it\/it\/in-toscana-25-milioni-di-vaccinati-e-il-mandela-festeggia-le-210-mila-dosi\/#primaryimage"},"image":{"@id":"https:\/\/www.intoscana.it\/it\/in-toscana-25-milioni-di-vaccinati-e-il-mandela-festeggia-le-210-mila-dosi\/#primaryimage"},"thumbnailUrl":"https:\/\/www.intoscana.it\/wp-content\/uploads\/WhatsApp-Image-2021-06-21-at-16.56.04.jpeg","datePublished":"2021-06-21T15:02:38+00:00","dateModified":"2021-06-22T11:19:32+00:00","author":{"@id":"https:\/\/www.intoscana.it\/it\/#\/schema\/person\/9223810753230f20bd670fdd322661f8"},"description":"Vaccinazioni da record per il Mandela Forum di Firenze, che raggiunge le 210 mila somministrazioni e festeggia con un concerto. Forniture in calo a luglio (attese 135 mila dosi). Portale aperto solo a over 60","breadcrumb":{"@id":"https:\/\/www.intoscana.it\/it\/in-toscana-25-milioni-di-vaccinati-e-il-mandela-festeggia-le-210-mila-dosi\/#breadcrumb"},"inLanguage":"it-IT","potentialAction":[{"@type":"ReadAction","target":["https:\/\/www.intoscana.it\/it\/in-toscana-25-milioni-di-vaccinati-e-il-mandela-festeggia-le-210-mila-dosi\/"]}]},{"@type":"ImageObject","inLanguage":"it-IT","@id":"https:\/\/www.intoscana.it\/it\/in-toscana-25-milioni-di-vaccinati-e-il-mandela-festeggia-le-210-mila-dosi\/#primaryimage","url":"https:\/\/www.intoscana.it\/wp-content\/uploads\/WhatsApp-Image-2021-06-21-at-16.56.04.jpeg","contentUrl":"https:\/\/www.intoscana.it\/wp-content\/uploads\/WhatsApp-Image-2021-06-21-at-16.56.04.jpeg","width":2048,"height":1536},{"@type":"BreadcrumbList","@id":"https:\/\/www.intoscana.it\/it\/in-toscana-25-milioni-di-vaccinati-e-il-mandela-festeggia-le-210-mila-dosi\/#breadcrumb","itemListElement":[{"@type":"ListItem","position":1,"name":"Home","item":"https:\/\/www.intoscana.it\/it\/"},{"@type":"ListItem","position":2,"name":"In Toscana 2,5 milioni di vaccinati. E il Mandela festeggia le 210 mila dosi"}]},{"@type":"WebSite","@id":"https:\/\/www.intoscana.it\/it\/#website","url":"https:\/\/www.intoscana.it\/it\/","name":"intoscana","description":"","potentialAction":[{"@type":"SearchAction","target":{"@type":"EntryPoint","urlTemplate":"https:\/\/www.intoscana.it\/it\/?s={search_term_string}"},"query-input":{"@type":"PropertyValueSpecification","valueRequired":true,"valueName":"search_term_string"}}],"inLanguage":"it-IT"},{"@type":"Person","@id":"https:\/\/www.intoscana.it\/it\/#\/schema\/person\/9223810753230f20bd670fdd322661f8","name":"Redazione","url":"https:\/\/www.intoscana.it\/it\/author\/redazione\/"}]}},"_links":{"self":[{"href":"https:\/\/www.intoscana.it\/it\/wp-json\/wp\/v2\/posts\/181259","targetHints":{"allow":["GET"]}}],"collection":[{"href":"https:\/\/www.intoscana.it\/it\/wp-json\/wp\/v2\/posts"}],"about":[{"href":"https:\/\/www.intoscana.it\/it\/wp-json\/wp\/v2\/types\/post"}],"author":[{"embeddable":true,"href":"https:\/\/www.intoscana.it\/it\/wp-json\/wp\/v2\/users\/525"}],"replies":[{"embeddable":true,"href":"https:\/\/www.intoscana.it\/it\/wp-json\/wp\/v2\/comments?post=181259"}],"version-history":[{"count":0,"href":"https:\/\/www.intoscana.it\/it\/wp-json\/wp\/v2\/posts\/181259\/revisions"}],"wp:featuredmedia":[{"embeddable":true,"href":"https:\/\/www.intoscana.it\/it\/wp-json\/wp\/v2\/media\/181262"}],"wp:attachment":[{"href":"https:\/\/www.intoscana.it\/it\/wp-json\/wp\/v2\/media?parent=181259"}],"wp:term":[{"taxonomy":"category","embeddable":true,"href":"https:\/\/www.intoscana.it\/it\/wp-json\/wp\/v2\/categories?post=181259"},{"taxonomy":"post_tag","embeddable":true,"href":"https:\/\/www.intoscana.it\/it\/wp-json\/wp\/v2\/tags?post=181259"}],"curies":[{"name":"wp","href":"https:\/\/api.w.org\/{rel}","templated":true}]}}