{"id":181700,"date":"2021-06-25T19:15:22","date_gmt":"2021-06-25T17:15:22","guid":{"rendered":"https:\/\/www.intoscana.it\/it\/?p=181700"},"modified":"2021-06-25T19:16:22","modified_gmt":"2021-06-25T17:16:22","slug":"schmidt-il-pragmatico-visionario-vi-racconto-gli-uffizi-del-futuro","status":"publish","type":"post","link":"https:\/\/www.intoscana.it\/it\/schmidt-il-pragmatico-visionario-vi-racconto-gli-uffizi-del-futuro\/","title":{"rendered":"Schmidt, il pragmatico visionario: &#8220;Vi racconto gli Uffizi del futuro&#8221;"},"content":{"rendered":"<p><strong>Eike Schmidt, 53 anni, storico dell\u2019arte e direttore degli Uffizi. Manager pragmatico e visionario. Giusto definirla cos\u00ec?<\/strong><\/p>\n<p>S\u00ec, mi piace. Ma ci tengo a specificare che sia la gestione concreta dei problemi\u00a0 quotidiani che il coraggio per cercare nuove strade sono entrambe nemici dell\u2019ideologia. Quella \u00e8 il peggior ostacolo per chi ama e vuole diffondere l\u2019arte.<\/p>\n<p><strong>Direttore, ammetto di averla immaginata un po\u2019 come in un film. Fuori la \u00a0pandemia, la paura, le sirene, nelle grandi sale degli Uffizi lei che cammina cercando di trovare una luce sul futuro davanti alle opere di grandi artisti. Forse l\u2019immagine \u00e8 un po\u2019 forte, per\u00f2 qualcosa di simile le sar\u00e0 capitato, no?<\/strong><\/p>\n<p>Beh, durante il primo lockdown il clima era quello. Nessuno capiva e sapeva, qui la solitudine era padrona di ci\u00f2 che poco prima viveva di uomini, donne, persone in cerca di cultura e bellezza. Ma il secondo lockdown \u00e8 stato completamente diverso, per noi. Abbiamo restaurato opere, fatto dirette social per tornare ad avvicinare la gente. Elaborato nuove idee, anche. Comunque s\u00ec, mi \u00e8 capitato di passeggiare da solo nelle grandi sale. E capita ancora, ma solo e sempre prima delle sette del mattino. Spesso per controllare che vada tutto bene.<\/p>\n<p><strong>C\u2019\u00e8 un quadro, in mezzo a tanti capolavori, davanti al quale ha cercato ispirazione per la sua missione?<\/strong><\/p>\n<p>Ce ne sono tanti. Ma uno in particolare \u00e8 il mio punto di riferimento: la Madonna col bambino e San Giovannino del Pontormo. Recentemente abbiamo scelto per questo quadro una nuova collocazione. Era giusto fare cos\u00ec. Lo meritava, per la sua grande forza e profondit\u00e0 psicologica.<\/p>\n<p><strong>Lei \u00e8 direttore dal 2015. E con lei gli Uffizi si sono aperti al mondo. Penso alla svolta digitale. E anche a scelte, per cos\u00ec dire, pop. Che per\u00f2 scatenano sempre reazioni e contrasti. C\u2019\u00e8 ancora chi vede i capolavori dei grandi maestri come qualcosa che non deve contaminarsi col presente?<\/strong><\/p>\n<p>Fino agli anni sessanta anche in altri paesi la pensavano cos\u00ec: Francia e Germania, per esempio. Poi questo pensiero conservatore \u00e8 stato spazzato via dal \u201968. In Italia invece ancora c\u2019\u00e8 chi si ostina e non capire che il mondo va avanti. Ma non \u00e8 una questione di schieramento politico. Forse pi\u00f9 snobismo intellettuale, quello che a volte, paradossalmente, sbuca fuori da sinistra. Ma non ne farei una quesitone si appartenenza politica. E le cose stanno cambiando, per fortuna.<\/p>\n<p><strong>E\u2019 stata una lotta dura?<\/strong><\/p>\n<p>S\u00ec. Per\u00f2 ne \u00e8 valsa la pena.\u00a0 Quando abbiamo presentato un giovane cantautore torinese, Emanuele Aloia, in una sala degli Uffizi, mi aspettavo qualche reazione negativa. Invece tutto \u00e8 filato liscio. Infatti proseguiremo s questa strada, invitando altri artisti. Che sia musica classica, pop, rock o hip hop, gli Uffizi sono aperti al confronto culturale. Che poi vuol dire spesso parlare ai giovani. Ma non solo, \u00e8 saper affrontare il contemporaneo una delle nostre sfide, come la prossima mostra dedicata a Giuseppe Penone<\/p>\n<p><strong>Tra le idee pi\u00f9 recenti e innovative c\u2019\u00e8 anche quella degli Uffizi diffusi.<\/strong><\/p>\n<p>Credo sia giusto aprirsi anche lavorando su nuove esperienze sul territorio toscano. Terre degli Uffizi \u00e8 un progetto in collaborazione con la Fondazione Cassa di Risparmio. Gi\u00e0 abbiamo fatto degli esperimenti, il prossimo evento sar\u00e0 a Porto Ferraio, alla Pinacoteca Foresiana. Sar\u00e0 una mostra dedicata a Napoleone. Parteciperemo anche noi con alcune opere di grande valore.<\/p>\n<p><strong>La Regione vi supporta nella vostra scelta?<\/strong><\/p>\n<p>Il rapporto con il presidente Eugenio Giani \u00e8 ottimo. Mi ha chiamato il giorno dopo la sua elezione per dirmi che sta lavorando a una legge regionale sugli Uffizi diffusi. E\u2019 qualcosa di molto positivo, credo molto in questa collaborazione.<\/p>\n<p><strong>Anche la strada del digitale va avanti con forza.<\/strong><\/p>\n<p>E\u2019 un dovere per noi comunicare seguendo le nuove strade digitali. Permettere a tutti di poter vedere chi siamo, cosa facciamo, e poi ammirare le nostre opere e venire a conoscenza dei nostri progetti. La cosa\u00a0 che pi\u00f9 sorprende \u00e8 che pi\u00f9 tu dai la possibilit\u00e0 di seguirci in\u00a0maniera virtuale, pi\u00f9 le persone sono spinte a vivere l\u2019esperienza reale, a desiderare di vedere quel quadro dal vivo. Sembra strano ma \u00e8 cos\u00ec.<\/p>\n<p><strong>Un po\u2019 come la musica. Su spotify hai a disposizione tutto, e questo alla fine ti spinge a voler vivere un concerto, che comunque \u00e8 tutta un\u2019altra storia.<\/strong><\/p>\n<p>Proprio cos\u00ec. La nostra vita \u00e8 cambiata, ma la distanza ha elevato il valore dell\u2019esperienza diretta. Guardi l\u2019opera in digitale e l\u2019idea di vedere l\u2019originale diventa quasi un atto liberatorio.<\/p>\n<p><strong>Schmidt,<\/strong> <strong>lei \u00e8 come un giocatore di grande livello. Ogni tanto arrivano offerte da altri grandi musei. Ha mai pensato di lasciare Firenze?<\/strong><\/p>\n<p>E\u2019 vero, ma quando si sono presentate delle possibilit\u00e0 non ho nemmeno pensato per un attimo di accettare. Amo gli Uffizi, amo Firenze. Basta questo per non farmi avere alcun dubbio.<\/p>\n<p><strong>Il prossimo sogno del pragmatico visionario?\u2019<\/strong><\/p>\n<p>Un Corridoio Vasariano democratico. Aperto a tutti i visitatori a un prezzo equo. Grandi opere e sguardi inediti su Firenze e sulla memoria, con due soste per meditare su eventi che hanno segnato la storia di Firenze, come la battaglia per la liberazione dai nazisti dell\u2019agosto del\u201944 e la strage del terrorismo mafioso del 27 maggio del \u201893. Un modo per dare all\u2019arte un significato che vada oltre la storia, ma indichi anche un percorso etico e morale. L\u2019obiettivo \u00e8 aprire a tutti il Corridoio Vasariano entro il 2022.<\/p>\n<p><strong>Un altro grande obiettivo?<\/strong><\/p>\n<p>Beh, realizzare il recupero e la trasformazione della Villa dell\u2019Ambrogiana a Montelupo. Una villa Medicea di immenso valore che dal suo passato di manicomio criminale dovr\u00e0 rinascere come luogo di arte e di bellezza. Qui servir\u00e0 un grosso investimento e quindi un respiro pi\u00f9 lungo.<\/p>\n<p><strong>Rimpianti ne ha?<\/strong><\/p>\n<p>S\u00ec. Li ho avuti tutte le volte che ho partecipato a un\u2019asta per acquistare un\u2019opera e qualcuno \u00e8 arrivato prima di me. Sono tutte cose che mi piacerebbe raccontare un giorno in un\u2019autobiografia.<\/p>\n<p><strong>Perdoni la frase fatta. Ma il suo punto di vista \u00e8 decisamente autorevole: la bellezza ci salver\u00e0?<\/strong><\/p>\n<p>La bellezza \u00e8 ci\u00f2 che crea armonia e mette insieme tutti i nostri aspetti di umani: emotivit\u00e0, ragione, perfino spiritualit\u00e0. In un\u2019opera c\u2019\u00e8 il sogno e c\u2019\u00e8 la matematica. L\u2019arte e la bellezza sono ci\u00f2 che tiene tutto insieme. Sono la nostra grande fortuna. Il nostro lavoro \u00e8 conservarla e condividerla. Un impegno. Un grande onore.<\/p>\n","protected":false},"excerpt":{"rendered":"<p>La strada digitale, \u00a0quel quadro da cui prendere forza nei momenti bui: parla il direttore del museo fiorentino con una sicurezza: &#8220;L&#8217;arte e la bellezza sono ci\u00f2 che tiene tutto insieme&#8221;<\/p>\n","protected":false},"author":532,"featured_media":143590,"comment_status":"open","ping_status":"open","sticky":false,"template":"","format":"standard","meta":{"_acf_changed":false,"footnotes":""},"categories":[4],"tags":[4477,207,5402],"class_list":["post-181700","post","type-post","status-publish","format-standard","has-post-thumbnail","hentry","category-storie","tag-eike-schmidt","tag-uffizi","tag-uffizi-diffusi"],"acf":[],"yoast_head":"<!-- This site is optimized with the Yoast SEO Premium plugin v24.2 (Yoast SEO v25.6) - https:\/\/yoast.com\/wordpress\/plugins\/seo\/ -->\n<title>Schmidt, il pragmatico visionario: &quot;Vi racconto gli Uffizi del futuro&quot; - intoscana<\/title>\n<meta name=\"description\" content=\"La strada digitale, \u00a0quel quadro da cui prendere forza nei momenti bui: parla il direttore del museo fiorentino\" \/>\n<meta name=\"robots\" content=\"index, follow, max-snippet:-1, max-image-preview:large, max-video-preview:-1\" \/>\n<link rel=\"canonical\" href=\"https:\/\/www.intoscana.it\/it\/schmidt-il-pragmatico-visionario-vi-racconto-gli-uffizi-del-futuro\/\" \/>\n<meta property=\"og:locale\" content=\"it_IT\" \/>\n<meta property=\"og:type\" content=\"article\" \/>\n<meta property=\"og:title\" content=\"Schmidt, il pragmatico visionario: &quot;Vi racconto gli Uffizi del futuro&quot;\" \/>\n<meta property=\"og:description\" content=\"La strada digitale, \u00a0quel quadro da cui prendere forza nei momenti bui: parla il direttore del museo fiorentino\" \/>\n<meta property=\"og:url\" content=\"https:\/\/www.intoscana.it\/it\/schmidt-il-pragmatico-visionario-vi-racconto-gli-uffizi-del-futuro\/\" \/>\n<meta property=\"og:site_name\" content=\"intoscana\" \/>\n<meta property=\"article:publisher\" content=\"https:\/\/www.facebook.com\/intoscana.it\" \/>\n<meta property=\"article:published_time\" content=\"2021-06-25T17:15:22+00:00\" \/>\n<meta property=\"article:modified_time\" content=\"2021-06-25T17:16:22+00:00\" \/>\n<meta property=\"og:image\" content=\"https:\/\/www.intoscana.it\/wp-content\/uploads\/schermata-2020-05-12-alle-14.47.22.jpeg\" \/>\n\t<meta property=\"og:image:width\" content=\"2000\" \/>\n\t<meta property=\"og:image:height\" content=\"1203\" \/>\n\t<meta property=\"og:image:type\" content=\"image\/jpeg\" \/>\n<meta name=\"author\" content=\"Benedetto Ferrara\" \/>\n<meta name=\"twitter:card\" content=\"summary_large_image\" \/>\n<meta name=\"twitter:creator\" content=\"@intoscana\" \/>\n<meta name=\"twitter:site\" content=\"@intoscana\" \/>\n<meta name=\"twitter:label1\" content=\"Written by\" \/>\n\t<meta name=\"twitter:data1\" content=\"Benedetto Ferrara\" \/>\n\t<meta name=\"twitter:label2\" content=\"Est. reading time\" \/>\n\t<meta name=\"twitter:data2\" content=\"5 minuti\" \/>\n<script type=\"application\/ld+json\" class=\"yoast-schema-graph\">{\"@context\":\"https:\/\/schema.org\",\"@graph\":[{\"@type\":\"WebPage\",\"@id\":\"https:\/\/www.intoscana.it\/it\/schmidt-il-pragmatico-visionario-vi-racconto-gli-uffizi-del-futuro\/\",\"url\":\"https:\/\/www.intoscana.it\/it\/schmidt-il-pragmatico-visionario-vi-racconto-gli-uffizi-del-futuro\/\",\"name\":\"Schmidt, il pragmatico visionario: \\\"Vi racconto gli Uffizi del futuro\\\" - intoscana\",\"isPartOf\":{\"@id\":\"https:\/\/www.intoscana.it\/it\/#website\"},\"primaryImageOfPage\":{\"@id\":\"https:\/\/www.intoscana.it\/it\/schmidt-il-pragmatico-visionario-vi-racconto-gli-uffizi-del-futuro\/#primaryimage\"},\"image\":{\"@id\":\"https:\/\/www.intoscana.it\/it\/schmidt-il-pragmatico-visionario-vi-racconto-gli-uffizi-del-futuro\/#primaryimage\"},\"thumbnailUrl\":\"https:\/\/www.intoscana.it\/wp-content\/uploads\/schermata-2020-05-12-alle-14.47.22.jpeg\",\"datePublished\":\"2021-06-25T17:15:22+00:00\",\"dateModified\":\"2021-06-25T17:16:22+00:00\",\"author\":{\"@id\":\"https:\/\/www.intoscana.it\/it\/#\/schema\/person\/5b84156be4aca57014dc575ffac49b07\"},\"description\":\"La strada digitale, \u00a0quel quadro da cui prendere forza nei momenti bui: parla il direttore del museo fiorentino\",\"breadcrumb\":{\"@id\":\"https:\/\/www.intoscana.it\/it\/schmidt-il-pragmatico-visionario-vi-racconto-gli-uffizi-del-futuro\/#breadcrumb\"},\"inLanguage\":\"it-IT\",\"potentialAction\":[{\"@type\":\"ReadAction\",\"target\":[\"https:\/\/www.intoscana.it\/it\/schmidt-il-pragmatico-visionario-vi-racconto-gli-uffizi-del-futuro\/\"]}]},{\"@type\":\"ImageObject\",\"inLanguage\":\"it-IT\",\"@id\":\"https:\/\/www.intoscana.it\/it\/schmidt-il-pragmatico-visionario-vi-racconto-gli-uffizi-del-futuro\/#primaryimage\",\"url\":\"https:\/\/www.intoscana.it\/wp-content\/uploads\/schermata-2020-05-12-alle-14.47.22.jpeg\",\"contentUrl\":\"https:\/\/www.intoscana.it\/wp-content\/uploads\/schermata-2020-05-12-alle-14.47.22.jpeg\",\"width\":2000,\"height\":1203,\"caption\":\"Eike Schmidt\"},{\"@type\":\"BreadcrumbList\",\"@id\":\"https:\/\/www.intoscana.it\/it\/schmidt-il-pragmatico-visionario-vi-racconto-gli-uffizi-del-futuro\/#breadcrumb\",\"itemListElement\":[{\"@type\":\"ListItem\",\"position\":1,\"name\":\"Home\",\"item\":\"https:\/\/www.intoscana.it\/it\/\"},{\"@type\":\"ListItem\",\"position\":2,\"name\":\"Schmidt, il pragmatico visionario: &#8220;Vi racconto gli Uffizi del futuro&#8221;\"}]},{\"@type\":\"WebSite\",\"@id\":\"https:\/\/www.intoscana.it\/it\/#website\",\"url\":\"https:\/\/www.intoscana.it\/it\/\",\"name\":\"intoscana\",\"description\":\"\",\"potentialAction\":[{\"@type\":\"SearchAction\",\"target\":{\"@type\":\"EntryPoint\",\"urlTemplate\":\"https:\/\/www.intoscana.it\/it\/?s={search_term_string}\"},\"query-input\":{\"@type\":\"PropertyValueSpecification\",\"valueRequired\":true,\"valueName\":\"search_term_string\"}}],\"inLanguage\":\"it-IT\"},{\"@type\":\"Person\",\"@id\":\"https:\/\/www.intoscana.it\/it\/#\/schema\/person\/5b84156be4aca57014dc575ffac49b07\",\"name\":\"Benedetto Ferrara\",\"url\":\"https:\/\/www.intoscana.it\/it\/author\/benedetto-ferrara\/\"}]}<\/script>\n<!-- \/ Yoast SEO Premium plugin. -->","yoast_head_json":{"title":"Schmidt, il pragmatico visionario: \"Vi racconto gli Uffizi del futuro\" - intoscana","description":"La strada digitale, \u00a0quel quadro da cui prendere forza nei momenti bui: parla il direttore del museo fiorentino","robots":{"index":"index","follow":"follow","max-snippet":"max-snippet:-1","max-image-preview":"max-image-preview:large","max-video-preview":"max-video-preview:-1"},"canonical":"https:\/\/www.intoscana.it\/it\/schmidt-il-pragmatico-visionario-vi-racconto-gli-uffizi-del-futuro\/","og_locale":"it_IT","og_type":"article","og_title":"Schmidt, il pragmatico visionario: \"Vi racconto gli Uffizi del futuro\"","og_description":"La strada digitale, \u00a0quel quadro da cui prendere forza nei momenti bui: parla il direttore del museo fiorentino","og_url":"https:\/\/www.intoscana.it\/it\/schmidt-il-pragmatico-visionario-vi-racconto-gli-uffizi-del-futuro\/","og_site_name":"intoscana","article_publisher":"https:\/\/www.facebook.com\/intoscana.it","article_published_time":"2021-06-25T17:15:22+00:00","article_modified_time":"2021-06-25T17:16:22+00:00","og_image":[{"width":2000,"height":1203,"url":"https:\/\/www.intoscana.it\/wp-content\/uploads\/schermata-2020-05-12-alle-14.47.22.jpeg","type":"image\/jpeg"}],"author":"Benedetto Ferrara","twitter_card":"summary_large_image","twitter_creator":"@intoscana","twitter_site":"@intoscana","twitter_misc":{"Written by":"Benedetto Ferrara","Est. reading time":"5 minuti"},"schema":{"@context":"https:\/\/schema.org","@graph":[{"@type":"WebPage","@id":"https:\/\/www.intoscana.it\/it\/schmidt-il-pragmatico-visionario-vi-racconto-gli-uffizi-del-futuro\/","url":"https:\/\/www.intoscana.it\/it\/schmidt-il-pragmatico-visionario-vi-racconto-gli-uffizi-del-futuro\/","name":"Schmidt, il pragmatico visionario: \"Vi racconto gli Uffizi del futuro\" - intoscana","isPartOf":{"@id":"https:\/\/www.intoscana.it\/it\/#website"},"primaryImageOfPage":{"@id":"https:\/\/www.intoscana.it\/it\/schmidt-il-pragmatico-visionario-vi-racconto-gli-uffizi-del-futuro\/#primaryimage"},"image":{"@id":"https:\/\/www.intoscana.it\/it\/schmidt-il-pragmatico-visionario-vi-racconto-gli-uffizi-del-futuro\/#primaryimage"},"thumbnailUrl":"https:\/\/www.intoscana.it\/wp-content\/uploads\/schermata-2020-05-12-alle-14.47.22.jpeg","datePublished":"2021-06-25T17:15:22+00:00","dateModified":"2021-06-25T17:16:22+00:00","author":{"@id":"https:\/\/www.intoscana.it\/it\/#\/schema\/person\/5b84156be4aca57014dc575ffac49b07"},"description":"La strada digitale, \u00a0quel quadro da cui prendere forza nei momenti bui: parla il direttore del museo fiorentino","breadcrumb":{"@id":"https:\/\/www.intoscana.it\/it\/schmidt-il-pragmatico-visionario-vi-racconto-gli-uffizi-del-futuro\/#breadcrumb"},"inLanguage":"it-IT","potentialAction":[{"@type":"ReadAction","target":["https:\/\/www.intoscana.it\/it\/schmidt-il-pragmatico-visionario-vi-racconto-gli-uffizi-del-futuro\/"]}]},{"@type":"ImageObject","inLanguage":"it-IT","@id":"https:\/\/www.intoscana.it\/it\/schmidt-il-pragmatico-visionario-vi-racconto-gli-uffizi-del-futuro\/#primaryimage","url":"https:\/\/www.intoscana.it\/wp-content\/uploads\/schermata-2020-05-12-alle-14.47.22.jpeg","contentUrl":"https:\/\/www.intoscana.it\/wp-content\/uploads\/schermata-2020-05-12-alle-14.47.22.jpeg","width":2000,"height":1203,"caption":"Eike Schmidt"},{"@type":"BreadcrumbList","@id":"https:\/\/www.intoscana.it\/it\/schmidt-il-pragmatico-visionario-vi-racconto-gli-uffizi-del-futuro\/#breadcrumb","itemListElement":[{"@type":"ListItem","position":1,"name":"Home","item":"https:\/\/www.intoscana.it\/it\/"},{"@type":"ListItem","position":2,"name":"Schmidt, il pragmatico visionario: &#8220;Vi racconto gli Uffizi del futuro&#8221;"}]},{"@type":"WebSite","@id":"https:\/\/www.intoscana.it\/it\/#website","url":"https:\/\/www.intoscana.it\/it\/","name":"intoscana","description":"","potentialAction":[{"@type":"SearchAction","target":{"@type":"EntryPoint","urlTemplate":"https:\/\/www.intoscana.it\/it\/?s={search_term_string}"},"query-input":{"@type":"PropertyValueSpecification","valueRequired":true,"valueName":"search_term_string"}}],"inLanguage":"it-IT"},{"@type":"Person","@id":"https:\/\/www.intoscana.it\/it\/#\/schema\/person\/5b84156be4aca57014dc575ffac49b07","name":"Benedetto Ferrara","url":"https:\/\/www.intoscana.it\/it\/author\/benedetto-ferrara\/"}]}},"_links":{"self":[{"href":"https:\/\/www.intoscana.it\/it\/wp-json\/wp\/v2\/posts\/181700","targetHints":{"allow":["GET"]}}],"collection":[{"href":"https:\/\/www.intoscana.it\/it\/wp-json\/wp\/v2\/posts"}],"about":[{"href":"https:\/\/www.intoscana.it\/it\/wp-json\/wp\/v2\/types\/post"}],"author":[{"embeddable":true,"href":"https:\/\/www.intoscana.it\/it\/wp-json\/wp\/v2\/users\/532"}],"replies":[{"embeddable":true,"href":"https:\/\/www.intoscana.it\/it\/wp-json\/wp\/v2\/comments?post=181700"}],"version-history":[{"count":0,"href":"https:\/\/www.intoscana.it\/it\/wp-json\/wp\/v2\/posts\/181700\/revisions"}],"wp:featuredmedia":[{"embeddable":true,"href":"https:\/\/www.intoscana.it\/it\/wp-json\/wp\/v2\/media\/143590"}],"wp:attachment":[{"href":"https:\/\/www.intoscana.it\/it\/wp-json\/wp\/v2\/media?parent=181700"}],"wp:term":[{"taxonomy":"category","embeddable":true,"href":"https:\/\/www.intoscana.it\/it\/wp-json\/wp\/v2\/categories?post=181700"},{"taxonomy":"post_tag","embeddable":true,"href":"https:\/\/www.intoscana.it\/it\/wp-json\/wp\/v2\/tags?post=181700"}],"curies":[{"name":"wp","href":"https:\/\/api.w.org\/{rel}","templated":true}]}}