{"id":181732,"date":"2021-06-26T10:39:14","date_gmt":"2021-06-26T08:39:14","guid":{"rendered":"https:\/\/www.intoscana.it\/it\/?p=181732"},"modified":"2021-06-26T13:27:35","modified_gmt":"2021-06-26T11:27:35","slug":"allospedale-le-scotte-di-siena-il-primo-trapianto-di-sterno-in-toscana","status":"publish","type":"post","link":"https:\/\/www.intoscana.it\/it\/allospedale-le-scotte-di-siena-il-primo-trapianto-di-sterno-in-toscana\/","title":{"rendered":"All&#8217;ospedale Le Scotte di Siena il primo trapianto di sterno in Toscana"},"content":{"rendered":"<p>Effettuato all&#8217;<strong>ospedale Le Scotte di Siena il primo trapianto di sterno in Toscana<\/strong> e tra i pochi eseguiti in Italia.<\/p>\n<p><strong>A ricevere il trapianto una donna di 73 anni della provincia di Grosseto<\/strong> la quale, spiega l&#8217;Azienda ospedaliero universitaria senese, <strong>&#8220;aveva gi\u00e0 subito, nel corso degli anni, pi\u00f9 di 10 interventi chirurgici<\/strong>, in altre strutture ospedaliere, a causa di un <strong>condroma plurirecidivo che aveva comportato l&#8217;asportazione del corpo dello sterno<\/strong> e di parte delle cartilagini costali&#8221;.<\/p>\n<p>L&#8217;intervento si \u00e8 sviluppato grazie a<strong> un lavoro multidisciplinare di pi\u00f9 unit\u00e0 operative delle Scotte.<\/strong> Lo sterno trapiantato \u00e8 stato prelevato da <strong>un donatore dell&#8217;Aou Pisana<\/strong>.<\/p>\n<p>Alla paziente, arrivata all&#8217;intervento in buone condizioni cliniche, le si era formato nel corso degli anni &#8220;<strong>un difetto nella parete toracica anteriore esteso fino alla parete addominale, che coinvolgeva anche il diaframma<\/strong> con passaggio di alcuni organi dall&#8217;addome al torace&#8221;.<\/p>\n<p>Per la pianificazione della ricostruzione \u00e8 stata effettuata preliminarmente<strong> una ricostruzione in 3D sia del torace della paziente che dello sterno del donatore<\/strong>.<\/p>\n<p><strong>La paziente successivamente all&#8217;intervento \u00e8 stata ricoverata per 24 ore in rianimazione,<\/strong> per poi proseguire la degenza in reparto. Ha avuto <strong>un regolare decorso post operatorio,<\/strong> e ora \u00e8 stata da poco dimessa, in ottime condizioni di salute, si spiega dall&#8217;Aou aggiungendo che si dovr\u00e0 ora sottoporre &#8220;a <strong>una serie di follow-up, sia strumentali che clinici&#8221;.\u00a0<\/strong><\/p>\n","protected":false},"excerpt":{"rendered":"<p>A ricevere il trapianto uno dei pochissimi in Italia una donna di 73 anni della provincia di Grosseto<\/p>\n","protected":false},"author":525,"featured_media":99926,"comment_status":"open","ping_status":"open","sticky":false,"template":"","format":"standard","meta":{"_acf_changed":false,"footnotes":""},"categories":[494],"tags":[2765,134],"class_list":["post-181732","post","type-post","status-publish","format-standard","has-post-thumbnail","hentry","category-attualita","tag-ospedale-santa-maria-delle-scotte","tag-salute"],"acf":[],"yoast_head":"<!-- This site is optimized with the Yoast SEO Premium plugin v24.2 (Yoast SEO v25.6) - https:\/\/yoast.com\/wordpress\/plugins\/seo\/ -->\n<title>All&#039;ospedale Le Scotte di Siena il primo trapianto di sterno in Toscana - intoscana<\/title>\n<meta name=\"description\" content=\"A ricevere il trapianto uno dei pochissimi in Italia una donna di 73 anni della provincia di Grosseto\" \/>\n<meta name=\"robots\" content=\"index, follow, max-snippet:-1, max-image-preview:large, max-video-preview:-1\" \/>\n<link rel=\"canonical\" href=\"https:\/\/www.intoscana.it\/it\/allospedale-le-scotte-di-siena-il-primo-trapianto-di-sterno-in-toscana\/\" \/>\n<meta property=\"og:locale\" content=\"it_IT\" \/>\n<meta property=\"og:type\" content=\"article\" \/>\n<meta property=\"og:title\" content=\"All&#039;ospedale Le Scotte di Siena il primo trapianto di sterno in Toscana\" \/>\n<meta property=\"og:description\" content=\"A ricevere il trapianto uno dei pochissimi in Italia una donna di 73 anni della provincia di Grosseto\" \/>\n<meta property=\"og:url\" content=\"https:\/\/www.intoscana.it\/it\/allospedale-le-scotte-di-siena-il-primo-trapianto-di-sterno-in-toscana\/\" \/>\n<meta property=\"og:site_name\" content=\"intoscana\" \/>\n<meta property=\"article:publisher\" content=\"https:\/\/www.facebook.com\/intoscana.it\" \/>\n<meta property=\"article:published_time\" content=\"2021-06-26T08:39:14+00:00\" \/>\n<meta property=\"article:modified_time\" content=\"2021-06-26T11:27:35+00:00\" \/>\n<meta property=\"og:image\" content=\"https:\/\/www.intoscana.it\/wp-content\/uploads\/6771_operazione-7.jpg\" \/>\n\t<meta property=\"og:image:width\" content=\"1000\" \/>\n\t<meta property=\"og:image:height\" content=\"664\" \/>\n\t<meta property=\"og:image:type\" content=\"image\/jpeg\" \/>\n<meta name=\"author\" content=\"Redazione\" \/>\n<meta name=\"twitter:card\" content=\"summary_large_image\" \/>\n<meta name=\"twitter:creator\" content=\"@intoscana\" \/>\n<meta name=\"twitter:site\" content=\"@intoscana\" \/>\n<meta name=\"twitter:label1\" content=\"Written by\" \/>\n\t<meta name=\"twitter:data1\" content=\"Redazione\" \/>\n\t<meta name=\"twitter:label2\" content=\"Est. reading time\" \/>\n\t<meta name=\"twitter:data2\" content=\"1 minuto\" \/>\n<script type=\"application\/ld+json\" class=\"yoast-schema-graph\">{\"@context\":\"https:\/\/schema.org\",\"@graph\":[{\"@type\":\"WebPage\",\"@id\":\"https:\/\/www.intoscana.it\/it\/allospedale-le-scotte-di-siena-il-primo-trapianto-di-sterno-in-toscana\/\",\"url\":\"https:\/\/www.intoscana.it\/it\/allospedale-le-scotte-di-siena-il-primo-trapianto-di-sterno-in-toscana\/\",\"name\":\"All'ospedale Le Scotte di Siena il primo trapianto di sterno in Toscana - intoscana\",\"isPartOf\":{\"@id\":\"https:\/\/www.intoscana.it\/it\/#website\"},\"primaryImageOfPage\":{\"@id\":\"https:\/\/www.intoscana.it\/it\/allospedale-le-scotte-di-siena-il-primo-trapianto-di-sterno-in-toscana\/#primaryimage\"},\"image\":{\"@id\":\"https:\/\/www.intoscana.it\/it\/allospedale-le-scotte-di-siena-il-primo-trapianto-di-sterno-in-toscana\/#primaryimage\"},\"thumbnailUrl\":\"https:\/\/www.intoscana.it\/wp-content\/uploads\/6771_operazione-7.jpg\",\"datePublished\":\"2021-06-26T08:39:14+00:00\",\"dateModified\":\"2021-06-26T11:27:35+00:00\",\"author\":{\"@id\":\"https:\/\/www.intoscana.it\/it\/#\/schema\/person\/9223810753230f20bd670fdd322661f8\"},\"description\":\"A ricevere il trapianto uno dei pochissimi in Italia una donna di 73 anni della provincia di Grosseto\",\"breadcrumb\":{\"@id\":\"https:\/\/www.intoscana.it\/it\/allospedale-le-scotte-di-siena-il-primo-trapianto-di-sterno-in-toscana\/#breadcrumb\"},\"inLanguage\":\"it-IT\",\"potentialAction\":[{\"@type\":\"ReadAction\",\"target\":[\"https:\/\/www.intoscana.it\/it\/allospedale-le-scotte-di-siena-il-primo-trapianto-di-sterno-in-toscana\/\"]}]},{\"@type\":\"ImageObject\",\"inLanguage\":\"it-IT\",\"@id\":\"https:\/\/www.intoscana.it\/it\/allospedale-le-scotte-di-siena-il-primo-trapianto-di-sterno-in-toscana\/#primaryimage\",\"url\":\"https:\/\/www.intoscana.it\/wp-content\/uploads\/6771_operazione-7.jpg\",\"contentUrl\":\"https:\/\/www.intoscana.it\/wp-content\/uploads\/6771_operazione-7.jpg\",\"width\":1000,\"height\":664},{\"@type\":\"BreadcrumbList\",\"@id\":\"https:\/\/www.intoscana.it\/it\/allospedale-le-scotte-di-siena-il-primo-trapianto-di-sterno-in-toscana\/#breadcrumb\",\"itemListElement\":[{\"@type\":\"ListItem\",\"position\":1,\"name\":\"Home\",\"item\":\"https:\/\/www.intoscana.it\/it\/\"},{\"@type\":\"ListItem\",\"position\":2,\"name\":\"All&#8217;ospedale Le Scotte di Siena il primo trapianto di sterno in Toscana\"}]},{\"@type\":\"WebSite\",\"@id\":\"https:\/\/www.intoscana.it\/it\/#website\",\"url\":\"https:\/\/www.intoscana.it\/it\/\",\"name\":\"intoscana\",\"description\":\"\",\"potentialAction\":[{\"@type\":\"SearchAction\",\"target\":{\"@type\":\"EntryPoint\",\"urlTemplate\":\"https:\/\/www.intoscana.it\/it\/?s={search_term_string}\"},\"query-input\":{\"@type\":\"PropertyValueSpecification\",\"valueRequired\":true,\"valueName\":\"search_term_string\"}}],\"inLanguage\":\"it-IT\"},{\"@type\":\"Person\",\"@id\":\"https:\/\/www.intoscana.it\/it\/#\/schema\/person\/9223810753230f20bd670fdd322661f8\",\"name\":\"Redazione\",\"url\":\"https:\/\/www.intoscana.it\/it\/author\/redazione\/\"}]}<\/script>\n<!-- \/ Yoast SEO Premium plugin. -->","yoast_head_json":{"title":"All'ospedale Le Scotte di Siena il primo trapianto di sterno in Toscana - intoscana","description":"A ricevere il trapianto uno dei pochissimi in Italia una donna di 73 anni della provincia di Grosseto","robots":{"index":"index","follow":"follow","max-snippet":"max-snippet:-1","max-image-preview":"max-image-preview:large","max-video-preview":"max-video-preview:-1"},"canonical":"https:\/\/www.intoscana.it\/it\/allospedale-le-scotte-di-siena-il-primo-trapianto-di-sterno-in-toscana\/","og_locale":"it_IT","og_type":"article","og_title":"All'ospedale Le Scotte di Siena il primo trapianto di sterno in Toscana","og_description":"A ricevere il trapianto uno dei pochissimi in Italia una donna di 73 anni della provincia di Grosseto","og_url":"https:\/\/www.intoscana.it\/it\/allospedale-le-scotte-di-siena-il-primo-trapianto-di-sterno-in-toscana\/","og_site_name":"intoscana","article_publisher":"https:\/\/www.facebook.com\/intoscana.it","article_published_time":"2021-06-26T08:39:14+00:00","article_modified_time":"2021-06-26T11:27:35+00:00","og_image":[{"width":1000,"height":664,"url":"https:\/\/www.intoscana.it\/wp-content\/uploads\/6771_operazione-7.jpg","type":"image\/jpeg"}],"author":"Redazione","twitter_card":"summary_large_image","twitter_creator":"@intoscana","twitter_site":"@intoscana","twitter_misc":{"Written by":"Redazione","Est. reading time":"1 minuto"},"schema":{"@context":"https:\/\/schema.org","@graph":[{"@type":"WebPage","@id":"https:\/\/www.intoscana.it\/it\/allospedale-le-scotte-di-siena-il-primo-trapianto-di-sterno-in-toscana\/","url":"https:\/\/www.intoscana.it\/it\/allospedale-le-scotte-di-siena-il-primo-trapianto-di-sterno-in-toscana\/","name":"All'ospedale Le Scotte di Siena il primo trapianto di sterno in Toscana - intoscana","isPartOf":{"@id":"https:\/\/www.intoscana.it\/it\/#website"},"primaryImageOfPage":{"@id":"https:\/\/www.intoscana.it\/it\/allospedale-le-scotte-di-siena-il-primo-trapianto-di-sterno-in-toscana\/#primaryimage"},"image":{"@id":"https:\/\/www.intoscana.it\/it\/allospedale-le-scotte-di-siena-il-primo-trapianto-di-sterno-in-toscana\/#primaryimage"},"thumbnailUrl":"https:\/\/www.intoscana.it\/wp-content\/uploads\/6771_operazione-7.jpg","datePublished":"2021-06-26T08:39:14+00:00","dateModified":"2021-06-26T11:27:35+00:00","author":{"@id":"https:\/\/www.intoscana.it\/it\/#\/schema\/person\/9223810753230f20bd670fdd322661f8"},"description":"A ricevere il trapianto uno dei pochissimi in Italia una donna di 73 anni della provincia di Grosseto","breadcrumb":{"@id":"https:\/\/www.intoscana.it\/it\/allospedale-le-scotte-di-siena-il-primo-trapianto-di-sterno-in-toscana\/#breadcrumb"},"inLanguage":"it-IT","potentialAction":[{"@type":"ReadAction","target":["https:\/\/www.intoscana.it\/it\/allospedale-le-scotte-di-siena-il-primo-trapianto-di-sterno-in-toscana\/"]}]},{"@type":"ImageObject","inLanguage":"it-IT","@id":"https:\/\/www.intoscana.it\/it\/allospedale-le-scotte-di-siena-il-primo-trapianto-di-sterno-in-toscana\/#primaryimage","url":"https:\/\/www.intoscana.it\/wp-content\/uploads\/6771_operazione-7.jpg","contentUrl":"https:\/\/www.intoscana.it\/wp-content\/uploads\/6771_operazione-7.jpg","width":1000,"height":664},{"@type":"BreadcrumbList","@id":"https:\/\/www.intoscana.it\/it\/allospedale-le-scotte-di-siena-il-primo-trapianto-di-sterno-in-toscana\/#breadcrumb","itemListElement":[{"@type":"ListItem","position":1,"name":"Home","item":"https:\/\/www.intoscana.it\/it\/"},{"@type":"ListItem","position":2,"name":"All&#8217;ospedale Le Scotte di Siena il primo trapianto di sterno in Toscana"}]},{"@type":"WebSite","@id":"https:\/\/www.intoscana.it\/it\/#website","url":"https:\/\/www.intoscana.it\/it\/","name":"intoscana","description":"","potentialAction":[{"@type":"SearchAction","target":{"@type":"EntryPoint","urlTemplate":"https:\/\/www.intoscana.it\/it\/?s={search_term_string}"},"query-input":{"@type":"PropertyValueSpecification","valueRequired":true,"valueName":"search_term_string"}}],"inLanguage":"it-IT"},{"@type":"Person","@id":"https:\/\/www.intoscana.it\/it\/#\/schema\/person\/9223810753230f20bd670fdd322661f8","name":"Redazione","url":"https:\/\/www.intoscana.it\/it\/author\/redazione\/"}]}},"_links":{"self":[{"href":"https:\/\/www.intoscana.it\/it\/wp-json\/wp\/v2\/posts\/181732","targetHints":{"allow":["GET"]}}],"collection":[{"href":"https:\/\/www.intoscana.it\/it\/wp-json\/wp\/v2\/posts"}],"about":[{"href":"https:\/\/www.intoscana.it\/it\/wp-json\/wp\/v2\/types\/post"}],"author":[{"embeddable":true,"href":"https:\/\/www.intoscana.it\/it\/wp-json\/wp\/v2\/users\/525"}],"replies":[{"embeddable":true,"href":"https:\/\/www.intoscana.it\/it\/wp-json\/wp\/v2\/comments?post=181732"}],"version-history":[{"count":0,"href":"https:\/\/www.intoscana.it\/it\/wp-json\/wp\/v2\/posts\/181732\/revisions"}],"wp:featuredmedia":[{"embeddable":true,"href":"https:\/\/www.intoscana.it\/it\/wp-json\/wp\/v2\/media\/99926"}],"wp:attachment":[{"href":"https:\/\/www.intoscana.it\/it\/wp-json\/wp\/v2\/media?parent=181732"}],"wp:term":[{"taxonomy":"category","embeddable":true,"href":"https:\/\/www.intoscana.it\/it\/wp-json\/wp\/v2\/categories?post=181732"},{"taxonomy":"post_tag","embeddable":true,"href":"https:\/\/www.intoscana.it\/it\/wp-json\/wp\/v2\/tags?post=181732"}],"curies":[{"name":"wp","href":"https:\/\/api.w.org\/{rel}","templated":true}]}}