{"id":181755,"date":"2021-06-28T09:13:56","date_gmt":"2021-06-28T07:13:56","guid":{"rendered":"https:\/\/www.intoscana.it\/it\/?p=181755"},"modified":"2021-07-01T10:07:22","modified_gmt":"2021-07-01T08:07:22","slug":"tutta-italia-da-oggi-in-zona-bianca-la-mascherina-allaperto-non-e-piu-obbligatoria","status":"publish","type":"post","link":"https:\/\/www.intoscana.it\/it\/tutta-italia-da-oggi-in-zona-bianca-la-mascherina-allaperto-non-e-piu-obbligatoria\/","title":{"rendered":"Tutta Italia in zona bianca: la mascherina all&#8217;aperto non \u00e8 pi\u00f9 obbligatoria"},"content":{"rendered":"<p>La settimana che si apre vede<strong> l&#8217;Italia tutta in zona bianca<\/strong> &#8211; si unisce anche l&#8217;ultima regione che mancava,<strong> la Valle d&#8217;Aosta &#8211;<\/strong> e <strong>non c&#8217;\u00e8 pi\u00f9 l&#8217;obbligo di mascherine all&#8217;aperto (se c&#8217;\u00e8 la distanza; vanno comunque portate con s\u00e9)<\/strong>: una rivoluzione rispetto agli ultimi 7 mesi.<\/p>\n<p><strong>C&#8217;\u00e8 per\u00f2 l&#8217;incognita della variante Delta<\/strong> &#8211; quadruplicati i casi a giugno rispetto a maggio -, che<strong> potrebbe imporre nuove zone rosse limitate<\/strong>, le riaperture saranno completate entro il<strong> 10 luglio dalle discoteche sotto le stelle.<\/strong><\/p>\n<h3>L&#8217;appello del commissario Figliuolo ai giovani: Siate responsabili<\/h3>\n<p>Il commissario all&#8217;emergenza <strong>Francesco Figliuolo ha lanciato un appello ai giovani<\/strong>: <em>&#8220;Devono poter tornare in discoteca con atteggiamento responsabile e con il green pass. Devono riappropriarsi della propria socialit\u00e0, della libert\u00e0 e riprendere il gusto del futuro, come ha detto il presidente Draghi. <strong>La vaccinazione \u00e8 un atto importante, di consapevolezza e responsabilit\u00e0<\/strong>. Con quella dei giovani si limita la circolazione del virus e quindi anche delle varianti&#8221;.<\/em><\/p>\n<h3>La campagna vaccinale<\/h3>\n<p><strong>Restano per\u00f2 da vaccinare prima oltre due milioni e mezzo di ultrasessantenni,<\/strong> la fascia d&#8217;et\u00e0 che rischia di pi\u00f9 con il coronavirus, che non hanno ancora ricevuto neppure una dose.<strong> Il commissario ha promesso l&#8217;impiego di 50 team mobili<\/strong> per andare a scovare gli over 60 che non sono riusciti o non hanno voluto prenotarsi, specie nei luoghi pi\u00f9 impervi e isolati del Paese.<\/p>\n<p>Figliuolo non ha dubbi nel confermar<strong>e l&#8217;obiettivo dell&#8217;80% di vaccinati &#8211; l&#8217;immunit\u00e0 di gregge o di comunit\u00e0 &#8211; entro fine settembre<\/strong>, su una platea di<strong> 54 milioni di persone.<\/strong><\/p>\n<p><strong>Le somministrazioni agli adolescenti tra i 12 e i 16 anni,<\/strong> affidate ai pediatri,<strong> slitteranno di alcune settimane<\/strong> in modo che si completi l&#8217;immunizzazione degli anziani, l&#8217;obiettivo da sempre prioritario e che sfugge. <strong>Finora oltre il 55% della popolazione (33,1 milioni) ha ricevuto almeno una dose,<\/strong> ma con la Delta ormai \u00e8 necessario considerare la vaccinazione completa.<\/p>\n<p><strong><em>&#8220;Ad oggi sono state effettuate quasi 49,5 milioni di somministrazioni<\/em> <\/strong>&#8211; ha detto il commissario -. <em>Il 60% della platea ha avuto una dose e circa 1 su 3 sono vaccinati. Si tratta di un bel risultato ma bisogna andare avanti. Bisogna andarsi a vaccinare, a un certo punto si fa fatica a trovare i vaccinandi &#8211; ha spiegato -, lo abbiamo visto anche in altri Paesi, ma di vaccini a Rna (Pfizer e Moderna, ndr) ne abbiamo, a luglio solo poco meno di giugno&#8221;.<\/em><\/p>\n<h3>L&#8217;Isola del Giglio \u00e8 Covid-free<\/h3>\n<p><strong>Zero contagi all&#8217;Isola del Giglio<\/strong>\u00a0a pochi giorni dalla seconda vaccinazione massiva della popolazione,<strong> venerd\u00ec 2 luglio col Vaccine-Day Pfizer<\/strong> in prosecuzione della vaccinazione di massa iniziata il 21 e 22 maggio.<strong> L&#8217;azzeramento dei positivi sull&#8217;isola \u00e8 stato segnalato dal sindaco Sergio Ortelli.<\/strong><\/p>\n<p>Per quanto riguarda il Giglio, rimangono in cartello tutti gli eventi coordinati dall&#8217;Amministrazione, dalla Pro loco e dalle varie associazioni e tutti saranno organizzati nel rispetto dei protocolli anti-contagio. Il Comitato ha inoltre valutato <strong>la possibilit\u00e0 di svolgere il Palio Marinaro,<\/strong> per i comuni della Costa evento al momento non fattibile, per il Comune del Giglio invece in fase di approfondimento.<\/p>\n<h3>Domenica\u00a035 nuovi casi, et\u00e0 media 43 anni. Un decesso<\/h3>\n<p><strong>In Toscana sono 244.186 i casi di positivit\u00e0 al Coronavirus,<\/strong> 35 domenica in pi\u00f9 rispetto a sabato scorso (34 confermati con tampone molecolare e 1 da test rapido antigenico). I nuovi casi sono lo 0,01% in pi\u00f9 rispetto al totale del giorno precedente. I guariti crescono dello 0,03% e raggiungono quota 234.940 (96,2% dei casi totali).<\/p>\n<p><strong>Domenica sono stati eseguiti 5.721 tamponi molecolari e 5.819 tamponi antigenici rapidi,<\/strong> di questi lo 0,3% \u00e8 risultato positivo. Sono invece 3.746 i soggetti testati (con tampone antigenico e\/o molecolare, escludendo i tamponi di controllo), di cui lo 0,9% \u00e8 risultato positivo. Gli attualmente positivi sono oggi 2.385, -1,4% rispetto a sabato. <strong>I ricoverati sono 120<\/strong> (4 in meno rispetto a ieri), di cui 31 in terapia intensiva (3 in pi\u00f9). Purtroppo,<strong> domenica si \u00e8 registrato 1 nuovo decesso: un uomo di 57 anni.<\/strong><\/p>\n<p>&nbsp;<\/p>\n","protected":false},"excerpt":{"rendered":"<p>L&#8217;Isola del Giglio \u00e8 Covid-free con zero contagi documentati, domenica 35 nuovi casi in Toscana e un decesso<\/p>\n","protected":false},"author":525,"featured_media":145726,"comment_status":"open","ping_status":"open","sticky":false,"template":"","format":"standard","meta":{"_acf_changed":false,"footnotes":""},"categories":[18],"tags":[418],"class_list":["post-181755","post","type-post","status-publish","format-standard","has-post-thumbnail","hentry","category-salute","tag-covid-19"],"acf":[],"yoast_head":"<!-- This site is optimized with the Yoast SEO Premium plugin v24.2 (Yoast SEO v25.6) - https:\/\/yoast.com\/wordpress\/plugins\/seo\/ -->\n<title>Tutta Italia in zona bianca: la mascherina all&#039;aperto non \u00e8 pi\u00f9 obbligatoria - intoscana<\/title>\n<meta name=\"description\" content=\"L&#039;Isola del Giglio \u00e8 Covid-free con zero contagi documentati, domenica 35 nuovi casi in Toscana e un decesso\" \/>\n<meta name=\"robots\" content=\"index, follow, max-snippet:-1, max-image-preview:large, max-video-preview:-1\" \/>\n<link rel=\"canonical\" href=\"https:\/\/www.intoscana.it\/it\/tutta-italia-da-oggi-in-zona-bianca-la-mascherina-allaperto-non-e-piu-obbligatoria\/\" \/>\n<meta property=\"og:locale\" content=\"it_IT\" \/>\n<meta property=\"og:type\" content=\"article\" \/>\n<meta property=\"og:title\" content=\"Tutta Italia in zona bianca: la mascherina all&#039;aperto non \u00e8 pi\u00f9 obbligatoria\" \/>\n<meta property=\"og:description\" content=\"L&#039;Isola del Giglio \u00e8 Covid-free con zero contagi documentati, domenica 35 nuovi casi in Toscana e un decesso\" \/>\n<meta property=\"og:url\" content=\"https:\/\/www.intoscana.it\/it\/tutta-italia-da-oggi-in-zona-bianca-la-mascherina-allaperto-non-e-piu-obbligatoria\/\" \/>\n<meta property=\"og:site_name\" content=\"intoscana\" \/>\n<meta property=\"article:publisher\" content=\"https:\/\/www.facebook.com\/intoscana.it\" \/>\n<meta property=\"article:published_time\" content=\"2021-06-28T07:13:56+00:00\" \/>\n<meta property=\"article:modified_time\" content=\"2021-07-01T08:07:22+00:00\" \/>\n<meta property=\"og:image\" content=\"https:\/\/www.intoscana.it\/wp-content\/uploads\/covid-felicita-campo-3.jpg\" \/>\n\t<meta property=\"og:image:width\" content=\"1000\" \/>\n\t<meta property=\"og:image:height\" content=\"667\" \/>\n\t<meta property=\"og:image:type\" content=\"image\/jpeg\" \/>\n<meta name=\"author\" content=\"Redazione\" \/>\n<meta name=\"twitter:card\" content=\"summary_large_image\" \/>\n<meta name=\"twitter:creator\" content=\"@intoscana\" \/>\n<meta name=\"twitter:site\" content=\"@intoscana\" \/>\n<meta name=\"twitter:label1\" content=\"Written by\" \/>\n\t<meta name=\"twitter:data1\" content=\"Redazione\" \/>\n\t<meta name=\"twitter:label2\" content=\"Est. reading time\" \/>\n\t<meta name=\"twitter:data2\" content=\"3 minuti\" \/>\n<script type=\"application\/ld+json\" class=\"yoast-schema-graph\">{\"@context\":\"https:\/\/schema.org\",\"@graph\":[{\"@type\":\"WebPage\",\"@id\":\"https:\/\/www.intoscana.it\/it\/tutta-italia-da-oggi-in-zona-bianca-la-mascherina-allaperto-non-e-piu-obbligatoria\/\",\"url\":\"https:\/\/www.intoscana.it\/it\/tutta-italia-da-oggi-in-zona-bianca-la-mascherina-allaperto-non-e-piu-obbligatoria\/\",\"name\":\"Tutta Italia in zona bianca: la mascherina all'aperto non \u00e8 pi\u00f9 obbligatoria - intoscana\",\"isPartOf\":{\"@id\":\"https:\/\/www.intoscana.it\/it\/#website\"},\"primaryImageOfPage\":{\"@id\":\"https:\/\/www.intoscana.it\/it\/tutta-italia-da-oggi-in-zona-bianca-la-mascherina-allaperto-non-e-piu-obbligatoria\/#primaryimage\"},\"image\":{\"@id\":\"https:\/\/www.intoscana.it\/it\/tutta-italia-da-oggi-in-zona-bianca-la-mascherina-allaperto-non-e-piu-obbligatoria\/#primaryimage\"},\"thumbnailUrl\":\"https:\/\/www.intoscana.it\/wp-content\/uploads\/covid-felicita-campo-3.jpg\",\"datePublished\":\"2021-06-28T07:13:56+00:00\",\"dateModified\":\"2021-07-01T08:07:22+00:00\",\"author\":{\"@id\":\"https:\/\/www.intoscana.it\/it\/#\/schema\/person\/9223810753230f20bd670fdd322661f8\"},\"description\":\"L'Isola del Giglio \u00e8 Covid-free con zero contagi documentati, domenica 35 nuovi casi in Toscana e un decesso\",\"breadcrumb\":{\"@id\":\"https:\/\/www.intoscana.it\/it\/tutta-italia-da-oggi-in-zona-bianca-la-mascherina-allaperto-non-e-piu-obbligatoria\/#breadcrumb\"},\"inLanguage\":\"it-IT\",\"potentialAction\":[{\"@type\":\"ReadAction\",\"target\":[\"https:\/\/www.intoscana.it\/it\/tutta-italia-da-oggi-in-zona-bianca-la-mascherina-allaperto-non-e-piu-obbligatoria\/\"]}]},{\"@type\":\"ImageObject\",\"inLanguage\":\"it-IT\",\"@id\":\"https:\/\/www.intoscana.it\/it\/tutta-italia-da-oggi-in-zona-bianca-la-mascherina-allaperto-non-e-piu-obbligatoria\/#primaryimage\",\"url\":\"https:\/\/www.intoscana.it\/wp-content\/uploads\/covid-felicita-campo-3.jpg\",\"contentUrl\":\"https:\/\/www.intoscana.it\/wp-content\/uploads\/covid-felicita-campo-3.jpg\",\"width\":1000,\"height\":667,\"caption\":\"Coronavirus: 7 nuovi casi, 2 decessi, 13 guarigioni\"},{\"@type\":\"BreadcrumbList\",\"@id\":\"https:\/\/www.intoscana.it\/it\/tutta-italia-da-oggi-in-zona-bianca-la-mascherina-allaperto-non-e-piu-obbligatoria\/#breadcrumb\",\"itemListElement\":[{\"@type\":\"ListItem\",\"position\":1,\"name\":\"Home\",\"item\":\"https:\/\/www.intoscana.it\/it\/\"},{\"@type\":\"ListItem\",\"position\":2,\"name\":\"Tutta Italia in zona bianca: la mascherina all&#8217;aperto non \u00e8 pi\u00f9 obbligatoria\"}]},{\"@type\":\"WebSite\",\"@id\":\"https:\/\/www.intoscana.it\/it\/#website\",\"url\":\"https:\/\/www.intoscana.it\/it\/\",\"name\":\"intoscana\",\"description\":\"\",\"potentialAction\":[{\"@type\":\"SearchAction\",\"target\":{\"@type\":\"EntryPoint\",\"urlTemplate\":\"https:\/\/www.intoscana.it\/it\/?s={search_term_string}\"},\"query-input\":{\"@type\":\"PropertyValueSpecification\",\"valueRequired\":true,\"valueName\":\"search_term_string\"}}],\"inLanguage\":\"it-IT\"},{\"@type\":\"Person\",\"@id\":\"https:\/\/www.intoscana.it\/it\/#\/schema\/person\/9223810753230f20bd670fdd322661f8\",\"name\":\"Redazione\",\"url\":\"https:\/\/www.intoscana.it\/it\/author\/redazione\/\"}]}<\/script>\n<!-- \/ Yoast SEO Premium plugin. -->","yoast_head_json":{"title":"Tutta Italia in zona bianca: la mascherina all'aperto non \u00e8 pi\u00f9 obbligatoria - intoscana","description":"L'Isola del Giglio \u00e8 Covid-free con zero contagi documentati, domenica 35 nuovi casi in Toscana e un decesso","robots":{"index":"index","follow":"follow","max-snippet":"max-snippet:-1","max-image-preview":"max-image-preview:large","max-video-preview":"max-video-preview:-1"},"canonical":"https:\/\/www.intoscana.it\/it\/tutta-italia-da-oggi-in-zona-bianca-la-mascherina-allaperto-non-e-piu-obbligatoria\/","og_locale":"it_IT","og_type":"article","og_title":"Tutta Italia in zona bianca: la mascherina all'aperto non \u00e8 pi\u00f9 obbligatoria","og_description":"L'Isola del Giglio \u00e8 Covid-free con zero contagi documentati, domenica 35 nuovi casi in Toscana e un decesso","og_url":"https:\/\/www.intoscana.it\/it\/tutta-italia-da-oggi-in-zona-bianca-la-mascherina-allaperto-non-e-piu-obbligatoria\/","og_site_name":"intoscana","article_publisher":"https:\/\/www.facebook.com\/intoscana.it","article_published_time":"2021-06-28T07:13:56+00:00","article_modified_time":"2021-07-01T08:07:22+00:00","og_image":[{"width":1000,"height":667,"url":"https:\/\/www.intoscana.it\/wp-content\/uploads\/covid-felicita-campo-3.jpg","type":"image\/jpeg"}],"author":"Redazione","twitter_card":"summary_large_image","twitter_creator":"@intoscana","twitter_site":"@intoscana","twitter_misc":{"Written by":"Redazione","Est. reading time":"3 minuti"},"schema":{"@context":"https:\/\/schema.org","@graph":[{"@type":"WebPage","@id":"https:\/\/www.intoscana.it\/it\/tutta-italia-da-oggi-in-zona-bianca-la-mascherina-allaperto-non-e-piu-obbligatoria\/","url":"https:\/\/www.intoscana.it\/it\/tutta-italia-da-oggi-in-zona-bianca-la-mascherina-allaperto-non-e-piu-obbligatoria\/","name":"Tutta Italia in zona bianca: la mascherina all'aperto non \u00e8 pi\u00f9 obbligatoria - intoscana","isPartOf":{"@id":"https:\/\/www.intoscana.it\/it\/#website"},"primaryImageOfPage":{"@id":"https:\/\/www.intoscana.it\/it\/tutta-italia-da-oggi-in-zona-bianca-la-mascherina-allaperto-non-e-piu-obbligatoria\/#primaryimage"},"image":{"@id":"https:\/\/www.intoscana.it\/it\/tutta-italia-da-oggi-in-zona-bianca-la-mascherina-allaperto-non-e-piu-obbligatoria\/#primaryimage"},"thumbnailUrl":"https:\/\/www.intoscana.it\/wp-content\/uploads\/covid-felicita-campo-3.jpg","datePublished":"2021-06-28T07:13:56+00:00","dateModified":"2021-07-01T08:07:22+00:00","author":{"@id":"https:\/\/www.intoscana.it\/it\/#\/schema\/person\/9223810753230f20bd670fdd322661f8"},"description":"L'Isola del Giglio \u00e8 Covid-free con zero contagi documentati, domenica 35 nuovi casi in Toscana e un decesso","breadcrumb":{"@id":"https:\/\/www.intoscana.it\/it\/tutta-italia-da-oggi-in-zona-bianca-la-mascherina-allaperto-non-e-piu-obbligatoria\/#breadcrumb"},"inLanguage":"it-IT","potentialAction":[{"@type":"ReadAction","target":["https:\/\/www.intoscana.it\/it\/tutta-italia-da-oggi-in-zona-bianca-la-mascherina-allaperto-non-e-piu-obbligatoria\/"]}]},{"@type":"ImageObject","inLanguage":"it-IT","@id":"https:\/\/www.intoscana.it\/it\/tutta-italia-da-oggi-in-zona-bianca-la-mascherina-allaperto-non-e-piu-obbligatoria\/#primaryimage","url":"https:\/\/www.intoscana.it\/wp-content\/uploads\/covid-felicita-campo-3.jpg","contentUrl":"https:\/\/www.intoscana.it\/wp-content\/uploads\/covid-felicita-campo-3.jpg","width":1000,"height":667,"caption":"Coronavirus: 7 nuovi casi, 2 decessi, 13 guarigioni"},{"@type":"BreadcrumbList","@id":"https:\/\/www.intoscana.it\/it\/tutta-italia-da-oggi-in-zona-bianca-la-mascherina-allaperto-non-e-piu-obbligatoria\/#breadcrumb","itemListElement":[{"@type":"ListItem","position":1,"name":"Home","item":"https:\/\/www.intoscana.it\/it\/"},{"@type":"ListItem","position":2,"name":"Tutta Italia in zona bianca: la mascherina all&#8217;aperto non \u00e8 pi\u00f9 obbligatoria"}]},{"@type":"WebSite","@id":"https:\/\/www.intoscana.it\/it\/#website","url":"https:\/\/www.intoscana.it\/it\/","name":"intoscana","description":"","potentialAction":[{"@type":"SearchAction","target":{"@type":"EntryPoint","urlTemplate":"https:\/\/www.intoscana.it\/it\/?s={search_term_string}"},"query-input":{"@type":"PropertyValueSpecification","valueRequired":true,"valueName":"search_term_string"}}],"inLanguage":"it-IT"},{"@type":"Person","@id":"https:\/\/www.intoscana.it\/it\/#\/schema\/person\/9223810753230f20bd670fdd322661f8","name":"Redazione","url":"https:\/\/www.intoscana.it\/it\/author\/redazione\/"}]}},"_links":{"self":[{"href":"https:\/\/www.intoscana.it\/it\/wp-json\/wp\/v2\/posts\/181755","targetHints":{"allow":["GET"]}}],"collection":[{"href":"https:\/\/www.intoscana.it\/it\/wp-json\/wp\/v2\/posts"}],"about":[{"href":"https:\/\/www.intoscana.it\/it\/wp-json\/wp\/v2\/types\/post"}],"author":[{"embeddable":true,"href":"https:\/\/www.intoscana.it\/it\/wp-json\/wp\/v2\/users\/525"}],"replies":[{"embeddable":true,"href":"https:\/\/www.intoscana.it\/it\/wp-json\/wp\/v2\/comments?post=181755"}],"version-history":[{"count":0,"href":"https:\/\/www.intoscana.it\/it\/wp-json\/wp\/v2\/posts\/181755\/revisions"}],"wp:featuredmedia":[{"embeddable":true,"href":"https:\/\/www.intoscana.it\/it\/wp-json\/wp\/v2\/media\/145726"}],"wp:attachment":[{"href":"https:\/\/www.intoscana.it\/it\/wp-json\/wp\/v2\/media?parent=181755"}],"wp:term":[{"taxonomy":"category","embeddable":true,"href":"https:\/\/www.intoscana.it\/it\/wp-json\/wp\/v2\/categories?post=181755"},{"taxonomy":"post_tag","embeddable":true,"href":"https:\/\/www.intoscana.it\/it\/wp-json\/wp\/v2\/tags?post=181755"}],"curies":[{"name":"wp","href":"https:\/\/api.w.org\/{rel}","templated":true}]}}