{"id":181860,"date":"2021-06-28T14:15:58","date_gmt":"2021-06-28T12:15:58","guid":{"rendered":"https:\/\/www.intoscana.it\/it\/?p=181860"},"modified":"2021-06-29T11:47:50","modified_gmt":"2021-06-29T09:47:50","slug":"covid-19-in-toscana-33-nuovi-positivi-eta-media-34-anni-un-nuovo-decesso","status":"publish","type":"post","link":"https:\/\/www.intoscana.it\/it\/covid-19-in-toscana-33-nuovi-positivi-eta-media-34-anni-un-nuovo-decesso\/","title":{"rendered":"Covid-19: in Toscana 33 nuovi positivi, et\u00e0 media 34 anni. Un nuovo decesso"},"content":{"rendered":"<p>In Toscana<strong> sono 244.219 i casi di positivit\u00e0 al Coronavirus,<\/strong> <strong>33 in pi\u00f9 rispetto a ieri<\/strong> (tutti confermati con tampone molecolare). I nuovi casi sono lo 0,01% in pi\u00f9 rispetto al totale del giorno precedente. I guariti crescono dello 0,1% e raggiungono quota 235.242 (96,3% dei casi totali).<\/p>\n<p><strong>Oggi sono stati eseguiti 3.454 tamponi molecolari e 1.067 tamponi antigenici rapidi<\/strong>, di questi lo 0,7% \u00e8 risultato positivo. Sono invece 1.847 i soggetti testati oggi (con tampone antigenico e\/o molecolare, escludendo i tamponi di controllo), di cui l&#8217;1,8% \u00e8 risultato positivo. Gli attualmente positivi sono oggi 2.115, -11,3% rispetto a ieri. I ricoverati sono 122 (2 in pi\u00f9 rispetto a ieri), di cui 30 in terapia intensiva (1 in meno). Si registra 1 nuovo decesso: una donna di 90 anni.<\/p>\n<p><strong>L&#8217;et\u00e0 media dei 33 nuovi positivi odierni \u00e8 di 34 anni circa<\/strong> (27% ha meno di 20 anni, 30% tra 20 e 39 anni, 34% tra 40 e 59 anni, 6% tra 60 e 79 anni, 3% ha 80 anni o pi\u00f9).<\/p>\n<h3>I casi di positivit\u00e0 sul territorio<\/h3>\n<p>Sono <strong>67.438 i casi complessivi ad oggi a Firenze<\/strong> (8 in pi\u00f9 rispetto a ieri), 22.596 a Prato, 23.020 a Pistoia (11 in pi\u00f9), 13.315 a Massa, 24.668 a Lucca (5 in pi\u00f9), 29.230 a Pisa (1 in pi\u00f9), 17.505 a Livorno (4 in pi\u00f9), 22.868 ad Arezzo (2 in pi\u00f9), 13.870 a Siena (1 in pi\u00f9), 9.154 a Grosseto (1 in pi\u00f9). Sono 555 i casi positivi notificati in Toscana, ma residenti in altre regioni.<\/p>\n<p>Sono 19 i casi riscontrati oggi nell&#8217;Asl Centro, 10 nella Nord Ovest, 4 nella Sud est.<\/p>\n<p><strong>La Toscana si trova al 12\u00b0 posto in Italia come numerosit\u00e0 di casi<\/strong> (comprensivi di residenti e non residenti), con circa 6.657 casi per 100.000 abitanti (media italiana circa 7.186 per 100.000, dato di ieri). Le province di notifica con il tasso pi\u00f9 alto sono Prato con 8.825 casi per 100.000 abitanti, Pistoia con 7.916, Pisa con 7.019, la pi\u00f9 bassa Grosseto con 4.189.<\/p>\n<p>Complessivamente,<strong> 1.993 persone sono in isolamento a casa, poich\u00e9 presentano sintomi lievi<\/strong> che non richiedono cure ospedaliere, o risultano prive di sintomi (272 in meno rispetto a ieri, meno 12%).<\/p>\n<p>Sono 9.590 (215 in meno rispetto a ieri, meno 2,2%) le persone, anch&#8217;esse isolate, in sorveglianza attiva perch\u00e9 hanno avuto contatti con persone contagiate (Asl Centro 5.032, Nord Ovest 3.938, Sud Est 620).<\/p>\n<p><strong>Le persone ricoverate nei posti letto dedicati oggi sono complessivamente 122<\/strong> (2 in pi\u00f9 rispetto a ieri, pi\u00f9 1,7%), 30 in terapia intensiva (1 in meno rispetto a ieri, meno 3,2%).<\/p>\n<p><strong>Le persone complessivamente guarite sono 235.242<\/strong> (302 in pi\u00f9 rispetto a ieri, pi\u00f9 0,1%): 0 persone clinicamente guarite (stabili rispetto a ieri), divenute cio\u00e8 asintomatiche dopo aver presentato manifestazioni cliniche associate all&#8217;infezione e 235.242 (302 in pi\u00f9 rispetto a ieri, pi\u00f9 0,1%) dichiarate guarite a tutti gli effetti, le cosiddette guarigioni virali, con tampone negativo.<\/p>\n<h3>I decessi<\/h3>\n<p>Relativamente alla provincia di residenza,<strong> la persona deceduta \u00e8 a Firenze.<\/strong><\/p>\n<p><strong>Sono 6.862 i deceduti dall&#8217;inizio dell&#8217;epidemia<\/strong> cosi ripartiti: 2.214 a Firenze, 597 a Prato, 628 a Pistoia, 526 a Massa Carrara, 666 a Lucca, 702 a Pisa, 416 a Livorno, 504 ad Arezzo, 333 a Siena, 185 a Grosseto, 91 persone sono decedute sul suolo toscano ma erano residenti fuori regione.<\/p>\n<p>Il tasso grezzo di mortalit\u00e0 toscano (numero di deceduti\/popolazione residente) per Covid-19 \u00e8 di 187,1 per 100.000 residenti contro il 215,1 per 100.000 della media italiana (12\u00b0 regione). Per quanto riguarda le province, il tasso di mortalit\u00e0 pi\u00f9 alto si riscontra a Massa Carrara (277,1 per 100.000), Prato (233,2 per 100.000) e Firenze (224,5 per 100.000), il pi\u00f9 basso a Grosseto (84,7 per 100.000).<\/p>\n","protected":false},"excerpt":{"rendered":"<p>Sono 6.862 i deceduti dall&#8217;inizio dell&#8217;epidemia: 2.214 a Firenze, 597 a Prato, 628 a Pistoia, 526 a Massa Carrara, 666 a Lucca, 702 a Pisa, 416 a Livorno, 504 ad Arezzo, 333 a Siena, 185 a Grosseto,<\/p>\n","protected":false},"author":525,"featured_media":177493,"comment_status":"open","ping_status":"open","sticky":false,"template":"","format":"standard","meta":{"_acf_changed":false,"footnotes":""},"categories":[494],"tags":[4868,418],"class_list":["post-181860","post","type-post","status-publish","format-standard","has-post-thumbnail","hentry","category-attualita","tag-bollettino-covid-toscana","tag-covid-19"],"acf":[],"yoast_head":"<!-- This site is optimized with the Yoast SEO Premium plugin v24.2 (Yoast SEO v25.6) - https:\/\/yoast.com\/wordpress\/plugins\/seo\/ -->\n<title>Covid-19: in Toscana 33 nuovi positivi, et\u00e0 media 34 anni. Un nuovo decesso - intoscana<\/title>\n<meta name=\"description\" content=\"Sono 6.862 i deceduti dall&#039;inizio dell&#039;epidemia: 2.214 a Firenze, 597 a Prato, 628 a Pistoia, 526 a Massa Carrara, 666 a Lucca, 702 a Pisa\" \/>\n<meta name=\"robots\" content=\"index, follow, max-snippet:-1, max-image-preview:large, max-video-preview:-1\" \/>\n<link rel=\"canonical\" href=\"https:\/\/www.intoscana.it\/it\/covid-19-in-toscana-33-nuovi-positivi-eta-media-34-anni-un-nuovo-decesso\/\" \/>\n<meta property=\"og:locale\" content=\"it_IT\" \/>\n<meta property=\"og:type\" content=\"article\" \/>\n<meta property=\"og:title\" content=\"Covid-19: in Toscana 33 nuovi positivi, et\u00e0 media 34 anni. Un nuovo decesso\" \/>\n<meta property=\"og:description\" content=\"Sono 6.862 i deceduti dall&#039;inizio dell&#039;epidemia: 2.214 a Firenze, 597 a Prato, 628 a Pistoia, 526 a Massa Carrara, 666 a Lucca, 702 a Pisa\" \/>\n<meta property=\"og:url\" content=\"https:\/\/www.intoscana.it\/it\/covid-19-in-toscana-33-nuovi-positivi-eta-media-34-anni-un-nuovo-decesso\/\" \/>\n<meta property=\"og:site_name\" content=\"intoscana\" \/>\n<meta property=\"article:publisher\" content=\"https:\/\/www.facebook.com\/intoscana.it\" \/>\n<meta property=\"article:published_time\" content=\"2021-06-28T12:15:58+00:00\" \/>\n<meta property=\"article:modified_time\" content=\"2021-06-29T09:47:50+00:00\" \/>\n<meta property=\"og:image\" content=\"https:\/\/www.intoscana.it\/wp-content\/uploads\/dati-covid-toscana-28-giugno.jpeg\" \/>\n\t<meta property=\"og:image:width\" content=\"1200\" \/>\n\t<meta property=\"og:image:height\" content=\"630\" \/>\n\t<meta property=\"og:image:type\" content=\"image\/jpeg\" \/>\n<meta name=\"author\" content=\"Redazione\" \/>\n<meta name=\"twitter:card\" content=\"summary_large_image\" \/>\n<meta name=\"twitter:creator\" content=\"@intoscana\" \/>\n<meta name=\"twitter:site\" content=\"@intoscana\" \/>\n<meta name=\"twitter:label1\" content=\"Written by\" \/>\n\t<meta name=\"twitter:data1\" content=\"Redazione\" \/>\n\t<meta name=\"twitter:label2\" content=\"Est. reading time\" \/>\n\t<meta name=\"twitter:data2\" content=\"2 minuti\" \/>\n<script type=\"application\/ld+json\" class=\"yoast-schema-graph\">{\"@context\":\"https:\/\/schema.org\",\"@graph\":[{\"@type\":\"WebPage\",\"@id\":\"https:\/\/www.intoscana.it\/it\/covid-19-in-toscana-33-nuovi-positivi-eta-media-34-anni-un-nuovo-decesso\/\",\"url\":\"https:\/\/www.intoscana.it\/it\/covid-19-in-toscana-33-nuovi-positivi-eta-media-34-anni-un-nuovo-decesso\/\",\"name\":\"Covid-19: in Toscana 33 nuovi positivi, et\u00e0 media 34 anni. Un nuovo decesso - intoscana\",\"isPartOf\":{\"@id\":\"https:\/\/www.intoscana.it\/it\/#website\"},\"primaryImageOfPage\":{\"@id\":\"https:\/\/www.intoscana.it\/it\/covid-19-in-toscana-33-nuovi-positivi-eta-media-34-anni-un-nuovo-decesso\/#primaryimage\"},\"image\":{\"@id\":\"https:\/\/www.intoscana.it\/it\/covid-19-in-toscana-33-nuovi-positivi-eta-media-34-anni-un-nuovo-decesso\/#primaryimage\"},\"thumbnailUrl\":\"https:\/\/www.intoscana.it\/wp-content\/uploads\/Coppia-con-mascherina-1-scaled.jpg\",\"datePublished\":\"2021-06-28T12:15:58+00:00\",\"dateModified\":\"2021-06-29T09:47:50+00:00\",\"author\":{\"@id\":\"https:\/\/www.intoscana.it\/it\/#\/schema\/person\/9223810753230f20bd670fdd322661f8\"},\"description\":\"Sono 6.862 i deceduti dall'inizio dell'epidemia: 2.214 a Firenze, 597 a Prato, 628 a Pistoia, 526 a Massa Carrara, 666 a Lucca, 702 a Pisa\",\"breadcrumb\":{\"@id\":\"https:\/\/www.intoscana.it\/it\/covid-19-in-toscana-33-nuovi-positivi-eta-media-34-anni-un-nuovo-decesso\/#breadcrumb\"},\"inLanguage\":\"it-IT\",\"potentialAction\":[{\"@type\":\"ReadAction\",\"target\":[\"https:\/\/www.intoscana.it\/it\/covid-19-in-toscana-33-nuovi-positivi-eta-media-34-anni-un-nuovo-decesso\/\"]}]},{\"@type\":\"ImageObject\",\"inLanguage\":\"it-IT\",\"@id\":\"https:\/\/www.intoscana.it\/it\/covid-19-in-toscana-33-nuovi-positivi-eta-media-34-anni-un-nuovo-decesso\/#primaryimage\",\"url\":\"https:\/\/www.intoscana.it\/wp-content\/uploads\/Coppia-con-mascherina-1-scaled.jpg\",\"contentUrl\":\"https:\/\/www.intoscana.it\/wp-content\/uploads\/Coppia-con-mascherina-1-scaled.jpg\",\"width\":2048,\"height\":1365},{\"@type\":\"BreadcrumbList\",\"@id\":\"https:\/\/www.intoscana.it\/it\/covid-19-in-toscana-33-nuovi-positivi-eta-media-34-anni-un-nuovo-decesso\/#breadcrumb\",\"itemListElement\":[{\"@type\":\"ListItem\",\"position\":1,\"name\":\"Home\",\"item\":\"https:\/\/www.intoscana.it\/it\/\"},{\"@type\":\"ListItem\",\"position\":2,\"name\":\"Covid-19: in Toscana 33 nuovi positivi, et\u00e0 media 34 anni. Un nuovo decesso\"}]},{\"@type\":\"WebSite\",\"@id\":\"https:\/\/www.intoscana.it\/it\/#website\",\"url\":\"https:\/\/www.intoscana.it\/it\/\",\"name\":\"intoscana\",\"description\":\"\",\"potentialAction\":[{\"@type\":\"SearchAction\",\"target\":{\"@type\":\"EntryPoint\",\"urlTemplate\":\"https:\/\/www.intoscana.it\/it\/?s={search_term_string}\"},\"query-input\":{\"@type\":\"PropertyValueSpecification\",\"valueRequired\":true,\"valueName\":\"search_term_string\"}}],\"inLanguage\":\"it-IT\"},{\"@type\":\"Person\",\"@id\":\"https:\/\/www.intoscana.it\/it\/#\/schema\/person\/9223810753230f20bd670fdd322661f8\",\"name\":\"Redazione\",\"url\":\"https:\/\/www.intoscana.it\/it\/author\/redazione\/\"}]}<\/script>\n<!-- \/ Yoast SEO Premium plugin. -->","yoast_head_json":{"title":"Covid-19: in Toscana 33 nuovi positivi, et\u00e0 media 34 anni. Un nuovo decesso - intoscana","description":"Sono 6.862 i deceduti dall'inizio dell'epidemia: 2.214 a Firenze, 597 a Prato, 628 a Pistoia, 526 a Massa Carrara, 666 a Lucca, 702 a Pisa","robots":{"index":"index","follow":"follow","max-snippet":"max-snippet:-1","max-image-preview":"max-image-preview:large","max-video-preview":"max-video-preview:-1"},"canonical":"https:\/\/www.intoscana.it\/it\/covid-19-in-toscana-33-nuovi-positivi-eta-media-34-anni-un-nuovo-decesso\/","og_locale":"it_IT","og_type":"article","og_title":"Covid-19: in Toscana 33 nuovi positivi, et\u00e0 media 34 anni. Un nuovo decesso","og_description":"Sono 6.862 i deceduti dall'inizio dell'epidemia: 2.214 a Firenze, 597 a Prato, 628 a Pistoia, 526 a Massa Carrara, 666 a Lucca, 702 a Pisa","og_url":"https:\/\/www.intoscana.it\/it\/covid-19-in-toscana-33-nuovi-positivi-eta-media-34-anni-un-nuovo-decesso\/","og_site_name":"intoscana","article_publisher":"https:\/\/www.facebook.com\/intoscana.it","article_published_time":"2021-06-28T12:15:58+00:00","article_modified_time":"2021-06-29T09:47:50+00:00","og_image":[{"width":1200,"height":630,"url":"https:\/\/www.intoscana.it\/wp-content\/uploads\/dati-covid-toscana-28-giugno.jpeg","type":"image\/jpeg"}],"author":"Redazione","twitter_card":"summary_large_image","twitter_creator":"@intoscana","twitter_site":"@intoscana","twitter_misc":{"Written by":"Redazione","Est. reading time":"2 minuti"},"schema":{"@context":"https:\/\/schema.org","@graph":[{"@type":"WebPage","@id":"https:\/\/www.intoscana.it\/it\/covid-19-in-toscana-33-nuovi-positivi-eta-media-34-anni-un-nuovo-decesso\/","url":"https:\/\/www.intoscana.it\/it\/covid-19-in-toscana-33-nuovi-positivi-eta-media-34-anni-un-nuovo-decesso\/","name":"Covid-19: in Toscana 33 nuovi positivi, et\u00e0 media 34 anni. Un nuovo decesso - intoscana","isPartOf":{"@id":"https:\/\/www.intoscana.it\/it\/#website"},"primaryImageOfPage":{"@id":"https:\/\/www.intoscana.it\/it\/covid-19-in-toscana-33-nuovi-positivi-eta-media-34-anni-un-nuovo-decesso\/#primaryimage"},"image":{"@id":"https:\/\/www.intoscana.it\/it\/covid-19-in-toscana-33-nuovi-positivi-eta-media-34-anni-un-nuovo-decesso\/#primaryimage"},"thumbnailUrl":"https:\/\/www.intoscana.it\/wp-content\/uploads\/Coppia-con-mascherina-1-scaled.jpg","datePublished":"2021-06-28T12:15:58+00:00","dateModified":"2021-06-29T09:47:50+00:00","author":{"@id":"https:\/\/www.intoscana.it\/it\/#\/schema\/person\/9223810753230f20bd670fdd322661f8"},"description":"Sono 6.862 i deceduti dall'inizio dell'epidemia: 2.214 a Firenze, 597 a Prato, 628 a Pistoia, 526 a Massa Carrara, 666 a Lucca, 702 a Pisa","breadcrumb":{"@id":"https:\/\/www.intoscana.it\/it\/covid-19-in-toscana-33-nuovi-positivi-eta-media-34-anni-un-nuovo-decesso\/#breadcrumb"},"inLanguage":"it-IT","potentialAction":[{"@type":"ReadAction","target":["https:\/\/www.intoscana.it\/it\/covid-19-in-toscana-33-nuovi-positivi-eta-media-34-anni-un-nuovo-decesso\/"]}]},{"@type":"ImageObject","inLanguage":"it-IT","@id":"https:\/\/www.intoscana.it\/it\/covid-19-in-toscana-33-nuovi-positivi-eta-media-34-anni-un-nuovo-decesso\/#primaryimage","url":"https:\/\/www.intoscana.it\/wp-content\/uploads\/Coppia-con-mascherina-1-scaled.jpg","contentUrl":"https:\/\/www.intoscana.it\/wp-content\/uploads\/Coppia-con-mascherina-1-scaled.jpg","width":2048,"height":1365},{"@type":"BreadcrumbList","@id":"https:\/\/www.intoscana.it\/it\/covid-19-in-toscana-33-nuovi-positivi-eta-media-34-anni-un-nuovo-decesso\/#breadcrumb","itemListElement":[{"@type":"ListItem","position":1,"name":"Home","item":"https:\/\/www.intoscana.it\/it\/"},{"@type":"ListItem","position":2,"name":"Covid-19: in Toscana 33 nuovi positivi, et\u00e0 media 34 anni. Un nuovo decesso"}]},{"@type":"WebSite","@id":"https:\/\/www.intoscana.it\/it\/#website","url":"https:\/\/www.intoscana.it\/it\/","name":"intoscana","description":"","potentialAction":[{"@type":"SearchAction","target":{"@type":"EntryPoint","urlTemplate":"https:\/\/www.intoscana.it\/it\/?s={search_term_string}"},"query-input":{"@type":"PropertyValueSpecification","valueRequired":true,"valueName":"search_term_string"}}],"inLanguage":"it-IT"},{"@type":"Person","@id":"https:\/\/www.intoscana.it\/it\/#\/schema\/person\/9223810753230f20bd670fdd322661f8","name":"Redazione","url":"https:\/\/www.intoscana.it\/it\/author\/redazione\/"}]}},"_links":{"self":[{"href":"https:\/\/www.intoscana.it\/it\/wp-json\/wp\/v2\/posts\/181860","targetHints":{"allow":["GET"]}}],"collection":[{"href":"https:\/\/www.intoscana.it\/it\/wp-json\/wp\/v2\/posts"}],"about":[{"href":"https:\/\/www.intoscana.it\/it\/wp-json\/wp\/v2\/types\/post"}],"author":[{"embeddable":true,"href":"https:\/\/www.intoscana.it\/it\/wp-json\/wp\/v2\/users\/525"}],"replies":[{"embeddable":true,"href":"https:\/\/www.intoscana.it\/it\/wp-json\/wp\/v2\/comments?post=181860"}],"version-history":[{"count":0,"href":"https:\/\/www.intoscana.it\/it\/wp-json\/wp\/v2\/posts\/181860\/revisions"}],"wp:featuredmedia":[{"embeddable":true,"href":"https:\/\/www.intoscana.it\/it\/wp-json\/wp\/v2\/media\/177493"}],"wp:attachment":[{"href":"https:\/\/www.intoscana.it\/it\/wp-json\/wp\/v2\/media?parent=181860"}],"wp:term":[{"taxonomy":"category","embeddable":true,"href":"https:\/\/www.intoscana.it\/it\/wp-json\/wp\/v2\/categories?post=181860"},{"taxonomy":"post_tag","embeddable":true,"href":"https:\/\/www.intoscana.it\/it\/wp-json\/wp\/v2\/tags?post=181860"}],"curies":[{"name":"wp","href":"https:\/\/api.w.org\/{rel}","templated":true}]}}