{"id":182182,"date":"2021-06-30T15:39:15","date_gmt":"2021-06-30T13:39:15","guid":{"rendered":"https:\/\/www.intoscana.it\/it\/?p=182182"},"modified":"2021-06-30T15:39:15","modified_gmt":"2021-06-30T13:39:15","slug":"pitti-la-moda-fa-i-conti-con-la-crisi-il-ministro-giorgetti-cassa-integrazione-e-aiuti-ma-speriamo-nella-ripresa","status":"publish","type":"post","link":"https:\/\/www.intoscana.it\/it\/pitti-la-moda-fa-i-conti-con-la-crisi-il-ministro-giorgetti-cassa-integrazione-e-aiuti-ma-speriamo-nella-ripresa\/","title":{"rendered":"Pitti, la moda fa i conti con la crisi. Il ministro Giorgetti: &#8220;Cassa integrazione e aiuti, ma speriamo nella ripresa&#8221;&#8221;"},"content":{"rendered":"<p class=\"p1\"><span class=\"s1\">La moda rinasce, la moda va ancora aiutata. Dal Salone Dei Cinquecento di Palazzo Vecchio a Firenze, <a href=\"https:\/\/www.intoscana.it\/it\/articolo\/pitti-uomo-riparte-da-100-al-via-ledizione-in-presenza\/\">Pitti Immagine Uomo edizione numero 100<\/a> taglia simbolicamente il nastro di partenza affrontando i temi caldi del settore: il calo del fatturato e la proroga della cassa integrazione Covid. A parlarne \u00e8 proprio<strong> il ministro dello Sviluppo economico, Giancarlo Giorgetti, <\/strong>intervenuto all&#8217;inaugurazione: &#8220;<em>La proroga \u00e8 una misura che chiedevano sia i sindacati che i datori di lavoro, per questo motivo siamo andati in questa direzione. Speriamo per\u00f2 che non ce ne sia bisogno, che dall&#8217;autunno in avanti la crescita economica si faccia cos\u00ec vigorosa che si parler\u00e0 soltanto di assunzioni e non di licenziamenti&#8221;.<\/em> <\/span><\/p>\n<p class=\"p1\"><span class=\"s1\">Le misure del Dl Rilancio per il settore prevedono anche altro:<span class=\"Apple-converted-space\">\u00a0 <\/span>\u00a0<strong>5 milioni di euro di contributi a fondo perduto, in particolare per le startup, e il credito d&#8217;imposta del 30% sulle rimanenze finali di magazzino<\/strong>. <\/span><span class=\"s1\">Il Governo ha anche avviato il tavolo dedicato al tessile lavorando su temi quali &#8220;<em>il rafforzamento degli strumenti orizzontali come quelli per il 4.0, progetti di economia circolare, lotta alla contraffazione, formazione tecnica e professionale&#8221;.<\/em><\/span><\/p>\n<figure id=\"post-182185 media-182185\" class=\"align-none\"><img decoding=\"async\" src=\"https:\/\/www.intoscana.it\/wp-content\/uploads\/Opening_Ceremony_of_Pitti_Immagine_Uomo_100___10-scaled.jpg\" alt=\"\" \/><\/figure>\n<div class=\"titleimg\" style=\"text-align: center;\"><em>Opening_Ceremony_of_Pitti_Immagine_Uomo_100__<\/em><\/div>\n<p>Un settore, quello della moda rappresenta un fatturato di circa <strong>80 miliardi ed impiega quasi 500mila addetti<\/strong>. <span class=\"s1\"><em>&#8220;La ripartenza ci pu\u00f2 essere solo con il mantenimento delle nostre maestranze, quindi dico grazie al governo per il grande aiuto che arriva con il mantenimento della cassa integrazione Covid&#8221;,<\/em>\u00a0ha affermato il presidente di <\/span><span class=\"s2\">Pitti<\/span><span class=\"s1\"> Immagine,<strong> Claudio Marenzi<\/strong>, che ricorda come nei<\/span><span class=\"s1\"> primi mesi del 2021 <em>&#8220;i grandi marchi della moda sono rimbalzati tra il 10 e il 20% soprattutto nei mercati asiatici mentre la parte pi\u00f9 fragile del settore moda soffre ancora&#8221;. <\/em><\/span><\/p>\n<p><strong><span class=\"s1\">S<\/span><\/strong><span class=\"s1\"><strong>ulla valorizzazione e sostegno punta anche il presidente della Regione Toscana, Eugenio Giani<\/strong>: <mark><em>&#8220;Vediamo attraverso la moda la possibilit\u00e0 di un Made in Italy, e per quello che ci riguarda di un Made in Tuscany, che diventa traino di un rilancio dell&#8217;economia fondata sulla manifattura, in questo caso tessile, pelle, accessori, tutto ci\u00f2 che <\/em><\/span><em><span class=\"s2\">Pitti<\/span><\/em><span class=\"s1\"><em> riesce a mettere in evidenza&#8221;<\/em>. Un sistema di professionalit\u00e0 e aziende <em>\u201cche sono in grado di creare un flusso di esportazioni per il quale ormai parliamo di rimbalzo con un +10%, +15% in queste settimane&#8221;.<\/mark><\/em><\/span><\/p>\n<p class=\"p1\"><span class=\"s1\">Dalla moda parte dunque un segnale di ripartenza economica. Per questo, il giorno prima dell\u2019inaugurazione, si sono riuniti in un pranzo a Palazzo Vecchio organizzato dal sindaco <strong>Dario Nardella<\/strong>\u00a0i nomi forti della moda italiana: <mark>Domenico e Alfonso Dolce, Leonardo Ferragamo, Stefano e Niccol\u00f2 Ricci, Brunello Cucinelli, Toni Scervino, Patrizio Bertelli, Niccol\u00f2 Moschini, la presidente del centro di Firenze per la moda italiana Antonella Mansi e il presidente di <\/span><span class=\"s2\">Pitti<\/span><span class=\"s1\"> Immagine Claudio Marenzi<\/mark>. <em>&#8220;\u00c8 stato un incontro molto utile, mai fatto prima, dal quale sono emerse tante proposte e idee <\/em>&#8211; ha detto il sindaco Nardella <em>&#8211; Abbiamo parlato degli investimenti sulle infrastrutture che sono fondamentali per l&#8217;internazionalizzazione della citt\u00e0 e della Toscana. Poi ci siamo detti che dal Covid dobbiamo imparare, a partire dall&#8217;investimento sulle nuove tecnologie, sul digitale, su come promuovere la moda anche attraverso i canali del web&#8221;<\/em>. <\/span><span class=\"s1\">E domani<span class=\"Apple-converted-space\"> Pitti \u00e8 ancora protagonista: <\/span><strong>atteso il ministro Luigi Di Maio tra gli stand della Fortezza<\/strong><\/span><\/p>\n","protected":false},"excerpt":{"rendered":"<p>Inaugurazione dell&#8217;edizione numero 100 a Palazzo Vecchio. Il presidente della Regione, Giani: &#8220;La moda, il made in Tuscany, siano traino per il rilancio dell&#8217;economia&#8221;<\/p>\n","protected":false},"author":525,"featured_media":182186,"comment_status":"open","ping_status":"open","sticky":false,"template":"","format":"standard","meta":{"_acf_changed":false,"footnotes":""},"categories":[9],"tags":[158,202,189,5586],"class_list":["post-182182","post","type-post","status-publish","format-standard","has-post-thumbnail","hentry","category-made-in-toscana","tag-eugenio-giani","tag-firenze","tag-moda","tag-pitti-immagine-uomo"],"acf":[],"yoast_head":"<!-- This site is optimized with the Yoast SEO Premium plugin v24.2 (Yoast SEO v25.6) - https:\/\/yoast.com\/wordpress\/plugins\/seo\/ -->\n<title>Pitti, la moda fa i conti con la crisi. Il ministro Giorgetti: &quot;Cassa integrazione e aiuti, ma speriamo nella ripresa&quot;&quot; - intoscana<\/title>\n<meta name=\"description\" content=\"Inaugurazione dell&#039;edizione numero 100 a Palazzo Vecchio. Il presidente della Regione, Giani: &quot;La moda, il made in Tuscany, siano traino per il rilancio dell&#039;economia&quot;\" \/>\n<meta name=\"robots\" content=\"index, follow, max-snippet:-1, max-image-preview:large, max-video-preview:-1\" \/>\n<link rel=\"canonical\" href=\"https:\/\/www.intoscana.it\/it\/pitti-la-moda-fa-i-conti-con-la-crisi-il-ministro-giorgetti-cassa-integrazione-e-aiuti-ma-speriamo-nella-ripresa\/\" \/>\n<meta property=\"og:locale\" content=\"it_IT\" \/>\n<meta property=\"og:type\" content=\"article\" \/>\n<meta property=\"og:title\" content=\"Pitti, la moda fa i conti con la crisi. Il ministro Giorgetti: &quot;Cassa integrazione e aiuti, ma speriamo nella ripresa&quot;&quot;\" \/>\n<meta property=\"og:description\" content=\"Inaugurazione dell&#039;edizione numero 100 a Palazzo Vecchio. Il presidente della Regione, Giani: &quot;La moda, il made in Tuscany, siano traino per il rilancio dell&#039;economia&quot;\" \/>\n<meta property=\"og:url\" content=\"https:\/\/www.intoscana.it\/it\/pitti-la-moda-fa-i-conti-con-la-crisi-il-ministro-giorgetti-cassa-integrazione-e-aiuti-ma-speriamo-nella-ripresa\/\" \/>\n<meta property=\"og:site_name\" content=\"intoscana\" \/>\n<meta property=\"article:publisher\" content=\"https:\/\/www.facebook.com\/intoscana.it\" \/>\n<meta property=\"article:published_time\" content=\"2021-06-30T13:39:15+00:00\" \/>\n<meta property=\"og:image\" content=\"https:\/\/www.intoscana.it\/wp-content\/uploads\/Opening_Ceremony_of_Pitti_Immagine_Uomo_100___14-scaled.jpg\" \/>\n\t<meta property=\"og:image:width\" content=\"2048\" \/>\n\t<meta property=\"og:image:height\" content=\"1365\" \/>\n\t<meta property=\"og:image:type\" content=\"image\/jpeg\" \/>\n<meta name=\"author\" content=\"Redazione\" \/>\n<meta name=\"twitter:card\" content=\"summary_large_image\" \/>\n<meta name=\"twitter:creator\" content=\"@intoscana\" \/>\n<meta name=\"twitter:site\" content=\"@intoscana\" \/>\n<meta name=\"twitter:label1\" content=\"Written by\" \/>\n\t<meta name=\"twitter:data1\" content=\"Redazione\" \/>\n\t<meta name=\"twitter:label2\" content=\"Est. reading time\" \/>\n\t<meta name=\"twitter:data2\" content=\"3 minuti\" \/>\n<script type=\"application\/ld+json\" class=\"yoast-schema-graph\">{\"@context\":\"https:\/\/schema.org\",\"@graph\":[{\"@type\":\"WebPage\",\"@id\":\"https:\/\/www.intoscana.it\/it\/pitti-la-moda-fa-i-conti-con-la-crisi-il-ministro-giorgetti-cassa-integrazione-e-aiuti-ma-speriamo-nella-ripresa\/\",\"url\":\"https:\/\/www.intoscana.it\/it\/pitti-la-moda-fa-i-conti-con-la-crisi-il-ministro-giorgetti-cassa-integrazione-e-aiuti-ma-speriamo-nella-ripresa\/\",\"name\":\"Pitti, la moda fa i conti con la crisi. Il ministro Giorgetti: \\\"Cassa integrazione e aiuti, ma speriamo nella ripresa\\\"\\\" - intoscana\",\"isPartOf\":{\"@id\":\"https:\/\/www.intoscana.it\/it\/#website\"},\"primaryImageOfPage\":{\"@id\":\"https:\/\/www.intoscana.it\/it\/pitti-la-moda-fa-i-conti-con-la-crisi-il-ministro-giorgetti-cassa-integrazione-e-aiuti-ma-speriamo-nella-ripresa\/#primaryimage\"},\"image\":{\"@id\":\"https:\/\/www.intoscana.it\/it\/pitti-la-moda-fa-i-conti-con-la-crisi-il-ministro-giorgetti-cassa-integrazione-e-aiuti-ma-speriamo-nella-ripresa\/#primaryimage\"},\"thumbnailUrl\":\"https:\/\/www.intoscana.it\/wp-content\/uploads\/Opening_Ceremony_of_Pitti_Immagine_Uomo_100___14-scaled.jpg\",\"datePublished\":\"2021-06-30T13:39:15+00:00\",\"author\":{\"@id\":\"https:\/\/www.intoscana.it\/it\/#\/schema\/person\/9223810753230f20bd670fdd322661f8\"},\"description\":\"Inaugurazione dell'edizione numero 100 a Palazzo Vecchio. Il presidente della Regione, Giani: \\\"La moda, il made in Tuscany, siano traino per il rilancio dell'economia\\\"\",\"breadcrumb\":{\"@id\":\"https:\/\/www.intoscana.it\/it\/pitti-la-moda-fa-i-conti-con-la-crisi-il-ministro-giorgetti-cassa-integrazione-e-aiuti-ma-speriamo-nella-ripresa\/#breadcrumb\"},\"inLanguage\":\"it-IT\",\"potentialAction\":[{\"@type\":\"ReadAction\",\"target\":[\"https:\/\/www.intoscana.it\/it\/pitti-la-moda-fa-i-conti-con-la-crisi-il-ministro-giorgetti-cassa-integrazione-e-aiuti-ma-speriamo-nella-ripresa\/\"]}]},{\"@type\":\"ImageObject\",\"inLanguage\":\"it-IT\",\"@id\":\"https:\/\/www.intoscana.it\/it\/pitti-la-moda-fa-i-conti-con-la-crisi-il-ministro-giorgetti-cassa-integrazione-e-aiuti-ma-speriamo-nella-ripresa\/#primaryimage\",\"url\":\"https:\/\/www.intoscana.it\/wp-content\/uploads\/Opening_Ceremony_of_Pitti_Immagine_Uomo_100___14-scaled.jpg\",\"contentUrl\":\"https:\/\/www.intoscana.it\/wp-content\/uploads\/Opening_Ceremony_of_Pitti_Immagine_Uomo_100___14-scaled.jpg\",\"width\":2048,\"height\":1365},{\"@type\":\"BreadcrumbList\",\"@id\":\"https:\/\/www.intoscana.it\/it\/pitti-la-moda-fa-i-conti-con-la-crisi-il-ministro-giorgetti-cassa-integrazione-e-aiuti-ma-speriamo-nella-ripresa\/#breadcrumb\",\"itemListElement\":[{\"@type\":\"ListItem\",\"position\":1,\"name\":\"Home\",\"item\":\"https:\/\/www.intoscana.it\/it\/\"},{\"@type\":\"ListItem\",\"position\":2,\"name\":\"Pitti, la moda fa i conti con la crisi. Il ministro Giorgetti: &#8220;Cassa integrazione e aiuti, ma speriamo nella ripresa&#8221;&#8221;\"}]},{\"@type\":\"WebSite\",\"@id\":\"https:\/\/www.intoscana.it\/it\/#website\",\"url\":\"https:\/\/www.intoscana.it\/it\/\",\"name\":\"intoscana\",\"description\":\"\",\"potentialAction\":[{\"@type\":\"SearchAction\",\"target\":{\"@type\":\"EntryPoint\",\"urlTemplate\":\"https:\/\/www.intoscana.it\/it\/?s={search_term_string}\"},\"query-input\":{\"@type\":\"PropertyValueSpecification\",\"valueRequired\":true,\"valueName\":\"search_term_string\"}}],\"inLanguage\":\"it-IT\"},{\"@type\":\"Person\",\"@id\":\"https:\/\/www.intoscana.it\/it\/#\/schema\/person\/9223810753230f20bd670fdd322661f8\",\"name\":\"Redazione\",\"url\":\"https:\/\/www.intoscana.it\/it\/author\/redazione\/\"}]}<\/script>\n<!-- \/ Yoast SEO Premium plugin. -->","yoast_head_json":{"title":"Pitti, la moda fa i conti con la crisi. Il ministro Giorgetti: \"Cassa integrazione e aiuti, ma speriamo nella ripresa\"\" - intoscana","description":"Inaugurazione dell'edizione numero 100 a Palazzo Vecchio. Il presidente della Regione, Giani: \"La moda, il made in Tuscany, siano traino per il rilancio dell'economia\"","robots":{"index":"index","follow":"follow","max-snippet":"max-snippet:-1","max-image-preview":"max-image-preview:large","max-video-preview":"max-video-preview:-1"},"canonical":"https:\/\/www.intoscana.it\/it\/pitti-la-moda-fa-i-conti-con-la-crisi-il-ministro-giorgetti-cassa-integrazione-e-aiuti-ma-speriamo-nella-ripresa\/","og_locale":"it_IT","og_type":"article","og_title":"Pitti, la moda fa i conti con la crisi. Il ministro Giorgetti: \"Cassa integrazione e aiuti, ma speriamo nella ripresa\"\"","og_description":"Inaugurazione dell'edizione numero 100 a Palazzo Vecchio. Il presidente della Regione, Giani: \"La moda, il made in Tuscany, siano traino per il rilancio dell'economia\"","og_url":"https:\/\/www.intoscana.it\/it\/pitti-la-moda-fa-i-conti-con-la-crisi-il-ministro-giorgetti-cassa-integrazione-e-aiuti-ma-speriamo-nella-ripresa\/","og_site_name":"intoscana","article_publisher":"https:\/\/www.facebook.com\/intoscana.it","article_published_time":"2021-06-30T13:39:15+00:00","og_image":[{"width":2048,"height":1365,"url":"https:\/\/www.intoscana.it\/wp-content\/uploads\/Opening_Ceremony_of_Pitti_Immagine_Uomo_100___14-scaled.jpg","type":"image\/jpeg"}],"author":"Redazione","twitter_card":"summary_large_image","twitter_creator":"@intoscana","twitter_site":"@intoscana","twitter_misc":{"Written by":"Redazione","Est. reading time":"3 minuti"},"schema":{"@context":"https:\/\/schema.org","@graph":[{"@type":"WebPage","@id":"https:\/\/www.intoscana.it\/it\/pitti-la-moda-fa-i-conti-con-la-crisi-il-ministro-giorgetti-cassa-integrazione-e-aiuti-ma-speriamo-nella-ripresa\/","url":"https:\/\/www.intoscana.it\/it\/pitti-la-moda-fa-i-conti-con-la-crisi-il-ministro-giorgetti-cassa-integrazione-e-aiuti-ma-speriamo-nella-ripresa\/","name":"Pitti, la moda fa i conti con la crisi. Il ministro Giorgetti: \"Cassa integrazione e aiuti, ma speriamo nella ripresa\"\" - intoscana","isPartOf":{"@id":"https:\/\/www.intoscana.it\/it\/#website"},"primaryImageOfPage":{"@id":"https:\/\/www.intoscana.it\/it\/pitti-la-moda-fa-i-conti-con-la-crisi-il-ministro-giorgetti-cassa-integrazione-e-aiuti-ma-speriamo-nella-ripresa\/#primaryimage"},"image":{"@id":"https:\/\/www.intoscana.it\/it\/pitti-la-moda-fa-i-conti-con-la-crisi-il-ministro-giorgetti-cassa-integrazione-e-aiuti-ma-speriamo-nella-ripresa\/#primaryimage"},"thumbnailUrl":"https:\/\/www.intoscana.it\/wp-content\/uploads\/Opening_Ceremony_of_Pitti_Immagine_Uomo_100___14-scaled.jpg","datePublished":"2021-06-30T13:39:15+00:00","author":{"@id":"https:\/\/www.intoscana.it\/it\/#\/schema\/person\/9223810753230f20bd670fdd322661f8"},"description":"Inaugurazione dell'edizione numero 100 a Palazzo Vecchio. Il presidente della Regione, Giani: \"La moda, il made in Tuscany, siano traino per il rilancio dell'economia\"","breadcrumb":{"@id":"https:\/\/www.intoscana.it\/it\/pitti-la-moda-fa-i-conti-con-la-crisi-il-ministro-giorgetti-cassa-integrazione-e-aiuti-ma-speriamo-nella-ripresa\/#breadcrumb"},"inLanguage":"it-IT","potentialAction":[{"@type":"ReadAction","target":["https:\/\/www.intoscana.it\/it\/pitti-la-moda-fa-i-conti-con-la-crisi-il-ministro-giorgetti-cassa-integrazione-e-aiuti-ma-speriamo-nella-ripresa\/"]}]},{"@type":"ImageObject","inLanguage":"it-IT","@id":"https:\/\/www.intoscana.it\/it\/pitti-la-moda-fa-i-conti-con-la-crisi-il-ministro-giorgetti-cassa-integrazione-e-aiuti-ma-speriamo-nella-ripresa\/#primaryimage","url":"https:\/\/www.intoscana.it\/wp-content\/uploads\/Opening_Ceremony_of_Pitti_Immagine_Uomo_100___14-scaled.jpg","contentUrl":"https:\/\/www.intoscana.it\/wp-content\/uploads\/Opening_Ceremony_of_Pitti_Immagine_Uomo_100___14-scaled.jpg","width":2048,"height":1365},{"@type":"BreadcrumbList","@id":"https:\/\/www.intoscana.it\/it\/pitti-la-moda-fa-i-conti-con-la-crisi-il-ministro-giorgetti-cassa-integrazione-e-aiuti-ma-speriamo-nella-ripresa\/#breadcrumb","itemListElement":[{"@type":"ListItem","position":1,"name":"Home","item":"https:\/\/www.intoscana.it\/it\/"},{"@type":"ListItem","position":2,"name":"Pitti, la moda fa i conti con la crisi. Il ministro Giorgetti: &#8220;Cassa integrazione e aiuti, ma speriamo nella ripresa&#8221;&#8221;"}]},{"@type":"WebSite","@id":"https:\/\/www.intoscana.it\/it\/#website","url":"https:\/\/www.intoscana.it\/it\/","name":"intoscana","description":"","potentialAction":[{"@type":"SearchAction","target":{"@type":"EntryPoint","urlTemplate":"https:\/\/www.intoscana.it\/it\/?s={search_term_string}"},"query-input":{"@type":"PropertyValueSpecification","valueRequired":true,"valueName":"search_term_string"}}],"inLanguage":"it-IT"},{"@type":"Person","@id":"https:\/\/www.intoscana.it\/it\/#\/schema\/person\/9223810753230f20bd670fdd322661f8","name":"Redazione","url":"https:\/\/www.intoscana.it\/it\/author\/redazione\/"}]}},"_links":{"self":[{"href":"https:\/\/www.intoscana.it\/it\/wp-json\/wp\/v2\/posts\/182182","targetHints":{"allow":["GET"]}}],"collection":[{"href":"https:\/\/www.intoscana.it\/it\/wp-json\/wp\/v2\/posts"}],"about":[{"href":"https:\/\/www.intoscana.it\/it\/wp-json\/wp\/v2\/types\/post"}],"author":[{"embeddable":true,"href":"https:\/\/www.intoscana.it\/it\/wp-json\/wp\/v2\/users\/525"}],"replies":[{"embeddable":true,"href":"https:\/\/www.intoscana.it\/it\/wp-json\/wp\/v2\/comments?post=182182"}],"version-history":[{"count":0,"href":"https:\/\/www.intoscana.it\/it\/wp-json\/wp\/v2\/posts\/182182\/revisions"}],"wp:featuredmedia":[{"embeddable":true,"href":"https:\/\/www.intoscana.it\/it\/wp-json\/wp\/v2\/media\/182186"}],"wp:attachment":[{"href":"https:\/\/www.intoscana.it\/it\/wp-json\/wp\/v2\/media?parent=182182"}],"wp:term":[{"taxonomy":"category","embeddable":true,"href":"https:\/\/www.intoscana.it\/it\/wp-json\/wp\/v2\/categories?post=182182"},{"taxonomy":"post_tag","embeddable":true,"href":"https:\/\/www.intoscana.it\/it\/wp-json\/wp\/v2\/tags?post=182182"}],"curies":[{"name":"wp","href":"https:\/\/api.w.org\/{rel}","templated":true}]}}