{"id":182417,"date":"2021-07-02T09:22:57","date_gmt":"2021-07-02T07:22:57","guid":{"rendered":"https:\/\/www.intoscana.it\/it\/?p=182417"},"modified":"2021-07-02T18:03:24","modified_gmt":"2021-07-02T16:03:24","slug":"casa-futuro-pisa","status":"publish","type":"post","link":"https:\/\/www.intoscana.it\/it\/casa-futuro-pisa\/","title":{"rendered":"Sar\u00e0 costruita al Cnr di Pisa la &#8220;casa del futuro&#8221;: digitale e a emissioni zero"},"content":{"rendered":"<p>Un prototipo di abitazione sviluppato secondo<strong> i pi\u00f9 moderni e integrati sistemi impiantistici e ambientali,<\/strong> per la migliore qualit\u00e0 della vita e una<strong> connessione &#8220;olistica&#8221; degli strumenti e delle tecnologie digitali.<\/strong><\/p>\n<p>Questo \u00e8 il risultato del<strong> progetto di ricerca promosso dal Cnr-Isti di Pisa<\/strong>, finanziato con <strong>850 mila euro della Regione Toscana<\/strong> e per il quale \u00e8 nata un&#8217;associazione temporanea di scopo con la mandataria <em><strong>Siram Veolia<\/strong><\/em>, gruppo di riferimento nei servizi di gestione e ottimizzazione delle risorse ambientali, lo stesso Cnr-Isti e tre piccole e medie imprese toscane<strong> Vivere il Legno di Poggibonsi (Siena), Thermocasa di Peccioli (Pisa) ed Elettro D di Crespina Lorenza (Pisa).<\/strong><\/p>\n<p>Lo sviluppo del progetto denominato <em><strong>Life Demo<\/strong><\/em> culminer\u00e0, spiega il Cnr in una nota, nella realizzazione di una struttura edilizia che porter\u00e0 cittadini, imprese e utenti a sperimentare una vera e propria esperienza abitativa 4.0.<\/p>\n<p><strong>Il prototipo di abitazione sar\u00e0 realizzato entro il 2022 all&#8217;interno dell&#8217;Area del Cnr di Pisa<\/strong> e presenter\u00e0 le dimensioni reali di un edificio: una struttura completamente autonoma, a <strong>emissioni zero<\/strong> e con la caratteristica peculiare di integrare il sistema edificio-impianto in un unicum progettuale.<\/p>\n<p>Per offrire semplicit\u00e0 e immediatezza sar\u00e0 progettato secondo principi che integrano le esigenze di chi andr\u00e0 a vivere. <strong>Life Demo prevede il ricorso a tecnologie e sistemi di gestione di ultima generazione,<\/strong> progettati per garantire una totale efficienza dell&#8217;immobile, non solo energeticamente ma anche funzionalmente, attraverso <strong>tecnologie assistive, telemedicina, percorsi sensoriali e domotica.<\/strong><\/p>\n","protected":false},"excerpt":{"rendered":"<p>&#8220;Life Demo&#8221; sar\u00e0 un&#8217;esperienza abitativa 4.0 a emissioni zero che sfrutter\u00e0 la connessione &#8220;olistica&#8221; degli strumenti e delle tecnologie digitali<\/p>\n","protected":false},"author":525,"featured_media":182418,"comment_status":"open","ping_status":"open","sticky":false,"template":"","format":"standard","meta":{"_acf_changed":false,"footnotes":""},"categories":[475],"tags":[177,4502,4601],"class_list":["post-182417","post","type-post","status-publish","format-standard","has-post-thumbnail","hentry","category-innovazione","tag-ambiente","tag-casa","tag-green"],"acf":[],"yoast_head":"<!-- This site is optimized with the Yoast SEO Premium plugin v24.2 (Yoast SEO v25.6) - https:\/\/yoast.com\/wordpress\/plugins\/seo\/ -->\n<title>Sar\u00e0 costruita al Cnr di Pisa la &quot;casa del futuro&quot;: digitale e a emissioni zero - intoscana<\/title>\n<meta name=\"description\" content=\"&quot;Life Demo&quot; sar\u00e0 un&#039;esperienza abitativa 4.0 che sfrutter\u00e0 la connessione &quot;olistica&quot; degli strumenti e delle tecnologie digitali\" \/>\n<meta name=\"robots\" content=\"index, follow, max-snippet:-1, max-image-preview:large, max-video-preview:-1\" \/>\n<link rel=\"canonical\" href=\"https:\/\/www.intoscana.it\/it\/casa-futuro-pisa\/\" \/>\n<meta property=\"og:locale\" content=\"it_IT\" \/>\n<meta property=\"og:type\" content=\"article\" \/>\n<meta property=\"og:title\" content=\"Sar\u00e0 costruita al Cnr di Pisa la &quot;casa del futuro&quot;: digitale e a emissioni zero\" \/>\n<meta property=\"og:description\" content=\"&quot;Life Demo&quot; sar\u00e0 un&#039;esperienza abitativa 4.0 che sfrutter\u00e0 la connessione &quot;olistica&quot; degli strumenti e delle tecnologie digitali\" \/>\n<meta property=\"og:url\" content=\"https:\/\/www.intoscana.it\/it\/casa-futuro-pisa\/\" \/>\n<meta property=\"og:site_name\" content=\"intoscana\" \/>\n<meta property=\"article:publisher\" content=\"https:\/\/www.facebook.com\/intoscana.it\" \/>\n<meta property=\"article:published_time\" content=\"2021-07-02T07:22:57+00:00\" \/>\n<meta property=\"article:modified_time\" content=\"2021-07-02T16:03:24+00:00\" \/>\n<meta property=\"og:image\" content=\"https:\/\/www.intoscana.it\/wp-content\/uploads\/Casa_Green-scaled.jpg\" \/>\n\t<meta property=\"og:image:width\" content=\"2048\" \/>\n\t<meta property=\"og:image:height\" content=\"1086\" \/>\n\t<meta property=\"og:image:type\" content=\"image\/jpeg\" \/>\n<meta name=\"author\" content=\"Redazione\" \/>\n<meta name=\"twitter:card\" content=\"summary_large_image\" \/>\n<meta name=\"twitter:creator\" content=\"@intoscana\" \/>\n<meta name=\"twitter:site\" content=\"@intoscana\" \/>\n<meta name=\"twitter:label1\" content=\"Written by\" \/>\n\t<meta name=\"twitter:data1\" content=\"Redazione\" \/>\n\t<meta name=\"twitter:label2\" content=\"Est. reading time\" \/>\n\t<meta name=\"twitter:data2\" content=\"1 minuto\" \/>\n<script type=\"application\/ld+json\" class=\"yoast-schema-graph\">{\"@context\":\"https:\/\/schema.org\",\"@graph\":[{\"@type\":\"WebPage\",\"@id\":\"https:\/\/www.intoscana.it\/it\/casa-futuro-pisa\/\",\"url\":\"https:\/\/www.intoscana.it\/it\/casa-futuro-pisa\/\",\"name\":\"Sar\u00e0 costruita al Cnr di Pisa la \\\"casa del futuro\\\": digitale e a emissioni zero - intoscana\",\"isPartOf\":{\"@id\":\"https:\/\/www.intoscana.it\/it\/#website\"},\"primaryImageOfPage\":{\"@id\":\"https:\/\/www.intoscana.it\/it\/casa-futuro-pisa\/#primaryimage\"},\"image\":{\"@id\":\"https:\/\/www.intoscana.it\/it\/casa-futuro-pisa\/#primaryimage\"},\"thumbnailUrl\":\"https:\/\/www.intoscana.it\/wp-content\/uploads\/Casa_Green-scaled.jpg\",\"datePublished\":\"2021-07-02T07:22:57+00:00\",\"dateModified\":\"2021-07-02T16:03:24+00:00\",\"author\":{\"@id\":\"https:\/\/www.intoscana.it\/it\/#\/schema\/person\/9223810753230f20bd670fdd322661f8\"},\"description\":\"\\\"Life Demo\\\" sar\u00e0 un'esperienza abitativa 4.0 che sfrutter\u00e0 la connessione \\\"olistica\\\" degli strumenti e delle tecnologie digitali\",\"breadcrumb\":{\"@id\":\"https:\/\/www.intoscana.it\/it\/casa-futuro-pisa\/#breadcrumb\"},\"inLanguage\":\"it-IT\",\"potentialAction\":[{\"@type\":\"ReadAction\",\"target\":[\"https:\/\/www.intoscana.it\/it\/casa-futuro-pisa\/\"]}]},{\"@type\":\"ImageObject\",\"inLanguage\":\"it-IT\",\"@id\":\"https:\/\/www.intoscana.it\/it\/casa-futuro-pisa\/#primaryimage\",\"url\":\"https:\/\/www.intoscana.it\/wp-content\/uploads\/Casa_Green-scaled.jpg\",\"contentUrl\":\"https:\/\/www.intoscana.it\/wp-content\/uploads\/Casa_Green-scaled.jpg\",\"width\":2048,\"height\":1086},{\"@type\":\"BreadcrumbList\",\"@id\":\"https:\/\/www.intoscana.it\/it\/casa-futuro-pisa\/#breadcrumb\",\"itemListElement\":[{\"@type\":\"ListItem\",\"position\":1,\"name\":\"Home\",\"item\":\"https:\/\/www.intoscana.it\/it\/\"},{\"@type\":\"ListItem\",\"position\":2,\"name\":\"Sar\u00e0 costruita al Cnr di Pisa la &#8220;casa del futuro&#8221;: digitale e a emissioni zero\"}]},{\"@type\":\"WebSite\",\"@id\":\"https:\/\/www.intoscana.it\/it\/#website\",\"url\":\"https:\/\/www.intoscana.it\/it\/\",\"name\":\"intoscana\",\"description\":\"\",\"potentialAction\":[{\"@type\":\"SearchAction\",\"target\":{\"@type\":\"EntryPoint\",\"urlTemplate\":\"https:\/\/www.intoscana.it\/it\/?s={search_term_string}\"},\"query-input\":{\"@type\":\"PropertyValueSpecification\",\"valueRequired\":true,\"valueName\":\"search_term_string\"}}],\"inLanguage\":\"it-IT\"},{\"@type\":\"Person\",\"@id\":\"https:\/\/www.intoscana.it\/it\/#\/schema\/person\/9223810753230f20bd670fdd322661f8\",\"name\":\"Redazione\",\"url\":\"https:\/\/www.intoscana.it\/it\/author\/redazione\/\"}]}<\/script>\n<!-- \/ Yoast SEO Premium plugin. -->","yoast_head_json":{"title":"Sar\u00e0 costruita al Cnr di Pisa la \"casa del futuro\": digitale e a emissioni zero - intoscana","description":"\"Life Demo\" sar\u00e0 un'esperienza abitativa 4.0 che sfrutter\u00e0 la connessione \"olistica\" degli strumenti e delle tecnologie digitali","robots":{"index":"index","follow":"follow","max-snippet":"max-snippet:-1","max-image-preview":"max-image-preview:large","max-video-preview":"max-video-preview:-1"},"canonical":"https:\/\/www.intoscana.it\/it\/casa-futuro-pisa\/","og_locale":"it_IT","og_type":"article","og_title":"Sar\u00e0 costruita al Cnr di Pisa la \"casa del futuro\": digitale e a emissioni zero","og_description":"\"Life Demo\" sar\u00e0 un'esperienza abitativa 4.0 che sfrutter\u00e0 la connessione \"olistica\" degli strumenti e delle tecnologie digitali","og_url":"https:\/\/www.intoscana.it\/it\/casa-futuro-pisa\/","og_site_name":"intoscana","article_publisher":"https:\/\/www.facebook.com\/intoscana.it","article_published_time":"2021-07-02T07:22:57+00:00","article_modified_time":"2021-07-02T16:03:24+00:00","og_image":[{"width":2048,"height":1086,"url":"https:\/\/www.intoscana.it\/wp-content\/uploads\/Casa_Green-scaled.jpg","type":"image\/jpeg"}],"author":"Redazione","twitter_card":"summary_large_image","twitter_creator":"@intoscana","twitter_site":"@intoscana","twitter_misc":{"Written by":"Redazione","Est. reading time":"1 minuto"},"schema":{"@context":"https:\/\/schema.org","@graph":[{"@type":"WebPage","@id":"https:\/\/www.intoscana.it\/it\/casa-futuro-pisa\/","url":"https:\/\/www.intoscana.it\/it\/casa-futuro-pisa\/","name":"Sar\u00e0 costruita al Cnr di Pisa la \"casa del futuro\": digitale e a emissioni zero - intoscana","isPartOf":{"@id":"https:\/\/www.intoscana.it\/it\/#website"},"primaryImageOfPage":{"@id":"https:\/\/www.intoscana.it\/it\/casa-futuro-pisa\/#primaryimage"},"image":{"@id":"https:\/\/www.intoscana.it\/it\/casa-futuro-pisa\/#primaryimage"},"thumbnailUrl":"https:\/\/www.intoscana.it\/wp-content\/uploads\/Casa_Green-scaled.jpg","datePublished":"2021-07-02T07:22:57+00:00","dateModified":"2021-07-02T16:03:24+00:00","author":{"@id":"https:\/\/www.intoscana.it\/it\/#\/schema\/person\/9223810753230f20bd670fdd322661f8"},"description":"\"Life Demo\" sar\u00e0 un'esperienza abitativa 4.0 che sfrutter\u00e0 la connessione \"olistica\" degli strumenti e delle tecnologie digitali","breadcrumb":{"@id":"https:\/\/www.intoscana.it\/it\/casa-futuro-pisa\/#breadcrumb"},"inLanguage":"it-IT","potentialAction":[{"@type":"ReadAction","target":["https:\/\/www.intoscana.it\/it\/casa-futuro-pisa\/"]}]},{"@type":"ImageObject","inLanguage":"it-IT","@id":"https:\/\/www.intoscana.it\/it\/casa-futuro-pisa\/#primaryimage","url":"https:\/\/www.intoscana.it\/wp-content\/uploads\/Casa_Green-scaled.jpg","contentUrl":"https:\/\/www.intoscana.it\/wp-content\/uploads\/Casa_Green-scaled.jpg","width":2048,"height":1086},{"@type":"BreadcrumbList","@id":"https:\/\/www.intoscana.it\/it\/casa-futuro-pisa\/#breadcrumb","itemListElement":[{"@type":"ListItem","position":1,"name":"Home","item":"https:\/\/www.intoscana.it\/it\/"},{"@type":"ListItem","position":2,"name":"Sar\u00e0 costruita al Cnr di Pisa la &#8220;casa del futuro&#8221;: digitale e a emissioni zero"}]},{"@type":"WebSite","@id":"https:\/\/www.intoscana.it\/it\/#website","url":"https:\/\/www.intoscana.it\/it\/","name":"intoscana","description":"","potentialAction":[{"@type":"SearchAction","target":{"@type":"EntryPoint","urlTemplate":"https:\/\/www.intoscana.it\/it\/?s={search_term_string}"},"query-input":{"@type":"PropertyValueSpecification","valueRequired":true,"valueName":"search_term_string"}}],"inLanguage":"it-IT"},{"@type":"Person","@id":"https:\/\/www.intoscana.it\/it\/#\/schema\/person\/9223810753230f20bd670fdd322661f8","name":"Redazione","url":"https:\/\/www.intoscana.it\/it\/author\/redazione\/"}]}},"_links":{"self":[{"href":"https:\/\/www.intoscana.it\/it\/wp-json\/wp\/v2\/posts\/182417","targetHints":{"allow":["GET"]}}],"collection":[{"href":"https:\/\/www.intoscana.it\/it\/wp-json\/wp\/v2\/posts"}],"about":[{"href":"https:\/\/www.intoscana.it\/it\/wp-json\/wp\/v2\/types\/post"}],"author":[{"embeddable":true,"href":"https:\/\/www.intoscana.it\/it\/wp-json\/wp\/v2\/users\/525"}],"replies":[{"embeddable":true,"href":"https:\/\/www.intoscana.it\/it\/wp-json\/wp\/v2\/comments?post=182417"}],"version-history":[{"count":0,"href":"https:\/\/www.intoscana.it\/it\/wp-json\/wp\/v2\/posts\/182417\/revisions"}],"wp:featuredmedia":[{"embeddable":true,"href":"https:\/\/www.intoscana.it\/it\/wp-json\/wp\/v2\/media\/182418"}],"wp:attachment":[{"href":"https:\/\/www.intoscana.it\/it\/wp-json\/wp\/v2\/media?parent=182417"}],"wp:term":[{"taxonomy":"category","embeddable":true,"href":"https:\/\/www.intoscana.it\/it\/wp-json\/wp\/v2\/categories?post=182417"},{"taxonomy":"post_tag","embeddable":true,"href":"https:\/\/www.intoscana.it\/it\/wp-json\/wp\/v2\/tags?post=182417"}],"curies":[{"name":"wp","href":"https:\/\/api.w.org\/{rel}","templated":true}]}}