{"id":182680,"date":"2021-07-05T15:38:05","date_gmt":"2021-07-05T13:38:05","guid":{"rendered":"https:\/\/www.intoscana.it\/it\/?p=182680"},"modified":"2021-07-05T17:49:32","modified_gmt":"2021-07-05T15:49:32","slug":"roberto-bolle-apre-musart-festival-sul-palco-anche-bennato-mannoia-e-capossela","status":"publish","type":"post","link":"https:\/\/www.intoscana.it\/it\/roberto-bolle-apre-musart-festival-sul-palco-anche-bennato-mannoia-e-capossela\/","title":{"rendered":"Roberto Bolle apre Musart Festival. Sul palco anche Bennato, Mannoia e Capossela"},"content":{"rendered":"<p class=\"p1\">Musica, danza e arte. E poi i nomi, artisti di fama internazionale che assicurano spettacolo e bellezza. <strong>Musart Festival Firenze apre alla grande con il gal\u00e0 di danza &#8220;Roberto Bolle and Friends&#8221;, sabato 17 luglio<\/strong>, Il luogo \u00e8 di quelli magici, il &#8220;prototipo della misura urbana rinascimentale&#8221; per citare Bruno Zevi: piazza Santissima Annunziata.<\/p>\n<p class=\"p1\">Fino al 27 luglio si alterneranno su questo palco: <mark>Edoardo Bennato insieme all&#8217;Orchestra della Toscana, Stefano Bollani, Luka \u0160uli\u0107, Fiorella Mannoia, Niccol\u00f2 Fabi e Vinicio Capossela con lo spettacolo &#8220;La bestiale comedia&#8221; ispirato a Dante. A chiudere la rassegna sar\u00e0 il pianista Enrico Pieranunzi con il consueto concerto all&#8217;alba. In programma anche concerti pomeridiani in chiostri storici; sul palco, tra gli altri, Paolo Benvegnu&#8217;, Ginevra Di Marco, Serena Altavilla, Marco Parente, Tiziano Barbieri e Mimmo Turone, Angelo Trabace, Pietro Cantarelli, Vincenzo Vasi.<\/mark><\/p>\n<figure id=\"post-182686 media-182686\" class=\"align-none\"><img decoding=\"async\" src=\"https:\/\/www.intoscana.it\/wp-content\/uploads\/Musart-2019-7-pic.jpg\" alt=\"\" \/><\/figure>\n<div class=\"titleimg\" style=\"text-align: center;\"><em>Musart, edizione 2019<\/em><\/div>\n<h3><em>Visite gratuite nei luoghi d&#8217;arte prima degli spettacoli<\/em><\/h3>\n<p class=\"p1\">Prima degli spettacoli si potranno visitare gratuitamente giardini, luoghi di culto e palazzi monumentali adiacenti alla piazza: <strong>i due cortili dell&#8217;Istituto degli Innocenti, l&#8217;affaccio alla Chiesa di Santa Maria degli Innocenti, la Chiesa di San Francesco Poverino, la Basilica di Santissima Annunziata, la mensa della Caritas di San Francesco<\/strong>.<\/p>\n<figure id=\"post-182687 media-182687\" class=\"align-none\"><img decoding=\"async\" src=\"https:\/\/www.intoscana.it\/wp-content\/uploads\/Musart-festival-2019-ok-1.jpg\" alt=\"\" \/><\/figure>\n<div class=\"titleimg\">Musart festival, edizione 2019<\/div>\n<p class=\"p1\">Il Festival Musart\u00a0 \u00e8 un must dell&#8217;Estate Fiorentina: <em>&#8220;Dopo il forzato stop del 2020\u00a0 <\/em>&#8211; ha commentato l&#8217;assessore alla cultura <strong>Tommaso Sacchi<\/strong><em> &#8211;\u00a0 quest&#8217;anno il progetto torna ad animare e a valorizzare con eventi di primo piano nel panorama culturale una delle piazze pi\u00f9 significative della citt\u00e0&#8221;. &#8220;Musart <\/em>&#8211; ha aggiunto la presidente dell&#8217;istituto degli Innocenti, <strong>Maria Grazia Giuffrida<\/strong> &#8211;<em> \u00e8 capace di coniugare la dimensione della cultura con quella della socialit\u00e0 , che ha bisogno di attenzioni speciali dopo tanti mesi complicati dovuti alla pandemia&#8221;.<\/em><\/p>\n<p class=\"p1\">I biglietti sono in vendita online sul sito ufficiale <a href=\"http:\/\/www.musartfestival.it\/\">www.musartfestival.it<\/a>\u00a0(info tel. 055\/667566) e nei punti <a href=\"https:\/\/www.boxofficetoscana.it\/it\/punti-vendita\/\">Boxoffice Toscana<\/a> (info tel. 055.210804). Restano validi i biglietti per gli spettacoli di Roberto Bolle, Stefano Bollani, Fiorella Mannoia, Edoardo Bennato e Orchestra della Toscana previsti per l\u2019edizione 2020 del festival e rinviati a seguito delle disposizioni anti Covid. Al\u00a0Musart\u00a02021 si recuperer\u00e0 pure il concerto di Niccol\u00f2 Fabi, in programma all\u2019Estate Fiesolana 2020: anche in questo caso resteranno validi i biglietti acquistati per quella data.<\/p>\n<p class=\"p1\">\n","protected":false},"excerpt":{"rendered":"<p>Fino al 27 luglio, dopo un anno di stop, torna la rassegna fiorentina che unisce cultura, musica e danza: prima degli spettacoli visite nei luoghi d&#8217;arte<\/p>\n","protected":false},"author":525,"featured_media":182684,"comment_status":"open","ping_status":"open","sticky":false,"template":"","format":"standard","meta":{"_acf_changed":false,"footnotes":""},"categories":[493],"tags":[5564,5538,228,202],"class_list":["post-182680","post","type-post","status-publish","format-standard","has-post-thumbnail","hentry","category-cultura","tag-danza","tag-estate-2021","tag-festival","tag-firenze"],"acf":[],"yoast_head":"<!-- This site is optimized with the Yoast SEO Premium plugin v24.2 (Yoast SEO v25.6) - https:\/\/yoast.com\/wordpress\/plugins\/seo\/ -->\n<title>Roberto Bolle apre Musart Festival. Sul palco anche Bennato, Mannoia e Capossela - intoscana<\/title>\n<meta name=\"description\" content=\"Fino al 27 luglio, dopo un anno di stop, torna la rassegna fiorentina che unisce cultura, musica e danza: prima degli spettacoli visite nei luoghi d&#039;arte\" \/>\n<meta name=\"robots\" content=\"index, follow, max-snippet:-1, max-image-preview:large, max-video-preview:-1\" \/>\n<link rel=\"canonical\" href=\"https:\/\/www.intoscana.it\/it\/roberto-bolle-apre-musart-festival-sul-palco-anche-bennato-mannoia-e-capossela\/\" \/>\n<meta property=\"og:locale\" content=\"it_IT\" \/>\n<meta property=\"og:type\" content=\"article\" \/>\n<meta property=\"og:title\" content=\"Roberto Bolle apre Musart Festival. Sul palco anche Bennato, Mannoia e Capossela\" \/>\n<meta property=\"og:description\" content=\"Fino al 27 luglio, dopo un anno di stop, torna la rassegna fiorentina che unisce cultura, musica e danza: prima degli spettacoli visite nei luoghi d&#039;arte\" \/>\n<meta property=\"og:url\" content=\"https:\/\/www.intoscana.it\/it\/roberto-bolle-apre-musart-festival-sul-palco-anche-bennato-mannoia-e-capossela\/\" \/>\n<meta property=\"og:site_name\" content=\"intoscana\" \/>\n<meta property=\"article:publisher\" content=\"https:\/\/www.facebook.com\/intoscana.it\" \/>\n<meta property=\"article:published_time\" content=\"2021-07-05T13:38:05+00:00\" \/>\n<meta property=\"article:modified_time\" content=\"2021-07-05T15:49:32+00:00\" \/>\n<meta property=\"og:image\" content=\"https:\/\/www.intoscana.it\/wp-content\/uploads\/Roberto-Bolle-Musart-2\u00b0-_AD1A0390_ph.-\u00a9Andrej-Uspenski-LR.jpg\" \/>\n\t<meta property=\"og:image:width\" content=\"1772\" \/>\n\t<meta property=\"og:image:height\" content=\"1181\" \/>\n\t<meta property=\"og:image:type\" content=\"image\/jpeg\" \/>\n<meta name=\"author\" content=\"Redazione\" \/>\n<meta name=\"twitter:card\" content=\"summary_large_image\" \/>\n<meta name=\"twitter:creator\" content=\"@intoscana\" \/>\n<meta name=\"twitter:site\" content=\"@intoscana\" \/>\n<meta name=\"twitter:label1\" content=\"Written by\" \/>\n\t<meta name=\"twitter:data1\" content=\"Redazione\" \/>\n\t<meta name=\"twitter:label2\" content=\"Est. reading time\" \/>\n\t<meta name=\"twitter:data2\" content=\"2 minuti\" \/>\n<script type=\"application\/ld+json\" class=\"yoast-schema-graph\">{\"@context\":\"https:\/\/schema.org\",\"@graph\":[{\"@type\":\"WebPage\",\"@id\":\"https:\/\/www.intoscana.it\/it\/roberto-bolle-apre-musart-festival-sul-palco-anche-bennato-mannoia-e-capossela\/\",\"url\":\"https:\/\/www.intoscana.it\/it\/roberto-bolle-apre-musart-festival-sul-palco-anche-bennato-mannoia-e-capossela\/\",\"name\":\"Roberto Bolle apre Musart Festival. Sul palco anche Bennato, Mannoia e Capossela - intoscana\",\"isPartOf\":{\"@id\":\"https:\/\/www.intoscana.it\/it\/#website\"},\"primaryImageOfPage\":{\"@id\":\"https:\/\/www.intoscana.it\/it\/roberto-bolle-apre-musart-festival-sul-palco-anche-bennato-mannoia-e-capossela\/#primaryimage\"},\"image\":{\"@id\":\"https:\/\/www.intoscana.it\/it\/roberto-bolle-apre-musart-festival-sul-palco-anche-bennato-mannoia-e-capossela\/#primaryimage\"},\"thumbnailUrl\":\"https:\/\/www.intoscana.it\/wp-content\/uploads\/Roberto-Bolle-Musart-2\u00b0-_AD1A0390_ph.-\u00a9Andrej-Uspenski-LR.jpg\",\"datePublished\":\"2021-07-05T13:38:05+00:00\",\"dateModified\":\"2021-07-05T15:49:32+00:00\",\"author\":{\"@id\":\"https:\/\/www.intoscana.it\/it\/#\/schema\/person\/9223810753230f20bd670fdd322661f8\"},\"description\":\"Fino al 27 luglio, dopo un anno di stop, torna la rassegna fiorentina che unisce cultura, musica e danza: prima degli spettacoli visite nei luoghi d'arte\",\"breadcrumb\":{\"@id\":\"https:\/\/www.intoscana.it\/it\/roberto-bolle-apre-musart-festival-sul-palco-anche-bennato-mannoia-e-capossela\/#breadcrumb\"},\"inLanguage\":\"it-IT\",\"potentialAction\":[{\"@type\":\"ReadAction\",\"target\":[\"https:\/\/www.intoscana.it\/it\/roberto-bolle-apre-musart-festival-sul-palco-anche-bennato-mannoia-e-capossela\/\"]}]},{\"@type\":\"ImageObject\",\"inLanguage\":\"it-IT\",\"@id\":\"https:\/\/www.intoscana.it\/it\/roberto-bolle-apre-musart-festival-sul-palco-anche-bennato-mannoia-e-capossela\/#primaryimage\",\"url\":\"https:\/\/www.intoscana.it\/wp-content\/uploads\/Roberto-Bolle-Musart-2\u00b0-_AD1A0390_ph.-\u00a9Andrej-Uspenski-LR.jpg\",\"contentUrl\":\"https:\/\/www.intoscana.it\/wp-content\/uploads\/Roberto-Bolle-Musart-2\u00b0-_AD1A0390_ph.-\u00a9Andrej-Uspenski-LR.jpg\",\"width\":1772,\"height\":1181},{\"@type\":\"BreadcrumbList\",\"@id\":\"https:\/\/www.intoscana.it\/it\/roberto-bolle-apre-musart-festival-sul-palco-anche-bennato-mannoia-e-capossela\/#breadcrumb\",\"itemListElement\":[{\"@type\":\"ListItem\",\"position\":1,\"name\":\"Home\",\"item\":\"https:\/\/www.intoscana.it\/it\/\"},{\"@type\":\"ListItem\",\"position\":2,\"name\":\"Roberto Bolle apre Musart Festival. Sul palco anche Bennato, Mannoia e Capossela\"}]},{\"@type\":\"WebSite\",\"@id\":\"https:\/\/www.intoscana.it\/it\/#website\",\"url\":\"https:\/\/www.intoscana.it\/it\/\",\"name\":\"intoscana\",\"description\":\"\",\"potentialAction\":[{\"@type\":\"SearchAction\",\"target\":{\"@type\":\"EntryPoint\",\"urlTemplate\":\"https:\/\/www.intoscana.it\/it\/?s={search_term_string}\"},\"query-input\":{\"@type\":\"PropertyValueSpecification\",\"valueRequired\":true,\"valueName\":\"search_term_string\"}}],\"inLanguage\":\"it-IT\"},{\"@type\":\"Person\",\"@id\":\"https:\/\/www.intoscana.it\/it\/#\/schema\/person\/9223810753230f20bd670fdd322661f8\",\"name\":\"Redazione\",\"url\":\"https:\/\/www.intoscana.it\/it\/author\/redazione\/\"}]}<\/script>\n<!-- \/ Yoast SEO Premium plugin. -->","yoast_head_json":{"title":"Roberto Bolle apre Musart Festival. Sul palco anche Bennato, Mannoia e Capossela - intoscana","description":"Fino al 27 luglio, dopo un anno di stop, torna la rassegna fiorentina che unisce cultura, musica e danza: prima degli spettacoli visite nei luoghi d'arte","robots":{"index":"index","follow":"follow","max-snippet":"max-snippet:-1","max-image-preview":"max-image-preview:large","max-video-preview":"max-video-preview:-1"},"canonical":"https:\/\/www.intoscana.it\/it\/roberto-bolle-apre-musart-festival-sul-palco-anche-bennato-mannoia-e-capossela\/","og_locale":"it_IT","og_type":"article","og_title":"Roberto Bolle apre Musart Festival. Sul palco anche Bennato, Mannoia e Capossela","og_description":"Fino al 27 luglio, dopo un anno di stop, torna la rassegna fiorentina che unisce cultura, musica e danza: prima degli spettacoli visite nei luoghi d'arte","og_url":"https:\/\/www.intoscana.it\/it\/roberto-bolle-apre-musart-festival-sul-palco-anche-bennato-mannoia-e-capossela\/","og_site_name":"intoscana","article_publisher":"https:\/\/www.facebook.com\/intoscana.it","article_published_time":"2021-07-05T13:38:05+00:00","article_modified_time":"2021-07-05T15:49:32+00:00","og_image":[{"width":1772,"height":1181,"url":"https:\/\/www.intoscana.it\/wp-content\/uploads\/Roberto-Bolle-Musart-2\u00b0-_AD1A0390_ph.-\u00a9Andrej-Uspenski-LR.jpg","type":"image\/jpeg"}],"author":"Redazione","twitter_card":"summary_large_image","twitter_creator":"@intoscana","twitter_site":"@intoscana","twitter_misc":{"Written by":"Redazione","Est. reading time":"2 minuti"},"schema":{"@context":"https:\/\/schema.org","@graph":[{"@type":"WebPage","@id":"https:\/\/www.intoscana.it\/it\/roberto-bolle-apre-musart-festival-sul-palco-anche-bennato-mannoia-e-capossela\/","url":"https:\/\/www.intoscana.it\/it\/roberto-bolle-apre-musart-festival-sul-palco-anche-bennato-mannoia-e-capossela\/","name":"Roberto Bolle apre Musart Festival. Sul palco anche Bennato, Mannoia e Capossela - intoscana","isPartOf":{"@id":"https:\/\/www.intoscana.it\/it\/#website"},"primaryImageOfPage":{"@id":"https:\/\/www.intoscana.it\/it\/roberto-bolle-apre-musart-festival-sul-palco-anche-bennato-mannoia-e-capossela\/#primaryimage"},"image":{"@id":"https:\/\/www.intoscana.it\/it\/roberto-bolle-apre-musart-festival-sul-palco-anche-bennato-mannoia-e-capossela\/#primaryimage"},"thumbnailUrl":"https:\/\/www.intoscana.it\/wp-content\/uploads\/Roberto-Bolle-Musart-2\u00b0-_AD1A0390_ph.-\u00a9Andrej-Uspenski-LR.jpg","datePublished":"2021-07-05T13:38:05+00:00","dateModified":"2021-07-05T15:49:32+00:00","author":{"@id":"https:\/\/www.intoscana.it\/it\/#\/schema\/person\/9223810753230f20bd670fdd322661f8"},"description":"Fino al 27 luglio, dopo un anno di stop, torna la rassegna fiorentina che unisce cultura, musica e danza: prima degli spettacoli visite nei luoghi d'arte","breadcrumb":{"@id":"https:\/\/www.intoscana.it\/it\/roberto-bolle-apre-musart-festival-sul-palco-anche-bennato-mannoia-e-capossela\/#breadcrumb"},"inLanguage":"it-IT","potentialAction":[{"@type":"ReadAction","target":["https:\/\/www.intoscana.it\/it\/roberto-bolle-apre-musart-festival-sul-palco-anche-bennato-mannoia-e-capossela\/"]}]},{"@type":"ImageObject","inLanguage":"it-IT","@id":"https:\/\/www.intoscana.it\/it\/roberto-bolle-apre-musart-festival-sul-palco-anche-bennato-mannoia-e-capossela\/#primaryimage","url":"https:\/\/www.intoscana.it\/wp-content\/uploads\/Roberto-Bolle-Musart-2\u00b0-_AD1A0390_ph.-\u00a9Andrej-Uspenski-LR.jpg","contentUrl":"https:\/\/www.intoscana.it\/wp-content\/uploads\/Roberto-Bolle-Musart-2\u00b0-_AD1A0390_ph.-\u00a9Andrej-Uspenski-LR.jpg","width":1772,"height":1181},{"@type":"BreadcrumbList","@id":"https:\/\/www.intoscana.it\/it\/roberto-bolle-apre-musart-festival-sul-palco-anche-bennato-mannoia-e-capossela\/#breadcrumb","itemListElement":[{"@type":"ListItem","position":1,"name":"Home","item":"https:\/\/www.intoscana.it\/it\/"},{"@type":"ListItem","position":2,"name":"Roberto Bolle apre Musart Festival. Sul palco anche Bennato, Mannoia e Capossela"}]},{"@type":"WebSite","@id":"https:\/\/www.intoscana.it\/it\/#website","url":"https:\/\/www.intoscana.it\/it\/","name":"intoscana","description":"","potentialAction":[{"@type":"SearchAction","target":{"@type":"EntryPoint","urlTemplate":"https:\/\/www.intoscana.it\/it\/?s={search_term_string}"},"query-input":{"@type":"PropertyValueSpecification","valueRequired":true,"valueName":"search_term_string"}}],"inLanguage":"it-IT"},{"@type":"Person","@id":"https:\/\/www.intoscana.it\/it\/#\/schema\/person\/9223810753230f20bd670fdd322661f8","name":"Redazione","url":"https:\/\/www.intoscana.it\/it\/author\/redazione\/"}]}},"_links":{"self":[{"href":"https:\/\/www.intoscana.it\/it\/wp-json\/wp\/v2\/posts\/182680","targetHints":{"allow":["GET"]}}],"collection":[{"href":"https:\/\/www.intoscana.it\/it\/wp-json\/wp\/v2\/posts"}],"about":[{"href":"https:\/\/www.intoscana.it\/it\/wp-json\/wp\/v2\/types\/post"}],"author":[{"embeddable":true,"href":"https:\/\/www.intoscana.it\/it\/wp-json\/wp\/v2\/users\/525"}],"replies":[{"embeddable":true,"href":"https:\/\/www.intoscana.it\/it\/wp-json\/wp\/v2\/comments?post=182680"}],"version-history":[{"count":0,"href":"https:\/\/www.intoscana.it\/it\/wp-json\/wp\/v2\/posts\/182680\/revisions"}],"wp:featuredmedia":[{"embeddable":true,"href":"https:\/\/www.intoscana.it\/it\/wp-json\/wp\/v2\/media\/182684"}],"wp:attachment":[{"href":"https:\/\/www.intoscana.it\/it\/wp-json\/wp\/v2\/media?parent=182680"}],"wp:term":[{"taxonomy":"category","embeddable":true,"href":"https:\/\/www.intoscana.it\/it\/wp-json\/wp\/v2\/categories?post=182680"},{"taxonomy":"post_tag","embeddable":true,"href":"https:\/\/www.intoscana.it\/it\/wp-json\/wp\/v2\/tags?post=182680"}],"curies":[{"name":"wp","href":"https:\/\/api.w.org\/{rel}","templated":true}]}}