{"id":182867,"date":"2021-07-07T12:06:14","date_gmt":"2021-07-07T10:06:14","guid":{"rendered":"https:\/\/www.intoscana.it\/it\/?p=182867"},"modified":"2021-11-05T15:49:02","modified_gmt":"2021-11-05T14:49:02","slug":"italia-in-finale-piazze-in-festa-palazzo-della-regione-illuminato-tricolore","status":"publish","type":"post","link":"https:\/\/www.intoscana.it\/it\/italia-in-finale-piazze-in-festa-palazzo-della-regione-illuminato-tricolore\/","title":{"rendered":"Italia in finale, piazze in festa. Il palazzo della Regione illuminato con il tricolore"},"content":{"rendered":"<p>Locatelli sbaglia dal dischetto, meno male che Dani Olmo manda alto. Poi vanno a segno in ordine Belotti, Bonucci e Bernardeschi. Donnarumma si rif\u00e0 e blocca il tiro di Morata. <strong>Manca poco a mezzanotte quando Jorginho segna il rigore che strappa il biglietto degli azzurri per la finale dell\u2019Europeo.<\/strong><\/p>\n<p>La sofferenza \u00e8 finita, ora sventolano le bandiere, suonano i clacson in strada, l\u2019Italia \u00e8 in finale.<\/p>\n<p>L\u2019Italia soffre per 120 minuti, \u00e8 la vecchia Italia, quella che stringe i denti e si chiude ma alla fine a Wembley domenica prossima saremo noi a scendere in campo. La Spagna ha giocato bene, onore al merito, questa volta per\u00f2 i rigori non ci sono fatatali.<\/p>\n<p>Incontenibile l\u2019esultanza degli undici del <em>Mancio<\/em> a fine partita esplosa in un coro di gruppo dedicato al compagno Spinazzola incorniciato dalle lacrime di Gigione.<\/p>\n<p>Lacrime e euforia anche sugli spalti dello stadio inglese a stragrande maggioranza italiana: circa 11mila i tifosi londinesi d\u2019adozione con il cuore azzurro che hanno cantato a squarciagola l\u2019inno di Mameli a inizio partita passando poi all\u2019oramai \u201cmai pi\u00f9 senza\u201d ritornello dei Seven Nation Army&#8217; dei The White Stripes.<\/p>\n<p>Piazza esplose anche in Italia, da Roma a Milano passando per Bologna e Firenze. Festa fino a tarda serata per le vie del centro, da piazzale Michelangelo all\u2019anfiteatro delle Cascine dove \u00e8 allestito un maxi schermo.<\/p>\n<p><strong>A notte fonda i giocatori sono rientrati a Coverciano, dove ad attenderli c&#8217;era un gruppo di tifosi.<\/strong><br \/>\n<iframe loading=\"lazy\" style=\"border: none; overflow: hidden;\" src=\"https:\/\/www.facebook.com\/plugins\/video.php?height=314&amp;href=https%3A%2F%2Fwww.facebook.com%2FNazionaleCalcio%2Fvideos%2F378186096982140%2F&amp;show_text=true&amp;width=560&amp;t=0\" width=\"560\" height=\"429\" frameborder=\"0\" scrolling=\"no\" allowfullscreen=\"allowfullscreen\"><\/iframe><\/p>\n<p>Quella di ieri sera \u00e8 una vittoria che ha il sapore della finale. Sar\u00e0 che questo gruppo piace, sar\u00e0 che non c\u2019\u00e8 un numero 10 (col benestare di Insigne) da santificare (o demonizzare), c\u2019\u00e8 la squadra, c\u2019\u00e8 il calcio che unisce. <strong>E la speranza che i ragazzi del &#8217;68 (gli unici ad avere portato l&#8217;Italia in vetta all&#8217;Europa) possano aver trovato finalmente dei sostituti si fa sempre pi\u00f9 largo<\/strong>.<\/p>\n<p>L\u2019euforia per la vittoria contro le <em>Furie rosse<\/em> ha invaso inevitabilmente anche i social: il presidente della Regione, Eugenio Giani alle 00.09 posta la foto del <strong>palazzo Strozzi illuminato del tricolore<\/strong>. Mentre Mazzeo, presidente del Consiglio Regionale, sceglie la foto di Insegne con indosso la maglia numero 4 di Spinazzola.<\/p>\n<p><iframe loading=\"lazy\" style=\"border: none; overflow: hidden;\" src=\"https:\/\/www.facebook.com\/plugins\/post.php?href=https%3A%2F%2Fwww.facebook.com%2Feugeniogianiufficiale%2Fposts%2F3914112615378380&amp;show_text=true&amp;width=500\" width=\"500\" height=\"609\" frameborder=\"0\" scrolling=\"no\" allowfullscreen=\"allowfullscreen\"><\/iframe><\/p>\n<p><iframe loading=\"lazy\" style=\"border: none; overflow: hidden;\" src=\"https:\/\/www.facebook.com\/plugins\/post.php?href=https%3A%2F%2Fwww.facebook.com%2FAntonioMazzeoPisa%2Fposts%2F349939239829450&amp;show_text=true&amp;width=500\" width=\"500\" height=\"653\" frameborder=\"0\" scrolling=\"no\" allowfullscreen=\"allowfullscreen\"><\/iframe><\/p>\n","protected":false},"excerpt":{"rendered":"<p>L&#8217;Italia di Mancini batte la Spagna ai rigori. \u00c8 festa: piazze e strade invase. Illuminato con il tricolore palazzo Strozzi Sacrati<\/p>\n","protected":false},"author":503,"featured_media":182871,"comment_status":"open","ping_status":"open","sticky":false,"template":"","format":"standard","meta":{"_acf_changed":false,"footnotes":""},"categories":[494],"tags":[290,158,6085,5827,225,159],"class_list":["post-182867","post","type-post","status-publish","format-standard","has-post-thumbnail","hentry","category-attualita","tag-calcio","tag-eugenio-giani","tag-italia","tag-nazionale-calcio","tag-palazzo-strozzi","tag-sport"],"acf":[],"yoast_head":"<!-- This site is optimized with the Yoast SEO Premium plugin v24.2 (Yoast SEO v25.6) - https:\/\/yoast.com\/wordpress\/plugins\/seo\/ -->\n<title>Italia in finale, piazze in festa. Il palazzo della Regione illuminato con il tricolore - intoscana<\/title>\n<meta name=\"description\" content=\"L&#039;Italia di Mancini batte la Spagna ai rigori. \u00c8 finale: piazze e strade invase. Illuminato con il tricolore palazzo Strozzi Sacrati\" \/>\n<meta name=\"robots\" content=\"index, follow, max-snippet:-1, max-image-preview:large, max-video-preview:-1\" \/>\n<link rel=\"canonical\" href=\"https:\/\/www.intoscana.it\/it\/italia-in-finale-piazze-in-festa-palazzo-della-regione-illuminato-tricolore\/\" \/>\n<meta property=\"og:locale\" content=\"it_IT\" \/>\n<meta property=\"og:type\" content=\"article\" \/>\n<meta property=\"og:title\" content=\"Italia in finale, piazze in festa. Il palazzo della Regione illuminato con il tricolore\" \/>\n<meta property=\"og:description\" content=\"L&#039;Italia di Mancini batte la Spagna ai rigori. \u00c8 finale: piazze e strade invase. Illuminato con il tricolore palazzo Strozzi Sacrati\" \/>\n<meta property=\"og:url\" content=\"https:\/\/www.intoscana.it\/it\/italia-in-finale-piazze-in-festa-palazzo-della-regione-illuminato-tricolore\/\" \/>\n<meta property=\"og:site_name\" content=\"intoscana\" \/>\n<meta property=\"article:publisher\" content=\"https:\/\/www.facebook.com\/intoscana.it\" \/>\n<meta property=\"article:published_time\" content=\"2021-07-07T10:06:14+00:00\" \/>\n<meta property=\"article:modified_time\" content=\"2021-11-05T14:49:02+00:00\" \/>\n<meta property=\"og:image\" content=\"https:\/\/www.intoscana.it\/wp-content\/uploads\/italia-spagna.jpg\" \/>\n\t<meta property=\"og:image:width\" content=\"1884\" \/>\n\t<meta property=\"og:image:height\" content=\"1256\" \/>\n\t<meta property=\"og:image:type\" content=\"image\/jpeg\" \/>\n<meta name=\"author\" content=\"Giulia Rafanelli\" \/>\n<meta name=\"twitter:card\" content=\"summary_large_image\" \/>\n<meta name=\"twitter:creator\" content=\"@intoscana\" \/>\n<meta name=\"twitter:site\" content=\"@intoscana\" \/>\n<meta name=\"twitter:label1\" content=\"Written by\" \/>\n\t<meta name=\"twitter:data1\" content=\"Giulia Rafanelli\" \/>\n\t<meta name=\"twitter:label2\" content=\"Est. reading time\" \/>\n\t<meta name=\"twitter:data2\" content=\"2 minuti\" \/>\n<script type=\"application\/ld+json\" class=\"yoast-schema-graph\">{\"@context\":\"https:\/\/schema.org\",\"@graph\":[{\"@type\":\"WebPage\",\"@id\":\"https:\/\/www.intoscana.it\/it\/italia-in-finale-piazze-in-festa-palazzo-della-regione-illuminato-tricolore\/\",\"url\":\"https:\/\/www.intoscana.it\/it\/italia-in-finale-piazze-in-festa-palazzo-della-regione-illuminato-tricolore\/\",\"name\":\"Italia in finale, piazze in festa. Il palazzo della Regione illuminato con il tricolore - intoscana\",\"isPartOf\":{\"@id\":\"https:\/\/www.intoscana.it\/it\/#website\"},\"primaryImageOfPage\":{\"@id\":\"https:\/\/www.intoscana.it\/it\/italia-in-finale-piazze-in-festa-palazzo-della-regione-illuminato-tricolore\/#primaryimage\"},\"image\":{\"@id\":\"https:\/\/www.intoscana.it\/it\/italia-in-finale-piazze-in-festa-palazzo-della-regione-illuminato-tricolore\/#primaryimage\"},\"thumbnailUrl\":\"https:\/\/www.intoscana.it\/wp-content\/uploads\/italia-spagna.jpg\",\"datePublished\":\"2021-07-07T10:06:14+00:00\",\"dateModified\":\"2021-11-05T14:49:02+00:00\",\"author\":{\"@id\":\"https:\/\/www.intoscana.it\/it\/#\/schema\/person\/333569b367b301e30262defcea56c939\"},\"description\":\"L'Italia di Mancini batte la Spagna ai rigori. \u00c8 finale: piazze e strade invase. Illuminato con il tricolore palazzo Strozzi Sacrati\",\"breadcrumb\":{\"@id\":\"https:\/\/www.intoscana.it\/it\/italia-in-finale-piazze-in-festa-palazzo-della-regione-illuminato-tricolore\/#breadcrumb\"},\"inLanguage\":\"it-IT\",\"potentialAction\":[{\"@type\":\"ReadAction\",\"target\":[\"https:\/\/www.intoscana.it\/it\/italia-in-finale-piazze-in-festa-palazzo-della-regione-illuminato-tricolore\/\"]}]},{\"@type\":\"ImageObject\",\"inLanguage\":\"it-IT\",\"@id\":\"https:\/\/www.intoscana.it\/it\/italia-in-finale-piazze-in-festa-palazzo-della-regione-illuminato-tricolore\/#primaryimage\",\"url\":\"https:\/\/www.intoscana.it\/wp-content\/uploads\/italia-spagna.jpg\",\"contentUrl\":\"https:\/\/www.intoscana.it\/wp-content\/uploads\/italia-spagna.jpg\",\"width\":1884,\"height\":1256,\"caption\":\"italia spagna\"},{\"@type\":\"BreadcrumbList\",\"@id\":\"https:\/\/www.intoscana.it\/it\/italia-in-finale-piazze-in-festa-palazzo-della-regione-illuminato-tricolore\/#breadcrumb\",\"itemListElement\":[{\"@type\":\"ListItem\",\"position\":1,\"name\":\"Home\",\"item\":\"https:\/\/www.intoscana.it\/it\/\"},{\"@type\":\"ListItem\",\"position\":2,\"name\":\"Italia in finale, piazze in festa. Il palazzo della Regione illuminato con il tricolore\"}]},{\"@type\":\"WebSite\",\"@id\":\"https:\/\/www.intoscana.it\/it\/#website\",\"url\":\"https:\/\/www.intoscana.it\/it\/\",\"name\":\"intoscana\",\"description\":\"\",\"potentialAction\":[{\"@type\":\"SearchAction\",\"target\":{\"@type\":\"EntryPoint\",\"urlTemplate\":\"https:\/\/www.intoscana.it\/it\/?s={search_term_string}\"},\"query-input\":{\"@type\":\"PropertyValueSpecification\",\"valueRequired\":true,\"valueName\":\"search_term_string\"}}],\"inLanguage\":\"it-IT\"},{\"@type\":\"Person\",\"@id\":\"https:\/\/www.intoscana.it\/it\/#\/schema\/person\/333569b367b301e30262defcea56c939\",\"name\":\"Giulia Rafanelli\",\"url\":\"https:\/\/www.intoscana.it\/it\/author\/giulia-rafanelli\/\"}]}<\/script>\n<!-- \/ Yoast SEO Premium plugin. -->","yoast_head_json":{"title":"Italia in finale, piazze in festa. Il palazzo della Regione illuminato con il tricolore - intoscana","description":"L'Italia di Mancini batte la Spagna ai rigori. \u00c8 finale: piazze e strade invase. Illuminato con il tricolore palazzo Strozzi Sacrati","robots":{"index":"index","follow":"follow","max-snippet":"max-snippet:-1","max-image-preview":"max-image-preview:large","max-video-preview":"max-video-preview:-1"},"canonical":"https:\/\/www.intoscana.it\/it\/italia-in-finale-piazze-in-festa-palazzo-della-regione-illuminato-tricolore\/","og_locale":"it_IT","og_type":"article","og_title":"Italia in finale, piazze in festa. Il palazzo della Regione illuminato con il tricolore","og_description":"L'Italia di Mancini batte la Spagna ai rigori. \u00c8 finale: piazze e strade invase. Illuminato con il tricolore palazzo Strozzi Sacrati","og_url":"https:\/\/www.intoscana.it\/it\/italia-in-finale-piazze-in-festa-palazzo-della-regione-illuminato-tricolore\/","og_site_name":"intoscana","article_publisher":"https:\/\/www.facebook.com\/intoscana.it","article_published_time":"2021-07-07T10:06:14+00:00","article_modified_time":"2021-11-05T14:49:02+00:00","og_image":[{"width":1884,"height":1256,"url":"https:\/\/www.intoscana.it\/wp-content\/uploads\/italia-spagna.jpg","type":"image\/jpeg"}],"author":"Giulia Rafanelli","twitter_card":"summary_large_image","twitter_creator":"@intoscana","twitter_site":"@intoscana","twitter_misc":{"Written by":"Giulia Rafanelli","Est. reading time":"2 minuti"},"schema":{"@context":"https:\/\/schema.org","@graph":[{"@type":"WebPage","@id":"https:\/\/www.intoscana.it\/it\/italia-in-finale-piazze-in-festa-palazzo-della-regione-illuminato-tricolore\/","url":"https:\/\/www.intoscana.it\/it\/italia-in-finale-piazze-in-festa-palazzo-della-regione-illuminato-tricolore\/","name":"Italia in finale, piazze in festa. Il palazzo della Regione illuminato con il tricolore - intoscana","isPartOf":{"@id":"https:\/\/www.intoscana.it\/it\/#website"},"primaryImageOfPage":{"@id":"https:\/\/www.intoscana.it\/it\/italia-in-finale-piazze-in-festa-palazzo-della-regione-illuminato-tricolore\/#primaryimage"},"image":{"@id":"https:\/\/www.intoscana.it\/it\/italia-in-finale-piazze-in-festa-palazzo-della-regione-illuminato-tricolore\/#primaryimage"},"thumbnailUrl":"https:\/\/www.intoscana.it\/wp-content\/uploads\/italia-spagna.jpg","datePublished":"2021-07-07T10:06:14+00:00","dateModified":"2021-11-05T14:49:02+00:00","author":{"@id":"https:\/\/www.intoscana.it\/it\/#\/schema\/person\/333569b367b301e30262defcea56c939"},"description":"L'Italia di Mancini batte la Spagna ai rigori. \u00c8 finale: piazze e strade invase. Illuminato con il tricolore palazzo Strozzi Sacrati","breadcrumb":{"@id":"https:\/\/www.intoscana.it\/it\/italia-in-finale-piazze-in-festa-palazzo-della-regione-illuminato-tricolore\/#breadcrumb"},"inLanguage":"it-IT","potentialAction":[{"@type":"ReadAction","target":["https:\/\/www.intoscana.it\/it\/italia-in-finale-piazze-in-festa-palazzo-della-regione-illuminato-tricolore\/"]}]},{"@type":"ImageObject","inLanguage":"it-IT","@id":"https:\/\/www.intoscana.it\/it\/italia-in-finale-piazze-in-festa-palazzo-della-regione-illuminato-tricolore\/#primaryimage","url":"https:\/\/www.intoscana.it\/wp-content\/uploads\/italia-spagna.jpg","contentUrl":"https:\/\/www.intoscana.it\/wp-content\/uploads\/italia-spagna.jpg","width":1884,"height":1256,"caption":"italia spagna"},{"@type":"BreadcrumbList","@id":"https:\/\/www.intoscana.it\/it\/italia-in-finale-piazze-in-festa-palazzo-della-regione-illuminato-tricolore\/#breadcrumb","itemListElement":[{"@type":"ListItem","position":1,"name":"Home","item":"https:\/\/www.intoscana.it\/it\/"},{"@type":"ListItem","position":2,"name":"Italia in finale, piazze in festa. Il palazzo della Regione illuminato con il tricolore"}]},{"@type":"WebSite","@id":"https:\/\/www.intoscana.it\/it\/#website","url":"https:\/\/www.intoscana.it\/it\/","name":"intoscana","description":"","potentialAction":[{"@type":"SearchAction","target":{"@type":"EntryPoint","urlTemplate":"https:\/\/www.intoscana.it\/it\/?s={search_term_string}"},"query-input":{"@type":"PropertyValueSpecification","valueRequired":true,"valueName":"search_term_string"}}],"inLanguage":"it-IT"},{"@type":"Person","@id":"https:\/\/www.intoscana.it\/it\/#\/schema\/person\/333569b367b301e30262defcea56c939","name":"Giulia Rafanelli","url":"https:\/\/www.intoscana.it\/it\/author\/giulia-rafanelli\/"}]}},"_links":{"self":[{"href":"https:\/\/www.intoscana.it\/it\/wp-json\/wp\/v2\/posts\/182867","targetHints":{"allow":["GET"]}}],"collection":[{"href":"https:\/\/www.intoscana.it\/it\/wp-json\/wp\/v2\/posts"}],"about":[{"href":"https:\/\/www.intoscana.it\/it\/wp-json\/wp\/v2\/types\/post"}],"author":[{"embeddable":true,"href":"https:\/\/www.intoscana.it\/it\/wp-json\/wp\/v2\/users\/503"}],"replies":[{"embeddable":true,"href":"https:\/\/www.intoscana.it\/it\/wp-json\/wp\/v2\/comments?post=182867"}],"version-history":[{"count":0,"href":"https:\/\/www.intoscana.it\/it\/wp-json\/wp\/v2\/posts\/182867\/revisions"}],"wp:featuredmedia":[{"embeddable":true,"href":"https:\/\/www.intoscana.it\/it\/wp-json\/wp\/v2\/media\/182871"}],"wp:attachment":[{"href":"https:\/\/www.intoscana.it\/it\/wp-json\/wp\/v2\/media?parent=182867"}],"wp:term":[{"taxonomy":"category","embeddable":true,"href":"https:\/\/www.intoscana.it\/it\/wp-json\/wp\/v2\/categories?post=182867"},{"taxonomy":"post_tag","embeddable":true,"href":"https:\/\/www.intoscana.it\/it\/wp-json\/wp\/v2\/tags?post=182867"}],"curies":[{"name":"wp","href":"https:\/\/api.w.org\/{rel}","templated":true}]}}