{"id":183091,"date":"2021-07-09T12:46:28","date_gmt":"2021-07-09T10:46:28","guid":{"rendered":"https:\/\/www.intoscana.it\/it\/?p=183091"},"modified":"2021-07-10T10:18:09","modified_gmt":"2021-07-10T08:18:09","slug":"covid-tornano-a-scendere-i-nuovi-casi-sono-79-un-decesso","status":"publish","type":"post","link":"https:\/\/www.intoscana.it\/it\/covid-tornano-a-scendere-i-nuovi-casi-sono-79-un-decesso\/","title":{"rendered":"Covid, tornano a scendere i nuovi casi: sono 79. Un decesso"},"content":{"rendered":"<p>Sono 79 i casi di positivit\u00e0 al Covid in pi\u00f9 rispetto a ieri (77 confermati con tampone molecolare e 2 da test rapido antigenico). <mark>I nuovi casi sono lo 0,03% in pi\u00f9 rispetto al totale del giorno precedente <\/mark>. <strong>I guariti crescono dello 0,03%<\/strong> e raggiungono quota 236.415 (96,6% dei casi totali). Stabili i ricoveri, scendono lievemente le terapie intensive. <strong>Purtroppo per\u00f2 oggi si registra un decesso: una donna di 67 anni residente a Siena.<\/strong><\/p>\n<p>I dati gi\u00e0 annunicati dal presidente Eugenio Giani su Telegram sono poi stati confermati dal bollettino regionale.<\/p>\n<h3>I tamponi effettuati e i nuovi casi<\/h3>\n<p><strong>Oggi sono stati eseguiti 5.164 tamponi molecolari e 5.125 tamponi antigenici rapidi,<\/strong> di questi lo 0,8% \u00e8 risultato positivo. Sono invece 4.181 i soggetti testati oggi (con tampone antigenico e\/o molecolare, escludendo i tamponi di controllo), di cui l&#8217;1,9% \u00e8 risultato positivo. Gli attualmente positivi sono oggi 1.495, +0,6% rispetto a ieri.<\/p>\n<mark>L&#8217;et\u00e0 media dei 79 nuovi positivi odierni \u00e8 di 36 anni circa (14% ha meno di 20 anni, 47% tra 20 e 39 anni, 30% tra 40 e 59 anni, 6% tra 60 e 79 anni, 3% ha 80 anni o pi\u00f9) <\/mark>\n<p>Ecco i casi di positivit\u00e0 sul territorio con la variazione rispetto a ieri: sono 67.637 i casi complessivi ad oggi a Firenze (20 in pi\u00f9 rispetto a ieri), 22.653 a Prato (6 in pi\u00f9), 23.050 a Pistoia (2 in pi\u00f9), 13.331 a Massa (7 in pi\u00f9), 24.730 a Lucca (13 in pi\u00f9), 29.278 a Pisa (10 in pi\u00f9), 17.532 a Livorno (6 in pi\u00f9), 22.899 ad Arezzo (4 in pi\u00f9), 13.908 a Siena (2 in pi\u00f9), 9.225 a Grosseto (9 in pi\u00f9). Sono 555 i casi positivi notificati in Toscana, ma residenti in altre regioni.<\/p>\n<p>Sono 30 i casi riscontrati oggi nell&#8217;Asl Centro, 34 nella Nord Ovest, 15 nella Sud est.<\/p>\n<p>La Toscana si trova al 12\u00b0 posto in Italia come numerosit\u00e0 di casi (comprensivi di residenti e non residenti), con circa 6.673 casi per 100.000 abitanti (media italiana circa 7.201 x100.000, dato di ieri).<\/p>\n<p>Le province di notifica con il tasso pi\u00f9 alto sono Prato con 8.847 casi x100.000 abitanti, Pistoia con 7.926, Pisa con 7.031, la pi\u00f9 bassa Grosseto con 4.221.<\/p>\n<p>Complessivamente, 1.412 persone sono in isolamento a casa, poich\u00e9 presentano sintomi lievi che non richiedono cure ospedaliere, o risultano prive di sintomi (9 in pi\u00f9 rispetto a ieri, pi\u00f9 0,6%).<\/p>\n<p>Sono 7.859 (36 in pi\u00f9 rispetto a ieri, pi\u00f9 0,5%) le persone, anch&#8217;esse isolate, in sorveglianza attiva perch\u00e9 hanno avuto contatti con persone contagiate (ASL Centro 3.529, Nord Ovest 3.882, Sud Est 448).<\/p>\n<h3>Ricoveri e guarigioni<\/h3>\n<p><strong>Le persone ricoverate<\/strong> nei posti letto dedicati ai pazienti COVID <strong>oggi sono complessivamente 83<\/strong> (stabili rispetto a ieri), 15 in terapia intensiva (1 in meno rispetto a ieri, meno 6,3%).<\/p>\n<p><strong>Le persone complessivamente guarite sono 236.415<\/strong> (69 in pi\u00f9 rispetto a ieri, pi\u00f9 0,03%): 0 persone clinicamente guarite (stabili rispetto a ieri), divenute cio\u00e8 asintomatiche dopo aver presentato manifestazioni cliniche associate all&#8217;infezione e 236.415 (69 in pi\u00f9 rispetto a ieri, pi\u00f9 0,03%) dichiarate guarite a tutti gli effetti, le cosiddette guarigioni virali, con tampone negativo.<\/p>\n<h3>Il punto sui decessi<\/h3>\n<p>Oggi si registra 1 nuovo decesso: una donna di 67 anni.<\/p>\n<p><strong>Relativamente alla provincia di residenza, la persona deceduta \u00e8 a Siena<\/strong><\/p>\n<p>Sono 6.888 i deceduti dall&#8217;inizio dell&#8217;epidemia cosi ripartiti: 2.221 a Firenze, 602 a Prato, 631 a Pistoia, 527 a Massa Carrara, 667 a Lucca, 702 a Pisa, 416 a Livorno, 508 ad Arezzo, 335 a Siena, 188 a Grosseto, 91 persone sono decedute sul suolo toscano ma erano residenti fuori regione.<\/p>\n<p><strong>Il tasso grezzo di mortalit\u00e0 toscano (numero di deceduti\/popolazione residente) per Covid-19 \u00e8 di 187,8 per 100.000 residenti<\/strong> contro il 215,6 per 100.000 della media italiana (12\u00b0 regione). Per quanto riguarda le province, il tasso di mortalit\u00e0 pi\u00f9 alto si riscontra a Massa Carrara (277,6 per 100.000), Prato (235,1 per 100.000) e Firenze (225,3 per 100.000), il pi\u00f9 basso a Grosseto (86,0 per 100.000).<\/p>\n","protected":false},"excerpt":{"rendered":"<p>Oggi sono stati eseguiti 5.164 tamponi molecolari e 5.125 tamponi antigenici rapidi, di questi lo 0,8% \u00e8 risultato positivo. Stabili i ricoveri, una persona in meno in terapia intensiva<\/p>\n","protected":false},"author":525,"featured_media":163068,"comment_status":"open","ping_status":"open","sticky":false,"template":"","format":"standard","meta":{"_acf_changed":false,"footnotes":""},"categories":[494],"tags":[4868,418],"class_list":["post-183091","post","type-post","status-publish","format-standard","has-post-thumbnail","hentry","category-attualita","tag-bollettino-covid-toscana","tag-covid-19"],"acf":[],"yoast_head":"<!-- This site is optimized with the Yoast SEO Premium plugin v24.2 (Yoast SEO v25.6) - https:\/\/yoast.com\/wordpress\/plugins\/seo\/ -->\n<title>Covid, tornano a scendere i nuovi casi: sono 79. Un decesso - intoscana<\/title>\n<meta name=\"description\" content=\"Oggi sono stati eseguiti 5.164 tamponi molecolari e 5.125 tamponi antigenici. Stabili i ricoveri, una persona in meno in terapia intensiva\" \/>\n<meta name=\"robots\" content=\"index, follow, max-snippet:-1, max-image-preview:large, max-video-preview:-1\" \/>\n<link rel=\"canonical\" href=\"https:\/\/www.intoscana.it\/it\/covid-tornano-a-scendere-i-nuovi-casi-sono-79-un-decesso\/\" \/>\n<meta property=\"og:locale\" content=\"it_IT\" \/>\n<meta property=\"og:type\" content=\"article\" \/>\n<meta property=\"og:title\" content=\"Covid, tornano a scendere i nuovi casi: sono 79. Un decesso\" \/>\n<meta property=\"og:description\" content=\"Oggi sono stati eseguiti 5.164 tamponi molecolari e 5.125 tamponi antigenici. Stabili i ricoveri, una persona in meno in terapia intensiva\" \/>\n<meta property=\"og:url\" content=\"https:\/\/www.intoscana.it\/it\/covid-tornano-a-scendere-i-nuovi-casi-sono-79-un-decesso\/\" \/>\n<meta property=\"og:site_name\" content=\"intoscana\" \/>\n<meta property=\"article:publisher\" content=\"https:\/\/www.facebook.com\/intoscana.it\" \/>\n<meta property=\"article:published_time\" content=\"2021-07-09T10:46:28+00:00\" \/>\n<meta property=\"article:modified_time\" content=\"2021-07-10T08:18:09+00:00\" \/>\n<meta property=\"og:image\" content=\"https:\/\/www.intoscana.it\/wp-content\/uploads\/dati-covid-toscana-9-luglio.jpeg\" \/>\n\t<meta property=\"og:image:width\" content=\"1200\" \/>\n\t<meta property=\"og:image:height\" content=\"630\" \/>\n\t<meta property=\"og:image:type\" content=\"image\/jpeg\" \/>\n<meta name=\"author\" content=\"Redazione\" \/>\n<meta name=\"twitter:card\" content=\"summary_large_image\" \/>\n<meta name=\"twitter:creator\" content=\"@intoscana\" \/>\n<meta name=\"twitter:site\" content=\"@intoscana\" \/>\n<meta name=\"twitter:label1\" content=\"Written by\" \/>\n\t<meta name=\"twitter:data1\" content=\"Redazione\" \/>\n\t<meta name=\"twitter:label2\" content=\"Est. reading time\" \/>\n\t<meta name=\"twitter:data2\" content=\"3 minuti\" \/>\n<script type=\"application\/ld+json\" class=\"yoast-schema-graph\">{\"@context\":\"https:\/\/schema.org\",\"@graph\":[{\"@type\":\"WebPage\",\"@id\":\"https:\/\/www.intoscana.it\/it\/covid-tornano-a-scendere-i-nuovi-casi-sono-79-un-decesso\/\",\"url\":\"https:\/\/www.intoscana.it\/it\/covid-tornano-a-scendere-i-nuovi-casi-sono-79-un-decesso\/\",\"name\":\"Covid, tornano a scendere i nuovi casi: sono 79. Un decesso - intoscana\",\"isPartOf\":{\"@id\":\"https:\/\/www.intoscana.it\/it\/#website\"},\"primaryImageOfPage\":{\"@id\":\"https:\/\/www.intoscana.it\/it\/covid-tornano-a-scendere-i-nuovi-casi-sono-79-un-decesso\/#primaryimage\"},\"image\":{\"@id\":\"https:\/\/www.intoscana.it\/it\/covid-tornano-a-scendere-i-nuovi-casi-sono-79-un-decesso\/#primaryimage\"},\"thumbnailUrl\":\"https:\/\/www.intoscana.it\/wp-content\/uploads\/Covid-2020-scaled.jpg\",\"datePublished\":\"2021-07-09T10:46:28+00:00\",\"dateModified\":\"2021-07-10T08:18:09+00:00\",\"author\":{\"@id\":\"https:\/\/www.intoscana.it\/it\/#\/schema\/person\/9223810753230f20bd670fdd322661f8\"},\"description\":\"Oggi sono stati eseguiti 5.164 tamponi molecolari e 5.125 tamponi antigenici. Stabili i ricoveri, una persona in meno in terapia intensiva\",\"breadcrumb\":{\"@id\":\"https:\/\/www.intoscana.it\/it\/covid-tornano-a-scendere-i-nuovi-casi-sono-79-un-decesso\/#breadcrumb\"},\"inLanguage\":\"it-IT\",\"potentialAction\":[{\"@type\":\"ReadAction\",\"target\":[\"https:\/\/www.intoscana.it\/it\/covid-tornano-a-scendere-i-nuovi-casi-sono-79-un-decesso\/\"]}]},{\"@type\":\"ImageObject\",\"inLanguage\":\"it-IT\",\"@id\":\"https:\/\/www.intoscana.it\/it\/covid-tornano-a-scendere-i-nuovi-casi-sono-79-un-decesso\/#primaryimage\",\"url\":\"https:\/\/www.intoscana.it\/wp-content\/uploads\/Covid-2020-scaled.jpg\",\"contentUrl\":\"https:\/\/www.intoscana.it\/wp-content\/uploads\/Covid-2020-scaled.jpg\",\"width\":2048,\"height\":1153},{\"@type\":\"BreadcrumbList\",\"@id\":\"https:\/\/www.intoscana.it\/it\/covid-tornano-a-scendere-i-nuovi-casi-sono-79-un-decesso\/#breadcrumb\",\"itemListElement\":[{\"@type\":\"ListItem\",\"position\":1,\"name\":\"Home\",\"item\":\"https:\/\/www.intoscana.it\/it\/\"},{\"@type\":\"ListItem\",\"position\":2,\"name\":\"Covid, tornano a scendere i nuovi casi: sono 79. Un decesso\"}]},{\"@type\":\"WebSite\",\"@id\":\"https:\/\/www.intoscana.it\/it\/#website\",\"url\":\"https:\/\/www.intoscana.it\/it\/\",\"name\":\"intoscana\",\"description\":\"\",\"potentialAction\":[{\"@type\":\"SearchAction\",\"target\":{\"@type\":\"EntryPoint\",\"urlTemplate\":\"https:\/\/www.intoscana.it\/it\/?s={search_term_string}\"},\"query-input\":{\"@type\":\"PropertyValueSpecification\",\"valueRequired\":true,\"valueName\":\"search_term_string\"}}],\"inLanguage\":\"it-IT\"},{\"@type\":\"Person\",\"@id\":\"https:\/\/www.intoscana.it\/it\/#\/schema\/person\/9223810753230f20bd670fdd322661f8\",\"name\":\"Redazione\",\"url\":\"https:\/\/www.intoscana.it\/it\/author\/redazione\/\"}]}<\/script>\n<!-- \/ Yoast SEO Premium plugin. -->","yoast_head_json":{"title":"Covid, tornano a scendere i nuovi casi: sono 79. Un decesso - intoscana","description":"Oggi sono stati eseguiti 5.164 tamponi molecolari e 5.125 tamponi antigenici. Stabili i ricoveri, una persona in meno in terapia intensiva","robots":{"index":"index","follow":"follow","max-snippet":"max-snippet:-1","max-image-preview":"max-image-preview:large","max-video-preview":"max-video-preview:-1"},"canonical":"https:\/\/www.intoscana.it\/it\/covid-tornano-a-scendere-i-nuovi-casi-sono-79-un-decesso\/","og_locale":"it_IT","og_type":"article","og_title":"Covid, tornano a scendere i nuovi casi: sono 79. Un decesso","og_description":"Oggi sono stati eseguiti 5.164 tamponi molecolari e 5.125 tamponi antigenici. Stabili i ricoveri, una persona in meno in terapia intensiva","og_url":"https:\/\/www.intoscana.it\/it\/covid-tornano-a-scendere-i-nuovi-casi-sono-79-un-decesso\/","og_site_name":"intoscana","article_publisher":"https:\/\/www.facebook.com\/intoscana.it","article_published_time":"2021-07-09T10:46:28+00:00","article_modified_time":"2021-07-10T08:18:09+00:00","og_image":[{"width":1200,"height":630,"url":"https:\/\/www.intoscana.it\/wp-content\/uploads\/dati-covid-toscana-9-luglio.jpeg","type":"image\/jpeg"}],"author":"Redazione","twitter_card":"summary_large_image","twitter_creator":"@intoscana","twitter_site":"@intoscana","twitter_misc":{"Written by":"Redazione","Est. reading time":"3 minuti"},"schema":{"@context":"https:\/\/schema.org","@graph":[{"@type":"WebPage","@id":"https:\/\/www.intoscana.it\/it\/covid-tornano-a-scendere-i-nuovi-casi-sono-79-un-decesso\/","url":"https:\/\/www.intoscana.it\/it\/covid-tornano-a-scendere-i-nuovi-casi-sono-79-un-decesso\/","name":"Covid, tornano a scendere i nuovi casi: sono 79. Un decesso - intoscana","isPartOf":{"@id":"https:\/\/www.intoscana.it\/it\/#website"},"primaryImageOfPage":{"@id":"https:\/\/www.intoscana.it\/it\/covid-tornano-a-scendere-i-nuovi-casi-sono-79-un-decesso\/#primaryimage"},"image":{"@id":"https:\/\/www.intoscana.it\/it\/covid-tornano-a-scendere-i-nuovi-casi-sono-79-un-decesso\/#primaryimage"},"thumbnailUrl":"https:\/\/www.intoscana.it\/wp-content\/uploads\/Covid-2020-scaled.jpg","datePublished":"2021-07-09T10:46:28+00:00","dateModified":"2021-07-10T08:18:09+00:00","author":{"@id":"https:\/\/www.intoscana.it\/it\/#\/schema\/person\/9223810753230f20bd670fdd322661f8"},"description":"Oggi sono stati eseguiti 5.164 tamponi molecolari e 5.125 tamponi antigenici. Stabili i ricoveri, una persona in meno in terapia intensiva","breadcrumb":{"@id":"https:\/\/www.intoscana.it\/it\/covid-tornano-a-scendere-i-nuovi-casi-sono-79-un-decesso\/#breadcrumb"},"inLanguage":"it-IT","potentialAction":[{"@type":"ReadAction","target":["https:\/\/www.intoscana.it\/it\/covid-tornano-a-scendere-i-nuovi-casi-sono-79-un-decesso\/"]}]},{"@type":"ImageObject","inLanguage":"it-IT","@id":"https:\/\/www.intoscana.it\/it\/covid-tornano-a-scendere-i-nuovi-casi-sono-79-un-decesso\/#primaryimage","url":"https:\/\/www.intoscana.it\/wp-content\/uploads\/Covid-2020-scaled.jpg","contentUrl":"https:\/\/www.intoscana.it\/wp-content\/uploads\/Covid-2020-scaled.jpg","width":2048,"height":1153},{"@type":"BreadcrumbList","@id":"https:\/\/www.intoscana.it\/it\/covid-tornano-a-scendere-i-nuovi-casi-sono-79-un-decesso\/#breadcrumb","itemListElement":[{"@type":"ListItem","position":1,"name":"Home","item":"https:\/\/www.intoscana.it\/it\/"},{"@type":"ListItem","position":2,"name":"Covid, tornano a scendere i nuovi casi: sono 79. Un decesso"}]},{"@type":"WebSite","@id":"https:\/\/www.intoscana.it\/it\/#website","url":"https:\/\/www.intoscana.it\/it\/","name":"intoscana","description":"","potentialAction":[{"@type":"SearchAction","target":{"@type":"EntryPoint","urlTemplate":"https:\/\/www.intoscana.it\/it\/?s={search_term_string}"},"query-input":{"@type":"PropertyValueSpecification","valueRequired":true,"valueName":"search_term_string"}}],"inLanguage":"it-IT"},{"@type":"Person","@id":"https:\/\/www.intoscana.it\/it\/#\/schema\/person\/9223810753230f20bd670fdd322661f8","name":"Redazione","url":"https:\/\/www.intoscana.it\/it\/author\/redazione\/"}]}},"_links":{"self":[{"href":"https:\/\/www.intoscana.it\/it\/wp-json\/wp\/v2\/posts\/183091","targetHints":{"allow":["GET"]}}],"collection":[{"href":"https:\/\/www.intoscana.it\/it\/wp-json\/wp\/v2\/posts"}],"about":[{"href":"https:\/\/www.intoscana.it\/it\/wp-json\/wp\/v2\/types\/post"}],"author":[{"embeddable":true,"href":"https:\/\/www.intoscana.it\/it\/wp-json\/wp\/v2\/users\/525"}],"replies":[{"embeddable":true,"href":"https:\/\/www.intoscana.it\/it\/wp-json\/wp\/v2\/comments?post=183091"}],"version-history":[{"count":0,"href":"https:\/\/www.intoscana.it\/it\/wp-json\/wp\/v2\/posts\/183091\/revisions"}],"wp:featuredmedia":[{"embeddable":true,"href":"https:\/\/www.intoscana.it\/it\/wp-json\/wp\/v2\/media\/163068"}],"wp:attachment":[{"href":"https:\/\/www.intoscana.it\/it\/wp-json\/wp\/v2\/media?parent=183091"}],"wp:term":[{"taxonomy":"category","embeddable":true,"href":"https:\/\/www.intoscana.it\/it\/wp-json\/wp\/v2\/categories?post=183091"},{"taxonomy":"post_tag","embeddable":true,"href":"https:\/\/www.intoscana.it\/it\/wp-json\/wp\/v2\/tags?post=183091"}],"curies":[{"name":"wp","href":"https:\/\/api.w.org\/{rel}","templated":true}]}}